{"id":373540,"date":"2024-12-10T10:17:57","date_gmt":"2024-12-10T15:17:57","guid":{"rendered":"https:\/\/www.medellin.gov.co\/es\/?p=373540"},"modified":"2024-12-10T10:17:57","modified_gmt":"2024-12-10T15:17:57","slug":"mas-de-1-000-personas-participaron-en-jornada-para-fortalecer-la-salud-mental-gracias-a-recursos-de-presupuesto-participativo","status":"publish","type":"post","link":"https:\/\/www.medellin.gov.co\/es\/sala-de-prensa\/noticias\/mas-de-1-000-personas-participaron-en-jornada-para-fortalecer-la-salud-mental-gracias-a-recursos-de-presupuesto-participativo\/","title":{"rendered":"M\u00e1s de 1.000 personas participaron en jornada para fortalecer la salud mental, gracias a recursos de Presupuesto Participativo"},"content":{"rendered":"<ul>\n<li class=\"p1\"><b>Habitantes de 10 comunas asistieron a este evento que se realiz\u00f3 en el <\/b><b>Aeroparque Juan Pablo II.<\/b><\/li>\n<li class=\"p1\"><b>De esta manera, se cerraron las actividades del programa Familias Fuertes <\/b><b>y Resilientes por este a\u00f1o, el cual es impulsado por la Secretar\u00eda de Salud.<\/b><\/li>\n<\/ul>\n<!--[if lt IE 9]><script>document.createElement('audio');<\/script><![endif]-->\n\t<div class=\"wp-playlist wp-audio-playlist wp-playlist-light\">\n\t\t\t<div class=\"wp-playlist-current-item\"><\/div>\n\t\t<audio controls=\"controls\" preload=\"none\" width=\"640\"\n\t\t\t><\/audio>\n\t<div class=\"wp-playlist-next\"><\/div>\n\t<div class=\"wp-playlist-prev\"><\/div>\n\t<noscript>\n\t<ol>\n\t\t<li><a href='https:\/\/www.medellin.gov.co\/es\/wp-content\/uploads\/2024\/12\/jornada-fortalecer-salud-mental-PP-01.mp3'>Palabras de Lina Julieth Bedoya, l\u00edder del \u00c1rea de Promoci\u00f3n y Prevenci\u00f3n de la Secretar\u00eda de Salud<\/a><\/li>\t<\/ol>\n\t<\/noscript>\n\t<script type=\"application\/json\" class=\"wp-playlist-script\">{\"type\":\"audio\",\"tracklist\":true,\"tracknumbers\":true,\"images\":true,\"artists\":true,\"tracks\":[{\"src\":\"https:\\\/\\\/www.medellin.gov.co\\\/es\\\/wp-content\\\/uploads\\\/2024\\\/12\\\/jornada-fortalecer-salud-mental-PP-01.mp3\",\"type\":\"audio\\\/mpeg\",\"title\":\"Palabras de Lina Julieth Bedoya, l\\u00edder del \\u00c1rea de Promoci\\u00f3n y Prevenci\\u00f3n de la Secretar\\u00eda de Salud\",\"caption\":\"\",\"description\":\"\\u00abPalabras de Lina Julieth Bedoya, l\\u00edder del \\u00c1rea de Promoci\\u00f3n y Prevenci\\u00f3n de la Secretar\\u00eda de Salud\\u00bb.\",\"meta\":{\"length_formatted\":\"0:37\"},\"image\":{\"src\":\"https:\\\/\\\/www.medellin.gov.co\\\/es\\\/wp-includes\\\/images\\\/media\\\/audio.png\",\"width\":48,\"height\":64},\"thumb\":{\"src\":\"https:\\\/\\\/www.medellin.gov.co\\\/es\\\/wp-includes\\\/images\\\/media\\\/audio.png\",\"width\":48,\"height\":64}}]}<\/script>\n<\/div>\n\t\n<p class=\"p1\">En el cierre de actividades de Familias Fuertes y Resilientes, el Distrito propici\u00f3\u00a0un espacio para socializar los logros del programa, el cual este a\u00f1o cubri\u00f3 a 1.300\u00a0familias a trav\u00e9s de diversos componentes enfocados en el bienestar y la salud\u00a0mental. El evento convoc\u00f3 a m\u00e1s de 1.000 personas, quienes se benefician con\u00a0la estrategia.<\/p>\n<div id=\"attachment_373547\" style=\"width: 1210px\" class=\"wp-caption aligncenter\"><a href=\"https:\/\/www.medellin.gov.co\/es\/wp-content\/uploads\/2024\/12\/jornada-fortalecer-salud-mental-PP-3.jpg\" target=\"_blank\" rel=\"noopener\"><img aria-describedby=\"caption-attachment-373547\" loading=\"lazy\" class=\"wp-image-373547 size-full\" title=\"M\u00e1s de 1.000 personas participaron en jornada para fortalecer la salud mental, gracias a recursos de Presupuesto Participativo\" src=\"https:\/\/www.medellin.gov.co\/es\/wp-content\/uploads\/2024\/12\/jornada-fortalecer-salud-mental-PP-3.jpg\" alt=\"\" width=\"1200\" height=\"900\" srcset=\"https:\/\/www.medellin.gov.co\/es\/wp-content\/uploads\/2024\/12\/jornada-fortalecer-salud-mental-PP-3.jpg 1200w, https:\/\/www.medellin.gov.co\/es\/wp-content\/uploads\/2024\/12\/jornada-fortalecer-salud-mental-PP-3-300x225.jpg 300w, https:\/\/www.medellin.gov.co\/es\/wp-content\/uploads\/2024\/12\/jornada-fortalecer-salud-mental-PP-3-1024x768.jpg 1024w, https:\/\/www.medellin.gov.co\/es\/wp-content\/uploads\/2024\/12\/jornada-fortalecer-salud-mental-PP-3-150x113.jpg 150w, https:\/\/www.medellin.gov.co\/es\/wp-content\/uploads\/2024\/12\/jornada-fortalecer-salud-mental-PP-3-768x576.jpg 768w\" sizes=\"(max-width: 1200px) 100vw, 1200px\" \/><\/a><p id=\"caption-attachment-373547\" class=\"wp-caption-text\">M\u00e1s de 1.000 personas participaron en jornada para fortalecer la salud mental, gracias a recursos de Presupuesto Participativo &#8211; Foto alcaldia de Medell\u00edn<\/p><\/div>\n<p class=\"p1\">\u201c<i>Familias Fuertes y Resilientes ha sido posible gracias a los recursos de\u00a0<\/i><i>Presupuesto Participativo, los cuales han permitido fortalecer la intervenci\u00f3n en\u00a0<\/i><i>las comunidades y ofrecer un apoyo integral a los hogares que m\u00e1s lo necesitan\u201d,\u00a0<\/i>afirm\u00f3 la l\u00edder del \u00c1rea de Promoci\u00f3n y Prevenci\u00f3n de la Secretar\u00eda de Salud, Lina\u00a0Julieth Bedoya.<\/p>\n<p class=\"p1\">Durante la jornada se entreg\u00f3 material pedag\u00f3gico con contenidos que\u00a0promueven el cuidado, el amor propio y la autoestima.<\/p>\n<div id=\"attachment_373548\" style=\"width: 1210px\" class=\"wp-caption aligncenter\"><a href=\"https:\/\/www.medellin.gov.co\/es\/wp-content\/uploads\/2024\/12\/jornada-fortalecer-salud-mental-PP-4.jpg\" target=\"_blank\" rel=\"noopener\"><img aria-describedby=\"caption-attachment-373548\" loading=\"lazy\" class=\"wp-image-373548 size-full\" title=\"M\u00e1s de 1.000 personas participaron en jornada para fortalecer la salud mental, gracias a recursos de Presupuesto Participativo\" src=\"https:\/\/www.medellin.gov.co\/es\/wp-content\/uploads\/2024\/12\/jornada-fortalecer-salud-mental-PP-4.jpg\" alt=\"\" width=\"1200\" height=\"900\" srcset=\"https:\/\/www.medellin.gov.co\/es\/wp-content\/uploads\/2024\/12\/jornada-fortalecer-salud-mental-PP-4.jpg 1200w, https:\/\/www.medellin.gov.co\/es\/wp-content\/uploads\/2024\/12\/jornada-fortalecer-salud-mental-PP-4-300x225.jpg 300w, https:\/\/www.medellin.gov.co\/es\/wp-content\/uploads\/2024\/12\/jornada-fortalecer-salud-mental-PP-4-1024x768.jpg 1024w, https:\/\/www.medellin.gov.co\/es\/wp-content\/uploads\/2024\/12\/jornada-fortalecer-salud-mental-PP-4-150x113.jpg 150w, https:\/\/www.medellin.gov.co\/es\/wp-content\/uploads\/2024\/12\/jornada-fortalecer-salud-mental-PP-4-768x576.jpg 768w\" sizes=\"(max-width: 1200px) 100vw, 1200px\" \/><\/a><p id=\"caption-attachment-373548\" class=\"wp-caption-text\">M\u00e1s de 1.000 personas participaron en jornada para fortalecer la salud mental, gracias a recursos de Presupuesto Participativo &#8211; Foto alcaldia de Medell\u00edn<\/p><\/div>\n<p class=\"p1\"><i>\u201cComponentes como La Familia se Encuentra para el Cuidado, Encuentros de\u00a0<\/i><i>Pareja, Acompa\u00f1amiento Individual y Familiar, as\u00ed como Escuela del Ser y\u00a0<\/i><i>Liderazgo, entre otros, han sido vitales para que fortalezcamos a las familias y\u00a0<\/i><i>recuperemos la confianza de los habitantes del Distrito<\/i>\u201d, agreg\u00f3 la l\u00edder.<\/p>\n<p class=\"p1\">Con din\u00e1micas y actividades representadas en el juego, se identificaron\u00a0escenarios de socializaci\u00f3n e interacci\u00f3n que impactaron de manera positiva la\u00a0salud mental. Adem\u00e1s, los asistentes disfrutaron de las piscinas, la alimentaci\u00f3n\u00a0y las zonas verdes del Aeroparque Juan Pablo II.<\/p>\n<div id=\"attachment_373546\" style=\"width: 1210px\" class=\"wp-caption aligncenter\"><a href=\"https:\/\/www.medellin.gov.co\/es\/wp-content\/uploads\/2024\/12\/jornada-fortalecer-salud-mental-PP-2.jpg\" target=\"_blank\" rel=\"noopener\"><img aria-describedby=\"caption-attachment-373546\" loading=\"lazy\" class=\"wp-image-373546 size-full\" title=\"M\u00e1s de 1.000 personas participaron en jornada para fortalecer la salud mental, gracias a recursos de Presupuesto Participativo\" src=\"https:\/\/www.medellin.gov.co\/es\/wp-content\/uploads\/2024\/12\/jornada-fortalecer-salud-mental-PP-2.jpg\" alt=\"\" width=\"1200\" height=\"900\" srcset=\"https:\/\/www.medellin.gov.co\/es\/wp-content\/uploads\/2024\/12\/jornada-fortalecer-salud-mental-PP-2.jpg 1200w, https:\/\/www.medellin.gov.co\/es\/wp-content\/uploads\/2024\/12\/jornada-fortalecer-salud-mental-PP-2-300x225.jpg 300w, https:\/\/www.medellin.gov.co\/es\/wp-content\/uploads\/2024\/12\/jornada-fortalecer-salud-mental-PP-2-1024x768.jpg 1024w, https:\/\/www.medellin.gov.co\/es\/wp-content\/uploads\/2024\/12\/jornada-fortalecer-salud-mental-PP-2-150x113.jpg 150w, https:\/\/www.medellin.gov.co\/es\/wp-content\/uploads\/2024\/12\/jornada-fortalecer-salud-mental-PP-2-768x576.jpg 768w\" sizes=\"(max-width: 1200px) 100vw, 1200px\" \/><\/a><p id=\"caption-attachment-373546\" class=\"wp-caption-text\">M\u00e1s de 1.000 personas participaron en jornada para fortalecer la salud mental, gracias a recursos de Presupuesto Participativo &#8211; Foto alcaldia de Medell\u00edn<\/p><\/div>\n","protected":false},"excerpt":{"rendered":"<p>Habitantes de 10 comunas asistieron a este evento que se realiz\u00f3 en el Aeroparque Juan Pablo II. De esta manera, se cerraron las actividades del programa Familias Fuertes y Resilientes por este a\u00f1o, el cual &#8230;<\/p>\n","protected":false},"author":84,"featured_media":373543,"comment_status":"open","ping_status":"open","sticky":false,"template":"","format":"standard","meta":[],"categories":[18],"tags":[437,453,452],"formato_nota":[],"programas_tax":[],"acf":[],"_links":{"self":[{"href":"https:\/\/www.medellin.gov.co\/es\/wp-json\/wp\/v2\/posts\/373540"}],"collection":[{"href":"https:\/\/www.medellin.gov.co\/es\/wp-json\/wp\/v2\/posts"}],"about":[{"href":"https:\/\/www.medellin.gov.co\/es\/wp-json\/wp\/v2\/types\/post"}],"author":[{"embeddable":true,"href":"https:\/\/www.medellin.gov.co\/es\/wp-json\/wp\/v2\/users\/84"}],"replies":[{"embeddable":true,"href":"https:\/\/www.medellin.gov.co\/es\/wp-json\/wp\/v2\/comments?post=373540"}],"version-history":[{"count":1,"href":"https:\/\/www.medellin.gov.co\/es\/wp-json\/wp\/v2\/posts\/373540\/revisions"}],"predecessor-version":[{"id":373550,"href":"https:\/\/www.medellin.gov.co\/es\/wp-json\/wp\/v2\/posts\/373540\/revisions\/373550"}],"wp:featuredmedia":[{"embeddable":true,"href":"https:\/\/www.medellin.gov.co\/es\/wp-json\/wp\/v2\/media\/373543"}],"wp:attachment":[{"href":"https:\/\/www.medellin.gov.co\/es\/wp-json\/wp\/v2\/media?parent=373540"}],"wp:term":[{"taxonomy":"category","embeddable":true,"href":"https:\/\/www.medellin.gov.co\/es\/wp-json\/wp\/v2\/categories?post=373540"},{"taxonomy":"post_tag","embeddable":true,"href":"https:\/\/www.medellin.gov.co\/es\/wp-json\/wp\/v2\/tags?post=373540"},{"taxonomy":"formato_nota","embeddable":true,"href":"https:\/\/www.medellin.gov.co\/es\/wp-json\/wp\/v2\/formato_nota?post=373540"},{"taxonomy":"programas_tax","embeddable":true,"href":"https:\/\/www.medellin.gov.co\/es\/wp-json\/wp\/v2\/programas_tax?post=373540"}],"curies":[{"name":"wp","href":"https:\/\/api.w.org\/{rel}","templated":true}]}}