{"id":373553,"date":"2024-12-10T12:13:03","date_gmt":"2024-12-10T17:13:03","guid":{"rendered":"https:\/\/www.medellin.gov.co\/es\/?p=373553"},"modified":"2024-12-10T12:13:33","modified_gmt":"2024-12-10T17:13:33","slug":"estrategia-saberes-de-la-alcaldia-de-medellin-gano-el-ano-y-mantiene-su-impulso-hacia-la-calidad-educativa","status":"publish","type":"post","link":"https:\/\/www.medellin.gov.co\/es\/sala-de-prensa\/noticias\/estrategia-saberes-de-la-alcaldia-de-medellin-gano-el-ano-y-mantiene-su-impulso-hacia-la-calidad-educativa\/","title":{"rendered":"Estrategia SaberEs de la Alcald\u00eda de Medell\u00edn gan\u00f3 el a\u00f1o y mantiene su impulso hacia la calidad educativa"},"content":{"rendered":"<ul>\n<li class=\"p1\"><b>M\u00e1s de 39.000 estudiantes participaron en los simulacros de la Prueba <\/b><b>Saber.<\/b><\/li>\n<li class=\"p1\"><b>300 docentes y directivos fueron capacitados en herramientas <\/b><b>pedag\u00f3gicas y an\u00e1lisis de resultados. 18 instituciones lograron\u00a0<\/b><b>reconocimientos, lo que evidenci\u00f3 el impacto del programa en la calidad\u00a0<\/b><b>acad\u00e9mica.<\/b><\/li>\n<li class=\"p1\"><b>Medell\u00edn obtuvo los mejores resultados, de los \u00faltimos cinco a\u00f1os en las <\/b><b>Pruebas Saber 11.<\/b><\/li>\n<\/ul>\n<!--[if lt IE 9]><script>document.createElement('audio');<\/script><![endif]-->\n\t<div class=\"wp-playlist wp-audio-playlist wp-playlist-light\">\n\t\t\t<div class=\"wp-playlist-current-item\"><\/div>\n\t\t<audio controls=\"controls\" preload=\"none\" width=\"640\"\n\t\t\t><\/audio>\n\t<div class=\"wp-playlist-next\"><\/div>\n\t<div class=\"wp-playlist-prev\"><\/div>\n\t<noscript>\n\t<ol>\n\t\t<li><a href='https:\/\/www.medellin.gov.co\/es\/wp-content\/uploads\/2024\/12\/saberEs-impulsa-calidad-educativa-01.mp3'>Palabras de Alejandro Ram\u00edrez Madrid, coordinador de SaberEs<\/a><\/li><li><a href='https:\/\/www.medellin.gov.co\/es\/wp-content\/uploads\/2024\/12\/saberEs-impulsa-calidad-educativa-02.mp3'>Palabras de Claudia Roc\u00edo Boada, rectora de la I. E. Javiera Londo\u00f1o Sevilla<\/a><\/li>\t<\/ol>\n\t<\/noscript>\n\t<script type=\"application\/json\" class=\"wp-playlist-script\">{\"type\":\"audio\",\"tracklist\":true,\"tracknumbers\":true,\"images\":true,\"artists\":true,\"tracks\":[{\"src\":\"https:\\\/\\\/www.medellin.gov.co\\\/es\\\/wp-content\\\/uploads\\\/2024\\\/12\\\/saberEs-impulsa-calidad-educativa-01.mp3\",\"type\":\"audio\\\/mpeg\",\"title\":\"Palabras de Alejandro Ram\\u00edrez Madrid, coordinador de SaberEs\",\"caption\":\"\",\"description\":\"\\u00abPalabras de Alejandro Ram\\u00edrez Madrid, coordinador de SaberEs\\u00bb.\",\"meta\":{\"length_formatted\":\"0:39\"},\"image\":{\"src\":\"https:\\\/\\\/www.medellin.gov.co\\\/es\\\/wp-includes\\\/images\\\/media\\\/audio.png\",\"width\":48,\"height\":64},\"thumb\":{\"src\":\"https:\\\/\\\/www.medellin.gov.co\\\/es\\\/wp-includes\\\/images\\\/media\\\/audio.png\",\"width\":48,\"height\":64}},{\"src\":\"https:\\\/\\\/www.medellin.gov.co\\\/es\\\/wp-content\\\/uploads\\\/2024\\\/12\\\/saberEs-impulsa-calidad-educativa-02.mp3\",\"type\":\"audio\\\/mpeg\",\"title\":\"Palabras de Claudia Roc\\u00edo Boada, rectora de la I. E. Javiera Londo\\u00f1o Sevilla\",\"caption\":\"\",\"description\":\"\\u00abPalabras de Claudia Roc\\u00edo Boada, rectora de la I. E. Javiera Londo\\u00f1o Sevilla\\u00bb.\",\"meta\":{\"length_formatted\":\"0:29\"},\"image\":{\"src\":\"https:\\\/\\\/www.medellin.gov.co\\\/es\\\/wp-includes\\\/images\\\/media\\\/audio.png\",\"width\":48,\"height\":64},\"thumb\":{\"src\":\"https:\\\/\\\/www.medellin.gov.co\\\/es\\\/wp-includes\\\/images\\\/media\\\/audio.png\",\"width\":48,\"height\":64}}]}<\/script>\n<\/div>\n\t\n<p class=\"p1\">La Alcald\u00eda de Medell\u00edn celebr\u00f3 los logros de la estrategia SaberEs, un programa\u00a0dise\u00f1ado para potenciar las competencias acad\u00e9micas y el desarrollo integral de\u00a0los alumnos en las instituciones oficiales. Esta iniciativa se ha consolidado como\u00a0un pilar fundamental para el mejoramiento de la calidad educativa, con impacto\u00a0positivo en estudiantes, docentes y directivos; esto influye en los resultados\u00a0obtenidos en las \u00faltimas Pruebas Saber 11, pues el 66 % de los colegios\u00a0oficiales, es decir 146 instituciones incrementaron su puntaje promedio entre\u00a02023 y 2024.<\/p>\n<div id=\"attachment_373573\" style=\"width: 1210px\" class=\"wp-caption aligncenter\"><a href=\"https:\/\/www.medellin.gov.co\/es\/wp-content\/uploads\/2024\/12\/saberEs-impulsa-calidad-educativa-1.jpg\" target=\"_blank\" rel=\"noopener\"><img aria-describedby=\"caption-attachment-373573\" loading=\"lazy\" class=\"wp-image-373573 size-full\" title=\"Estrategia SaberEs de la Alcald\u00eda de Medell\u00edn gan\u00f3 el a\u00f1o y mantiene su impulso hacia la calidad educativa\" src=\"https:\/\/www.medellin.gov.co\/es\/wp-content\/uploads\/2024\/12\/saberEs-impulsa-calidad-educativa-1.jpg\" alt=\"\" width=\"1200\" height=\"799\" srcset=\"https:\/\/www.medellin.gov.co\/es\/wp-content\/uploads\/2024\/12\/saberEs-impulsa-calidad-educativa-1.jpg 1200w, https:\/\/www.medellin.gov.co\/es\/wp-content\/uploads\/2024\/12\/saberEs-impulsa-calidad-educativa-1-300x200.jpg 300w, https:\/\/www.medellin.gov.co\/es\/wp-content\/uploads\/2024\/12\/saberEs-impulsa-calidad-educativa-1-1024x682.jpg 1024w, https:\/\/www.medellin.gov.co\/es\/wp-content\/uploads\/2024\/12\/saberEs-impulsa-calidad-educativa-1-150x100.jpg 150w, https:\/\/www.medellin.gov.co\/es\/wp-content\/uploads\/2024\/12\/saberEs-impulsa-calidad-educativa-1-768x511.jpg 768w\" sizes=\"(max-width: 1200px) 100vw, 1200px\" \/><\/a><p id=\"caption-attachment-373573\" class=\"wp-caption-text\">Estrategia SaberEs de la Alcald\u00eda de Medell\u00edn gan\u00f3 el a\u00f1o y mantiene su impulso hacia la calidad educativa &#8211; Foto alcaldia de Medell\u00edn<\/p><\/div>\n<p class=\"p1\">Durante 2024, SaberEs implement\u00f3 cinco simulacros de la Prueba Saber,\u00a0incluyendo dos desarrollados como parte del programa de Presupuesto\u00a0Participativo en la comuna 15 -Guayabal. Estos ejercicios beneficiaron a m\u00e1s de\u00a019.000 estudiantes de grado und\u00e9cimo y 20.000 de d\u00e9cimo, promoviendo\u00a0habilidades esenciales para enfrentar pruebas estandarizadas, acceder a becas\u00a0universitarias, superar ex\u00e1menes de ingreso y proyectar sus metas\u00a0profesionales.<\/p>\n<p class=\"p1\">Adem\u00e1s, el programa ofreci\u00f3 formaci\u00f3n especializada a m\u00e1s de 300 maestros y\u00a0directivos, con capacitaci\u00f3n en el dise\u00f1o, an\u00e1lisis y uso de informes de\u00a0resultados de los simulacros. Las instituciones educativas tambi\u00e9n recibieron\u00a0acompa\u00f1amiento y recursos estrat\u00e9gicos para implementar planes de\u00a0fortalecimiento basados en sus aprendizajes.<\/p>\n<p class=\"p1\"><i>\u201cMe parece muy pertinente compartir con los estudiantes. Es un espacio donde\u00a0<\/i><i>se aprende, se disfruta y se comparte, como resultado del buen desempe\u00f1o\u00a0<\/i><i>obtenido en las pruebas Saber. Este desempe\u00f1o refleja un proceso de\u00a0<\/i><i>ense\u00f1anza s\u00f3lido y, adem\u00e1s, nos impulsa a evaluar a trav\u00e9s de competencias\u201d<\/i>,\u00a0expres\u00f3 la rectora de la I. E. Javiera Londo\u00f1o Sevilla, Claudia Roc\u00edo Boada.<\/p>\n<div id=\"attachment_373576\" style=\"width: 1210px\" class=\"wp-caption alignright\"><a href=\"https:\/\/www.medellin.gov.co\/es\/wp-content\/uploads\/2024\/12\/saberEs-impulsa-calidad-educativa-2.jpg\" target=\"_blank\" rel=\"noopener\"><img aria-describedby=\"caption-attachment-373576\" loading=\"lazy\" class=\"wp-image-373576 size-full\" title=\"Estrategia SaberEs de la Alcald\u00eda de Medell\u00edn gan\u00f3 el a\u00f1o y mantiene su impulso hacia la calidad educativa\" src=\"https:\/\/www.medellin.gov.co\/es\/wp-content\/uploads\/2024\/12\/saberEs-impulsa-calidad-educativa-2.jpg\" alt=\"\" width=\"1200\" height=\"799\" srcset=\"https:\/\/www.medellin.gov.co\/es\/wp-content\/uploads\/2024\/12\/saberEs-impulsa-calidad-educativa-2.jpg 1200w, https:\/\/www.medellin.gov.co\/es\/wp-content\/uploads\/2024\/12\/saberEs-impulsa-calidad-educativa-2-300x200.jpg 300w, https:\/\/www.medellin.gov.co\/es\/wp-content\/uploads\/2024\/12\/saberEs-impulsa-calidad-educativa-2-1024x682.jpg 1024w, https:\/\/www.medellin.gov.co\/es\/wp-content\/uploads\/2024\/12\/saberEs-impulsa-calidad-educativa-2-150x100.jpg 150w, https:\/\/www.medellin.gov.co\/es\/wp-content\/uploads\/2024\/12\/saberEs-impulsa-calidad-educativa-2-768x511.jpg 768w\" sizes=\"(max-width: 1200px) 100vw, 1200px\" \/><\/a><p id=\"caption-attachment-373576\" class=\"wp-caption-text\">Estrategia SaberEs de la Alcald\u00eda de Medell\u00edn gan\u00f3 el a\u00f1o y mantiene su impulso hacia la calidad educativa &#8211; Foto alcaldia de Medell\u00edn<\/p><\/div>\n<p class=\"p1\">Como parte del cierre del programa, se reconoci\u00f3 a las 18 instituciones\u00a0educativas con los mejores desempe\u00f1os en los simulacros de la Prueba Saber\u00a010\u00ba. Este logro se celebr\u00f3 con una jornada especial en el Parque Norte, donde\u00a0los estudiantes disfrutaron de atracciones ilimitadas, actividades recreativas y un taller motivacional enfocado en analizar los resultados y reforzar su preparaci\u00f3n\u00a0acad\u00e9mica.<\/p>\n<p class=\"p1\"><i>\u201cNos encontramos celebrando junto a los estudiantes de 10\u00ba y 11\u00ba que fueron\u00a0<\/i><i>reconocidos por los resultados obtenidos en los simulacros realizados durante\u00a0<\/i><i>este semestre. A trav\u00e9s del programa SaberEs, acompa\u00f1amos la transici\u00f3n de\u00a0<\/i><i>una educaci\u00f3n y evaluaci\u00f3n centrada en contenidos hacia un enfoque basado en\u00a0<\/i><i>competencias. Es decir, trabajamos junto a docentes, directivos docentes y\u00a0<\/i><i>estudiantes para fortalecer las actividades relacionadas con el uso efectivo del\u00a0<\/i><i>conocimiento\u201d<\/i>, concluy\u00f3 el coordinador de SaberEs, Alejandro Ram\u00edrez Madrid.<\/p>\n","protected":false},"excerpt":{"rendered":"<p>M\u00e1s de 39.000 estudiantes participaron en los simulacros de la Prueba Saber. 300 docentes y directivos fueron capacitados en herramientas pedag\u00f3gicas y an\u00e1lisis de resultados. 18 instituciones lograron\u00a0reconocimientos, lo que evidenci\u00f3 el impacto del programa &#8230;<\/p>\n","protected":false},"author":84,"featured_media":373579,"comment_status":"open","ping_status":"open","sticky":false,"template":"","format":"standard","meta":[],"categories":[4],"tags":[431,453,455],"formato_nota":[],"programas_tax":[],"acf":[],"_links":{"self":[{"href":"https:\/\/www.medellin.gov.co\/es\/wp-json\/wp\/v2\/posts\/373553"}],"collection":[{"href":"https:\/\/www.medellin.gov.co\/es\/wp-json\/wp\/v2\/posts"}],"about":[{"href":"https:\/\/www.medellin.gov.co\/es\/wp-json\/wp\/v2\/types\/post"}],"author":[{"embeddable":true,"href":"https:\/\/www.medellin.gov.co\/es\/wp-json\/wp\/v2\/users\/84"}],"replies":[{"embeddable":true,"href":"https:\/\/www.medellin.gov.co\/es\/wp-json\/wp\/v2\/comments?post=373553"}],"version-history":[{"count":1,"href":"https:\/\/www.medellin.gov.co\/es\/wp-json\/wp\/v2\/posts\/373553\/revisions"}],"predecessor-version":[{"id":373584,"href":"https:\/\/www.medellin.gov.co\/es\/wp-json\/wp\/v2\/posts\/373553\/revisions\/373584"}],"wp:featuredmedia":[{"embeddable":true,"href":"https:\/\/www.medellin.gov.co\/es\/wp-json\/wp\/v2\/media\/373579"}],"wp:attachment":[{"href":"https:\/\/www.medellin.gov.co\/es\/wp-json\/wp\/v2\/media?parent=373553"}],"wp:term":[{"taxonomy":"category","embeddable":true,"href":"https:\/\/www.medellin.gov.co\/es\/wp-json\/wp\/v2\/categories?post=373553"},{"taxonomy":"post_tag","embeddable":true,"href":"https:\/\/www.medellin.gov.co\/es\/wp-json\/wp\/v2\/tags?post=373553"},{"taxonomy":"formato_nota","embeddable":true,"href":"https:\/\/www.medellin.gov.co\/es\/wp-json\/wp\/v2\/formato_nota?post=373553"},{"taxonomy":"programas_tax","embeddable":true,"href":"https:\/\/www.medellin.gov.co\/es\/wp-json\/wp\/v2\/programas_tax?post=373553"}],"curies":[{"name":"wp","href":"https:\/\/api.w.org\/{rel}","templated":true}]}}