{"id":373586,"date":"2024-12-10T12:31:15","date_gmt":"2024-12-10T17:31:15","guid":{"rendered":"https:\/\/www.medellin.gov.co\/es\/?p=373586"},"modified":"2024-12-10T12:31:15","modified_gmt":"2024-12-10T17:31:15","slug":"bazar-de-marcas-tradicional-mercado-de-compras-navidenas-en-medellin-proyecta-generar-2-000-empleos","status":"publish","type":"post","link":"https:\/\/www.medellin.gov.co\/es\/sala-de-prensa\/noticias\/bazar-de-marcas-tradicional-mercado-de-compras-navidenas-en-medellin-proyecta-generar-2-000-empleos\/","title":{"rendered":"Bazar de Marcas, tradicional mercado de compras navide\u00f1as en Medell\u00edn, proyecta generar 2.000 empleos"},"content":{"rendered":"<ul>\n<li class=\"p1\"><b>El S\u00faper Outlet se realizar\u00e1 en Plaza Mayor del 12 al 15 de diciembre con <\/b><b>entrada libre y con ofertas hasta del 70 % para incentivar la compra de\u00a0<\/b><b>aguinaldos.<\/b><\/li>\n<li class=\"p1\"><b>En esta edici\u00f3n se espera generar 2.000 empleos directos e indirectos y <\/b><b>que lleguen alrededor 60.000 personas.<\/b><\/li>\n<\/ul>\n<!--[if lt IE 9]><script>document.createElement('audio');<\/script><![endif]-->\n\t<div class=\"wp-playlist wp-audio-playlist wp-playlist-light\">\n\t\t\t<div class=\"wp-playlist-current-item\"><\/div>\n\t\t<audio controls=\"controls\" preload=\"none\" width=\"640\"\n\t\t\t><\/audio>\n\t<div class=\"wp-playlist-next\"><\/div>\n\t<div class=\"wp-playlist-prev\"><\/div>\n\t<noscript>\n\t<ol>\n\t\t<li><a href='https:\/\/www.medellin.gov.co\/es\/wp-content\/uploads\/2024\/12\/bazar-de-marcas-genera-empleos-01.mp3'>Palabras de F\u00e1tima D\u00edaz Granados Guerra, gerente comercial de Plaza Mayor<\/a><\/li><li><a href='https:\/\/www.medellin.gov.co\/es\/wp-content\/uploads\/2024\/12\/bazar-de-marcas-genera-empleos-02.mp3'>Palabras de Mar\u00eda Fernanda Galeano Rojo, secretaria de Desarrollo Econ\u00f3mico<\/a><\/li><li><a href='https:\/\/www.medellin.gov.co\/es\/wp-content\/uploads\/2024\/12\/bazar-de-marcas-genera-empleos-03.mp3'>Palabras de Sandra Sierra, gerente de Asterisco Dise\u00f1o de Experiencias<\/a><\/li>\t<\/ol>\n\t<\/noscript>\n\t<script type=\"application\/json\" class=\"wp-playlist-script\">{\"type\":\"audio\",\"tracklist\":true,\"tracknumbers\":true,\"images\":true,\"artists\":true,\"tracks\":[{\"src\":\"https:\\\/\\\/www.medellin.gov.co\\\/es\\\/wp-content\\\/uploads\\\/2024\\\/12\\\/bazar-de-marcas-genera-empleos-01.mp3\",\"type\":\"audio\\\/mpeg\",\"title\":\"Palabras de F\\u00e1tima D\\u00edaz Granados Guerra, gerente comercial de Plaza Mayor\",\"caption\":\"\",\"description\":\"\\u00abPalabras de F\\u00e1tima D\\u00edaz Granados Guerra, gerente comercial de Plaza Mayor\\u00bb.\",\"meta\":{\"length_formatted\":\"0:21\"},\"image\":{\"src\":\"https:\\\/\\\/www.medellin.gov.co\\\/es\\\/wp-includes\\\/images\\\/media\\\/audio.png\",\"width\":48,\"height\":64},\"thumb\":{\"src\":\"https:\\\/\\\/www.medellin.gov.co\\\/es\\\/wp-includes\\\/images\\\/media\\\/audio.png\",\"width\":48,\"height\":64}},{\"src\":\"https:\\\/\\\/www.medellin.gov.co\\\/es\\\/wp-content\\\/uploads\\\/2024\\\/12\\\/bazar-de-marcas-genera-empleos-02.mp3\",\"type\":\"audio\\\/mpeg\",\"title\":\"Palabras de Mar\\u00eda Fernanda Galeano Rojo, secretaria de Desarrollo Econ\\u00f3mico\",\"caption\":\"\",\"description\":\"\\u00abPalabras de Mar\\u00eda Fernanda Galeano Rojo, secretaria de Desarrollo Econ\\u00f3mico\\u00bb.\",\"meta\":{\"length_formatted\":\"0:37\"},\"image\":{\"src\":\"https:\\\/\\\/www.medellin.gov.co\\\/es\\\/wp-includes\\\/images\\\/media\\\/audio.png\",\"width\":48,\"height\":64},\"thumb\":{\"src\":\"https:\\\/\\\/www.medellin.gov.co\\\/es\\\/wp-includes\\\/images\\\/media\\\/audio.png\",\"width\":48,\"height\":64}},{\"src\":\"https:\\\/\\\/www.medellin.gov.co\\\/es\\\/wp-content\\\/uploads\\\/2024\\\/12\\\/bazar-de-marcas-genera-empleos-03.mp3\",\"type\":\"audio\\\/mpeg\",\"title\":\"Palabras de Sandra Sierra, gerente de Asterisco Dise\\u00f1o de Experiencias\",\"caption\":\"\",\"description\":\"\\u00abPalabras de Sandra Sierra, gerente de Asterisco Dise\\u00f1o de Experiencias\\u00bb.\",\"meta\":{\"length_formatted\":\"0:56\"},\"image\":{\"src\":\"https:\\\/\\\/www.medellin.gov.co\\\/es\\\/wp-includes\\\/images\\\/media\\\/audio.png\",\"width\":48,\"height\":64},\"thumb\":{\"src\":\"https:\\\/\\\/www.medellin.gov.co\\\/es\\\/wp-includes\\\/images\\\/media\\\/audio.png\",\"width\":48,\"height\":64}}]}<\/script>\n<\/div>\n\t\n<p class=\"p1\">Medell\u00edn se prepara para recibir el evento de compras m\u00e1s grande de la\u00a0temporada navide\u00f1a, el Bazar de Marcas S\u00faper Outlet que se realizar\u00e1 en los\u00a0pabellones Blanco y Amarillo de Plaza Mayor, del 12 al 15 de diciembre, donde\u00a0300 marcas de ropa, calzado, hogar, belleza, electrodom\u00e9sticos, entre otros,\u00a0ofrecer\u00e1n hasta el 70% en descuentos.<\/p>\n<div id=\"attachment_373648\" style=\"width: 1210px\" class=\"wp-caption aligncenter\"><a href=\"https:\/\/www.medellin.gov.co\/es\/wp-content\/uploads\/2024\/12\/bazar-de-marcas-genera-empleos-1.jpg\" target=\"_blank\" rel=\"noopener\"><img aria-describedby=\"caption-attachment-373648\" loading=\"lazy\" class=\"wp-image-373648 size-full\" title=\"Bazar de Marcas, tradicional mercado de compras navide\u00f1as en Medell\u00edn, proyecta generar 2.000 empleos\" src=\"https:\/\/www.medellin.gov.co\/es\/wp-content\/uploads\/2024\/12\/bazar-de-marcas-genera-empleos-1.jpg\" alt=\"\" width=\"1200\" height=\"675\" srcset=\"https:\/\/www.medellin.gov.co\/es\/wp-content\/uploads\/2024\/12\/bazar-de-marcas-genera-empleos-1.jpg 1200w, https:\/\/www.medellin.gov.co\/es\/wp-content\/uploads\/2024\/12\/bazar-de-marcas-genera-empleos-1-300x169.jpg 300w, https:\/\/www.medellin.gov.co\/es\/wp-content\/uploads\/2024\/12\/bazar-de-marcas-genera-empleos-1-1024x576.jpg 1024w, https:\/\/www.medellin.gov.co\/es\/wp-content\/uploads\/2024\/12\/bazar-de-marcas-genera-empleos-1-150x84.jpg 150w, https:\/\/www.medellin.gov.co\/es\/wp-content\/uploads\/2024\/12\/bazar-de-marcas-genera-empleos-1-768x432.jpg 768w\" sizes=\"(max-width: 1200px) 100vw, 1200px\" \/><\/a><p id=\"caption-attachment-373648\" class=\"wp-caption-text\">Bazar de Marcas, tradicional mercado de compras navide\u00f1as en Medell\u00edn, proyecta generar 2.000 empleos &#8211; Foto alcaldia de Medell\u00edn<\/p><\/div>\n<p class=\"p1\">Este megamercado, que proyecta la generaci\u00f3n de 2.000 empleos directos e\u00a0indirectos, es organizado por Plaza Mayor, Asterisco Dise\u00f1o de Experiencias y\u00a0Bazar de Marcas, y se ha convertido en un espacio que fomenta el ahorro y\u00a0genera impulso econ\u00f3mico a la ciudad.<\/p>\n<p class=\"p1\"><i>\u201cEn cuatro d\u00edas de evento tendremos grandes marcas con muchos descuentos\u00a0<\/i><i>para todas las familias. Estaremos desde las 10 de la ma\u00f1ana hasta las 8 de la\u00a0<\/i><i>noche y la entrada es gratuita, los esperamos\u201d,<\/i> afirm\u00f3 la gerente comercial de\u00a0Plaza Mayor, F\u00e1tima D\u00edaz Granados Guerra.<\/p>\n<div id=\"attachment_373653\" style=\"width: 1210px\" class=\"wp-caption aligncenter\"><a href=\"https:\/\/www.medellin.gov.co\/es\/wp-content\/uploads\/2024\/12\/bazar-de-marcas-genera-empleos-2.jpg\" target=\"_blank\" rel=\"noopener\"><img aria-describedby=\"caption-attachment-373653\" loading=\"lazy\" class=\"wp-image-373653 size-full\" title=\"Bazar de Marcas, tradicional mercado de compras navide\u00f1as en Medell\u00edn, proyecta generar 2.000 empleos\" src=\"https:\/\/www.medellin.gov.co\/es\/wp-content\/uploads\/2024\/12\/bazar-de-marcas-genera-empleos-2.jpg\" alt=\"\" width=\"1200\" height=\"675\" srcset=\"https:\/\/www.medellin.gov.co\/es\/wp-content\/uploads\/2024\/12\/bazar-de-marcas-genera-empleos-2.jpg 1200w, https:\/\/www.medellin.gov.co\/es\/wp-content\/uploads\/2024\/12\/bazar-de-marcas-genera-empleos-2-300x169.jpg 300w, https:\/\/www.medellin.gov.co\/es\/wp-content\/uploads\/2024\/12\/bazar-de-marcas-genera-empleos-2-1024x576.jpg 1024w, https:\/\/www.medellin.gov.co\/es\/wp-content\/uploads\/2024\/12\/bazar-de-marcas-genera-empleos-2-150x84.jpg 150w, https:\/\/www.medellin.gov.co\/es\/wp-content\/uploads\/2024\/12\/bazar-de-marcas-genera-empleos-2-768x432.jpg 768w\" sizes=\"(max-width: 1200px) 100vw, 1200px\" \/><\/a><p id=\"caption-attachment-373653\" class=\"wp-caption-text\">Bazar de Marcas, tradicional mercado de compras navide\u00f1as en Medell\u00edn, proyecta generar 2.000 empleos &#8211; Foto alcaldia de Medell\u00edn<\/p><\/div>\n<p class=\"p1\">En esta edici\u00f3n, se contar\u00e1 con la presencia de 50 emprendedores patrocinados\u00a0por el Distrito de Medell\u00edn, 10 m\u00e1s de la Alcald\u00eda de Envigado y 10 que llegan del\u00a0municipio de Ch\u00eda (Cundinamarca), quienes, adem\u00e1s de mostrar sus productos,\u00a0podr\u00e1n interactuar con los compradores. Tambi\u00e9n, se tendr\u00e1n como aliados al\u00a0canal Telemedell\u00edn y RCN Radio.<\/p>\n<p class=\"p1\"><i>\u201cEsta es una gran oportunidad para<\/i> <i>que compren sus aguinaldos y accedan a\u00a0<\/i><i>productos que tienen nuestros empresarios y emprendedores; desde la Alcald\u00eda\u00a0<\/i><i>de Medell\u00edn vamos a participar con 50 emprendedores que ha sido\u00a0<\/i><i>acompa\u00f1ados por los diferentes programas de emprendimiento; queremos\u00a0<\/i><i>seguir generando para ellos oportunidades y acceso a mercados que les\u00a0<\/i><i>permitan tener m\u00e1s ingresos y generar desarrollo econ\u00f3mico, social y empleos\u201d,\u00a0<\/i>agreg\u00f3 la secretaria de Desarrollo Econ\u00f3mico, Mar\u00eda Fernanda Galeano Rojo.<\/p>\n<p class=\"p1\">Para este a\u00f1o se esperan recibir cerca de 60.000 personas que podr\u00e1n ingresar\u00a0de manera gratuita en el horario de 10:00 a. m. a 8:00 p. m.<\/p>\n<div id=\"attachment_373656\" style=\"width: 1210px\" class=\"wp-caption aligncenter\"><a href=\"https:\/\/www.medellin.gov.co\/es\/wp-content\/uploads\/2024\/12\/bazar-de-marcas-genera-empleos-3.jpg\" target=\"_blank\" rel=\"noopener\"><img aria-describedby=\"caption-attachment-373656\" loading=\"lazy\" class=\"wp-image-373656 size-full\" title=\"Bazar de Marcas, tradicional mercado de compras navide\u00f1as en Medell\u00edn, proyecta generar 2.000 empleos\" src=\"https:\/\/www.medellin.gov.co\/es\/wp-content\/uploads\/2024\/12\/bazar-de-marcas-genera-empleos-3.jpg\" alt=\"\" width=\"1200\" height=\"675\" srcset=\"https:\/\/www.medellin.gov.co\/es\/wp-content\/uploads\/2024\/12\/bazar-de-marcas-genera-empleos-3.jpg 1200w, https:\/\/www.medellin.gov.co\/es\/wp-content\/uploads\/2024\/12\/bazar-de-marcas-genera-empleos-3-300x169.jpg 300w, https:\/\/www.medellin.gov.co\/es\/wp-content\/uploads\/2024\/12\/bazar-de-marcas-genera-empleos-3-1024x576.jpg 1024w, https:\/\/www.medellin.gov.co\/es\/wp-content\/uploads\/2024\/12\/bazar-de-marcas-genera-empleos-3-150x84.jpg 150w, https:\/\/www.medellin.gov.co\/es\/wp-content\/uploads\/2024\/12\/bazar-de-marcas-genera-empleos-3-768x432.jpg 768w\" sizes=\"(max-width: 1200px) 100vw, 1200px\" \/><\/a><p id=\"caption-attachment-373656\" class=\"wp-caption-text\">Bazar de Marcas, tradicional mercado de compras navide\u00f1as en Medell\u00edn, proyecta generar 2.000 empleos &#8211; Foto alcaldia de Medell\u00edn<\/p><\/div>\n<p class=\"p1\"><i>\u201cBazar de Marcas S\u00faper Outlet, el outlet de temporada m\u00e1s grande de la ciudad,\u00a0<\/i><i>llega de nuevo a Medell\u00edn. Vamos a contar con diferentes marcas de todas las\u00a0<\/i><i>categor\u00edas: textil, moda, zapatos, accesorios, belleza, hogar; automotriz,\u00a0<\/i><i>mascotas y jugueter\u00eda en un solo lugar, ac\u00e1 en Plaza Mayor\u201d, <\/i>expres\u00f3 Sandra\u00a0Sierra, gerente de Asterisco Dise\u00f1o de Experiencias<i>.<\/i><\/p>\n<p class=\"p1\">Para m\u00e1s informaci\u00f3n del evento, todas las personas podr\u00e1n visitar el sitio web\u00a0www.bazardemarcas.com.co y @bazardemarcas en Instagram y Facebook.<\/p>\n","protected":false},"excerpt":{"rendered":"<p>El S\u00faper Outlet se realizar\u00e1 en Plaza Mayor del 12 al 15 de diciembre con entrada libre y con ofertas hasta del 70 % para incentivar la compra de\u00a0aguinaldos. En esta edici\u00f3n se espera generar &#8230;<\/p>\n","protected":false},"author":84,"featured_media":373661,"comment_status":"open","ping_status":"open","sticky":false,"template":"","format":"standard","meta":[],"categories":[17],"tags":[691,433,453],"formato_nota":[],"programas_tax":[],"acf":[],"_links":{"self":[{"href":"https:\/\/www.medellin.gov.co\/es\/wp-json\/wp\/v2\/posts\/373586"}],"collection":[{"href":"https:\/\/www.medellin.gov.co\/es\/wp-json\/wp\/v2\/posts"}],"about":[{"href":"https:\/\/www.medellin.gov.co\/es\/wp-json\/wp\/v2\/types\/post"}],"author":[{"embeddable":true,"href":"https:\/\/www.medellin.gov.co\/es\/wp-json\/wp\/v2\/users\/84"}],"replies":[{"embeddable":true,"href":"https:\/\/www.medellin.gov.co\/es\/wp-json\/wp\/v2\/comments?post=373586"}],"version-history":[{"count":1,"href":"https:\/\/www.medellin.gov.co\/es\/wp-json\/wp\/v2\/posts\/373586\/revisions"}],"predecessor-version":[{"id":373674,"href":"https:\/\/www.medellin.gov.co\/es\/wp-json\/wp\/v2\/posts\/373586\/revisions\/373674"}],"wp:featuredmedia":[{"embeddable":true,"href":"https:\/\/www.medellin.gov.co\/es\/wp-json\/wp\/v2\/media\/373661"}],"wp:attachment":[{"href":"https:\/\/www.medellin.gov.co\/es\/wp-json\/wp\/v2\/media?parent=373586"}],"wp:term":[{"taxonomy":"category","embeddable":true,"href":"https:\/\/www.medellin.gov.co\/es\/wp-json\/wp\/v2\/categories?post=373586"},{"taxonomy":"post_tag","embeddable":true,"href":"https:\/\/www.medellin.gov.co\/es\/wp-json\/wp\/v2\/tags?post=373586"},{"taxonomy":"formato_nota","embeddable":true,"href":"https:\/\/www.medellin.gov.co\/es\/wp-json\/wp\/v2\/formato_nota?post=373586"},{"taxonomy":"programas_tax","embeddable":true,"href":"https:\/\/www.medellin.gov.co\/es\/wp-json\/wp\/v2\/programas_tax?post=373586"}],"curies":[{"name":"wp","href":"https:\/\/api.w.org\/{rel}","templated":true}]}}