{"id":373675,"date":"2024-12-10T12:39:40","date_gmt":"2024-12-10T17:39:40","guid":{"rendered":"https:\/\/www.medellin.gov.co\/es\/?p=373675"},"modified":"2024-12-10T12:39:40","modified_gmt":"2024-12-10T17:39:40","slug":"el-distrito-continua-fortaleciendo-las-rutas-de-prevencion-promocion-y-atencion-de-los-derechos-humanos","status":"publish","type":"post","link":"https:\/\/www.medellin.gov.co\/es\/sala-de-prensa\/noticias\/el-distrito-continua-fortaleciendo-las-rutas-de-prevencion-promocion-y-atencion-de-los-derechos-humanos\/","title":{"rendered":"El Distrito contin\u00faa fortaleciendo las rutas de prevenci\u00f3n, promoci\u00f3n y atenci\u00f3n de los derechos humanos"},"content":{"rendered":"<!--[if lt IE 9]><script>document.createElement('audio');<\/script><![endif]-->\n\t<div class=\"wp-playlist wp-audio-playlist wp-playlist-light\">\n\t\t\t<div class=\"wp-playlist-current-item\"><\/div>\n\t\t<audio controls=\"controls\" preload=\"none\" width=\"640\"\n\t\t\t><\/audio>\n\t<div class=\"wp-playlist-next\"><\/div>\n\t<div class=\"wp-playlist-prev\"><\/div>\n\t<noscript>\n\t<ol>\n\t\t<li><a href='https:\/\/www.medellin.gov.co\/es\/wp-content\/uploads\/2024\/12\/rutas-de-prevencion-y-atencion-derechos-humanos-01.mp3'>Palabras de Carlos Arcila, secretario de Paz y Derechos Humanos<\/a><\/li>\t<\/ol>\n\t<\/noscript>\n\t<script type=\"application\/json\" class=\"wp-playlist-script\">{\"type\":\"audio\",\"tracklist\":true,\"tracknumbers\":true,\"images\":true,\"artists\":true,\"tracks\":[{\"src\":\"https:\\\/\\\/www.medellin.gov.co\\\/es\\\/wp-content\\\/uploads\\\/2024\\\/12\\\/rutas-de-prevencion-y-atencion-derechos-humanos-01.mp3\",\"type\":\"audio\\\/mpeg\",\"title\":\"Palabras de Carlos Arcila, secretario de Paz y Derechos Humanos\",\"caption\":\"\",\"description\":\"\\u00abPalabras de Carlos Arcila, secretario de Paz y Derechos Humanos\\u00bb.\",\"meta\":{\"length_formatted\":\"0:58\"},\"image\":{\"src\":\"https:\\\/\\\/www.medellin.gov.co\\\/es\\\/wp-includes\\\/images\\\/media\\\/audio.png\",\"width\":48,\"height\":64},\"thumb\":{\"src\":\"https:\\\/\\\/www.medellin.gov.co\\\/es\\\/wp-includes\\\/images\\\/media\\\/audio.png\",\"width\":48,\"height\":64}}]}<\/script>\n<\/div>\n\t\n<p class=\"p1\">Durante 2024, el Distrito ha efectuado labores psicosociales y jur\u00eddicas para\u00a0acompa\u00f1ar a los ciudadanos, lo que reafirma su compromiso con la defensa de\u00a0los derechos fundamentales. Las rutas abordaron 49 casos relacionados con\u00a0violencias sexuales y otros 41 con trata de personas.<\/p>\n<div id=\"attachment_373677\" style=\"width: 1210px\" class=\"wp-caption aligncenter\"><a href=\"https:\/\/www.medellin.gov.co\/es\/wp-content\/uploads\/2024\/12\/rutas-de-prevencion-y-atencion-derechos-humanos-1.jpg\" target=\"_blank\" rel=\"noopener\"><img aria-describedby=\"caption-attachment-373677\" loading=\"lazy\" class=\"wp-image-373677 size-full\" title=\"El Distrito contin\u00faa fortaleciendo las rutas de prevenci\u00f3n, promoci\u00f3n y atenci\u00f3n de los derechos humanos\" src=\"https:\/\/www.medellin.gov.co\/es\/wp-content\/uploads\/2024\/12\/rutas-de-prevencion-y-atencion-derechos-humanos-1.jpg\" alt=\"\" width=\"1200\" height=\"900\" srcset=\"https:\/\/www.medellin.gov.co\/es\/wp-content\/uploads\/2024\/12\/rutas-de-prevencion-y-atencion-derechos-humanos-1.jpg 1200w, https:\/\/www.medellin.gov.co\/es\/wp-content\/uploads\/2024\/12\/rutas-de-prevencion-y-atencion-derechos-humanos-1-300x225.jpg 300w, https:\/\/www.medellin.gov.co\/es\/wp-content\/uploads\/2024\/12\/rutas-de-prevencion-y-atencion-derechos-humanos-1-1024x768.jpg 1024w, https:\/\/www.medellin.gov.co\/es\/wp-content\/uploads\/2024\/12\/rutas-de-prevencion-y-atencion-derechos-humanos-1-150x113.jpg 150w, https:\/\/www.medellin.gov.co\/es\/wp-content\/uploads\/2024\/12\/rutas-de-prevencion-y-atencion-derechos-humanos-1-768x576.jpg 768w\" sizes=\"(max-width: 1200px) 100vw, 1200px\" \/><\/a><p id=\"caption-attachment-373677\" class=\"wp-caption-text\">El Distrito contin\u00faa fortaleciendo las rutas de prevenci\u00f3n, promoci\u00f3n y atenci\u00f3n de los derechos humanos &#8211; Foto alcaldia de Medell\u00edn<\/p><\/div>\n<p class=\"p1\">Tambi\u00e9n, se atendieron 24 situaciones de reclutamiento de menores por parte de\u00a0grupos armados ilegales, 42 amenazas a l\u00edderes sociales y 320 casos de personas\u00a0desaparecidas. En su totalidad han sido atendidas por la Alcald\u00eda de Medell\u00edn.<\/p>\n<p class=\"p1\"><i>\u201cLa ruta de l\u00edderes y defensores de derechos humanos ha sido muy importante,\u00a0<\/i><i>porque le garantizamos la vida; si lo hacemos es garantizar la democracia. <\/i><i>Sumado a esto tenemos la ruta de b\u00fasqueda de personas dadas por <\/i><i>desaparecidas\u201d<\/i><i>, <\/i>manifest\u00f3 el secretario de Paz y Derechos Humanos, Carlos\u00a0Arcila.<\/p>\n\n\t\t<style type=\"text\/css\">\n\t\t\t#gallery-1 {\n\t\t\t\tmargin: auto;\n\t\t\t}\n\t\t\t#gallery-1 .gallery-item {\n\t\t\t\tfloat: left;\n\t\t\t\tmargin-top: 10px;\n\t\t\t\ttext-align: center;\n\t\t\t\twidth: 50%;\n\t\t\t}\n\t\t\t#gallery-1 img {\n\t\t\t\tborder: 2px solid #cfcfcf;\n\t\t\t}\n\t\t\t#gallery-1 .gallery-caption {\n\t\t\t\tmargin-left: 0;\n\t\t\t}\n\t\t\t\/* see gallery_shortcode() in wp-includes\/media.php *\/\n\t\t<\/style>\n\t\t<div id='gallery-1' class='gallery galleryid-373675 gallery-columns-2 gallery-size-large'><dl class='gallery-item'>\n\t\t\t<dt class='gallery-icon landscape'>\n\t\t\t\t<a href='https:\/\/www.medellin.gov.co\/es\/sala-de-prensa\/noticias\/el-distrito-continua-fortaleciendo-las-rutas-de-prevencion-promocion-y-atencion-de-los-derechos-humanos\/rutas-de-prevencion-y-atencion-derechos-humanos-4\/'><img width=\"1024\" height=\"682\" src=\"https:\/\/www.medellin.gov.co\/es\/wp-content\/uploads\/2024\/12\/rutas-de-prevencion-y-atencion-derechos-humanos-4-1024x682.jpg\" class=\"attachment-large size-large\" alt=\"\" loading=\"lazy\" aria-describedby=\"gallery-1-373681\" srcset=\"https:\/\/www.medellin.gov.co\/es\/wp-content\/uploads\/2024\/12\/rutas-de-prevencion-y-atencion-derechos-humanos-4-1024x682.jpg 1024w, https:\/\/www.medellin.gov.co\/es\/wp-content\/uploads\/2024\/12\/rutas-de-prevencion-y-atencion-derechos-humanos-4-300x200.jpg 300w, https:\/\/www.medellin.gov.co\/es\/wp-content\/uploads\/2024\/12\/rutas-de-prevencion-y-atencion-derechos-humanos-4-150x100.jpg 150w, https:\/\/www.medellin.gov.co\/es\/wp-content\/uploads\/2024\/12\/rutas-de-prevencion-y-atencion-derechos-humanos-4-768x511.jpg 768w, https:\/\/www.medellin.gov.co\/es\/wp-content\/uploads\/2024\/12\/rutas-de-prevencion-y-atencion-derechos-humanos-4.jpg 1200w\" sizes=\"(max-width: 1024px) 100vw, 1024px\" \/><\/a>\n\t\t\t<\/dt>\n\t\t\t\t<dd class='wp-caption-text gallery-caption' id='gallery-1-373681'>\n\t\t\t\tEl Distrito contin\u00faa fortaleciendo las rutas de prevenci\u00f3n, promoci\u00f3n y atenci\u00f3n de los derechos humanos &#8211; Foto alcaldia de Medell\u00edn\n\t\t\t\t<\/dd><\/dl><dl class='gallery-item'>\n\t\t\t<dt class='gallery-icon landscape'>\n\t\t\t\t<a href='https:\/\/www.medellin.gov.co\/es\/sala-de-prensa\/noticias\/el-distrito-continua-fortaleciendo-las-rutas-de-prevencion-promocion-y-atencion-de-los-derechos-humanos\/rutas-de-prevencion-y-atencion-derechos-humanos-2\/'><img width=\"1024\" height=\"682\" src=\"https:\/\/www.medellin.gov.co\/es\/wp-content\/uploads\/2024\/12\/rutas-de-prevencion-y-atencion-derechos-humanos-2-1024x682.jpg\" class=\"attachment-large size-large\" alt=\"\" loading=\"lazy\" aria-describedby=\"gallery-1-373679\" srcset=\"https:\/\/www.medellin.gov.co\/es\/wp-content\/uploads\/2024\/12\/rutas-de-prevencion-y-atencion-derechos-humanos-2-1024x682.jpg 1024w, https:\/\/www.medellin.gov.co\/es\/wp-content\/uploads\/2024\/12\/rutas-de-prevencion-y-atencion-derechos-humanos-2-300x200.jpg 300w, https:\/\/www.medellin.gov.co\/es\/wp-content\/uploads\/2024\/12\/rutas-de-prevencion-y-atencion-derechos-humanos-2-150x100.jpg 150w, https:\/\/www.medellin.gov.co\/es\/wp-content\/uploads\/2024\/12\/rutas-de-prevencion-y-atencion-derechos-humanos-2-768x511.jpg 768w, https:\/\/www.medellin.gov.co\/es\/wp-content\/uploads\/2024\/12\/rutas-de-prevencion-y-atencion-derechos-humanos-2.jpg 1200w\" sizes=\"(max-width: 1024px) 100vw, 1024px\" \/><\/a>\n\t\t\t<\/dt>\n\t\t\t\t<dd class='wp-caption-text gallery-caption' id='gallery-1-373679'>\n\t\t\t\tEl Distrito contin\u00faa fortaleciendo las rutas de prevenci\u00f3n, promoci\u00f3n y atenci\u00f3n de los derechos humanos &#8211; Foto alcaldia de Medell\u00edn\n\t\t\t\t<\/dd><\/dl><br style=\"clear: both\" \/>\n\t\t<\/div>\n\n<p class=\"p1\">Esto es muy importante para garantizar la promoci\u00f3n y defensa de los derechos\u00a0humanos Conmemorar el D\u00eda Internacional de los Derechos Humanos. El Distrito\u00a0sensibiliz\u00f3 a 1.856 ni\u00f1as, ni\u00f1os, adolescentes y comunidad educativa mediante\u00a0encuentros para la prevenci\u00f3n del delito en los planteles y tuvo 10 escuelas de\u00a0padres que impactaron a 45 personas con espacios que propician la justicia<\/p>\n<p class=\"p1\">restaurativa.<\/p>\n","protected":false},"excerpt":{"rendered":"<p>Durante 2024, el Distrito ha efectuado labores psicosociales y jur\u00eddicas para\u00a0acompa\u00f1ar a los ciudadanos, lo que reafirma su compromiso con la defensa de\u00a0los derechos fundamentales. Las rutas abordaron 49 casos relacionados con\u00a0violencias sexuales y otros &#8230;<\/p>\n","protected":false},"author":84,"featured_media":373680,"comment_status":"open","ping_status":"open","sticky":false,"template":"","format":"standard","meta":[],"categories":[701],"tags":[437,451,453],"formato_nota":[],"programas_tax":[],"acf":[],"_links":{"self":[{"href":"https:\/\/www.medellin.gov.co\/es\/wp-json\/wp\/v2\/posts\/373675"}],"collection":[{"href":"https:\/\/www.medellin.gov.co\/es\/wp-json\/wp\/v2\/posts"}],"about":[{"href":"https:\/\/www.medellin.gov.co\/es\/wp-json\/wp\/v2\/types\/post"}],"author":[{"embeddable":true,"href":"https:\/\/www.medellin.gov.co\/es\/wp-json\/wp\/v2\/users\/84"}],"replies":[{"embeddable":true,"href":"https:\/\/www.medellin.gov.co\/es\/wp-json\/wp\/v2\/comments?post=373675"}],"version-history":[{"count":1,"href":"https:\/\/www.medellin.gov.co\/es\/wp-json\/wp\/v2\/posts\/373675\/revisions"}],"predecessor-version":[{"id":373684,"href":"https:\/\/www.medellin.gov.co\/es\/wp-json\/wp\/v2\/posts\/373675\/revisions\/373684"}],"wp:featuredmedia":[{"embeddable":true,"href":"https:\/\/www.medellin.gov.co\/es\/wp-json\/wp\/v2\/media\/373680"}],"wp:attachment":[{"href":"https:\/\/www.medellin.gov.co\/es\/wp-json\/wp\/v2\/media?parent=373675"}],"wp:term":[{"taxonomy":"category","embeddable":true,"href":"https:\/\/www.medellin.gov.co\/es\/wp-json\/wp\/v2\/categories?post=373675"},{"taxonomy":"post_tag","embeddable":true,"href":"https:\/\/www.medellin.gov.co\/es\/wp-json\/wp\/v2\/tags?post=373675"},{"taxonomy":"formato_nota","embeddable":true,"href":"https:\/\/www.medellin.gov.co\/es\/wp-json\/wp\/v2\/formato_nota?post=373675"},{"taxonomy":"programas_tax","embeddable":true,"href":"https:\/\/www.medellin.gov.co\/es\/wp-json\/wp\/v2\/programas_tax?post=373675"}],"curies":[{"name":"wp","href":"https:\/\/api.w.org\/{rel}","templated":true}]}}