{"id":373687,"date":"2024-12-10T16:22:51","date_gmt":"2024-12-10T21:22:51","guid":{"rendered":"https:\/\/www.medellin.gov.co\/es\/?p=373687"},"modified":"2024-12-10T16:22:51","modified_gmt":"2024-12-10T21:22:51","slug":"la-falta-de-cultura-de-unos-pocos-termina-afectando-la-tranquilidad-de-muchos-alcalde-federico-gutierrez-presento-balance-de-los-primeros-dias-de-diciembre","status":"publish","type":"post","link":"https:\/\/www.medellin.gov.co\/es\/sala-de-prensa\/noticias\/la-falta-de-cultura-de-unos-pocos-termina-afectando-la-tranquilidad-de-muchos-alcalde-federico-gutierrez-presento-balance-de-los-primeros-dias-de-diciembre\/","title":{"rendered":"\u201cLa falta de cultura de unos pocos, termina afectando la tranquilidad de muchos\u201d: alcalde Federico Guti\u00e9rrez present\u00f3 balance de los primeros d\u00edas de diciembre"},"content":{"rendered":"<ul>\n<li class=\"p1\"><b>Van 17 casos de lesionados por p\u00f3lvora y se han atendido 20 incendios, <\/b><b>de los cuales 10 fueron generados por globos de mecha.<\/b><\/li>\n<li class=\"p1\"><b>A la fecha, se ha incautado m\u00e1s de una tonelada de p\u00f3lvora y el 13 de <\/b><b>diciembre ser\u00e1 destruida.<\/b><\/li>\n<\/ul>\n<!--[if lt IE 9]><script>document.createElement('audio');<\/script><![endif]-->\n\t<div class=\"wp-playlist wp-audio-playlist wp-playlist-light\">\n\t\t\t<div class=\"wp-playlist-current-item\"><\/div>\n\t\t<audio controls=\"controls\" preload=\"none\" width=\"640\"\n\t\t\t><\/audio>\n\t<div class=\"wp-playlist-next\"><\/div>\n\t<div class=\"wp-playlist-prev\"><\/div>\n\t<noscript>\n\t<ol>\n\t\t<li><a href='https:\/\/www.medellin.gov.co\/es\/wp-content\/uploads\/2024\/12\/balabce-primeros-dias-diciembre-2024-01.mp3'>Palabras de Federico Guti\u00e9rrez Zuluaga, alcalde de Medell\u00edn (Intervenci\u00f3n 1)<\/a><\/li><li><a href='https:\/\/www.medellin.gov.co\/es\/wp-content\/uploads\/2024\/12\/balabce-primeros-dias-diciembre-2024-02.mp3'>Palabras de Federico Guti\u00e9rrez Zuluaga, alcalde de Medell\u00edn (Intervenci\u00f3n 2)<\/a><\/li><li><a href='https:\/\/www.medellin.gov.co\/es\/wp-content\/uploads\/2024\/12\/balabce-primeros-dias-diciembre-2024-03.mp3'>Palabras de Federico Guti\u00e9rrez Zuluaga, alcalde de Medell\u00edn (Intervenci\u00f3n 3)<\/a><\/li><li><a href='https:\/\/www.medellin.gov.co\/es\/wp-content\/uploads\/2024\/12\/balabce-primeros-dias-diciembre-2024-04.mp3'>Palabras de Federico Guti\u00e9rrez Zuluaga, alcalde de Medell\u00edn (Intervenci\u00f3n 4)<\/a><\/li><li><a href='https:\/\/www.medellin.gov.co\/es\/wp-content\/uploads\/2024\/12\/balabce-primeros-dias-diciembre-2024-05.mp3'>Palabras de Federico Guti\u00e9rrez Zuluaga, alcalde de Medell\u00edn (Intervenci\u00f3n 5)<\/a><\/li><li><a href='https:\/\/www.medellin.gov.co\/es\/wp-content\/uploads\/2024\/12\/balabce-primeros-dias-diciembre-2024-06.mp3'>Palabras de Federico Guti\u00e9rrez Zuluaga, alcalde de Medell\u00edn (Intervenci\u00f3n 6)<\/a><\/li><li><a href='https:\/\/www.medellin.gov.co\/es\/wp-content\/uploads\/2024\/12\/balabce-primeros-dias-diciembre-2024-07.mp3'>Palabras de Federico Guti\u00e9rrez Zuluaga, alcalde de Medell\u00edn (Intervenci\u00f3n 7)<\/a><\/li>\t<\/ol>\n\t<\/noscript>\n\t<script type=\"application\/json\" class=\"wp-playlist-script\">{\"type\":\"audio\",\"tracklist\":true,\"tracknumbers\":true,\"images\":true,\"artists\":true,\"tracks\":[{\"src\":\"https:\\\/\\\/www.medellin.gov.co\\\/es\\\/wp-content\\\/uploads\\\/2024\\\/12\\\/balabce-primeros-dias-diciembre-2024-01.mp3\",\"type\":\"audio\\\/mpeg\",\"title\":\"Palabras de Federico Guti\\u00e9rrez Zuluaga, alcalde de Medell\\u00edn (Intervenci\\u00f3n 1)\",\"caption\":\"\",\"description\":\"\\u00abPalabras de Federico Guti\\u00e9rrez Zuluaga, alcalde de Medell\\u00edn (Intervenci\\u00f3n 1)\\u00bb.\",\"meta\":{\"length_formatted\":\"5:22\"},\"image\":{\"src\":\"https:\\\/\\\/www.medellin.gov.co\\\/es\\\/wp-includes\\\/images\\\/media\\\/audio.png\",\"width\":48,\"height\":64},\"thumb\":{\"src\":\"https:\\\/\\\/www.medellin.gov.co\\\/es\\\/wp-includes\\\/images\\\/media\\\/audio.png\",\"width\":48,\"height\":64}},{\"src\":\"https:\\\/\\\/www.medellin.gov.co\\\/es\\\/wp-content\\\/uploads\\\/2024\\\/12\\\/balabce-primeros-dias-diciembre-2024-02.mp3\",\"type\":\"audio\\\/mpeg\",\"title\":\"Palabras de Federico Guti\\u00e9rrez Zuluaga, alcalde de Medell\\u00edn (Intervenci\\u00f3n 2)\",\"caption\":\"\",\"description\":\"\\u00abPalabras de Federico Guti\\u00e9rrez Zuluaga, alcalde de Medell\\u00edn (Intervenci\\u00f3n 2)\\u00bb.\",\"meta\":{\"length_formatted\":\"2:57\"},\"image\":{\"src\":\"https:\\\/\\\/www.medellin.gov.co\\\/es\\\/wp-includes\\\/images\\\/media\\\/audio.png\",\"width\":48,\"height\":64},\"thumb\":{\"src\":\"https:\\\/\\\/www.medellin.gov.co\\\/es\\\/wp-includes\\\/images\\\/media\\\/audio.png\",\"width\":48,\"height\":64}},{\"src\":\"https:\\\/\\\/www.medellin.gov.co\\\/es\\\/wp-content\\\/uploads\\\/2024\\\/12\\\/balabce-primeros-dias-diciembre-2024-03.mp3\",\"type\":\"audio\\\/mpeg\",\"title\":\"Palabras de Federico Guti\\u00e9rrez Zuluaga, alcalde de Medell\\u00edn (Intervenci\\u00f3n 3)\",\"caption\":\"\",\"description\":\"\\u00abPalabras de Federico Guti\\u00e9rrez Zuluaga, alcalde de Medell\\u00edn (Intervenci\\u00f3n 3)\\u00bb.\",\"meta\":{\"length_formatted\":\"1:22\"},\"image\":{\"src\":\"https:\\\/\\\/www.medellin.gov.co\\\/es\\\/wp-includes\\\/images\\\/media\\\/audio.png\",\"width\":48,\"height\":64},\"thumb\":{\"src\":\"https:\\\/\\\/www.medellin.gov.co\\\/es\\\/wp-includes\\\/images\\\/media\\\/audio.png\",\"width\":48,\"height\":64}},{\"src\":\"https:\\\/\\\/www.medellin.gov.co\\\/es\\\/wp-content\\\/uploads\\\/2024\\\/12\\\/balabce-primeros-dias-diciembre-2024-04.mp3\",\"type\":\"audio\\\/mpeg\",\"title\":\"Palabras de Federico Guti\\u00e9rrez Zuluaga, alcalde de Medell\\u00edn (Intervenci\\u00f3n 4)\",\"caption\":\"\",\"description\":\"\\u00abPalabras de Federico Guti\\u00e9rrez Zuluaga, alcalde de Medell\\u00edn (Intervenci\\u00f3n 4)\\u00bb.\",\"meta\":{\"length_formatted\":\"0:56\"},\"image\":{\"src\":\"https:\\\/\\\/www.medellin.gov.co\\\/es\\\/wp-includes\\\/images\\\/media\\\/audio.png\",\"width\":48,\"height\":64},\"thumb\":{\"src\":\"https:\\\/\\\/www.medellin.gov.co\\\/es\\\/wp-includes\\\/images\\\/media\\\/audio.png\",\"width\":48,\"height\":64}},{\"src\":\"https:\\\/\\\/www.medellin.gov.co\\\/es\\\/wp-content\\\/uploads\\\/2024\\\/12\\\/balabce-primeros-dias-diciembre-2024-05.mp3\",\"type\":\"audio\\\/mpeg\",\"title\":\"Palabras de Federico Guti\\u00e9rrez Zuluaga, alcalde de Medell\\u00edn (Intervenci\\u00f3n 5)\",\"caption\":\"\",\"description\":\"\\u00abPalabras de Federico Guti\\u00e9rrez Zuluaga, alcalde de Medell\\u00edn (Intervenci\\u00f3n 5)\\u00bb.\",\"meta\":{\"length_formatted\":\"3:40\"},\"image\":{\"src\":\"https:\\\/\\\/www.medellin.gov.co\\\/es\\\/wp-includes\\\/images\\\/media\\\/audio.png\",\"width\":48,\"height\":64},\"thumb\":{\"src\":\"https:\\\/\\\/www.medellin.gov.co\\\/es\\\/wp-includes\\\/images\\\/media\\\/audio.png\",\"width\":48,\"height\":64}},{\"src\":\"https:\\\/\\\/www.medellin.gov.co\\\/es\\\/wp-content\\\/uploads\\\/2024\\\/12\\\/balabce-primeros-dias-diciembre-2024-06.mp3\",\"type\":\"audio\\\/mpeg\",\"title\":\"Palabras de Federico Guti\\u00e9rrez Zuluaga, alcalde de Medell\\u00edn (Intervenci\\u00f3n 6)\",\"caption\":\"\",\"description\":\"\\u00abPalabras de Federico Guti\\u00e9rrez Zuluaga, alcalde de Medell\\u00edn (Intervenci\\u00f3n 6)\\u00bb.\",\"meta\":{\"length_formatted\":\"0:53\"},\"image\":{\"src\":\"https:\\\/\\\/www.medellin.gov.co\\\/es\\\/wp-includes\\\/images\\\/media\\\/audio.png\",\"width\":48,\"height\":64},\"thumb\":{\"src\":\"https:\\\/\\\/www.medellin.gov.co\\\/es\\\/wp-includes\\\/images\\\/media\\\/audio.png\",\"width\":48,\"height\":64}},{\"src\":\"https:\\\/\\\/www.medellin.gov.co\\\/es\\\/wp-content\\\/uploads\\\/2024\\\/12\\\/balabce-primeros-dias-diciembre-2024-07.mp3\",\"type\":\"audio\\\/mpeg\",\"title\":\"Palabras de Federico Guti\\u00e9rrez Zuluaga, alcalde de Medell\\u00edn (Intervenci\\u00f3n 7)\",\"caption\":\"\",\"description\":\"\\u00abPalabras de Federico Guti\\u00e9rrez Zuluaga, alcalde de Medell\\u00edn (Intervenci\\u00f3n 7)\\u00bb.\",\"meta\":{\"length_formatted\":\"1:53\"},\"image\":{\"src\":\"https:\\\/\\\/www.medellin.gov.co\\\/es\\\/wp-includes\\\/images\\\/media\\\/audio.png\",\"width\":48,\"height\":64},\"thumb\":{\"src\":\"https:\\\/\\\/www.medellin.gov.co\\\/es\\\/wp-includes\\\/images\\\/media\\\/audio.png\",\"width\":48,\"height\":64}}]}<\/script>\n<\/div>\n\t\n<p class=\"p1\">Con un llamado a la cultura ciudadana y a vivir una Navidad feliz y sin p\u00f3lvora, el\u00a0alcalde Federico Guti\u00e9rrez Zuluaga present\u00f3 un reporte de las consecuencias\u00a0que deja hasta la fecha el uso de material pirot\u00e9cnico y de globos de mecha en\u00a0la ciudad.<\/p>\n<p class=\"p1\"><i>\u201cYo los invito a que vivamos una Navidad feliz. De nosotros depende cuidar\u00a0<\/i><i>especialmente a nuestras ni\u00f1as y ni\u00f1os. Duele ver cada quemado. Hoy tenemos\u00a0<\/i><i>en ocupaci\u00f3n de urgencias el 100 % por todos los temas, pero vemos que el de\u00a0<\/i><i>quemados va aumentando y llenando esa capacidad. Y en urgencias pedi\u00e1tricas\u00a0<\/i><i>estamos al 60 % o 70 %. Vamos a cuidarnos m\u00e1s y a pedirle a la comunidad que\u00a0<\/i><i>haga una reflexi\u00f3n de c\u00f3mo queremos pasar esta Navidad\u201d,<\/i> expres\u00f3 el alcalde\u00a0Federico Guti\u00e9rrez Zuluaga.<\/p>\n<p class=\"p1\">A hoy, 10 de diciembre, se presentan 17 casos de lesionados por p\u00f3lvora en\u00a0Medell\u00edn, 14 de ellos (82 %) han recibido atenci\u00f3n ambulatoria, mientras que 3\u00a0(18 %) han necesitado atenci\u00f3n hospitalaria. De los lesionados a hoy, 9 se\u00a0quemaron en calidad de observadores, 3 mientras manipulaban p\u00f3lvora y 5\u00a0desarrollaban alguna otra actividad.<\/p>\n<p class=\"p1\">En comparaci\u00f3n con 2023, esto representa un incremento de 13 %, pues para la\u00a0misma fecha del a\u00f1o pasado se presentaron 15. Los afectados son 12 hombres\u00a0(71 %) y 5 mujeres (29 %). Por edades hay un menor en el rango de 6 a 11\u00a0a\u00f1os, 6 personas entre los 12 y 17 a\u00f1os y 10 mayores de edad.<\/p>\n<p class=\"p1\">Los casos se han presentado en 9 comunas y 1 corregimiento. Entre las\u00a0comunas est\u00e1n Buenos Aires, Robledo, Laureles, Guayabal, Manrique, Aranjuez,\u00a0Villa Hermosa, San Javier y El Poblado. En la zona rural est\u00e1 San Antonio de\u00a0Prado.<\/p>\n<p class=\"p1\">Hasta el momento, se han registrado dos casos de amputaciones. El primero en\u00a0un menor de 13 a\u00f1os, lesionado por papeleta, el 2 de diciembre en San Antonio\u00a0de Prado, y el segundo hecho el 8 de diciembre en Aranjuez, en un joven de 17\u00a0a\u00f1os.<\/p>\n<div id=\"attachment_373734\" style=\"width: 1210px\" class=\"wp-caption aligncenter\"><a href=\"https:\/\/www.medellin.gov.co\/es\/wp-content\/uploads\/2024\/12\/balabce-primeros-dias-diciembre-2024-2.jpg\" target=\"_blank\" rel=\"noopener\"><img aria-describedby=\"caption-attachment-373734\" loading=\"lazy\" class=\"wp-image-373734 size-full\" title=\"\u201cLa falta de cultura de unos pocos, termina afectando la tranquilidad de muchos\u201d: alcalde Federico Guti\u00e9rrez present\u00f3 balance de los primeros d\u00edas de diciembre\" src=\"https:\/\/www.medellin.gov.co\/es\/wp-content\/uploads\/2024\/12\/balabce-primeros-dias-diciembre-2024-2.jpg\" alt=\"\" width=\"1200\" height=\"802\" srcset=\"https:\/\/www.medellin.gov.co\/es\/wp-content\/uploads\/2024\/12\/balabce-primeros-dias-diciembre-2024-2.jpg 1200w, https:\/\/www.medellin.gov.co\/es\/wp-content\/uploads\/2024\/12\/balabce-primeros-dias-diciembre-2024-2-300x201.jpg 300w, https:\/\/www.medellin.gov.co\/es\/wp-content\/uploads\/2024\/12\/balabce-primeros-dias-diciembre-2024-2-1024x684.jpg 1024w, https:\/\/www.medellin.gov.co\/es\/wp-content\/uploads\/2024\/12\/balabce-primeros-dias-diciembre-2024-2-150x100.jpg 150w, https:\/\/www.medellin.gov.co\/es\/wp-content\/uploads\/2024\/12\/balabce-primeros-dias-diciembre-2024-2-768x513.jpg 768w\" sizes=\"(max-width: 1200px) 100vw, 1200px\" \/><\/a><p id=\"caption-attachment-373734\" class=\"wp-caption-text\">\u201cLa falta de cultura de unos pocos, termina afectando la tranquilidad de muchos\u201d: alcalde Federico Guti\u00e9rrez present\u00f3 balance de los primeros d\u00edas de diciembre &#8211; Foto alcald\u00eda de Medell\u00edn<\/p><\/div>\n<p class=\"p1\"><i>\u201cLa falta de cultura de unos pocos, termina afectando la tranquilidad de muchos.\u00a0<\/i><i>Esto depende de todos. Se hacen operativos de control, se hacen incautaciones\u00a0<\/i><i>de p\u00f3lvora, se hacen las recomendaciones, pero esto depende mucho de que\u00a0<\/i><i>tengamos cultura ciudadana. De las 17 personas quemadas por p\u00f3lvora, solo el\u00a0<\/i><i>30 % eran personas que la estaban manipulando y el resto, el 70 %, estaban ah\u00ed\u00a0<\/i><i>cerca y nada ten\u00edan que ver con la fiesta\u201d, <\/i>dijo el alcalde de Medell\u00edn.<\/p>\n<p class=\"p1\"><b>Eventualidades<\/b><\/p>\n<p class=\"p1\">En lo que va de diciembre, el DAGRD, por medio del Cuerpo Oficial de\u00a0Bomberos Medell\u00edn, ha atendido 20 incendios, de los cuales 10 fueron\u00a0generados por globos de mecha, 5 por p\u00f3lvora y 5 por velas.<\/p>\n<p class=\"p1\"><i>\u201cYo quiero pedirle a la ciudadan\u00eda que seamos conscientes, que tirar un globo es\u00a0<\/i><i>casi un tiro al aire. Usted no sabe d\u00f3nde cae y genera incendios y puede haber\u00a0<\/i><i>p\u00e9rdida de vidas humanas. Ya hay grandes p\u00e9rdidas materiales y tambi\u00e9n de\u00a0<\/i><i>\u00e1reas de bosque\u201d,<\/i> se\u00f1al\u00f3 el mandatario local.<\/p>\n<p class=\"p1\">Las comunas con m\u00e1s incidencia en estas eventualidades son Manrique, San\u00a0Javier, Bel\u00e9n, Aranjuez, Robledo, El Poblado, Doce de Octubre, San Crist\u00f3bal,\u00a0Villa Hermosa, La Candelaria y La Am\u00e9rica.<\/p>\n<p class=\"p1\">Este a\u00f1o, los hechos han dejado como consecuencias dos felinos lesionados\u00a0que se encontraban en una habitaci\u00f3n a la que ingres\u00f3 un volador y gener\u00f3 un\u00a0incendio; 280 metros cuadrados quemados de zonas verdes por p\u00f3lvora y\u00a0globos. En cuanto a estructuras afectadas hay 3 empresas de reciclaje, 9\u00a0viviendas y 4 locales comerciales debido a globos que cayeron en los techos. A\u00a0la fecha, se ha incautado m\u00e1s de una tonelada de p\u00f3lvora, con respecto a los\u00a0428 kilogramos de igual periodo del a\u00f1o pasado.<\/p>\n","protected":false},"excerpt":{"rendered":"<p>Van 17 casos de lesionados por p\u00f3lvora y se han atendido 20 incendios, de los cuales 10 fueron generados por globos de mecha. A la fecha, se ha incautado m\u00e1s de una tonelada de p\u00f3lvora &#8230;<\/p>\n","protected":false},"author":84,"featured_media":373729,"comment_status":"open","ping_status":"open","sticky":false,"template":"","format":"standard","meta":[],"categories":[17],"tags":[437,453,455],"formato_nota":[],"programas_tax":[],"acf":[],"_links":{"self":[{"href":"https:\/\/www.medellin.gov.co\/es\/wp-json\/wp\/v2\/posts\/373687"}],"collection":[{"href":"https:\/\/www.medellin.gov.co\/es\/wp-json\/wp\/v2\/posts"}],"about":[{"href":"https:\/\/www.medellin.gov.co\/es\/wp-json\/wp\/v2\/types\/post"}],"author":[{"embeddable":true,"href":"https:\/\/www.medellin.gov.co\/es\/wp-json\/wp\/v2\/users\/84"}],"replies":[{"embeddable":true,"href":"https:\/\/www.medellin.gov.co\/es\/wp-json\/wp\/v2\/comments?post=373687"}],"version-history":[{"count":1,"href":"https:\/\/www.medellin.gov.co\/es\/wp-json\/wp\/v2\/posts\/373687\/revisions"}],"predecessor-version":[{"id":373915,"href":"https:\/\/www.medellin.gov.co\/es\/wp-json\/wp\/v2\/posts\/373687\/revisions\/373915"}],"wp:featuredmedia":[{"embeddable":true,"href":"https:\/\/www.medellin.gov.co\/es\/wp-json\/wp\/v2\/media\/373729"}],"wp:attachment":[{"href":"https:\/\/www.medellin.gov.co\/es\/wp-json\/wp\/v2\/media?parent=373687"}],"wp:term":[{"taxonomy":"category","embeddable":true,"href":"https:\/\/www.medellin.gov.co\/es\/wp-json\/wp\/v2\/categories?post=373687"},{"taxonomy":"post_tag","embeddable":true,"href":"https:\/\/www.medellin.gov.co\/es\/wp-json\/wp\/v2\/tags?post=373687"},{"taxonomy":"formato_nota","embeddable":true,"href":"https:\/\/www.medellin.gov.co\/es\/wp-json\/wp\/v2\/formato_nota?post=373687"},{"taxonomy":"programas_tax","embeddable":true,"href":"https:\/\/www.medellin.gov.co\/es\/wp-json\/wp\/v2\/programas_tax?post=373687"}],"curies":[{"name":"wp","href":"https:\/\/api.w.org\/{rel}","templated":true}]}}