{"id":373964,"date":"2024-12-10T23:25:13","date_gmt":"2024-12-11T04:25:13","guid":{"rendered":"https:\/\/www.medellin.gov.co\/es\/?p=373964"},"modified":"2024-12-10T23:25:13","modified_gmt":"2024-12-11T04:25:13","slug":"por-primera-vez-el-distrito-y-ruta-n-hacen-inversion-por-5-000-millones-en-fondo-para-fortalecer-el-capital-emprendedor","status":"publish","type":"post","link":"https:\/\/www.medellin.gov.co\/es\/sala-de-prensa\/noticias\/por-primera-vez-el-distrito-y-ruta-n-hacen-inversion-por-5-000-millones-en-fondo-para-fortalecer-el-capital-emprendedor\/","title":{"rendered":"Por primera vez, el Distrito y Ruta N hacen inversi\u00f3n por $5.000 millones en fondo para fortalecer el capital emprendedor"},"content":{"rendered":"<ul>\n<li class=\"p1\"><b>Con esta estrategia, Medell\u00edn es l\u00edder como inversionista ancla en Colombia, <\/b><b>potenciando oportunidades para emprendedores y fortaleciendo el\u00a0<\/b><b>ecosistema Venture Capital<\/b><b><i> <\/i><\/b><b>(capital de riesgo).<\/b><\/li>\n<\/ul>\n<!--[if lt IE 9]><script>document.createElement('audio');<\/script><![endif]-->\n\t<div class=\"wp-playlist wp-audio-playlist wp-playlist-light\">\n\t\t\t<div class=\"wp-playlist-current-item\"><\/div>\n\t\t<audio controls=\"controls\" preload=\"none\" width=\"640\"\n\t\t\t><\/audio>\n\t<div class=\"wp-playlist-next\"><\/div>\n\t<div class=\"wp-playlist-prev\"><\/div>\n\t<noscript>\n\t<ol>\n\t\t<li><a href='https:\/\/www.medellin.gov.co\/es\/wp-content\/uploads\/2024\/12\/distrito-y-ruta-n-inversion-capital-emprendedor-01.mp3'>Palabras de Santiago Henao, director de Desarrollo de Negocios CTI Ruta N<\/a><\/li>\t<\/ol>\n\t<\/noscript>\n\t<script type=\"application\/json\" class=\"wp-playlist-script\">{\"type\":\"audio\",\"tracklist\":true,\"tracknumbers\":true,\"images\":true,\"artists\":true,\"tracks\":[{\"src\":\"https:\\\/\\\/www.medellin.gov.co\\\/es\\\/wp-content\\\/uploads\\\/2024\\\/12\\\/distrito-y-ruta-n-inversion-capital-emprendedor-01.mp3\",\"type\":\"audio\\\/mpeg\",\"title\":\"Palabras de Santiago Henao, director de Desarrollo de Negocios CTI Ruta N\",\"caption\":\"\",\"description\":\"\\u00abPalabras de Santiago Henao, director de Desarrollo de Negocios CTI Ruta N\\u00bb.\",\"meta\":{\"length_formatted\":\"1:38\"},\"image\":{\"src\":\"https:\\\/\\\/www.medellin.gov.co\\\/es\\\/wp-includes\\\/images\\\/media\\\/audio.png\",\"width\":48,\"height\":64},\"thumb\":{\"src\":\"https:\\\/\\\/www.medellin.gov.co\\\/es\\\/wp-includes\\\/images\\\/media\\\/audio.png\",\"width\":48,\"height\":64}}]}<\/script>\n<\/div>\n\t\n<p class=\"p1\">La Alcald\u00eda de Medell\u00edn y Ruta N con su proyecto Distrito Venture Capital\u00a0realizaron la primera inversi\u00f3n por $5.000 millones bajo el programa de capital de\u00a0riesgo para fortalecer capacidades de todo el ecosistema emprendedor de ciencia,\u00a0tecnolog\u00eda e innovaci\u00f3n.<\/p>\n<div id=\"attachment_373971\" style=\"width: 1210px\" class=\"wp-caption aligncenter\"><a href=\"https:\/\/www.medellin.gov.co\/es\/wp-content\/uploads\/2024\/12\/distrito-y-ruta-n-inversion-capital-emprendedor-3.jpg\" target=\"_blank\" rel=\"noopener\"><img aria-describedby=\"caption-attachment-373971\" loading=\"lazy\" class=\"wp-image-373971 size-full\" title=\"Por primera vez, el Distrito y Ruta N hacen inversi\u00f3n por $5.000 millones en fondo para fortalecer el capital emprendedor\" src=\"https:\/\/www.medellin.gov.co\/es\/wp-content\/uploads\/2024\/12\/distrito-y-ruta-n-inversion-capital-emprendedor-3.jpg\" alt=\"\" width=\"1200\" height=\"799\" srcset=\"https:\/\/www.medellin.gov.co\/es\/wp-content\/uploads\/2024\/12\/distrito-y-ruta-n-inversion-capital-emprendedor-3.jpg 1200w, https:\/\/www.medellin.gov.co\/es\/wp-content\/uploads\/2024\/12\/distrito-y-ruta-n-inversion-capital-emprendedor-3-300x200.jpg 300w, https:\/\/www.medellin.gov.co\/es\/wp-content\/uploads\/2024\/12\/distrito-y-ruta-n-inversion-capital-emprendedor-3-1024x682.jpg 1024w, https:\/\/www.medellin.gov.co\/es\/wp-content\/uploads\/2024\/12\/distrito-y-ruta-n-inversion-capital-emprendedor-3-150x100.jpg 150w, https:\/\/www.medellin.gov.co\/es\/wp-content\/uploads\/2024\/12\/distrito-y-ruta-n-inversion-capital-emprendedor-3-768x511.jpg 768w\" sizes=\"(max-width: 1200px) 100vw, 1200px\" \/><\/a><p id=\"caption-attachment-373971\" class=\"wp-caption-text\">Por primera vez, el Distrito y Ruta N hacen inversi\u00f3n por $5.000 millones en fondo para fortalecer el capital emprendedor &#8211; Foto alcaldia de Medell\u00edn<\/p><\/div>\n<p class=\"p1\">Esta inversi\u00f3n se realiz\u00f3 con MicroVC (Venture Capital) de Bancoldex, uno de los\u00a0aliados nacionales con el que se multiplica el impacto y que consiste en un fondo\u00a0de capital de alto riesgo que ya dispone de $50.000 millones. Esto posiciona al\u00a0Distrito Especial de Ciencia, Tecnolog\u00eda e Innovaci\u00f3n de Medell\u00edn como un\u00a0inversionista ancla, fortaleciendo capacidades locales y dinamizando el\u00a0ecosistema.<\/p>\n<p class=\"p1\"><i>\u201cDe esta forma, convertimos a Medell\u00edn en una ciudad que invierte, que\u00a0<\/i><i>desbloquea capital emprendedor, que genera confianza a nivel local e\u00a0<\/i><i>internacional y que, finalmente, llama a m\u00e1s actores a que con esta confianza\u00a0<\/i><i>sigan invirtiendo en el talento local, y que se desarrolle econ\u00f3micamente y\u00a0<\/i><i>socialmente una ciudad emprendedora\u201d,<\/i> expres\u00f3 el director de Desarrollo de\u00a0Negocios CTI Ruta N, Santiago Henao.<\/p>\n<p class=\"p1\">A partir de 2025, esta inversi\u00f3n ser\u00e1 gestionada por cuatro equipos colombianos,\u00a0que impulsar\u00e1n entre 15 y 30 startups tecnol\u00f3gicas en etapas de presemilla y\u00a0semilla, aline\u00e1ndose con sus respectivas tesis de inversi\u00f3n.<\/p>\n<div id=\"attachment_373970\" style=\"width: 1210px\" class=\"wp-caption aligncenter\"><a href=\"https:\/\/www.medellin.gov.co\/es\/wp-content\/uploads\/2024\/12\/distrito-y-ruta-n-inversion-capital-emprendedor-2.jpg\" target=\"_blank\" rel=\"noopener\"><img aria-describedby=\"caption-attachment-373970\" loading=\"lazy\" class=\"wp-image-373970 size-full\" title=\"Por primera vez, el Distrito y Ruta N hacen inversi\u00f3n por $5.000 millones en fondo para fortalecer el capital emprendedor\" src=\"https:\/\/www.medellin.gov.co\/es\/wp-content\/uploads\/2024\/12\/distrito-y-ruta-n-inversion-capital-emprendedor-2.jpg\" alt=\"\" width=\"1200\" height=\"799\" srcset=\"https:\/\/www.medellin.gov.co\/es\/wp-content\/uploads\/2024\/12\/distrito-y-ruta-n-inversion-capital-emprendedor-2.jpg 1200w, https:\/\/www.medellin.gov.co\/es\/wp-content\/uploads\/2024\/12\/distrito-y-ruta-n-inversion-capital-emprendedor-2-300x200.jpg 300w, https:\/\/www.medellin.gov.co\/es\/wp-content\/uploads\/2024\/12\/distrito-y-ruta-n-inversion-capital-emprendedor-2-1024x682.jpg 1024w, https:\/\/www.medellin.gov.co\/es\/wp-content\/uploads\/2024\/12\/distrito-y-ruta-n-inversion-capital-emprendedor-2-150x100.jpg 150w, https:\/\/www.medellin.gov.co\/es\/wp-content\/uploads\/2024\/12\/distrito-y-ruta-n-inversion-capital-emprendedor-2-768x511.jpg 768w\" sizes=\"(max-width: 1200px) 100vw, 1200px\" \/><\/a><p id=\"caption-attachment-373970\" class=\"wp-caption-text\">Por primera vez, el Distrito y Ruta N hacen inversi\u00f3n por $5.000 millones en fondo para fortalecer el capital emprendedor &#8211; Foto alcald\u00eda de Medell\u00edn<\/p><\/div>\n<p class=\"p1\">La estrategia hace parte del programa Distrito Venture Capital, liderada por la\u00a0Administraci\u00f3n Distrital y Ruta N, y respaldada por el Comit\u00e9 Universidad Empresa\u00a0Estado -CUEE Antioquia y la ACI Medell\u00edn, y genera confianza en el ecosistema\u00a0local e internacional. Con esta iniciativa, se busca generar un impacto de hasta 10\u00a0veces el capital invertido, promoviendo el desarrollo econ\u00f3mico y social de la\u00a0regi\u00f3n.<\/p>\n<p class=\"p1\">Con este veh\u00edculo financiero, que moviliza recursos hacia la industria de fondos\u00a0de capital en Colombia y Latinoam\u00e9rica, Medell\u00edn fomenta mecanismos\u00a0alternativos y refuerza su posici\u00f3n como una ciudad que apuesta\u00a0estrat\u00e9gicamente por el capital emprendedor, construyendo un activo rentable que\u00a0desbloquea oportunidades y consolida el ecosistema local de Venture Capital.<\/p>\n","protected":false},"excerpt":{"rendered":"<p>Con esta estrategia, Medell\u00edn es l\u00edder como inversionista ancla en Colombia, potenciando oportunidades para emprendedores y fortaleciendo el\u00a0ecosistema Venture Capital (capital de riesgo). La Alcald\u00eda de Medell\u00edn y Ruta N con su proyecto Distrito Venture &#8230;<\/p>\n","protected":false},"author":84,"featured_media":373966,"comment_status":"open","ping_status":"open","sticky":false,"template":"","format":"standard","meta":[],"categories":[17],"tags":[453,434,450],"formato_nota":[],"programas_tax":[],"acf":[],"_links":{"self":[{"href":"https:\/\/www.medellin.gov.co\/es\/wp-json\/wp\/v2\/posts\/373964"}],"collection":[{"href":"https:\/\/www.medellin.gov.co\/es\/wp-json\/wp\/v2\/posts"}],"about":[{"href":"https:\/\/www.medellin.gov.co\/es\/wp-json\/wp\/v2\/types\/post"}],"author":[{"embeddable":true,"href":"https:\/\/www.medellin.gov.co\/es\/wp-json\/wp\/v2\/users\/84"}],"replies":[{"embeddable":true,"href":"https:\/\/www.medellin.gov.co\/es\/wp-json\/wp\/v2\/comments?post=373964"}],"version-history":[{"count":1,"href":"https:\/\/www.medellin.gov.co\/es\/wp-json\/wp\/v2\/posts\/373964\/revisions"}],"predecessor-version":[{"id":373972,"href":"https:\/\/www.medellin.gov.co\/es\/wp-json\/wp\/v2\/posts\/373964\/revisions\/373972"}],"wp:featuredmedia":[{"embeddable":true,"href":"https:\/\/www.medellin.gov.co\/es\/wp-json\/wp\/v2\/media\/373966"}],"wp:attachment":[{"href":"https:\/\/www.medellin.gov.co\/es\/wp-json\/wp\/v2\/media?parent=373964"}],"wp:term":[{"taxonomy":"category","embeddable":true,"href":"https:\/\/www.medellin.gov.co\/es\/wp-json\/wp\/v2\/categories?post=373964"},{"taxonomy":"post_tag","embeddable":true,"href":"https:\/\/www.medellin.gov.co\/es\/wp-json\/wp\/v2\/tags?post=373964"},{"taxonomy":"formato_nota","embeddable":true,"href":"https:\/\/www.medellin.gov.co\/es\/wp-json\/wp\/v2\/formato_nota?post=373964"},{"taxonomy":"programas_tax","embeddable":true,"href":"https:\/\/www.medellin.gov.co\/es\/wp-json\/wp\/v2\/programas_tax?post=373964"}],"curies":[{"name":"wp","href":"https:\/\/api.w.org\/{rel}","templated":true}]}}