{"id":374034,"date":"2024-12-11T11:26:56","date_gmt":"2024-12-11T16:26:56","guid":{"rendered":"https:\/\/www.medellin.gov.co\/es\/?p=374034"},"modified":"2024-12-11T11:26:56","modified_gmt":"2024-12-11T16:26:56","slug":"la-alcaldia-de-medellin-premio-a-los-mejores-60-emprendedores-de-base-tecnologica-con-recursos-de-capital-semilla","status":"publish","type":"post","link":"https:\/\/www.medellin.gov.co\/es\/sala-de-prensa\/noticias\/la-alcaldia-de-medellin-premio-a-los-mejores-60-emprendedores-de-base-tecnologica-con-recursos-de-capital-semilla\/","title":{"rendered":"La Alcald\u00eda de Medell\u00edn premi\u00f3 a los mejores 60 emprendedores de base tecnol\u00f3gica con recursos de Capital Semilla"},"content":{"rendered":"<ul>\n<li class=\"p1\"><b>Las iniciativas recibir\u00e1n $10 millones en bienes y servicios cada una.<\/b><\/li>\n<li class=\"p1\"><b>Capital Semilla hace parte de la Ruta del Emprendimiento, programa <\/b><b>bandera que registr\u00f3 1.080 ideas de negocio en su edici\u00f3n de 2024.<\/b><\/li>\n<\/ul>\n<!--[if lt IE 9]><script>document.createElement('audio');<\/script><![endif]-->\n\t<div class=\"wp-playlist wp-audio-playlist wp-playlist-light\">\n\t\t\t<div class=\"wp-playlist-current-item\"><\/div>\n\t\t<audio controls=\"controls\" preload=\"none\" width=\"640\"\n\t\t\t><\/audio>\n\t<div class=\"wp-playlist-next\"><\/div>\n\t<div class=\"wp-playlist-prev\"><\/div>\n\t<noscript>\n\t<ol>\n\t\t<li><a href='https:\/\/www.medellin.gov.co\/es\/wp-content\/uploads\/2024\/12\/capital-semilla-premia-emprendedores-01.mp3'>Palabras de Federico Guti\u00e9rrez Zuluaga, alcalde de Medell\u00edn<\/a><\/li><li><a href='https:\/\/www.medellin.gov.co\/es\/wp-content\/uploads\/2024\/12\/capital-semilla-premia-emprendedores-02.mp3'>Palabras de Juan Daniel Barba Mart\u00ednez, socio fundador de BeerKom, ganadores de Capital Semilla<\/a><\/li>\t<\/ol>\n\t<\/noscript>\n\t<script type=\"application\/json\" class=\"wp-playlist-script\">{\"type\":\"audio\",\"tracklist\":true,\"tracknumbers\":true,\"images\":true,\"artists\":true,\"tracks\":[{\"src\":\"https:\\\/\\\/www.medellin.gov.co\\\/es\\\/wp-content\\\/uploads\\\/2024\\\/12\\\/capital-semilla-premia-emprendedores-01.mp3\",\"type\":\"audio\\\/mpeg\",\"title\":\"Palabras de Federico Guti\\u00e9rrez Zuluaga, alcalde de Medell\\u00edn\",\"caption\":\"\",\"description\":\"\\u00abPalabras de Federico Guti\\u00e9rrez Zuluaga, alcalde de Medell\\u00edn\\u00bb.\",\"meta\":{\"length_formatted\":\"1:30\"},\"image\":{\"src\":\"https:\\\/\\\/www.medellin.gov.co\\\/es\\\/wp-includes\\\/images\\\/media\\\/audio.png\",\"width\":48,\"height\":64},\"thumb\":{\"src\":\"https:\\\/\\\/www.medellin.gov.co\\\/es\\\/wp-includes\\\/images\\\/media\\\/audio.png\",\"width\":48,\"height\":64}},{\"src\":\"https:\\\/\\\/www.medellin.gov.co\\\/es\\\/wp-content\\\/uploads\\\/2024\\\/12\\\/capital-semilla-premia-emprendedores-02.mp3\",\"type\":\"audio\\\/mpeg\",\"title\":\"Palabras de Juan Daniel Barba Mart\\u00ednez, socio fundador de BeerKom, ganadores de Capital Semilla\",\"caption\":\"\",\"description\":\"\\u00abPalabras de Juan Daniel Barba Mart\\u00ednez, socio fundador de BeerKom, ganadores de Capital Semilla\\u00bb.\",\"meta\":{\"length_formatted\":\"1:06\"},\"image\":{\"src\":\"https:\\\/\\\/www.medellin.gov.co\\\/es\\\/wp-includes\\\/images\\\/media\\\/audio.png\",\"width\":48,\"height\":64},\"thumb\":{\"src\":\"https:\\\/\\\/www.medellin.gov.co\\\/es\\\/wp-includes\\\/images\\\/media\\\/audio.png\",\"width\":48,\"height\":64}}]}<\/script>\n<\/div>\n\t\n<p class=\"p1\">La Administraci\u00f3n Distrital premi\u00f3 a los 60 emprendedores de base tecnol\u00f3gica\u00a0ganadores de Capital Semilla, quienes por su desempe\u00f1o, dedicaci\u00f3n y esfuerzo\u00a0recibieron $10 millones en especie cada uno. Los recursos les permitir\u00e1n impulsar\u00a0y consolidar sus iniciativas y, con ello, contribuir al crecimiento y la innovaci\u00f3n de\u00a0la econom\u00eda de la ciudad.<\/p>\n<div id=\"attachment_374087\" style=\"width: 1210px\" class=\"wp-caption aligncenter\"><a href=\"https:\/\/www.medellin.gov.co\/es\/wp-content\/uploads\/2024\/12\/capital-semilla-premia-emprendedores-2.jpg\" target=\"_blank\" rel=\"noopener\"><img aria-describedby=\"caption-attachment-374087\" loading=\"lazy\" class=\"wp-image-374087 size-full\" title=\"La Alcald\u00eda de Medell\u00edn premi\u00f3 a los mejores 60 emprendedores de base tecnol\u00f3gica con recursos de Capital Semilla\" src=\"https:\/\/www.medellin.gov.co\/es\/wp-content\/uploads\/2024\/12\/capital-semilla-premia-emprendedores-2.jpg\" alt=\"\" width=\"1200\" height=\"799\" srcset=\"https:\/\/www.medellin.gov.co\/es\/wp-content\/uploads\/2024\/12\/capital-semilla-premia-emprendedores-2.jpg 1200w, https:\/\/www.medellin.gov.co\/es\/wp-content\/uploads\/2024\/12\/capital-semilla-premia-emprendedores-2-300x200.jpg 300w, https:\/\/www.medellin.gov.co\/es\/wp-content\/uploads\/2024\/12\/capital-semilla-premia-emprendedores-2-1024x682.jpg 1024w, https:\/\/www.medellin.gov.co\/es\/wp-content\/uploads\/2024\/12\/capital-semilla-premia-emprendedores-2-150x100.jpg 150w, https:\/\/www.medellin.gov.co\/es\/wp-content\/uploads\/2024\/12\/capital-semilla-premia-emprendedores-2-768x511.jpg 768w\" sizes=\"(max-width: 1200px) 100vw, 1200px\" \/><\/a><p id=\"caption-attachment-374087\" class=\"wp-caption-text\">La Alcald\u00eda de Medell\u00edn premi\u00f3 a los mejores 60 emprendedores de base tecnol\u00f3gica con recursos de Capital Semilla &#8211; Foto alcald\u00eda de Medell\u00edn<\/p><\/div>\n<p class=\"p1\">Capital Semilla destaca a los emprendedores con mejor desempe\u00f1o durante la\u00a0etapa de acompa\u00f1amiento. Los ganadores tuvieron que cumplir con todos los\u00a0requisitos del programa, adem\u00e1s de ser postulados por sus gestores, participar\u00a0en los talleres de formaci\u00f3n y presentar un pitch ante el comit\u00e9 evaluador, para\u00a0recibir este beneficio que ayudar\u00e1 a potenciar sus modelos de negocio.<\/p>\n<p class=\"p1\"><i>\u201cApoyamos a los emprendedores. Para m\u00ed, quien emprende y quiere crear\u00a0<\/i><i>empresas, es valiente. Felicitaciones a ellos, por seguir generando empresas,\u00a0<\/i><i>porque para esto trabajamos juntos. Hoy tenemos la tasa de desempleo m\u00e1s\u00a0<\/i><i>baja hist\u00f3rica en Medell\u00edn, todo esto gracias a la articulaci\u00f3n entre el sector\u00a0<\/i><i>p\u00fablico, el sector privado, las universidades y la sociedad civil. Seguimos\u00a0<\/i><i>avanzando\u201d<\/i><i>,<\/i> coment\u00f3 el alcalde de Medell\u00edn, Federico Guti\u00e9rrez Zuluaga.<\/p>\n<p class=\"p1\">Durante 2024, la Ruta del Emprendimiento recibi\u00f3 1.080 ideas de negocio, de las\u00a0cuales fueron seleccionados 550 para el proceso de acompa\u00f1amiento.<b> <\/b>Se espera\u00a0que aquellos postulantes que quedaron en lista tengan la oportunidad de\u00a0participar en la primera cohorte de 2025. La meta, durante el cuatrienio, es\u00a0acompa\u00f1ar a 4.000 emprendedores de base tecnol\u00f3gica en sus diferentes\u00a0etapas de madurez.<\/p>\n\n\t\t<style type=\"text\/css\">\n\t\t\t#gallery-1 {\n\t\t\t\tmargin: auto;\n\t\t\t}\n\t\t\t#gallery-1 .gallery-item {\n\t\t\t\tfloat: left;\n\t\t\t\tmargin-top: 10px;\n\t\t\t\ttext-align: center;\n\t\t\t\twidth: 50%;\n\t\t\t}\n\t\t\t#gallery-1 img {\n\t\t\t\tborder: 2px solid #cfcfcf;\n\t\t\t}\n\t\t\t#gallery-1 .gallery-caption {\n\t\t\t\tmargin-left: 0;\n\t\t\t}\n\t\t\t\/* see gallery_shortcode() in wp-includes\/media.php *\/\n\t\t<\/style>\n\t\t<div id='gallery-1' class='gallery galleryid-374034 gallery-columns-2 gallery-size-large'><dl class='gallery-item'>\n\t\t\t<dt class='gallery-icon landscape'>\n\t\t\t\t<a href='https:\/\/www.medellin.gov.co\/es\/sala-de-prensa\/noticias\/la-alcaldia-de-medellin-premio-a-los-mejores-60-emprendedores-de-base-tecnologica-con-recursos-de-capital-semilla\/capital-semilla-premia-emprendedores-4\/'><img width=\"1024\" height=\"682\" src=\"https:\/\/www.medellin.gov.co\/es\/wp-content\/uploads\/2024\/12\/capital-semilla-premia-emprendedores-4-1024x682.jpg\" class=\"attachment-large size-large\" alt=\"\" loading=\"lazy\" aria-describedby=\"gallery-1-374091\" srcset=\"https:\/\/www.medellin.gov.co\/es\/wp-content\/uploads\/2024\/12\/capital-semilla-premia-emprendedores-4-1024x682.jpg 1024w, https:\/\/www.medellin.gov.co\/es\/wp-content\/uploads\/2024\/12\/capital-semilla-premia-emprendedores-4-300x200.jpg 300w, https:\/\/www.medellin.gov.co\/es\/wp-content\/uploads\/2024\/12\/capital-semilla-premia-emprendedores-4-150x100.jpg 150w, https:\/\/www.medellin.gov.co\/es\/wp-content\/uploads\/2024\/12\/capital-semilla-premia-emprendedores-4-768x511.jpg 768w, https:\/\/www.medellin.gov.co\/es\/wp-content\/uploads\/2024\/12\/capital-semilla-premia-emprendedores-4.jpg 1200w\" sizes=\"(max-width: 1024px) 100vw, 1024px\" \/><\/a>\n\t\t\t<\/dt>\n\t\t\t\t<dd class='wp-caption-text gallery-caption' id='gallery-1-374091'>\n\t\t\t\tLa Alcald\u00eda de Medell\u00edn premi\u00f3 a los mejores 60 emprendedores de base tecnol\u00f3gica con recursos de Capital Semilla &#8211; Foto alcald\u00eda de Medell\u00edn\n\t\t\t\t<\/dd><\/dl><dl class='gallery-item'>\n\t\t\t<dt class='gallery-icon landscape'>\n\t\t\t\t<a href='https:\/\/www.medellin.gov.co\/es\/sala-de-prensa\/noticias\/la-alcaldia-de-medellin-premio-a-los-mejores-60-emprendedores-de-base-tecnologica-con-recursos-de-capital-semilla\/capital-semilla-premia-emprendedores-3\/'><img width=\"1024\" height=\"682\" src=\"https:\/\/www.medellin.gov.co\/es\/wp-content\/uploads\/2024\/12\/capital-semilla-premia-emprendedores-3-1024x682.jpg\" class=\"attachment-large size-large\" alt=\"\" loading=\"lazy\" aria-describedby=\"gallery-1-374090\" srcset=\"https:\/\/www.medellin.gov.co\/es\/wp-content\/uploads\/2024\/12\/capital-semilla-premia-emprendedores-3-1024x682.jpg 1024w, https:\/\/www.medellin.gov.co\/es\/wp-content\/uploads\/2024\/12\/capital-semilla-premia-emprendedores-3-300x200.jpg 300w, https:\/\/www.medellin.gov.co\/es\/wp-content\/uploads\/2024\/12\/capital-semilla-premia-emprendedores-3-150x100.jpg 150w, https:\/\/www.medellin.gov.co\/es\/wp-content\/uploads\/2024\/12\/capital-semilla-premia-emprendedores-3-768x511.jpg 768w, https:\/\/www.medellin.gov.co\/es\/wp-content\/uploads\/2024\/12\/capital-semilla-premia-emprendedores-3.jpg 1200w\" sizes=\"(max-width: 1024px) 100vw, 1024px\" \/><\/a>\n\t\t\t<\/dt>\n\t\t\t\t<dd class='wp-caption-text gallery-caption' id='gallery-1-374090'>\n\t\t\t\tLa Alcald\u00eda de Medell\u00edn premi\u00f3 a los mejores 60 emprendedores de base tecnol\u00f3gica con recursos de Capital Semilla &#8211; Foto alcald\u00eda de Medell\u00edn\n\t\t\t\t<\/dd><\/dl><br style=\"clear: both\" \/>\n\t\t<\/div>\n\n<p class=\"p1\"><i>\u00abComo todo emprendedor hay muchas etapas que uno desconoce del\u00a0<\/i><i>crecimiento empresarial; con el acompa\u00f1amiento de la Alcald\u00eda de Medell\u00edn y\u00a0<\/i><i>Creame, nos han apoyado mucho como gu\u00edas en ese paso a paso, con los\u00a0<\/i><i>incentivos, en cuanto a la disciplina y los conocimientos. Esto nos ha permitido\u00a0<\/i><i>seguir creciendo como empresa y proyectarnos al futuro<\/i>\u00ab, dijo Juan Daniel Barba\u00a0Mart\u00ednez, socios fundadores de BeerKom, ganadores de Capital Semilla.<\/p>\n<p class=\"p1\">A trav\u00e9s de Capital Semilla, el Distrito impulsa el desarrollo empresarial de la\u00a0ciudad. En sus 21 ediciones, m\u00e1s de 50.000 personas se han inscrito en este\u00a0programa.<\/p>\n","protected":false},"excerpt":{"rendered":"<p>Las iniciativas recibir\u00e1n $10 millones en bienes y servicios cada una. Capital Semilla hace parte de la Ruta del Emprendimiento, programa bandera que registr\u00f3 1.080 ideas de negocio en su edici\u00f3n de 2024. La Administraci\u00f3n &#8230;<\/p>\n","protected":false},"author":84,"featured_media":374081,"comment_status":"open","ping_status":"open","sticky":false,"template":"","format":"standard","meta":[],"categories":[3],"tags":[453,434,450],"formato_nota":[],"programas_tax":[],"acf":[],"_links":{"self":[{"href":"https:\/\/www.medellin.gov.co\/es\/wp-json\/wp\/v2\/posts\/374034"}],"collection":[{"href":"https:\/\/www.medellin.gov.co\/es\/wp-json\/wp\/v2\/posts"}],"about":[{"href":"https:\/\/www.medellin.gov.co\/es\/wp-json\/wp\/v2\/types\/post"}],"author":[{"embeddable":true,"href":"https:\/\/www.medellin.gov.co\/es\/wp-json\/wp\/v2\/users\/84"}],"replies":[{"embeddable":true,"href":"https:\/\/www.medellin.gov.co\/es\/wp-json\/wp\/v2\/comments?post=374034"}],"version-history":[{"count":1,"href":"https:\/\/www.medellin.gov.co\/es\/wp-json\/wp\/v2\/posts\/374034\/revisions"}],"predecessor-version":[{"id":374095,"href":"https:\/\/www.medellin.gov.co\/es\/wp-json\/wp\/v2\/posts\/374034\/revisions\/374095"}],"wp:featuredmedia":[{"embeddable":true,"href":"https:\/\/www.medellin.gov.co\/es\/wp-json\/wp\/v2\/media\/374081"}],"wp:attachment":[{"href":"https:\/\/www.medellin.gov.co\/es\/wp-json\/wp\/v2\/media?parent=374034"}],"wp:term":[{"taxonomy":"category","embeddable":true,"href":"https:\/\/www.medellin.gov.co\/es\/wp-json\/wp\/v2\/categories?post=374034"},{"taxonomy":"post_tag","embeddable":true,"href":"https:\/\/www.medellin.gov.co\/es\/wp-json\/wp\/v2\/tags?post=374034"},{"taxonomy":"formato_nota","embeddable":true,"href":"https:\/\/www.medellin.gov.co\/es\/wp-json\/wp\/v2\/formato_nota?post=374034"},{"taxonomy":"programas_tax","embeddable":true,"href":"https:\/\/www.medellin.gov.co\/es\/wp-json\/wp\/v2\/programas_tax?post=374034"}],"curies":[{"name":"wp","href":"https:\/\/api.w.org\/{rel}","templated":true}]}}