{"id":374098,"date":"2024-12-11T11:40:18","date_gmt":"2024-12-11T16:40:18","guid":{"rendered":"https:\/\/www.medellin.gov.co\/es\/?p=374098"},"modified":"2024-12-11T11:41:11","modified_gmt":"2024-12-11T16:41:11","slug":"el-distrito-impulsa-el-turismo-comunitario-en-constelaciones-en-manrique-a-traves-de-feria-gastronomica-y-muestra-cultural","status":"publish","type":"post","link":"https:\/\/www.medellin.gov.co\/es\/sala-de-prensa\/noticias\/el-distrito-impulsa-el-turismo-comunitario-en-constelaciones-en-manrique-a-traves-de-feria-gastronomica-y-muestra-cultural\/","title":{"rendered":"El Distrito impulsa el turismo comunitario en Constelaciones, en Manrique, a trav\u00e9s de feria gastron\u00f3mica y muestra cultural"},"content":{"rendered":"<!--[if lt IE 9]><script>document.createElement('audio');<\/script><![endif]-->\n\t<div class=\"wp-playlist wp-audio-playlist wp-playlist-light\">\n\t\t\t<div class=\"wp-playlist-current-item\"><\/div>\n\t\t<audio controls=\"controls\" preload=\"none\" width=\"640\"\n\t\t\t><\/audio>\n\t<div class=\"wp-playlist-next\"><\/div>\n\t<div class=\"wp-playlist-prev\"><\/div>\n\t<noscript>\n\t<ol>\n\t\t<li><a href='https:\/\/www.medellin.gov.co\/es\/wp-content\/uploads\/2024\/12\/turismo-feria-gastronomica-01.mp3'>turismo feria gastronomica-01<\/a><\/li>\t<\/ol>\n\t<\/noscript>\n\t<script type=\"application\/json\" class=\"wp-playlist-script\">{\"type\":\"audio\",\"tracklist\":true,\"tracknumbers\":true,\"images\":true,\"artists\":true,\"tracks\":[{\"src\":\"https:\\\/\\\/www.medellin.gov.co\\\/es\\\/wp-content\\\/uploads\\\/2024\\\/12\\\/turismo-feria-gastronomica-01.mp3\",\"type\":\"audio\\\/mpeg\",\"title\":\"turismo feria gastronomica-01\",\"caption\":\"\",\"description\":\"\\u00abturismo feria gastronomica-01\\u00bb.\",\"meta\":{\"length_formatted\":\"0:32\"},\"image\":{\"src\":\"https:\\\/\\\/www.medellin.gov.co\\\/es\\\/wp-includes\\\/images\\\/media\\\/audio.png\",\"width\":48,\"height\":64},\"thumb\":{\"src\":\"https:\\\/\\\/www.medellin.gov.co\\\/es\\\/wp-includes\\\/images\\\/media\\\/audio.png\",\"width\":48,\"height\":64}}]}<\/script>\n<\/div>\n\t\n<p class=\"p1\">El Distrito realizar\u00e1 el 14 de diciembre, entre las 12 del mediod\u00eda y las 6:00 de la\u00a0tarde, en Constelaciones, en Manrique, la feria gastron\u00f3mica y muestra cultural\u00a0\u201cAqu\u00ed todo florece, Constelaciones\u201d para contagiar a los habitantes de esta\u00a0comuna de la alegr\u00eda y la magia de la Navidad. Ser\u00e1 un evento pensado para dar\u00a0a conocer e impulsar este nuevo sitio de inter\u00e9s tur\u00edstico.<\/p>\n<div id=\"attachment_374111\" style=\"width: 1210px\" class=\"wp-caption aligncenter\"><a href=\"https:\/\/www.medellin.gov.co\/es\/wp-content\/uploads\/2024\/12\/turismo-feria-gastronomica-1.jpg\" target=\"_blank\" rel=\"noopener\"><img aria-describedby=\"caption-attachment-374111\" loading=\"lazy\" class=\"wp-image-374111 size-full\" title=\"El Distrito impulsa el turismo comunitario en Constelaciones, en Manrique, a trav\u00e9s de feria gastron\u00f3mica y muestra cultural\" src=\"https:\/\/www.medellin.gov.co\/es\/wp-content\/uploads\/2024\/12\/turismo-feria-gastronomica-1.jpg\" alt=\"\" width=\"1200\" height=\"675\" srcset=\"https:\/\/www.medellin.gov.co\/es\/wp-content\/uploads\/2024\/12\/turismo-feria-gastronomica-1.jpg 1200w, https:\/\/www.medellin.gov.co\/es\/wp-content\/uploads\/2024\/12\/turismo-feria-gastronomica-1-300x169.jpg 300w, https:\/\/www.medellin.gov.co\/es\/wp-content\/uploads\/2024\/12\/turismo-feria-gastronomica-1-1024x576.jpg 1024w, https:\/\/www.medellin.gov.co\/es\/wp-content\/uploads\/2024\/12\/turismo-feria-gastronomica-1-150x84.jpg 150w, https:\/\/www.medellin.gov.co\/es\/wp-content\/uploads\/2024\/12\/turismo-feria-gastronomica-1-768x432.jpg 768w\" sizes=\"(max-width: 1200px) 100vw, 1200px\" \/><\/a><p id=\"caption-attachment-374111\" class=\"wp-caption-text\">El Distrito impulsa el turismo comunitario en Constelaciones, en Manrique, a trav\u00e9s de feria gastron\u00f3mica y muestra cultural &#8211; Foto alcald\u00eda de Medell\u00edn<\/p><\/div>\n<p class=\"p1\">Constelaciones es la obra de arte a cielo abierto m\u00e1s grande de Medell\u00edn, con m\u00e1s\u00a0de 14.000 metros cuadrados. Su concepto y dise\u00f1o fueron creados por el artista\u00a0pl\u00e1stico antioque\u00f1o Fredy Alzate. En este atractivo tur\u00edstico, el Distrito articula a\u00a0los empresarios del ecosistema tur\u00edstico para promover el desarrollo planificado\u00a0en este sector.<\/p>\n<p class=\"p1\"><i>\u201cLes tenemos una invitaci\u00f3n muy especial: este s\u00e1bado 14 de diciembre los vamos\u00a0<\/i><i>a esperar a todos en Constelaciones, UVA La Armon\u00eda. Vamos a tener m\u00fasica,\u00a0<\/i><i>comida, artistas de la zona. No falten porque es un lugar muy especial de la\u00a0<\/i><i>ciudad, muy tur\u00edstico. Nosotros creemos que es una experiencia fenomenal\u00a0<\/i><i>conocer Constelaciones\u201d, <\/i>se\u00f1al\u00f3 el secretario de Turismo y Entretenimiento, Jos\u00e9\u00a0Alejandro Gonz\u00e1lez.<\/p>\n\n\t\t<style type=\"text\/css\">\n\t\t\t#gallery-1 {\n\t\t\t\tmargin: auto;\n\t\t\t}\n\t\t\t#gallery-1 .gallery-item {\n\t\t\t\tfloat: left;\n\t\t\t\tmargin-top: 10px;\n\t\t\t\ttext-align: center;\n\t\t\t\twidth: 50%;\n\t\t\t}\n\t\t\t#gallery-1 img {\n\t\t\t\tborder: 2px solid #cfcfcf;\n\t\t\t}\n\t\t\t#gallery-1 .gallery-caption {\n\t\t\t\tmargin-left: 0;\n\t\t\t}\n\t\t\t\/* see gallery_shortcode() in wp-includes\/media.php *\/\n\t\t<\/style>\n\t\t<div id='gallery-1' class='gallery galleryid-374098 gallery-columns-2 gallery-size-large'><dl class='gallery-item'>\n\t\t\t<dt class='gallery-icon landscape'>\n\t\t\t\t<a href='https:\/\/www.medellin.gov.co\/es\/sala-de-prensa\/noticias\/el-distrito-impulsa-el-turismo-comunitario-en-constelaciones-en-manrique-a-traves-de-feria-gastronomica-y-muestra-cultural\/turismo-feria-gastronomica-4\/'><img width=\"1024\" height=\"576\" src=\"https:\/\/www.medellin.gov.co\/es\/wp-content\/uploads\/2024\/12\/turismo-feria-gastronomica-4-1024x576.jpg\" class=\"attachment-large size-large\" alt=\"\" loading=\"lazy\" aria-describedby=\"gallery-1-374119\" srcset=\"https:\/\/www.medellin.gov.co\/es\/wp-content\/uploads\/2024\/12\/turismo-feria-gastronomica-4-1024x576.jpg 1024w, https:\/\/www.medellin.gov.co\/es\/wp-content\/uploads\/2024\/12\/turismo-feria-gastronomica-4-300x169.jpg 300w, https:\/\/www.medellin.gov.co\/es\/wp-content\/uploads\/2024\/12\/turismo-feria-gastronomica-4-150x84.jpg 150w, https:\/\/www.medellin.gov.co\/es\/wp-content\/uploads\/2024\/12\/turismo-feria-gastronomica-4-768x432.jpg 768w, https:\/\/www.medellin.gov.co\/es\/wp-content\/uploads\/2024\/12\/turismo-feria-gastronomica-4.jpg 1200w\" sizes=\"(max-width: 1024px) 100vw, 1024px\" \/><\/a>\n\t\t\t<\/dt>\n\t\t\t\t<dd class='wp-caption-text gallery-caption' id='gallery-1-374119'>\n\t\t\t\tEl Distrito impulsa el turismo comunitario en Constelaciones, en Manrique, a trav\u00e9s de feria gastron\u00f3mica y muestra cultural &#8211; Foto alcald\u00eda de Medell\u00edn\n\t\t\t\t<\/dd><\/dl><dl class='gallery-item'>\n\t\t\t<dt class='gallery-icon landscape'>\n\t\t\t\t<a href='https:\/\/www.medellin.gov.co\/es\/sala-de-prensa\/noticias\/el-distrito-impulsa-el-turismo-comunitario-en-constelaciones-en-manrique-a-traves-de-feria-gastronomica-y-muestra-cultural\/turismo-feria-gastronomica-3\/'><img width=\"1024\" height=\"576\" src=\"https:\/\/www.medellin.gov.co\/es\/wp-content\/uploads\/2024\/12\/turismo-feria-gastronomica-3-1024x576.jpg\" class=\"attachment-large size-large\" alt=\"\" loading=\"lazy\" aria-describedby=\"gallery-1-374116\" srcset=\"https:\/\/www.medellin.gov.co\/es\/wp-content\/uploads\/2024\/12\/turismo-feria-gastronomica-3-1024x576.jpg 1024w, https:\/\/www.medellin.gov.co\/es\/wp-content\/uploads\/2024\/12\/turismo-feria-gastronomica-3-300x169.jpg 300w, https:\/\/www.medellin.gov.co\/es\/wp-content\/uploads\/2024\/12\/turismo-feria-gastronomica-3-150x84.jpg 150w, https:\/\/www.medellin.gov.co\/es\/wp-content\/uploads\/2024\/12\/turismo-feria-gastronomica-3-768x432.jpg 768w, https:\/\/www.medellin.gov.co\/es\/wp-content\/uploads\/2024\/12\/turismo-feria-gastronomica-3.jpg 1200w\" sizes=\"(max-width: 1024px) 100vw, 1024px\" \/><\/a>\n\t\t\t<\/dt>\n\t\t\t\t<dd class='wp-caption-text gallery-caption' id='gallery-1-374116'>\n\t\t\t\tEl Distrito impulsa el turismo comunitario en Constelaciones, en Manrique, a trav\u00e9s de feria gastron\u00f3mica y muestra cultural &#8211; Foto alcald\u00eda de Medell\u00edn\n\t\t\t\t<\/dd><\/dl><br style=\"clear: both\" \/>\n\t\t<\/div>\n\n<p class=\"p1\">Duranta la feria, los visitantes encontrar\u00e1n oferta de productos de emprendedores de la zona como carima\u00f1olas, arepas de ch\u00f3colo, arepas de queso, mazamorra,\u00a0postres, granizados, artesan\u00edas, vestuario y mucho m\u00e1s.<\/p>\n<p class=\"p1\">La programaci\u00f3n cultural incluye cuatro tarimas con diferentes presentaciones de\u00a0corporaciones y artistas de la comuna, algunas de estas son: la Casa Museo\u00a0Gardeliana, Arlequ\u00edn y Los Juglares, Gotango, Indi Rock y la Corporaci\u00f3n Sue\u00f1o\u00a0Latino.<\/p>\n","protected":false},"excerpt":{"rendered":"<p>El Distrito realizar\u00e1 el 14 de diciembre, entre las 12 del mediod\u00eda y las 6:00 de la\u00a0tarde, en Constelaciones, en Manrique, la feria gastron\u00f3mica y muestra cultural\u00a0\u201cAqu\u00ed todo florece, Constelaciones\u201d para contagiar a los habitantes &#8230;<\/p>\n","protected":false},"author":84,"featured_media":374114,"comment_status":"open","ping_status":"open","sticky":false,"template":"","format":"standard","meta":[],"categories":[690],"tags":[634,455,430],"formato_nota":[],"programas_tax":[],"acf":[],"_links":{"self":[{"href":"https:\/\/www.medellin.gov.co\/es\/wp-json\/wp\/v2\/posts\/374098"}],"collection":[{"href":"https:\/\/www.medellin.gov.co\/es\/wp-json\/wp\/v2\/posts"}],"about":[{"href":"https:\/\/www.medellin.gov.co\/es\/wp-json\/wp\/v2\/types\/post"}],"author":[{"embeddable":true,"href":"https:\/\/www.medellin.gov.co\/es\/wp-json\/wp\/v2\/users\/84"}],"replies":[{"embeddable":true,"href":"https:\/\/www.medellin.gov.co\/es\/wp-json\/wp\/v2\/comments?post=374098"}],"version-history":[{"count":2,"href":"https:\/\/www.medellin.gov.co\/es\/wp-json\/wp\/v2\/posts\/374098\/revisions"}],"predecessor-version":[{"id":374122,"href":"https:\/\/www.medellin.gov.co\/es\/wp-json\/wp\/v2\/posts\/374098\/revisions\/374122"}],"wp:featuredmedia":[{"embeddable":true,"href":"https:\/\/www.medellin.gov.co\/es\/wp-json\/wp\/v2\/media\/374114"}],"wp:attachment":[{"href":"https:\/\/www.medellin.gov.co\/es\/wp-json\/wp\/v2\/media?parent=374098"}],"wp:term":[{"taxonomy":"category","embeddable":true,"href":"https:\/\/www.medellin.gov.co\/es\/wp-json\/wp\/v2\/categories?post=374098"},{"taxonomy":"post_tag","embeddable":true,"href":"https:\/\/www.medellin.gov.co\/es\/wp-json\/wp\/v2\/tags?post=374098"},{"taxonomy":"formato_nota","embeddable":true,"href":"https:\/\/www.medellin.gov.co\/es\/wp-json\/wp\/v2\/formato_nota?post=374098"},{"taxonomy":"programas_tax","embeddable":true,"href":"https:\/\/www.medellin.gov.co\/es\/wp-json\/wp\/v2\/programas_tax?post=374098"}],"curies":[{"name":"wp","href":"https:\/\/api.w.org\/{rel}","templated":true}]}}