{"id":374125,"date":"2024-12-11T15:25:26","date_gmt":"2024-12-11T20:25:26","guid":{"rendered":"https:\/\/www.medellin.gov.co\/es\/?p=374125"},"modified":"2024-12-13T16:26:10","modified_gmt":"2024-12-13T21:26:10","slug":"por-temporada-de-navidad-y-alumbrados-el-distrito-entrego-466-carnes-a-venteros-informales-regulados","status":"publish","type":"post","link":"https:\/\/www.medellin.gov.co\/es\/sala-de-prensa\/noticias\/por-temporada-de-navidad-y-alumbrados-el-distrito-entrego-466-carnes-a-venteros-informales-regulados\/","title":{"rendered":"Por temporada de Navidad y alumbrados, el Distrito entreg\u00f3 466 carn\u00e9s a venteros informales regulados"},"content":{"rendered":"<ul>\n<li class=\"p1\"><b>Ellos recibieron el documento que los autoriza a trabajar en espacio p\u00fablico <\/b><b>transitoriamente.<\/b><\/li>\n<li class=\"p1\"><b>Los puntos habilitados por el plan incluyen a Parques del R\u00edo, la Avenida <\/b><b>del R\u00edo, la zona de Carabobo, Bol\u00edvar y el Parque de las Luces.<\/b><\/li>\n<\/ul>\n<p class=\"p1\">El Distrito carnetiz\u00f3 a 466 venteros informales para el Plan Navidad, quienes\u00a0reciben un permiso transitorio para operar durante la temporada decembrina en\u00a0corredores espec\u00edficos de la ciudad. La cifra se suma a los 500 carn\u00e9s entregados\u00a0a vendedores informales regularizados a lo largo del a\u00f1o y que se ha logrado\u00a0gracias al sistema especializado que permiti\u00f3 identificar a cada uno en sus\u00a0respectivos puestos de trabajo, garantizando un control adecuado en las \u00e1reas\u00a0autorizadas para la venta.<\/p>\n<div id=\"attachment_374134\" style=\"width: 1210px\" class=\"wp-caption aligncenter\"><a href=\"https:\/\/www.medellin.gov.co\/es\/wp-content\/uploads\/2024\/12\/carnet-para-venteros-en-navidad-3.jpg\" target=\"_blank\" rel=\"noopener\"><img aria-describedby=\"caption-attachment-374134\" loading=\"lazy\" class=\"wp-image-374134 size-full\" title=\"Por temporada de Navidad y alumbrados, el Distrito entreg\u00f3 466 carn\u00e9s a venteros informales regulados\" src=\"https:\/\/www.medellin.gov.co\/es\/wp-content\/uploads\/2024\/12\/carnet-para-venteros-en-navidad-3.jpg\" alt=\"\" width=\"1200\" height=\"675\" srcset=\"https:\/\/www.medellin.gov.co\/es\/wp-content\/uploads\/2024\/12\/carnet-para-venteros-en-navidad-3.jpg 1200w, https:\/\/www.medellin.gov.co\/es\/wp-content\/uploads\/2024\/12\/carnet-para-venteros-en-navidad-3-300x169.jpg 300w, https:\/\/www.medellin.gov.co\/es\/wp-content\/uploads\/2024\/12\/carnet-para-venteros-en-navidad-3-1024x576.jpg 1024w, https:\/\/www.medellin.gov.co\/es\/wp-content\/uploads\/2024\/12\/carnet-para-venteros-en-navidad-3-150x84.jpg 150w, https:\/\/www.medellin.gov.co\/es\/wp-content\/uploads\/2024\/12\/carnet-para-venteros-en-navidad-3-768x432.jpg 768w\" sizes=\"(max-width: 1200px) 100vw, 1200px\" \/><\/a><p id=\"caption-attachment-374134\" class=\"wp-caption-text\">Por temporada de Navidad y alumbrados, el Distrito entreg\u00f3 466 carn\u00e9s a venteros informales regulados &#8211; Foto alcald\u00eda de Medell\u00edn<\/p><\/div>\n<p class=\"p1\"><i>\u201cGracias a esta estrategia, hemos logrado un ordenamiento del espacio p\u00fablico\u00a0<\/i><i>que beneficia tanto a los vendedores como a la ciudadan\u00eda. Los m\u00f3dulos donde\u00a0<\/i><i>operar\u00e1n cuentan con servicios p\u00fablicos instalados por EPM, como luz, gas y\u00a0<\/i><i>agua, lo que les permitir\u00e1 trabajar en condiciones dignas y con garant\u00edas de\u00a0<\/i><i>salubridad\u201d<\/i>, afirm\u00f3 el subsecretario de Espacio P\u00fablico, David Ram\u00edrez.<\/p>\n<p class=\"p1\">Los puntos habilitados por el Plan Navidad incluyen a Parques del R\u00edo, la Avenida\u00a0del R\u00edo, la zona de Carabobo, Bol\u00edvar y el Parque de las Luces, lo que permite\u00a0una distribuci\u00f3n equitativa y organizada del comercio en espacios p\u00fablicos de alta\u00a0afluencia.<\/p>\n\n\t\t<style type=\"text\/css\">\n\t\t\t#gallery-1 {\n\t\t\t\tmargin: auto;\n\t\t\t}\n\t\t\t#gallery-1 .gallery-item {\n\t\t\t\tfloat: left;\n\t\t\t\tmargin-top: 10px;\n\t\t\t\ttext-align: center;\n\t\t\t\twidth: 50%;\n\t\t\t}\n\t\t\t#gallery-1 img {\n\t\t\t\tborder: 2px solid #cfcfcf;\n\t\t\t}\n\t\t\t#gallery-1 .gallery-caption {\n\t\t\t\tmargin-left: 0;\n\t\t\t}\n\t\t\t\/* see gallery_shortcode() in wp-includes\/media.php *\/\n\t\t<\/style>\n\t\t<div id='gallery-1' class='gallery galleryid-374125 gallery-columns-2 gallery-size-large'><dl class='gallery-item'>\n\t\t\t<dt class='gallery-icon landscape'>\n\t\t\t\t<a href='https:\/\/www.medellin.gov.co\/es\/sala-de-prensa\/noticias\/por-temporada-de-navidad-y-alumbrados-el-distrito-entrego-466-carnes-a-venteros-informales-regulados\/carnet-para-venteros-en-navidad-4-2\/'><img width=\"1024\" height=\"576\" src=\"https:\/\/www.medellin.gov.co\/es\/wp-content\/uploads\/2024\/12\/carnet-para-venteros-en-navidad-4-1-1024x576.jpg\" class=\"attachment-large size-large\" alt=\"\" loading=\"lazy\" aria-describedby=\"gallery-1-374150\" srcset=\"https:\/\/www.medellin.gov.co\/es\/wp-content\/uploads\/2024\/12\/carnet-para-venteros-en-navidad-4-1-1024x576.jpg 1024w, https:\/\/www.medellin.gov.co\/es\/wp-content\/uploads\/2024\/12\/carnet-para-venteros-en-navidad-4-1-300x169.jpg 300w, https:\/\/www.medellin.gov.co\/es\/wp-content\/uploads\/2024\/12\/carnet-para-venteros-en-navidad-4-1-150x84.jpg 150w, https:\/\/www.medellin.gov.co\/es\/wp-content\/uploads\/2024\/12\/carnet-para-venteros-en-navidad-4-1-768x432.jpg 768w, https:\/\/www.medellin.gov.co\/es\/wp-content\/uploads\/2024\/12\/carnet-para-venteros-en-navidad-4-1.jpg 1200w\" sizes=\"(max-width: 1024px) 100vw, 1024px\" \/><\/a>\n\t\t\t<\/dt>\n\t\t\t\t<dd class='wp-caption-text gallery-caption' id='gallery-1-374150'>\n\t\t\t\tPor temporada de Navidad y alumbrados, el Distrito entreg\u00f3 466 carn\u00e9s a venteros informales regulados &#8211; Foto alcald\u00eda de Medell\u00edn\n\t\t\t\t<\/dd><\/dl><dl class='gallery-item'>\n\t\t\t<dt class='gallery-icon landscape'>\n\t\t\t\t<a href='https:\/\/www.medellin.gov.co\/es\/sala-de-prensa\/noticias\/por-temporada-de-navidad-y-alumbrados-el-distrito-entrego-466-carnes-a-venteros-informales-regulados\/carnet-para-venteros-en-navidad-2\/'><img width=\"1024\" height=\"576\" src=\"https:\/\/www.medellin.gov.co\/es\/wp-content\/uploads\/2024\/12\/carnet-para-venteros-en-navidad-2-1024x576.jpg\" class=\"attachment-large size-large\" alt=\"\" loading=\"lazy\" aria-describedby=\"gallery-1-374132\" srcset=\"https:\/\/www.medellin.gov.co\/es\/wp-content\/uploads\/2024\/12\/carnet-para-venteros-en-navidad-2-1024x576.jpg 1024w, https:\/\/www.medellin.gov.co\/es\/wp-content\/uploads\/2024\/12\/carnet-para-venteros-en-navidad-2-300x169.jpg 300w, https:\/\/www.medellin.gov.co\/es\/wp-content\/uploads\/2024\/12\/carnet-para-venteros-en-navidad-2-150x84.jpg 150w, https:\/\/www.medellin.gov.co\/es\/wp-content\/uploads\/2024\/12\/carnet-para-venteros-en-navidad-2-768x432.jpg 768w, https:\/\/www.medellin.gov.co\/es\/wp-content\/uploads\/2024\/12\/carnet-para-venteros-en-navidad-2.jpg 1200w\" sizes=\"(max-width: 1024px) 100vw, 1024px\" \/><\/a>\n\t\t\t<\/dt>\n\t\t\t\t<dd class='wp-caption-text gallery-caption' id='gallery-1-374132'>\n\t\t\t\tPor temporada de Navidad y alumbrados, el Distrito entreg\u00f3 466 carn\u00e9s a venteros informales regulados &#8211; Foto alcald\u00eda de Medell\u00edn\n\t\t\t\t<\/dd><\/dl><br style=\"clear: both\" \/>\n\t\t<\/div>\n\n<p class=\"p1\"><i>\u201cEn paralelo a la entrega de permisos, hemos realizado visitas de salubridad para <\/i><i>asegurarnos de que los m\u00f3dulos y los toldos cumplan con los est\u00e1ndares de\u00a0<\/i><i>higiene y seguridad requeridos. Esta medida es parte de nuestro compromiso con\u00a0<\/i><i>la salud p\u00fablica, el bienestar de los ciudadanos y de los visitantes, para que\u00a0<\/i><i>disfrutan de nuestros espacios p\u00fablicos\u201d<\/i>, indic\u00f3 el subsecretario, quien tambi\u00e9n\u00a0destac\u00f3 la entrega de sombrillas a los vendedores en la zona de Carabobo, lo que\u00a0contribuye a la organizaci\u00f3n de la labor de los comerciantes y a mejorar las\u00a0condiciones laborales.<\/p>\n<p class=\"p1\">La Administraci\u00f3n Distrital invita a la ciudadan\u00eda a disfrutar de un ambiente seguro\u00a0y ordenado en los corredores habilitados, en donde se ha trabajado en el\u00a0acondicionamiento para ofrecer una experiencia agradable a vendedores y\u00a0compradores. Adem\u00e1s, hace un llamado para no dejarse enga\u00f1ar por quienes\u00a0intentan arrendar o vender puestos de venta, ya que la Subsecretar\u00eda de Espacio\u00a0P\u00fablico no realiza este tipo de cobros.<\/p>\n<div id=\"attachment_374128\" style=\"width: 1210px\" class=\"wp-caption aligncenter\"><a href=\"https:\/\/www.medellin.gov.co\/es\/wp-content\/uploads\/2024\/12\/carnet-para-venteros-en-navidad-1.jpg\" target=\"_blank\" rel=\"noopener\"><img aria-describedby=\"caption-attachment-374128\" loading=\"lazy\" class=\"wp-image-374128 size-full\" title=\"Por temporada de Navidad y alumbrados, el Distrito entreg\u00f3 466 carn\u00e9s a venteros informales regulados\" src=\"https:\/\/www.medellin.gov.co\/es\/wp-content\/uploads\/2024\/12\/carnet-para-venteros-en-navidad-1.jpg\" alt=\"\" width=\"1200\" height=\"675\" srcset=\"https:\/\/www.medellin.gov.co\/es\/wp-content\/uploads\/2024\/12\/carnet-para-venteros-en-navidad-1.jpg 1200w, https:\/\/www.medellin.gov.co\/es\/wp-content\/uploads\/2024\/12\/carnet-para-venteros-en-navidad-1-300x169.jpg 300w, https:\/\/www.medellin.gov.co\/es\/wp-content\/uploads\/2024\/12\/carnet-para-venteros-en-navidad-1-1024x576.jpg 1024w, https:\/\/www.medellin.gov.co\/es\/wp-content\/uploads\/2024\/12\/carnet-para-venteros-en-navidad-1-150x84.jpg 150w, https:\/\/www.medellin.gov.co\/es\/wp-content\/uploads\/2024\/12\/carnet-para-venteros-en-navidad-1-768x432.jpg 768w\" sizes=\"(max-width: 1200px) 100vw, 1200px\" \/><\/a><p id=\"caption-attachment-374128\" class=\"wp-caption-text\">Por temporada de Navidad y alumbrados, el Distrito entreg\u00f3 466 carn\u00e9s a venteros informales regulados &#8211; Foto alcald\u00eda de Medell\u00edn<\/p><\/div>\n","protected":false},"excerpt":{"rendered":"<p>Ellos recibieron el documento que los autoriza a trabajar en espacio p\u00fablico transitoriamente. Los puntos habilitados por el plan incluyen a Parques del R\u00edo, la Avenida del R\u00edo, la zona de Carabobo, Bol\u00edvar y el &#8230;<\/p>\n","protected":false},"author":84,"featured_media":374153,"comment_status":"open","ping_status":"open","sticky":false,"template":"","format":"standard","meta":[],"categories":[21],"tags":[437,453,450],"formato_nota":[],"programas_tax":[],"acf":[],"_links":{"self":[{"href":"https:\/\/www.medellin.gov.co\/es\/wp-json\/wp\/v2\/posts\/374125"}],"collection":[{"href":"https:\/\/www.medellin.gov.co\/es\/wp-json\/wp\/v2\/posts"}],"about":[{"href":"https:\/\/www.medellin.gov.co\/es\/wp-json\/wp\/v2\/types\/post"}],"author":[{"embeddable":true,"href":"https:\/\/www.medellin.gov.co\/es\/wp-json\/wp\/v2\/users\/84"}],"replies":[{"embeddable":true,"href":"https:\/\/www.medellin.gov.co\/es\/wp-json\/wp\/v2\/comments?post=374125"}],"version-history":[{"count":2,"href":"https:\/\/www.medellin.gov.co\/es\/wp-json\/wp\/v2\/posts\/374125\/revisions"}],"predecessor-version":[{"id":375504,"href":"https:\/\/www.medellin.gov.co\/es\/wp-json\/wp\/v2\/posts\/374125\/revisions\/375504"}],"wp:featuredmedia":[{"embeddable":true,"href":"https:\/\/www.medellin.gov.co\/es\/wp-json\/wp\/v2\/media\/374153"}],"wp:attachment":[{"href":"https:\/\/www.medellin.gov.co\/es\/wp-json\/wp\/v2\/media?parent=374125"}],"wp:term":[{"taxonomy":"category","embeddable":true,"href":"https:\/\/www.medellin.gov.co\/es\/wp-json\/wp\/v2\/categories?post=374125"},{"taxonomy":"post_tag","embeddable":true,"href":"https:\/\/www.medellin.gov.co\/es\/wp-json\/wp\/v2\/tags?post=374125"},{"taxonomy":"formato_nota","embeddable":true,"href":"https:\/\/www.medellin.gov.co\/es\/wp-json\/wp\/v2\/formato_nota?post=374125"},{"taxonomy":"programas_tax","embeddable":true,"href":"https:\/\/www.medellin.gov.co\/es\/wp-json\/wp\/v2\/programas_tax?post=374125"}],"curies":[{"name":"wp","href":"https:\/\/api.w.org\/{rel}","templated":true}]}}