{"id":374226,"date":"2024-12-11T15:22:27","date_gmt":"2024-12-11T20:22:27","guid":{"rendered":"https:\/\/www.medellin.gov.co\/es\/?p=374226"},"modified":"2024-12-11T15:30:00","modified_gmt":"2024-12-11T20:30:00","slug":"en-las-vias-de-medellin-todos-conocemos-a-maria-imprudencia-a-jhon-aleta-y-a-juan-visaje","status":"publish","type":"post","link":"https:\/\/www.medellin.gov.co\/es\/sala-de-prensa\/noticias\/en-las-vias-de-medellin-todos-conocemos-a-maria-imprudencia-a-jhon-aleta-y-a-juan-visaje\/","title":{"rendered":"En las v\u00edas de Medell\u00edn todos conocemos a \u201cMar\u00eda Imprudencia\u201d, a \u201cJhon Aleta\u201d y a \u201cJuan Visaje\u201d"},"content":{"rendered":"<blockquote><p><em>Con la campa\u00f1a \u201c<a href=\"https:\/\/www.medellin.gov.co\/es\/secretaria-de-movilidad\/te-queremos-vivo\/\" target=\"_blank\" rel=\"noopener\">Te queremos vivo<\/a>\u201d, la <a href=\"https:\/\/www.medellin.gov.co\/es\/secretaria-de-movilidad\/\" target=\"_blank\" rel=\"noopener\">Secretar\u00eda de Movilidad de Medell\u00edn<\/a> quiere que los actores viales reflexionen sobre el mal ejemplo de los personajes animados que hoy vemos en las calles de la ciudad representando a los de la vida real, que todos conocemos.<\/em><\/p><\/blockquote>\n<p>Desde hace unos d\u00edas, en las calles de Medell\u00edn se ven tres personajes animados, en comienzo, graciosos, pero que encierran los comportamientos que queremos evitar en las v\u00edas.<\/p>\n<p>\u201cJhon Aleta\u201d es un joven tatuado, fornido y con rostro agresivo y que representa a los conductores que insultan, irrespetan a las autoridades o van en la calle seguros de que son los \u00fanicos que importan.<\/p>\n<div id=\"attachment_374260\" style=\"width: 1034px\" class=\"wp-caption alignnone\"><a href=\"https:\/\/www.medellin.gov.co\/es\/wp-content\/uploads\/2024\/12\/personajes-te-queremos-vivo-2.jpg\"><img aria-describedby=\"caption-attachment-374260\" loading=\"lazy\" class=\"wp-image-374260 size-large\" src=\"https:\/\/www.medellin.gov.co\/es\/wp-content\/uploads\/2024\/12\/personajes-te-queremos-vivo-2-1024x742.jpg\" alt=\"\" width=\"1024\" height=\"742\" srcset=\"https:\/\/www.medellin.gov.co\/es\/wp-content\/uploads\/2024\/12\/personajes-te-queremos-vivo-2-1024x742.jpg 1024w, https:\/\/www.medellin.gov.co\/es\/wp-content\/uploads\/2024\/12\/personajes-te-queremos-vivo-2-300x217.jpg 300w, https:\/\/www.medellin.gov.co\/es\/wp-content\/uploads\/2024\/12\/personajes-te-queremos-vivo-2-150x109.jpg 150w, https:\/\/www.medellin.gov.co\/es\/wp-content\/uploads\/2024\/12\/personajes-te-queremos-vivo-2-768x557.jpg 768w, https:\/\/www.medellin.gov.co\/es\/wp-content\/uploads\/2024\/12\/personajes-te-queremos-vivo-2.jpg 1173w\" sizes=\"(max-width: 1024px) 100vw, 1024px\" \/><\/a><p id=\"caption-attachment-374260\" class=\"wp-caption-text\">Jhon Aleta<\/p><\/div>\n<p>Acompa\u00f1ando a \u201cJhon Aleta\u201d seguro ver\u00e1n a \u201cMar\u00eda Imprudencia\u201d, una bella rubia, extrovertida, pero igual de distra\u00edda. A pesar de las normas, no le importa ir hablando por su celular, vestir prendas que no le ofrecen ninguna protecci\u00f3n, le encanta maquillarse frente al espejo retrovisor. Nunca la ver\u00e1n con el casco, su peinado es \u201cm\u00e1s importante\u201d.<\/p>\n<div id=\"attachment_374263\" style=\"width: 1034px\" class=\"wp-caption alignnone\"><a href=\"https:\/\/www.medellin.gov.co\/es\/wp-content\/uploads\/2024\/12\/Personajes-te-queremos-vivo.jpg\"><img aria-describedby=\"caption-attachment-374263\" loading=\"lazy\" class=\"size-large wp-image-374263\" src=\"https:\/\/www.medellin.gov.co\/es\/wp-content\/uploads\/2024\/12\/Personajes-te-queremos-vivo-1024x742.jpg\" alt=\"\" width=\"1024\" height=\"742\" srcset=\"https:\/\/www.medellin.gov.co\/es\/wp-content\/uploads\/2024\/12\/Personajes-te-queremos-vivo-1024x742.jpg 1024w, https:\/\/www.medellin.gov.co\/es\/wp-content\/uploads\/2024\/12\/Personajes-te-queremos-vivo-300x217.jpg 300w, https:\/\/www.medellin.gov.co\/es\/wp-content\/uploads\/2024\/12\/Personajes-te-queremos-vivo-150x109.jpg 150w, https:\/\/www.medellin.gov.co\/es\/wp-content\/uploads\/2024\/12\/Personajes-te-queremos-vivo-768x557.jpg 768w, https:\/\/www.medellin.gov.co\/es\/wp-content\/uploads\/2024\/12\/Personajes-te-queremos-vivo.jpg 1173w\" sizes=\"(max-width: 1024px) 100vw, 1024px\" \/><\/a><p id=\"caption-attachment-374263\" class=\"wp-caption-text\">Mar\u00eda Imprudencia<\/p><\/div>\n<p>El otro personaje es \u201cJuan Visaje\u201d, este en cambio, es un hombre fornido, de barba cuidada. <em>\u201cYo no compr\u00e9 moto para ir despacio<\/em>\u201d, dice. Tiene una motocicleta adaptada con un resonador que activa las alarmas de los veh\u00edculos a su paso, el casco no lo lleva en la cabeza, sino en el brazo. Pasar los sem\u00e1foros en rojo y competir en piques, son los pasatiempos que lo llevan a tener en su historial un sinf\u00edn de siniestros viales, lesiones y cicatrices. Por fortuna sigue vivo.<\/p>\n<div id=\"attachment_374266\" style=\"width: 1034px\" class=\"wp-caption alignnone\"><a href=\"https:\/\/www.medellin.gov.co\/es\/wp-content\/uploads\/2024\/12\/personajes-te-queremos-vivo_1.jpg\" target=\"_blank\" rel=\"noopener\"><img aria-describedby=\"caption-attachment-374266\" loading=\"lazy\" class=\"wp-image-374266 size-large\" src=\"https:\/\/www.medellin.gov.co\/es\/wp-content\/uploads\/2024\/12\/personajes-te-queremos-vivo_1-1024x742.jpg\" alt=\"\" width=\"1024\" height=\"742\" srcset=\"https:\/\/www.medellin.gov.co\/es\/wp-content\/uploads\/2024\/12\/personajes-te-queremos-vivo_1-1024x742.jpg 1024w, https:\/\/www.medellin.gov.co\/es\/wp-content\/uploads\/2024\/12\/personajes-te-queremos-vivo_1-300x217.jpg 300w, https:\/\/www.medellin.gov.co\/es\/wp-content\/uploads\/2024\/12\/personajes-te-queremos-vivo_1-150x109.jpg 150w, https:\/\/www.medellin.gov.co\/es\/wp-content\/uploads\/2024\/12\/personajes-te-queremos-vivo_1-768x557.jpg 768w, https:\/\/www.medellin.gov.co\/es\/wp-content\/uploads\/2024\/12\/personajes-te-queremos-vivo_1.jpg 1173w\" sizes=\"(max-width: 1024px) 100vw, 1024px\" \/><\/a><p id=\"caption-attachment-374266\" class=\"wp-caption-text\">Juan Visaje<\/p><\/div>\n<p><strong>\u201c<a href=\"https:\/\/www.medellin.gov.co\/es\/secretaria-de-movilidad\/te-queremos-vivo\/\" target=\"_blank\" rel=\"noopener\">Te queremos vivo<\/a>\u201d<\/strong><\/p>\n<p>Estos tres personajes son los primeros que conoce la ciudad desde octubre pasado, cuando se puso en marcha una de las campa\u00f1as de prevenci\u00f3n vial m\u00e1s ambiciosa de la Alcald\u00eda de Medell\u00edn y la <a href=\"https:\/\/www.medellin.gov.co\/es\/secretaria-de-movilidad\/\" target=\"_blank\" rel=\"noopener\">Secretar\u00eda de Movilidad<\/a>: \u201c<a href=\"https:\/\/www.medellin.gov.co\/es\/secretaria-de-movilidad\/te-queremos-vivo\/\" target=\"_blank\" rel=\"noopener\">Te queremos vivo<\/a>\u201d, en la que la premisa es hacer reflexionar a todos los actores viales sobre esos comportamientos que, a veces o muchas veces, tenemos en las v\u00edas. Todos, sin duda, conocemos o hemos visto a uno de ellos reflejado en un amigo, un vecino, o lamentablemente, en un familiar que falleci\u00f3 en las v\u00edas.<\/p>\n<p>No es ning\u00fan chiste, las cifras hablan por s\u00ed solas: al 22 de noviembre de 2024 se registraron 277 muertes en siniestros viales en Medell\u00edn, de las cuales 145 obedecen a incidentes en motocicleta, lo que equivale al 53 % del total. En la mayor\u00eda de estos casos, se atribuye a la imprudencia el m\u00f3vil determinante de la muerte, de ah\u00ed el nombre de la campa\u00f1a \u201c<a href=\"https:\/\/www.medellin.gov.co\/es\/secretaria-de-movilidad\/te-queremos-vivo\/\" target=\"_blank\" rel=\"noopener\">Te queremos vivo<\/a>\u201d.<\/p>\n<p><a href=\"https:\/\/www.medellin.gov.co\/es\/wp-content\/uploads\/2024\/12\/tequeremosvivo.jpg\" target=\"_blank\" rel=\"noopener\"><img loading=\"lazy\" class=\"alignnone wp-image-374343 size-large\" src=\"https:\/\/www.medellin.gov.co\/es\/wp-content\/uploads\/2024\/12\/tequeremosvivo-1024x396.jpg\" alt=\"\" width=\"1024\" height=\"396\" srcset=\"https:\/\/www.medellin.gov.co\/es\/wp-content\/uploads\/2024\/12\/tequeremosvivo-1024x396.jpg 1024w, https:\/\/www.medellin.gov.co\/es\/wp-content\/uploads\/2024\/12\/tequeremosvivo-300x116.jpg 300w, https:\/\/www.medellin.gov.co\/es\/wp-content\/uploads\/2024\/12\/tequeremosvivo-150x58.jpg 150w, https:\/\/www.medellin.gov.co\/es\/wp-content\/uploads\/2024\/12\/tequeremosvivo-768x297.jpg 768w, https:\/\/www.medellin.gov.co\/es\/wp-content\/uploads\/2024\/12\/tequeremosvivo.jpg 1280w\" sizes=\"(max-width: 1024px) 100vw, 1024px\" \/><\/a><\/p>\n<p><em>\u201cEs una tragedia pues miles de personas est\u00e1n perdiendo la vida y sus familiares quedando sin sus seres queridos. Cada muerte nos duele profundamente y todos los actores involucrados en la movilidad deben poner como prioridad la reducci\u00f3n de la siniestralidad\u201d,<\/em> dice el <a href=\"https:\/\/www.medellin.gov.co\/es\/secretaria-de-movilidad\/\" target=\"_blank\" rel=\"noopener\">secretario Movilidad, Mateo Gonz\u00e1lez Ben\u00edtez<\/a>.<\/p>\n<p><strong>Las acciones de la campa\u00f1a<\/strong><\/p>\n<p>La campa\u00f1a tiene acciones en todo el territorio que van m\u00e1s all\u00e1 de la marca y de la aparici\u00f3n constante de los personajes en p\u00fablico y en los medios de comunicaci\u00f3n:<\/p>\n<div id=\"attachment_356234\" style=\"width: 1034px\" class=\"wp-caption alignnone\"><a href=\"https:\/\/www.medellin.gov.co\/es\/wp-content\/uploads\/2024\/10\/Te-queremos-vivo-1.jpg\" target=\"_blank\" rel=\"noopener\"><img aria-describedby=\"caption-attachment-356234\" loading=\"lazy\" class=\"wp-image-356234 size-large\" src=\"https:\/\/www.medellin.gov.co\/es\/wp-content\/uploads\/2024\/10\/Te-queremos-vivo-1-1024x683.jpg\" alt=\"El alcalde Federico Guti\u00e9rrez presenta campa\u00f1a para evitar la accidentalidad: \u201cSon 248 familias en donde los comedores est\u00e1n vac\u00edos y las camas est\u00e1n fr\u00edas\u201d\" width=\"1024\" height=\"683\" srcset=\"https:\/\/www.medellin.gov.co\/es\/wp-content\/uploads\/2024\/10\/Te-queremos-vivo-1-1024x683.jpg 1024w, https:\/\/www.medellin.gov.co\/es\/wp-content\/uploads\/2024\/10\/Te-queremos-vivo-1-300x200.jpg 300w, https:\/\/www.medellin.gov.co\/es\/wp-content\/uploads\/2024\/10\/Te-queremos-vivo-1-150x100.jpg 150w, https:\/\/www.medellin.gov.co\/es\/wp-content\/uploads\/2024\/10\/Te-queremos-vivo-1-768x512.jpg 768w, https:\/\/www.medellin.gov.co\/es\/wp-content\/uploads\/2024\/10\/Te-queremos-vivo-1.jpg 1200w\" sizes=\"(max-width: 1024px) 100vw, 1024px\" \/><\/a><p id=\"caption-attachment-356234\" class=\"wp-caption-text\">El alcalde Federico Guti\u00e9rrez presenta campa\u00f1a para evitar la accidentalidad: \u201cSon 248 familias en donde los comedores est\u00e1n vac\u00edos y las camas est\u00e1n fr\u00edas\u201d<\/p><\/div>\n<p><strong>Intervenciones territoriales:<\/strong> se realizan ferias itinerantes en las comunas y los corregimientos de la ciudad dirigidas a los motociclistas para educar sobre el uso del casco, el estado mec\u00e1nico de la motocicleta, los elementos de protecci\u00f3n corporal adecuados, puntos ciegos y normatividad de tr\u00e1nsito.<\/p>\n<p><strong>Formaci\u00f3n avanzada para motociclistas:<\/strong> todos los fines de semana se ofrecen clases gratuitas de habilidades avanzadas para motociclistas en el <a href=\"https:\/\/aeroparquejuanpablo.gov.co\/\" target=\"_blank\" rel=\"noopener\">aeroparque Juan Pablo II<\/a>, con \u00e9nfasis en tres temas: frenado, evasi\u00f3n de objetos y curvas.<\/p>\n<p><strong>Alianza con escuelas de conducci\u00f3n y concesionarios de motos:<\/strong> se entrega un brochure a todas las personas que expidan una licencia de conducci\u00f3n y\/o compren una moto con recomendaciones de conducci\u00f3n, cifras de siniestralidad y v\u00edas con alto n\u00famero de incidentes.<\/p>\n\n\t\t<style type=\"text\/css\">\n\t\t\t#gallery-1 {\n\t\t\t\tmargin: auto;\n\t\t\t}\n\t\t\t#gallery-1 .gallery-item {\n\t\t\t\tfloat: left;\n\t\t\t\tmargin-top: 10px;\n\t\t\t\ttext-align: center;\n\t\t\t\twidth: 33%;\n\t\t\t}\n\t\t\t#gallery-1 img {\n\t\t\t\tborder: 2px solid #cfcfcf;\n\t\t\t}\n\t\t\t#gallery-1 .gallery-caption {\n\t\t\t\tmargin-left: 0;\n\t\t\t}\n\t\t\t\/* see gallery_shortcode() in wp-includes\/media.php *\/\n\t\t<\/style>\n\t\t<div id='gallery-1' class='gallery galleryid-374226 gallery-columns-3 gallery-size-large'><dl class='gallery-item'>\n\t\t\t<dt class='gallery-icon landscape'>\n\t\t\t\t<a href='https:\/\/www.medellin.gov.co\/es\/sala-de-prensa\/noticias\/en-las-vias-de-medellin-todos-conocemos-a-maria-imprudencia-a-jhon-aleta-y-a-juan-visaje\/personajes-te-queremos-vivo_1\/'><img width=\"1024\" height=\"742\" src=\"https:\/\/www.medellin.gov.co\/es\/wp-content\/uploads\/2024\/12\/personajes-te-queremos-vivo_1-1024x742.jpg\" class=\"attachment-large size-large\" alt=\"\" loading=\"lazy\" aria-describedby=\"gallery-1-374266\" srcset=\"https:\/\/www.medellin.gov.co\/es\/wp-content\/uploads\/2024\/12\/personajes-te-queremos-vivo_1-1024x742.jpg 1024w, https:\/\/www.medellin.gov.co\/es\/wp-content\/uploads\/2024\/12\/personajes-te-queremos-vivo_1-300x217.jpg 300w, https:\/\/www.medellin.gov.co\/es\/wp-content\/uploads\/2024\/12\/personajes-te-queremos-vivo_1-150x109.jpg 150w, https:\/\/www.medellin.gov.co\/es\/wp-content\/uploads\/2024\/12\/personajes-te-queremos-vivo_1-768x557.jpg 768w, https:\/\/www.medellin.gov.co\/es\/wp-content\/uploads\/2024\/12\/personajes-te-queremos-vivo_1.jpg 1173w\" sizes=\"(max-width: 1024px) 100vw, 1024px\" \/><\/a>\n\t\t\t<\/dt>\n\t\t\t\t<dd class='wp-caption-text gallery-caption' id='gallery-1-374266'>\n\t\t\t\tJuan Visaje\u00a0\n\t\t\t\t<\/dd><\/dl><dl class='gallery-item'>\n\t\t\t<dt class='gallery-icon landscape'>\n\t\t\t\t<a href='https:\/\/www.medellin.gov.co\/es\/sala-de-prensa\/noticias\/en-las-vias-de-medellin-todos-conocemos-a-maria-imprudencia-a-jhon-aleta-y-a-juan-visaje\/personajes-te-queremos-vivo\/'><img width=\"1024\" height=\"742\" src=\"https:\/\/www.medellin.gov.co\/es\/wp-content\/uploads\/2024\/12\/Personajes-te-queremos-vivo-1024x742.jpg\" class=\"attachment-large size-large\" alt=\"\" loading=\"lazy\" aria-describedby=\"gallery-1-374263\" srcset=\"https:\/\/www.medellin.gov.co\/es\/wp-content\/uploads\/2024\/12\/Personajes-te-queremos-vivo-1024x742.jpg 1024w, https:\/\/www.medellin.gov.co\/es\/wp-content\/uploads\/2024\/12\/Personajes-te-queremos-vivo-300x217.jpg 300w, https:\/\/www.medellin.gov.co\/es\/wp-content\/uploads\/2024\/12\/Personajes-te-queremos-vivo-150x109.jpg 150w, https:\/\/www.medellin.gov.co\/es\/wp-content\/uploads\/2024\/12\/Personajes-te-queremos-vivo-768x557.jpg 768w, https:\/\/www.medellin.gov.co\/es\/wp-content\/uploads\/2024\/12\/Personajes-te-queremos-vivo.jpg 1173w\" sizes=\"(max-width: 1024px) 100vw, 1024px\" \/><\/a>\n\t\t\t<\/dt>\n\t\t\t\t<dd class='wp-caption-text gallery-caption' id='gallery-1-374263'>\n\t\t\t\tMar\u00eda Imprudencia\n\t\t\t\t<\/dd><\/dl><dl class='gallery-item'>\n\t\t\t<dt class='gallery-icon landscape'>\n\t\t\t\t<a href='https:\/\/www.medellin.gov.co\/es\/sala-de-prensa\/noticias\/en-las-vias-de-medellin-todos-conocemos-a-maria-imprudencia-a-jhon-aleta-y-a-juan-visaje\/personajes-te-queremos-vivo-2\/'><img width=\"1024\" height=\"742\" src=\"https:\/\/www.medellin.gov.co\/es\/wp-content\/uploads\/2024\/12\/personajes-te-queremos-vivo-2-1024x742.jpg\" class=\"attachment-large size-large\" alt=\"\" loading=\"lazy\" aria-describedby=\"gallery-1-374260\" srcset=\"https:\/\/www.medellin.gov.co\/es\/wp-content\/uploads\/2024\/12\/personajes-te-queremos-vivo-2-1024x742.jpg 1024w, https:\/\/www.medellin.gov.co\/es\/wp-content\/uploads\/2024\/12\/personajes-te-queremos-vivo-2-300x217.jpg 300w, https:\/\/www.medellin.gov.co\/es\/wp-content\/uploads\/2024\/12\/personajes-te-queremos-vivo-2-150x109.jpg 150w, https:\/\/www.medellin.gov.co\/es\/wp-content\/uploads\/2024\/12\/personajes-te-queremos-vivo-2-768x557.jpg 768w, https:\/\/www.medellin.gov.co\/es\/wp-content\/uploads\/2024\/12\/personajes-te-queremos-vivo-2.jpg 1173w\" sizes=\"(max-width: 1024px) 100vw, 1024px\" \/><\/a>\n\t\t\t<\/dt>\n\t\t\t\t<dd class='wp-caption-text gallery-caption' id='gallery-1-374260'>\n\t\t\t\tJhon Aleta\n\t\t\t\t<\/dd><\/dl><br style=\"clear: both\" \/>\n\t\t<\/div>\n\n<p><strong>Alianzas con empresas:<\/strong> se hacen capacitaciones a los empleados de las empresas de sectores como mensajer\u00eda, log\u00edstica, construcci\u00f3n y vigilancia. Se llevan a cabo acciones especiales con la empresa \u201cRappi\u201d con formaci\u00f3n a los \u201crapitenderos\u201d en el respeto de normas de tr\u00e1nsito y con mensajes de cultura vial en sus paquetes.<\/p>\n<p><strong>Puntos pedag\u00f3gicos:<\/strong> se tienen puntos pedag\u00f3gicos en las v\u00edas de la ciudad dirigidos exclusivamente a motociclistas para invitarlos a conducir con precauci\u00f3n y llamar a sus seres queridos para que se comprometan con ellos a cuidar su vida en las calles.<\/p>\n\n\t\t<style type=\"text\/css\">\n\t\t\t#gallery-2 {\n\t\t\t\tmargin: auto;\n\t\t\t}\n\t\t\t#gallery-2 .gallery-item {\n\t\t\t\tfloat: left;\n\t\t\t\tmargin-top: 10px;\n\t\t\t\ttext-align: center;\n\t\t\t\twidth: 50%;\n\t\t\t}\n\t\t\t#gallery-2 img {\n\t\t\t\tborder: 2px solid #cfcfcf;\n\t\t\t}\n\t\t\t#gallery-2 .gallery-caption {\n\t\t\t\tmargin-left: 0;\n\t\t\t}\n\t\t\t\/* see gallery_shortcode() in wp-includes\/media.php *\/\n\t\t<\/style>\n\t\t<div id='gallery-2' class='gallery galleryid-374226 gallery-columns-2 gallery-size-large'><dl class='gallery-item'>\n\t\t\t<dt class='gallery-icon landscape'>\n\t\t\t\t<a href='https:\/\/www.medellin.gov.co\/es\/sala-de-prensa\/noticias\/medellin-tiene-una-familia-movil-de-corazon-azul\/movilidad_4\/'><img width=\"1024\" height=\"680\" src=\"https:\/\/www.medellin.gov.co\/es\/wp-content\/uploads\/2024\/04\/Movilidad_4-1024x680.jpg\" class=\"attachment-large size-large\" alt=\"Agente de Tr\u00e1nsito\" loading=\"lazy\" aria-describedby=\"gallery-2-308539\" srcset=\"https:\/\/www.medellin.gov.co\/es\/wp-content\/uploads\/2024\/04\/Movilidad_4-1024x680.jpg 1024w, https:\/\/www.medellin.gov.co\/es\/wp-content\/uploads\/2024\/04\/Movilidad_4-300x199.jpg 300w, https:\/\/www.medellin.gov.co\/es\/wp-content\/uploads\/2024\/04\/Movilidad_4-150x100.jpg 150w, https:\/\/www.medellin.gov.co\/es\/wp-content\/uploads\/2024\/04\/Movilidad_4-768x510.jpg 768w, https:\/\/www.medellin.gov.co\/es\/wp-content\/uploads\/2024\/04\/Movilidad_4.jpg 1280w\" sizes=\"(max-width: 1024px) 100vw, 1024px\" \/><\/a>\n\t\t\t<\/dt>\n\t\t\t\t<dd class='wp-caption-text gallery-caption' id='gallery-2-308539'>\n\t\t\t\tAgente de Tr\u00e1nsito\n\t\t\t\t<\/dd><\/dl><dl class='gallery-item'>\n\t\t\t<dt class='gallery-icon landscape'>\n\t\t\t\t<a href='https:\/\/www.medellin.gov.co\/es\/sala-de-prensa\/noticias\/medellin-tiene-una-familia-movil-de-corazon-azul\/movilidad_5\/'><img width=\"1024\" height=\"680\" src=\"https:\/\/www.medellin.gov.co\/es\/wp-content\/uploads\/2024\/04\/Movilidad_5-1024x680.jpg\" class=\"attachment-large size-large\" alt=\"Agente de Tr\u00e1nsito\" loading=\"lazy\" aria-describedby=\"gallery-2-308538\" srcset=\"https:\/\/www.medellin.gov.co\/es\/wp-content\/uploads\/2024\/04\/Movilidad_5-1024x680.jpg 1024w, https:\/\/www.medellin.gov.co\/es\/wp-content\/uploads\/2024\/04\/Movilidad_5-300x199.jpg 300w, https:\/\/www.medellin.gov.co\/es\/wp-content\/uploads\/2024\/04\/Movilidad_5-150x100.jpg 150w, https:\/\/www.medellin.gov.co\/es\/wp-content\/uploads\/2024\/04\/Movilidad_5-768x510.jpg 768w, https:\/\/www.medellin.gov.co\/es\/wp-content\/uploads\/2024\/04\/Movilidad_5.jpg 1280w\" sizes=\"(max-width: 1024px) 100vw, 1024px\" \/><\/a>\n\t\t\t<\/dt>\n\t\t\t\t<dd class='wp-caption-text gallery-caption' id='gallery-2-308538'>\n\t\t\t\tAgente de Tr\u00e1nsito\n\t\t\t\t<\/dd><\/dl><br style=\"clear: both\" \/>\n\t\t<\/div>\n\n<p><strong>Cambios de contexto en las v\u00edas: <\/strong>se hace una se\u00f1alizaci\u00f3n alternativa en los corredores con el mayor n\u00famero de siniestros para alertar a los actores viales y fomentar el buen comportamiento al conducir. Se instalaron vallas, se\u00f1ales verticales y horizontales, tachas reflectivas y se transmiten permanentemente mensajes en los paneles de mensajer\u00eda variable.<\/p>\n<p>En resumen, la campa\u00f1a \u201c<a href=\"https:\/\/www.medellin.gov.co\/es\/secretaria-de-movilidad\/te-queremos-vivo\/\" target=\"_blank\" rel=\"noopener\">Te queremos vivo<\/a>\u201d lleva un mensaje de protecci\u00f3n de la vida en las calles de Medell\u00edn, fomentando la cultura de la seguridad vial para disminuir los \u00edndices de siniestralidad y muertes, permiti\u00e9ndoles as\u00ed a los ciudadanos disfrutar con tranquilidad una ciudad que es suya, que es de todos.<\/p>\n","protected":false},"excerpt":{"rendered":"<p>Con la campa\u00f1a \u201cTe queremos vivo\u201d, la Secretar\u00eda de Movilidad de Medell\u00edn quiere que los actores viales reflexionen sobre el mal ejemplo de los personajes animados que hoy vemos en las calles de la ciudad &#8230;<\/p>\n","protected":false},"author":17,"featured_media":374363,"comment_status":"open","ping_status":"open","sticky":false,"template":"","format":"standard","meta":[],"categories":[14],"tags":[447],"formato_nota":[],"programas_tax":[],"acf":[],"_links":{"self":[{"href":"https:\/\/www.medellin.gov.co\/es\/wp-json\/wp\/v2\/posts\/374226"}],"collection":[{"href":"https:\/\/www.medellin.gov.co\/es\/wp-json\/wp\/v2\/posts"}],"about":[{"href":"https:\/\/www.medellin.gov.co\/es\/wp-json\/wp\/v2\/types\/post"}],"author":[{"embeddable":true,"href":"https:\/\/www.medellin.gov.co\/es\/wp-json\/wp\/v2\/users\/17"}],"replies":[{"embeddable":true,"href":"https:\/\/www.medellin.gov.co\/es\/wp-json\/wp\/v2\/comments?post=374226"}],"version-history":[{"count":3,"href":"https:\/\/www.medellin.gov.co\/es\/wp-json\/wp\/v2\/posts\/374226\/revisions"}],"predecessor-version":[{"id":374381,"href":"https:\/\/www.medellin.gov.co\/es\/wp-json\/wp\/v2\/posts\/374226\/revisions\/374381"}],"wp:featuredmedia":[{"embeddable":true,"href":"https:\/\/www.medellin.gov.co\/es\/wp-json\/wp\/v2\/media\/374363"}],"wp:attachment":[{"href":"https:\/\/www.medellin.gov.co\/es\/wp-json\/wp\/v2\/media?parent=374226"}],"wp:term":[{"taxonomy":"category","embeddable":true,"href":"https:\/\/www.medellin.gov.co\/es\/wp-json\/wp\/v2\/categories?post=374226"},{"taxonomy":"post_tag","embeddable":true,"href":"https:\/\/www.medellin.gov.co\/es\/wp-json\/wp\/v2\/tags?post=374226"},{"taxonomy":"formato_nota","embeddable":true,"href":"https:\/\/www.medellin.gov.co\/es\/wp-json\/wp\/v2\/formato_nota?post=374226"},{"taxonomy":"programas_tax","embeddable":true,"href":"https:\/\/www.medellin.gov.co\/es\/wp-json\/wp\/v2\/programas_tax?post=374226"}],"curies":[{"name":"wp","href":"https:\/\/api.w.org\/{rel}","templated":true}]}}