{"id":377715,"date":"2024-12-19T12:50:32","date_gmt":"2024-12-19T17:50:32","guid":{"rendered":"https:\/\/www.medellin.gov.co\/es\/?p=377715"},"modified":"2024-12-23T09:41:09","modified_gmt":"2024-12-23T14:41:09","slug":"se-suspende-la-medida-de-restriccion-de-pico-y-placa-por-temporada-de-fin-de-ano","status":"publish","type":"post","link":"https:\/\/www.medellin.gov.co\/es\/sala-de-prensa\/noticias\/se-suspende-la-medida-de-restriccion-de-pico-y-placa-por-temporada-de-fin-de-ano\/","title":{"rendered":"Se suspende la medida de restricci\u00f3n de Pico y Placa por temporada de fin de a\u00f1o"},"content":{"rendered":"<ul>\n<li class=\"p1\"><b>Desde este 23 de diciembre y hasta el pr\u00f3ximo 10 de enero de 2025 no habr\u00e1 <\/b><b>restricci\u00f3n de pico y placa en Medell\u00edn.<\/b><\/li>\n<li class=\"p1\"><b>A partir del lunes 13 de enero de 2025, la medida retorna a la normalidad, <\/b><b>con la misma secuencia num\u00e9rica vigente que tuvo el segundo semestre de\u00a0<\/b><b>2024.<\/b><\/li>\n<\/ul>\n<!--[if lt IE 9]><script>document.createElement('audio');<\/script><![endif]-->\n\t<div class=\"wp-playlist wp-audio-playlist wp-playlist-light\">\n\t\t\t<div class=\"wp-playlist-current-item\"><\/div>\n\t\t<audio controls=\"controls\" preload=\"none\" width=\"640\"\n\t\t\t><\/audio>\n\t<div class=\"wp-playlist-next\"><\/div>\n\t<div class=\"wp-playlist-prev\"><\/div>\n\t<noscript>\n\t<ol>\n\t\t<li><a href='https:\/\/www.medellin.gov.co\/es\/wp-content\/uploads\/2024\/12\/suspencion-pico-y-placa-fin-de-an\u0303o-2024-01.mp3'>Palabras de Federico Guti\u00e9rrez Zuluaga, alcalde de Medell\u00edn (Intervenci\u00f3n 1)<\/a><\/li><li><a href='https:\/\/www.medellin.gov.co\/es\/wp-content\/uploads\/2024\/12\/suspencion-pico-y-placa-fin-de-an\u0303o-2024-02.mp3'>Palabras de Federico Guti\u00e9rrez Zuluaga, alcalde de Medell\u00edn (Intervenci\u00f3n 2)<\/a><\/li><li><a href='https:\/\/www.medellin.gov.co\/es\/wp-content\/uploads\/2024\/12\/suspencion-pico-y-placa-fin-de-an\u0303o-2024-03.mp3'>Palabras de Mateo Gonz\u00e1lez Ben\u00edtez, secretario de Movilidad<\/a><\/li>\t<\/ol>\n\t<\/noscript>\n\t<script type=\"application\/json\" class=\"wp-playlist-script\">{\"type\":\"audio\",\"tracklist\":true,\"tracknumbers\":true,\"images\":true,\"artists\":true,\"tracks\":[{\"src\":\"https:\\\/\\\/www.medellin.gov.co\\\/es\\\/wp-content\\\/uploads\\\/2024\\\/12\\\/suspencion-pico-y-placa-fin-de-an\\u0303o-2024-01.mp3\",\"type\":\"audio\\\/mpeg\",\"title\":\"Palabras de Federico Guti\\u00e9rrez Zuluaga, alcalde de Medell\\u00edn (Intervenci\\u00f3n 1)\",\"caption\":\"\",\"description\":\"\\u00abPalabras de Federico Guti\\u00e9rrez Zuluaga, alcalde de Medell\\u00edn (Intervenci\\u00f3n 1)\\u00bb.\",\"meta\":{\"length_formatted\":\"2:55\"},\"image\":{\"src\":\"https:\\\/\\\/www.medellin.gov.co\\\/es\\\/wp-includes\\\/images\\\/media\\\/audio.png\",\"width\":48,\"height\":64},\"thumb\":{\"src\":\"https:\\\/\\\/www.medellin.gov.co\\\/es\\\/wp-includes\\\/images\\\/media\\\/audio.png\",\"width\":48,\"height\":64}},{\"src\":\"https:\\\/\\\/www.medellin.gov.co\\\/es\\\/wp-content\\\/uploads\\\/2024\\\/12\\\/suspencion-pico-y-placa-fin-de-an\\u0303o-2024-02.mp3\",\"type\":\"audio\\\/mpeg\",\"title\":\"Palabras de Federico Guti\\u00e9rrez Zuluaga, alcalde de Medell\\u00edn (Intervenci\\u00f3n 2)\",\"caption\":\"\",\"description\":\"\\u00abPalabras de Federico Guti\\u00e9rrez Zuluaga, alcalde de Medell\\u00edn (Intervenci\\u00f3n 2)\\u00bb.\",\"meta\":{\"length_formatted\":\"3:58\"},\"image\":{\"src\":\"https:\\\/\\\/www.medellin.gov.co\\\/es\\\/wp-includes\\\/images\\\/media\\\/audio.png\",\"width\":48,\"height\":64},\"thumb\":{\"src\":\"https:\\\/\\\/www.medellin.gov.co\\\/es\\\/wp-includes\\\/images\\\/media\\\/audio.png\",\"width\":48,\"height\":64}},{\"src\":\"https:\\\/\\\/www.medellin.gov.co\\\/es\\\/wp-content\\\/uploads\\\/2024\\\/12\\\/suspencion-pico-y-placa-fin-de-an\\u0303o-2024-03.mp3\",\"type\":\"audio\\\/mpeg\",\"title\":\"Palabras de Mateo Gonz\\u00e1lez Ben\\u00edtez, secretario de Movilidad\",\"caption\":\"\",\"description\":\"\\u00absuspencion pico y placa fin de an\\u0303o 2024-03\\u00bb.\",\"meta\":{\"length_formatted\":\"1:13\"},\"image\":{\"src\":\"https:\\\/\\\/www.medellin.gov.co\\\/es\\\/wp-includes\\\/images\\\/media\\\/audio.png\",\"width\":48,\"height\":64},\"thumb\":{\"src\":\"https:\\\/\\\/www.medellin.gov.co\\\/es\\\/wp-includes\\\/images\\\/media\\\/audio.png\",\"width\":48,\"height\":64}}]}<\/script>\n<\/div>\n\t\n<p class=\"p1\">El Distrito de Medell\u00edn defini\u00f3 por decreto la suspensi\u00f3n temporal de la medida\u00a0restrictiva por Pico y Placa desde el 23 de diciembre hasta el 10 de enero de 2025,\u00a0teniendo en cuenta el estudio t\u00e9cnico que ha evidenciado la reducci\u00f3n del flujo\u00a0vehicular en la ciudad durante la temporada de fin de a\u00f1o hasta en un 21 %.<\/p>\n<p class=\"p1\">Este an\u00e1lisis se basa en datos estad\u00edsticos recolectados en los principales\u00a0corredores vehiculares de la ciudad: Autopista Sur, carrera 80, avenida El\u00a0Poblado, avenida Guayabal, v\u00eda Las Palmas, avenida Oriental, avenida Regional\u00a0y las carreras 64 C y 65.<\/p>\n\n\t\t<style type=\"text\/css\">\n\t\t\t#gallery-1 {\n\t\t\t\tmargin: auto;\n\t\t\t}\n\t\t\t#gallery-1 .gallery-item {\n\t\t\t\tfloat: left;\n\t\t\t\tmargin-top: 10px;\n\t\t\t\ttext-align: center;\n\t\t\t\twidth: 100%;\n\t\t\t}\n\t\t\t#gallery-1 img {\n\t\t\t\tborder: 2px solid #cfcfcf;\n\t\t\t}\n\t\t\t#gallery-1 .gallery-caption {\n\t\t\t\tmargin-left: 0;\n\t\t\t}\n\t\t\t\/* see gallery_shortcode() in wp-includes\/media.php *\/\n\t\t<\/style>\n\t\t<div id='gallery-1' class='gallery galleryid-377715 gallery-columns-1 gallery-size-large'><dl class='gallery-item'>\n\t\t\t<dt class='gallery-icon landscape'>\n\t\t\t\t<a href='https:\/\/www.medellin.gov.co\/es\/sala-de-prensa\/noticias\/se-suspende-la-medida-de-restriccion-de-pico-y-placa-por-temporada-de-fin-de-ano\/suspencion-pico-y-placa-fin-de-an%cc%83o-2024-2\/'><img width=\"1024\" height=\"768\" src=\"https:\/\/www.medellin.gov.co\/es\/wp-content\/uploads\/2024\/12\/suspencion-pico-y-placa-fin-de-an\u0303o-2024-2-1024x768.jpg\" class=\"attachment-large size-large\" alt=\"\" loading=\"lazy\" aria-describedby=\"gallery-1-377752\" srcset=\"https:\/\/www.medellin.gov.co\/es\/wp-content\/uploads\/2024\/12\/suspencion-pico-y-placa-fin-de-an\u0303o-2024-2-1024x768.jpg 1024w, https:\/\/www.medellin.gov.co\/es\/wp-content\/uploads\/2024\/12\/suspencion-pico-y-placa-fin-de-an\u0303o-2024-2-300x225.jpg 300w, https:\/\/www.medellin.gov.co\/es\/wp-content\/uploads\/2024\/12\/suspencion-pico-y-placa-fin-de-an\u0303o-2024-2-150x113.jpg 150w, https:\/\/www.medellin.gov.co\/es\/wp-content\/uploads\/2024\/12\/suspencion-pico-y-placa-fin-de-an\u0303o-2024-2-768x576.jpg 768w, https:\/\/www.medellin.gov.co\/es\/wp-content\/uploads\/2024\/12\/suspencion-pico-y-placa-fin-de-an\u0303o-2024-2.jpg 1200w\" sizes=\"(max-width: 1024px) 100vw, 1024px\" \/><\/a>\n\t\t\t<\/dt>\n\t\t\t\t<dd class='wp-caption-text gallery-caption' id='gallery-1-377752'>\n\t\t\t\tSe suspende la medida de restricci\u00f3n de Pico y Placa por temporada de fin de a\u00f1o\n\t\t\t\t<\/dd><\/dl><br style=\"clear: both\" \/>\n\t\t<\/div>\n\n<p class=\"p1\">\u201c<i>Lo m\u00e1s importante es recordarle a las personas que en estas \u00e9pocas de\u00a0<\/i><i>festividades, si van a tomarse un traguito, entreguen las llaves y el volante. No\u00a0<\/i><i>vale la pena que pongan en riesgo su vida, las de sus familias y amigos; y mucho\u00a0<\/i><i>menos poner exponer la vida de otras personas que est\u00e1n en la v\u00eda p\u00fablica. Es\u00a0<\/i><i>muy importante que respetemos las se\u00f1ales de tr\u00e1nsito, tanto los conductores\u00a0<\/i><i>como los peatones<\/i>\u201d, recomend\u00f3 el alcalde de Medell\u00edn, Federico Guti\u00e9rrez\u00a0Zuluaga.<\/p>\n<p class=\"p1\">Al hacer comparativos del comportamiento del tr\u00e1fico en las temporadas\u00a0decembrinas de 2022 y 2023, el primero con suspensi\u00f3n de la medida y el\u00a0segundo con restricci\u00f3n, se pudo establecer que, debido a la disminuci\u00f3n del flujo\u00a0vehicular, no se evidenci\u00f3 un impacto significativo y se puede determinar que al\u00a0aplicar una suspensi\u00f3n de la medida este 2024 e inicio de 2025, se facilita el\u00a0desplazamiento para los habitantes de la ciudad y turistas que llegan con motivo\u00a0de las celebraciones.<\/p>\n<div id=\"attachment_326839\" style=\"width: 1210px\" class=\"wp-caption aligncenter\"><a href=\"https:\/\/www.medellin.gov.co\/es\/wp-content\/uploads\/2024\/07\/Rotacion-pico-y-placa-segundo-semestre-en-medellin-2.jpg\" target=\"_blank\" rel=\"noopener\"><img aria-describedby=\"caption-attachment-326839\" loading=\"lazy\" class=\"wp-image-326839 size-full\" title=\"Se suspende la medida de restricci\u00f3n de Pico y Placa por temporada de fin de a\u00f1o\" src=\"https:\/\/www.medellin.gov.co\/es\/wp-content\/uploads\/2024\/07\/Rotacion-pico-y-placa-segundo-semestre-en-medellin-2.jpg\" alt=\"Desde este 5 de agosto rige la rotaci\u00f3n del Pico y Placa para el segundo semestre de 2024 en Medell\u00edn y el \u00e1rea metropolitana\" width=\"1200\" height=\"675\" srcset=\"https:\/\/www.medellin.gov.co\/es\/wp-content\/uploads\/2024\/07\/Rotacion-pico-y-placa-segundo-semestre-en-medellin-2.jpg 1200w, https:\/\/www.medellin.gov.co\/es\/wp-content\/uploads\/2024\/07\/Rotacion-pico-y-placa-segundo-semestre-en-medellin-2-300x169.jpg 300w, https:\/\/www.medellin.gov.co\/es\/wp-content\/uploads\/2024\/07\/Rotacion-pico-y-placa-segundo-semestre-en-medellin-2-1024x576.jpg 1024w, https:\/\/www.medellin.gov.co\/es\/wp-content\/uploads\/2024\/07\/Rotacion-pico-y-placa-segundo-semestre-en-medellin-2-150x84.jpg 150w, https:\/\/www.medellin.gov.co\/es\/wp-content\/uploads\/2024\/07\/Rotacion-pico-y-placa-segundo-semestre-en-medellin-2-768x432.jpg 768w\" sizes=\"(max-width: 1200px) 100vw, 1200px\" \/><\/a><p id=\"caption-attachment-326839\" class=\"wp-caption-text\">Se suspende la medida de restricci\u00f3n de Pico y Placa por temporada de fin de a\u00f1o &#8211; Foto alcaldia de Medell\u00edn<\/p><\/div>\n<p class=\"p1\"><i>\u201cHemos visto este a\u00f1o como hay un aumento, de manera triste, de muertes en\u00a0<\/i><i>accidentalidad vial. Desde que se lanz\u00f3 la campa\u00f1a Te Queremos Vivo, venimos\u00a0<\/i><i>con una tendencia de reducci\u00f3n, que se va a traducir de manera m\u00e1s fuerte en\u00a0<\/i><i>enero o febrero. Pese a que hay una disminuci\u00f3n casos y de lesionados, hay m\u00e1s\u00a0<\/i><i>muertes, porque han sido m\u00e1s letales. Es la primera vez que tenemos m\u00e1s\u00a0<\/i><i>muertes por accidentes de tr\u00e1nsito que por homicidios\u201d<\/i><i>, <\/i>agreg\u00f3 el mandatario.<\/p>\n<p class=\"p1\">Se aclara que la medida regir\u00e1 nuevamente desde el lunes 13 de enero de 2025,\u00a0d\u00eda desde el cual tendr\u00e1 sanci\u00f3n econ\u00f3mica y no habr\u00e1 semana con medida\u00a0pedag\u00f3gica.<\/p>\n<p class=\"p1\">La secuencia num\u00e9rica que se adopta para reiniciar la restricci\u00f3n es la misma del\u00a0segundo semestre de 2024, es decir, se proh\u00edbe la circulaci\u00f3n entre las 5:00 a. m.\u00a0y 8:00 p. m. a veh\u00edculos con placas terminadas en:<\/p>\n<ul>\n<li class=\"p1\">Lunes: 0\u20132.<\/li>\n<li class=\"p1\">Martes: 6\u20139.<\/li>\n<li class=\"p1\">Mi\u00e9rcoles: 3-7.<\/li>\n<li class=\"p1\">Jueves: 4-8.<\/li>\n<li class=\"p1\">Viernes: 1-5.<\/li>\n<\/ul>\n<p class=\"p1\">En el caso de las motocicletas aplica la misma restricci\u00f3n, pero con el primer\u00a0n\u00famero de la placa.<\/p>\n<div id=\"attachment_377730\" style=\"width: 516px\" class=\"wp-caption aligncenter\"><a href=\"https:\/\/www.medellin.gov.co\/es\/wp-content\/uploads\/2024\/12\/suspencion-pico-y-placa-fin-de-an\u0303o-2024-1.jpg\" target=\"_blank\" rel=\"noopener\"><img aria-describedby=\"caption-attachment-377730\" loading=\"lazy\" class=\"wp-image-377730 size-full\" title=\"Se suspende la medida de restricci\u00f3n de Pico y Placa por temporada de fin de a\u00f1o\" src=\"https:\/\/www.medellin.gov.co\/es\/wp-content\/uploads\/2024\/12\/suspencion-pico-y-placa-fin-de-an\u0303o-2024-1.jpg\" alt=\"\" width=\"506\" height=\"900\" srcset=\"https:\/\/www.medellin.gov.co\/es\/wp-content\/uploads\/2024\/12\/suspencion-pico-y-placa-fin-de-an\u0303o-2024-1.jpg 506w, https:\/\/www.medellin.gov.co\/es\/wp-content\/uploads\/2024\/12\/suspencion-pico-y-placa-fin-de-an\u0303o-2024-1-169x300.jpg 169w, https:\/\/www.medellin.gov.co\/es\/wp-content\/uploads\/2024\/12\/suspencion-pico-y-placa-fin-de-an\u0303o-2024-1-84x150.jpg 84w\" sizes=\"(max-width: 506px) 100vw, 506px\" \/><\/a><p id=\"caption-attachment-377730\" class=\"wp-caption-text\">Se suspende la medida de restricci\u00f3n de Pico y Placa por temporada de fin de a\u00f1o &#8211; Foto alcald\u00eda de Medell\u00edn<\/p><\/div>\n","protected":false},"excerpt":{"rendered":"<p>Desde este 23 de diciembre y hasta el pr\u00f3ximo 10 de enero de 2025 no habr\u00e1 restricci\u00f3n de pico y placa en Medell\u00edn. A partir del lunes 13 de enero de 2025, la medida retorna &#8230;<\/p>\n","protected":false},"author":84,"featured_media":326840,"comment_status":"open","ping_status":"open","sticky":false,"template":"","format":"standard","meta":[],"categories":[14],"tags":[437,453,447],"formato_nota":[],"programas_tax":[],"acf":[],"_links":{"self":[{"href":"https:\/\/www.medellin.gov.co\/es\/wp-json\/wp\/v2\/posts\/377715"}],"collection":[{"href":"https:\/\/www.medellin.gov.co\/es\/wp-json\/wp\/v2\/posts"}],"about":[{"href":"https:\/\/www.medellin.gov.co\/es\/wp-json\/wp\/v2\/types\/post"}],"author":[{"embeddable":true,"href":"https:\/\/www.medellin.gov.co\/es\/wp-json\/wp\/v2\/users\/84"}],"replies":[{"embeddable":true,"href":"https:\/\/www.medellin.gov.co\/es\/wp-json\/wp\/v2\/comments?post=377715"}],"version-history":[{"count":2,"href":"https:\/\/www.medellin.gov.co\/es\/wp-json\/wp\/v2\/posts\/377715\/revisions"}],"predecessor-version":[{"id":378079,"href":"https:\/\/www.medellin.gov.co\/es\/wp-json\/wp\/v2\/posts\/377715\/revisions\/378079"}],"wp:featuredmedia":[{"embeddable":true,"href":"https:\/\/www.medellin.gov.co\/es\/wp-json\/wp\/v2\/media\/326840"}],"wp:attachment":[{"href":"https:\/\/www.medellin.gov.co\/es\/wp-json\/wp\/v2\/media?parent=377715"}],"wp:term":[{"taxonomy":"category","embeddable":true,"href":"https:\/\/www.medellin.gov.co\/es\/wp-json\/wp\/v2\/categories?post=377715"},{"taxonomy":"post_tag","embeddable":true,"href":"https:\/\/www.medellin.gov.co\/es\/wp-json\/wp\/v2\/tags?post=377715"},{"taxonomy":"formato_nota","embeddable":true,"href":"https:\/\/www.medellin.gov.co\/es\/wp-json\/wp\/v2\/formato_nota?post=377715"},{"taxonomy":"programas_tax","embeddable":true,"href":"https:\/\/www.medellin.gov.co\/es\/wp-json\/wp\/v2\/programas_tax?post=377715"}],"curies":[{"name":"wp","href":"https:\/\/api.w.org\/{rel}","templated":true}]}}