{"id":377770,"date":"2024-12-19T13:50:04","date_gmt":"2024-12-19T18:50:04","guid":{"rendered":"https:\/\/www.medellin.gov.co\/es\/?p=377770"},"modified":"2024-12-19T13:50:04","modified_gmt":"2024-12-19T18:50:04","slug":"ninas-ninos-mujeres-gestantes-y-lactantes-de-buen-comienzo-recibieron-paquetes-alimentarios-para-el-periodo-de-vacaciones","status":"publish","type":"post","link":"https:\/\/www.medellin.gov.co\/es\/sala-de-prensa\/noticias\/ninas-ninos-mujeres-gestantes-y-lactantes-de-buen-comienzo-recibieron-paquetes-alimentarios-para-el-periodo-de-vacaciones\/","title":{"rendered":"Ni\u00f1as, ni\u00f1os, mujeres gestantes y lactantes de Buen Comienzo recibieron paquetes alimentarios para el periodo de vacaciones"},"content":{"rendered":"<ul>\n<li class=\"p1\"><b>Esta acci\u00f3n est\u00e1 enmarcada en el proyecto estrat\u00e9gico Buen Comienzo 365, <\/b><b>para fortalecer la atenci\u00f3n integral todos los d\u00edas del a\u00f1o.<\/b><\/li>\n<li class=\"p1\"><b>Adicional al paquete alimentario, las beneficiarias se llevaron para sus <\/b><b>casas una herramienta pedag\u00f3gica.<\/b><\/li>\n<\/ul>\n<!--[if lt IE 9]><script>document.createElement('audio');<\/script><![endif]-->\n\t<div class=\"wp-playlist wp-audio-playlist wp-playlist-light\">\n\t\t\t<div class=\"wp-playlist-current-item\"><\/div>\n\t\t<audio controls=\"controls\" preload=\"none\" width=\"640\"\n\t\t\t><\/audio>\n\t<div class=\"wp-playlist-next\"><\/div>\n\t<div class=\"wp-playlist-prev\"><\/div>\n\t<noscript>\n\t<ol>\n\t\t<li><a href='https:\/\/www.medellin.gov.co\/es\/wp-content\/uploads\/2024\/12\/nin\u0303os-y-mujeres-gestantes-buen-comienzo-01.mp3'>Palabras de Federico Guti\u00e9rrez, alcalde de Medell\u00edn<\/a><\/li>\t<\/ol>\n\t<\/noscript>\n\t<script type=\"application\/json\" class=\"wp-playlist-script\">{\"type\":\"audio\",\"tracklist\":true,\"tracknumbers\":true,\"images\":true,\"artists\":true,\"tracks\":[{\"src\":\"https:\\\/\\\/www.medellin.gov.co\\\/es\\\/wp-content\\\/uploads\\\/2024\\\/12\\\/nin\\u0303os-y-mujeres-gestantes-buen-comienzo-01.mp3\",\"type\":\"audio\\\/mpeg\",\"title\":\"Palabras de Federico Guti\\u00e9rrez, alcalde de Medell\\u00edn\",\"caption\":\"\",\"description\":\"\\u00abPalabras de Federico Guti\\u00e9rrez, alcalde de Medell\\u00edn\\u00bb.\",\"meta\":{\"length_formatted\":\"2:54\"},\"image\":{\"src\":\"https:\\\/\\\/www.medellin.gov.co\\\/es\\\/wp-includes\\\/images\\\/media\\\/audio.png\",\"width\":48,\"height\":64},\"thumb\":{\"src\":\"https:\\\/\\\/www.medellin.gov.co\\\/es\\\/wp-includes\\\/images\\\/media\\\/audio.png\",\"width\":48,\"height\":64}}]}<\/script>\n<\/div>\n\t\n<p class=\"p1\">De cara a la temporada de receso en la atenci\u00f3n y en el marco del proyecto\u00a0estrat\u00e9gico Buen Comienzo 365, el Distrito realiz\u00f3 la entrega de paquetes\u00a0alimentarios a ni\u00f1as, ni\u00f1os, mujeres gestantes y lactantes. Esta acci\u00f3n representa\u00a0una inversi\u00f3n superior a los $7.465 millones y busca impactar positivamente en la\u00a0seguridad alimentaria y el desarrollo integral de la primera infancia de Medell\u00edn.<\/p>\n<div id=\"attachment_377784\" style=\"width: 1210px\" class=\"wp-caption aligncenter\"><a href=\"https:\/\/www.medellin.gov.co\/es\/wp-content\/uploads\/2024\/12\/nin\u0303os-y-mujeres-gestantes-buen-comienzo-4.jpg\" target=\"_blank\" rel=\"noopener\"><img aria-describedby=\"caption-attachment-377784\" loading=\"lazy\" class=\"wp-image-377784 size-full\" title=\"Ni\u00f1as, ni\u00f1os, mujeres gestantes y lactantes de Buen Comienzo recibieron paquetes alimentarios para el periodo de vacaciones - Foto alcald\u00eda de Medell\u00edn\" src=\"https:\/\/www.medellin.gov.co\/es\/wp-content\/uploads\/2024\/12\/nin\u0303os-y-mujeres-gestantes-buen-comienzo-4.jpg\" alt=\"\" width=\"1200\" height=\"799\" srcset=\"https:\/\/www.medellin.gov.co\/es\/wp-content\/uploads\/2024\/12\/nin\u0303os-y-mujeres-gestantes-buen-comienzo-4.jpg 1200w, https:\/\/www.medellin.gov.co\/es\/wp-content\/uploads\/2024\/12\/nin\u0303os-y-mujeres-gestantes-buen-comienzo-4-300x200.jpg 300w, https:\/\/www.medellin.gov.co\/es\/wp-content\/uploads\/2024\/12\/nin\u0303os-y-mujeres-gestantes-buen-comienzo-4-1024x682.jpg 1024w, https:\/\/www.medellin.gov.co\/es\/wp-content\/uploads\/2024\/12\/nin\u0303os-y-mujeres-gestantes-buen-comienzo-4-150x100.jpg 150w, https:\/\/www.medellin.gov.co\/es\/wp-content\/uploads\/2024\/12\/nin\u0303os-y-mujeres-gestantes-buen-comienzo-4-768x511.jpg 768w\" sizes=\"(max-width: 1200px) 100vw, 1200px\" \/><\/a><p id=\"caption-attachment-377784\" class=\"wp-caption-text\">Ni\u00f1as, ni\u00f1os, mujeres gestantes y lactantes de Buen Comienzo recibieron paquetes alimentarios para el periodo de vacaciones &#8211; Foto alcald\u00eda de Medell\u00edn<\/p><\/div>\n<p class=\"p1\">Los paquetes alimentarios est\u00e1n compuestos por alimentos frescos y nutritivos,\u00a0seleccionados para cubrir las necesidades de la primera infancia, promoviendo\u00a0h\u00e1bitos alimentarios saludables. Su valor nutricional asegura un aporte que cubre\u00a0entre el 76 % y el 90 % de los requerimientos diarios de nutrientes esenciales,\u00a0como prote\u00ednas, vitaminas y minerales, adem\u00e1s, de proporcionar\u00a0aproximadamente el 91 % de la energ\u00eda (calor\u00edas) necesaria para el crecimiento y\u00a0desarrollo adecuado de las ni\u00f1as y los ni\u00f1os beneficiarios.<\/p>\n<p class=\"p1\">Para la Administraci\u00f3n Distrital, la primera infancia es una prioridad y, a trav\u00e9s de\u00a0Buen Comienzo, se busca que las ni\u00f1as, ni\u00f1os, mujeres gestantes y lactantes\u00a0reciban el acompa\u00f1amiento necesario para crecer de manera sana e integral. Este\u00a0esfuerzo no solo busca mitigar los riesgos nutricionales durante el receso en la\u00a0atenci\u00f3n, sino que promueve una recuperaci\u00f3n efectiva en los casos de\u00a0vulnerabilidad o desnutrici\u00f3n, garantizando que ninguno se quede sin la\u00a0alimentaci\u00f3n esencial.<\/p>\n<div id=\"attachment_377782\" style=\"width: 1210px\" class=\"wp-caption aligncenter\"><a href=\"https:\/\/www.medellin.gov.co\/es\/wp-content\/uploads\/2024\/12\/nin\u0303os-y-mujeres-gestantes-buen-comienzo-3.jpg\" target=\"_blank\" rel=\"noopener\"><img aria-describedby=\"caption-attachment-377782\" loading=\"lazy\" class=\"wp-image-377782 size-full\" title=\"Ni\u00f1as, ni\u00f1os, mujeres gestantes y lactantes de Buen Comienzo recibieron paquetes alimentarios para el periodo de vacaciones - Foto alcald\u00eda de Medell\u00edn\" src=\"https:\/\/www.medellin.gov.co\/es\/wp-content\/uploads\/2024\/12\/nin\u0303os-y-mujeres-gestantes-buen-comienzo-3.jpg\" alt=\"\" width=\"1200\" height=\"799\" srcset=\"https:\/\/www.medellin.gov.co\/es\/wp-content\/uploads\/2024\/12\/nin\u0303os-y-mujeres-gestantes-buen-comienzo-3.jpg 1200w, https:\/\/www.medellin.gov.co\/es\/wp-content\/uploads\/2024\/12\/nin\u0303os-y-mujeres-gestantes-buen-comienzo-3-300x200.jpg 300w, https:\/\/www.medellin.gov.co\/es\/wp-content\/uploads\/2024\/12\/nin\u0303os-y-mujeres-gestantes-buen-comienzo-3-1024x682.jpg 1024w, https:\/\/www.medellin.gov.co\/es\/wp-content\/uploads\/2024\/12\/nin\u0303os-y-mujeres-gestantes-buen-comienzo-3-150x100.jpg 150w, https:\/\/www.medellin.gov.co\/es\/wp-content\/uploads\/2024\/12\/nin\u0303os-y-mujeres-gestantes-buen-comienzo-3-768x511.jpg 768w\" sizes=\"(max-width: 1200px) 100vw, 1200px\" \/><\/a><p id=\"caption-attachment-377782\" class=\"wp-caption-text\">Ni\u00f1as, ni\u00f1os, mujeres gestantes y lactantes de Buen Comienzo recibieron paquetes alimentarios para el periodo de vacaciones &#8211; Foto alcald\u00eda de Medell\u00edn<\/p><\/div>\n<p class=\"p1\"><i>\u201cEl hambre no sale de vacaciones, y por eso todos los ni\u00f1os de nuestros\u00a0<\/i><i>programas Buen Comienzo se van con su paquete alimentario a vacaciones, con\u00a0<\/i><i>su paquete nutricional, porque somos conscientes de que hay que atacar la\u00a0<\/i><i>desnutrici\u00f3n, que lo m\u00e1s importante son nuestras ni\u00f1as y ni\u00f1os\u201d<\/i>, expres\u00f3 el\u00a0alcalde, Federico Guti\u00e9rrez.<\/p>\n<p class=\"p1\">Adem\u00e1s de los paquetes que cada beneficiario recibi\u00f3, se entreg\u00f3 un libro\u00a0seleccionado seg\u00fan su ciclo vital, con el prop\u00f3sito de enriquecer sus habilidades,\u00a0fortalecer los v\u00ednculos familiares y promover la lectura como una herramienta\u00a0transformadora en los hogares, asegurando que sea una herramienta significativa\u00a0para el aprendizaje y el bienestar.<\/p>\n<p class=\"p1\"><i>\u201cEstamos mejorando la capacidad de Buen Comienzo, vendr\u00e1n m\u00e1s jardines; el\u00a0<\/i><i>a\u00f1o entrante comienza la construcci\u00f3n de siete m\u00e1s. Pasar la cobertura de 220\u00a0<\/i><i>d\u00edas a 365 en el a\u00f1o es un triunfo para la ni\u00f1ez. Las matr\u00edculas est\u00e1n abiertas, y\u00a0<\/i><i>tenemos m\u00e1s de 11.000 cupos en modalidad institucional y familiar. No hay\u00a0<\/i><i>excusa para que un ni\u00f1o entre los 0 o 5 a\u00f1os est\u00e9 en la casa o que ning\u00fan joven\u00a0<\/i><i>est\u00e9 por fuera del sistema escolar\u201d<\/i><i>,<\/i> agreg\u00f3 el alcalde Guti\u00e9rrez.<\/p>\n<div id=\"attachment_377776\" style=\"width: 1210px\" class=\"wp-caption aligncenter\"><a href=\"https:\/\/www.medellin.gov.co\/es\/wp-content\/uploads\/2024\/12\/nin\u0303os-y-mujeres-gestantes-buen-comienzo-1.jpg\" target=\"_blank\" rel=\"noopener\"><img aria-describedby=\"caption-attachment-377776\" loading=\"lazy\" class=\"wp-image-377776 size-full\" title=\"Ni\u00f1as, ni\u00f1os, mujeres gestantes y lactantes de Buen Comienzo recibieron paquetes alimentarios para el periodo de vacaciones\" src=\"https:\/\/www.medellin.gov.co\/es\/wp-content\/uploads\/2024\/12\/nin\u0303os-y-mujeres-gestantes-buen-comienzo-1.jpg\" alt=\"\" width=\"1200\" height=\"799\" srcset=\"https:\/\/www.medellin.gov.co\/es\/wp-content\/uploads\/2024\/12\/nin\u0303os-y-mujeres-gestantes-buen-comienzo-1.jpg 1200w, https:\/\/www.medellin.gov.co\/es\/wp-content\/uploads\/2024\/12\/nin\u0303os-y-mujeres-gestantes-buen-comienzo-1-300x200.jpg 300w, https:\/\/www.medellin.gov.co\/es\/wp-content\/uploads\/2024\/12\/nin\u0303os-y-mujeres-gestantes-buen-comienzo-1-1024x682.jpg 1024w, https:\/\/www.medellin.gov.co\/es\/wp-content\/uploads\/2024\/12\/nin\u0303os-y-mujeres-gestantes-buen-comienzo-1-150x100.jpg 150w, https:\/\/www.medellin.gov.co\/es\/wp-content\/uploads\/2024\/12\/nin\u0303os-y-mujeres-gestantes-buen-comienzo-1-768x511.jpg 768w\" sizes=\"(max-width: 1200px) 100vw, 1200px\" \/><\/a><p id=\"caption-attachment-377776\" class=\"wp-caption-text\">Ni\u00f1as, ni\u00f1os, mujeres gestantes y lactantes de Buen Comienzo recibieron paquetes alimentarios para el periodo de vacaciones &#8211; Foto alcald\u00eda de Medell\u00edn<\/p><\/div>\n<p class=\"p1\">La atenci\u00f3n en los jardines y centros infantiles de Buen Comienzo se reanudar\u00e1\u00a0el 20 de enero de 2025, momento en el que se retomar\u00e1n todas las actividades y\u00a0servicios orientados al desarrollo integral de la primera infancia.<\/p>\n","protected":false},"excerpt":{"rendered":"<p>Esta acci\u00f3n est\u00e1 enmarcada en el proyecto estrat\u00e9gico Buen Comienzo 365, para fortalecer la atenci\u00f3n integral todos los d\u00edas del a\u00f1o. Adicional al paquete alimentario, las beneficiarias se llevaron para sus casas una herramienta pedag\u00f3gica. &#8230;<\/p>\n","protected":false},"author":84,"featured_media":377779,"comment_status":"open","ping_status":"open","sticky":false,"template":"","format":"standard","meta":[],"categories":[533],"tags":[437,451,453],"formato_nota":[],"programas_tax":[],"acf":[],"_links":{"self":[{"href":"https:\/\/www.medellin.gov.co\/es\/wp-json\/wp\/v2\/posts\/377770"}],"collection":[{"href":"https:\/\/www.medellin.gov.co\/es\/wp-json\/wp\/v2\/posts"}],"about":[{"href":"https:\/\/www.medellin.gov.co\/es\/wp-json\/wp\/v2\/types\/post"}],"author":[{"embeddable":true,"href":"https:\/\/www.medellin.gov.co\/es\/wp-json\/wp\/v2\/users\/84"}],"replies":[{"embeddable":true,"href":"https:\/\/www.medellin.gov.co\/es\/wp-json\/wp\/v2\/comments?post=377770"}],"version-history":[{"count":1,"href":"https:\/\/www.medellin.gov.co\/es\/wp-json\/wp\/v2\/posts\/377770\/revisions"}],"predecessor-version":[{"id":377802,"href":"https:\/\/www.medellin.gov.co\/es\/wp-json\/wp\/v2\/posts\/377770\/revisions\/377802"}],"wp:featuredmedia":[{"embeddable":true,"href":"https:\/\/www.medellin.gov.co\/es\/wp-json\/wp\/v2\/media\/377779"}],"wp:attachment":[{"href":"https:\/\/www.medellin.gov.co\/es\/wp-json\/wp\/v2\/media?parent=377770"}],"wp:term":[{"taxonomy":"category","embeddable":true,"href":"https:\/\/www.medellin.gov.co\/es\/wp-json\/wp\/v2\/categories?post=377770"},{"taxonomy":"post_tag","embeddable":true,"href":"https:\/\/www.medellin.gov.co\/es\/wp-json\/wp\/v2\/tags?post=377770"},{"taxonomy":"formato_nota","embeddable":true,"href":"https:\/\/www.medellin.gov.co\/es\/wp-json\/wp\/v2\/formato_nota?post=377770"},{"taxonomy":"programas_tax","embeddable":true,"href":"https:\/\/www.medellin.gov.co\/es\/wp-json\/wp\/v2\/programas_tax?post=377770"}],"curies":[{"name":"wp","href":"https:\/\/api.w.org\/{rel}","templated":true}]}}