{"id":378134,"date":"2024-12-20T14:57:02","date_gmt":"2024-12-20T19:57:02","guid":{"rendered":"https:\/\/www.medellin.gov.co\/es\/?p=378134"},"modified":"2024-12-20T14:57:02","modified_gmt":"2024-12-20T19:57:02","slug":"el-distrito-ha-acompanado-400-retornos-de-victimas-del-conflicto-armado-durante-este-2024","status":"publish","type":"post","link":"https:\/\/www.medellin.gov.co\/es\/sala-de-prensa\/noticias\/el-distrito-ha-acompanado-400-retornos-de-victimas-del-conflicto-armado-durante-este-2024\/","title":{"rendered":"El Distrito ha acompa\u00f1ado 400 retornos de v\u00edctimas del conflicto armado durante este 2024"},"content":{"rendered":"<!--[if lt IE 9]><script>document.createElement('audio');<\/script><![endif]-->\n\t<div class=\"wp-playlist wp-audio-playlist wp-playlist-light\">\n\t\t\t<div class=\"wp-playlist-current-item\"><\/div>\n\t\t<audio controls=\"controls\" preload=\"none\" width=\"640\"\n\t\t\t><\/audio>\n\t<div class=\"wp-playlist-next\"><\/div>\n\t<div class=\"wp-playlist-prev\"><\/div>\n\t<noscript>\n\t<ol>\n\t\t<li><a href='https:\/\/www.medellin.gov.co\/es\/wp-content\/uploads\/2024\/12\/distrito-acompan\u0303a-victimas-del-conflicto-armado-01.mp3'>Palabras de Carlos Alberto Arcila, secretario de Paz y Derechos Humanos<\/a><\/li><li><a href='https:\/\/www.medellin.gov.co\/es\/wp-content\/uploads\/2024\/12\/distrito-acompan\u0303a-victimas-del-conflicto-armado-02.mp3'>Palabras de Oswaldo Escudero, beneficiario<\/a><\/li>\t<\/ol>\n\t<\/noscript>\n\t<script type=\"application\/json\" class=\"wp-playlist-script\">{\"type\":\"audio\",\"tracklist\":true,\"tracknumbers\":true,\"images\":true,\"artists\":true,\"tracks\":[{\"src\":\"https:\\\/\\\/www.medellin.gov.co\\\/es\\\/wp-content\\\/uploads\\\/2024\\\/12\\\/distrito-acompan\\u0303a-victimas-del-conflicto-armado-01.mp3\",\"type\":\"audio\\\/mpeg\",\"title\":\"Palabras de Carlos Alberto Arcila, secretario de Paz y Derechos Humanos\",\"caption\":\"\",\"description\":\"\\u00abPalabras de Carlos Alberto Arcila, secretario de Paz y Derechos Humanos\\u00bb.\",\"meta\":{\"length_formatted\":\"0:25\"},\"image\":{\"src\":\"https:\\\/\\\/www.medellin.gov.co\\\/es\\\/wp-includes\\\/images\\\/media\\\/audio.png\",\"width\":48,\"height\":64},\"thumb\":{\"src\":\"https:\\\/\\\/www.medellin.gov.co\\\/es\\\/wp-includes\\\/images\\\/media\\\/audio.png\",\"width\":48,\"height\":64}},{\"src\":\"https:\\\/\\\/www.medellin.gov.co\\\/es\\\/wp-content\\\/uploads\\\/2024\\\/12\\\/distrito-acompan\\u0303a-victimas-del-conflicto-armado-02.mp3\",\"type\":\"audio\\\/mpeg\",\"title\":\"Palabras de Oswaldo Escudero, beneficiario\",\"caption\":\"\",\"description\":\"\\u00abPalabras de Oswaldo Escudero, beneficiario\\u00bb.\",\"meta\":{\"length_formatted\":\"0:27\"},\"image\":{\"src\":\"https:\\\/\\\/www.medellin.gov.co\\\/es\\\/wp-includes\\\/images\\\/media\\\/audio.png\",\"width\":48,\"height\":64},\"thumb\":{\"src\":\"https:\\\/\\\/www.medellin.gov.co\\\/es\\\/wp-includes\\\/images\\\/media\\\/audio.png\",\"width\":48,\"height\":64}}]}<\/script>\n<\/div>\n\t\n<p class=\"p1\">Hasta 42 municipios fuera de Medell\u00edn, la Administraci\u00f3n Distrital ha acompa\u00f1ado, durante este a\u00f1o, 400 procesos de retorno de la poblaci\u00f3n v\u00edctima del conflicto armado. Entre los lugares a donde se han apoyado las reubicaciones est\u00e1n\u00a0Uramita, Carepa, San Carlos, San Rafael, Apartad\u00f3 y Peque.<\/p>\n\n\t\t<style type=\"text\/css\">\n\t\t\t#gallery-1 {\n\t\t\t\tmargin: auto;\n\t\t\t}\n\t\t\t#gallery-1 .gallery-item {\n\t\t\t\tfloat: left;\n\t\t\t\tmargin-top: 10px;\n\t\t\t\ttext-align: center;\n\t\t\t\twidth: 50%;\n\t\t\t}\n\t\t\t#gallery-1 img {\n\t\t\t\tborder: 2px solid #cfcfcf;\n\t\t\t}\n\t\t\t#gallery-1 .gallery-caption {\n\t\t\t\tmargin-left: 0;\n\t\t\t}\n\t\t\t\/* see gallery_shortcode() in wp-includes\/media.php *\/\n\t\t<\/style>\n\t\t<div id='gallery-1' class='gallery galleryid-378134 gallery-columns-2 gallery-size-large'><dl class='gallery-item'>\n\t\t\t<dt class='gallery-icon landscape'>\n\t\t\t\t<a href='https:\/\/www.medellin.gov.co\/es\/sala-de-prensa\/noticias\/el-distrito-ha-acompanado-400-retornos-de-victimas-del-conflicto-armado-durante-este-2024\/distrito-acompan%cc%83a-victimas-del-conflicto-armado-4\/'><img width=\"1024\" height=\"574\" src=\"https:\/\/www.medellin.gov.co\/es\/wp-content\/uploads\/2024\/12\/distrito-acompan\u0303a-victimas-del-conflicto-armado-4-1024x574.jpg\" class=\"attachment-large size-large\" alt=\"\" loading=\"lazy\" aria-describedby=\"gallery-1-378149\" srcset=\"https:\/\/www.medellin.gov.co\/es\/wp-content\/uploads\/2024\/12\/distrito-acompan\u0303a-victimas-del-conflicto-armado-4-1024x574.jpg 1024w, https:\/\/www.medellin.gov.co\/es\/wp-content\/uploads\/2024\/12\/distrito-acompan\u0303a-victimas-del-conflicto-armado-4-300x168.jpg 300w, https:\/\/www.medellin.gov.co\/es\/wp-content\/uploads\/2024\/12\/distrito-acompan\u0303a-victimas-del-conflicto-armado-4-150x84.jpg 150w, https:\/\/www.medellin.gov.co\/es\/wp-content\/uploads\/2024\/12\/distrito-acompan\u0303a-victimas-del-conflicto-armado-4-768x431.jpg 768w, https:\/\/www.medellin.gov.co\/es\/wp-content\/uploads\/2024\/12\/distrito-acompan\u0303a-victimas-del-conflicto-armado-4.jpg 1179w\" sizes=\"(max-width: 1024px) 100vw, 1024px\" \/><\/a>\n\t\t\t<\/dt>\n\t\t\t\t<dd class='wp-caption-text gallery-caption' id='gallery-1-378149'>\n\t\t\t\tEl Distrito ha acompa\u00f1ado 400 retornos de v\u00edctimas del conflicto armado durante este 2024 &#8211; Foto alcald\u00eda de Medell\u00edn\n\t\t\t\t<\/dd><\/dl><dl class='gallery-item'>\n\t\t\t<dt class='gallery-icon landscape'>\n\t\t\t\t<a href='https:\/\/www.medellin.gov.co\/es\/sala-de-prensa\/noticias\/el-distrito-ha-acompanado-400-retornos-de-victimas-del-conflicto-armado-durante-este-2024\/distrito-acompan%cc%83a-victimas-del-conflicto-armado-5\/'><img width=\"1024\" height=\"565\" src=\"https:\/\/www.medellin.gov.co\/es\/wp-content\/uploads\/2024\/12\/distrito-acompan\u0303a-victimas-del-conflicto-armado-5-1024x565.jpg\" class=\"attachment-large size-large\" alt=\"\" loading=\"lazy\" aria-describedby=\"gallery-1-378152\" srcset=\"https:\/\/www.medellin.gov.co\/es\/wp-content\/uploads\/2024\/12\/distrito-acompan\u0303a-victimas-del-conflicto-armado-5-1024x565.jpg 1024w, https:\/\/www.medellin.gov.co\/es\/wp-content\/uploads\/2024\/12\/distrito-acompan\u0303a-victimas-del-conflicto-armado-5-300x166.jpg 300w, https:\/\/www.medellin.gov.co\/es\/wp-content\/uploads\/2024\/12\/distrito-acompan\u0303a-victimas-del-conflicto-armado-5-150x83.jpg 150w, https:\/\/www.medellin.gov.co\/es\/wp-content\/uploads\/2024\/12\/distrito-acompan\u0303a-victimas-del-conflicto-armado-5-768x424.jpg 768w, https:\/\/www.medellin.gov.co\/es\/wp-content\/uploads\/2024\/12\/distrito-acompan\u0303a-victimas-del-conflicto-armado-5.jpg 1179w\" sizes=\"(max-width: 1024px) 100vw, 1024px\" \/><\/a>\n\t\t\t<\/dt>\n\t\t\t\t<dd class='wp-caption-text gallery-caption' id='gallery-1-378152'>\n\t\t\t\tEl Distrito ha acompa\u00f1ado 400 retornos de v\u00edctimas del conflicto armado durante este 2024 &#8211; Foto alcald\u00eda de Medell\u00edn\n\t\t\t\t<\/dd><\/dl><br style=\"clear: both\" \/>\n\t\t<\/div>\n\n<p class=\"p1\">\u201c<i>Eso es trascendental, porque vuelven al lugar donde nacieron, donde est\u00e1 el\u00a0<\/i><i>arraigo de las v\u00edctimas del conflicto que fueron desplazadas y amenazadas.\u00a0<\/i><i>Regresan con un proyecto de vida, a renacer y regresa la esperanza<\/i>\u201d explic\u00f3 el\u00a0secretario de Paz y Derechos Humanos, Carlos Alberto Arcila, quien destac\u00f3 el\u00a0apoyo del Programa de V\u00edctimas, de esa dependencia, en el proceso.<\/p>\n\n\t\t<style type=\"text\/css\">\n\t\t\t#gallery-2 {\n\t\t\t\tmargin: auto;\n\t\t\t}\n\t\t\t#gallery-2 .gallery-item {\n\t\t\t\tfloat: left;\n\t\t\t\tmargin-top: 10px;\n\t\t\t\ttext-align: center;\n\t\t\t\twidth: 50%;\n\t\t\t}\n\t\t\t#gallery-2 img {\n\t\t\t\tborder: 2px solid #cfcfcf;\n\t\t\t}\n\t\t\t#gallery-2 .gallery-caption {\n\t\t\t\tmargin-left: 0;\n\t\t\t}\n\t\t\t\/* see gallery_shortcode() in wp-includes\/media.php *\/\n\t\t<\/style>\n\t\t<div id='gallery-2' class='gallery galleryid-378134 gallery-columns-2 gallery-size-large'><dl class='gallery-item'>\n\t\t\t<dt class='gallery-icon landscape'>\n\t\t\t\t<a href='https:\/\/www.medellin.gov.co\/es\/sala-de-prensa\/noticias\/el-distrito-ha-acompanado-400-retornos-de-victimas-del-conflicto-armado-durante-este-2024\/distrito-acompan%cc%83a-victimas-del-conflicto-armado-7\/'><img width=\"1024\" height=\"541\" src=\"https:\/\/www.medellin.gov.co\/es\/wp-content\/uploads\/2024\/12\/distrito-acompan\u0303a-victimas-del-conflicto-armado-7-1024x541.jpg\" class=\"attachment-large size-large\" alt=\"\" loading=\"lazy\" aria-describedby=\"gallery-2-378155\" srcset=\"https:\/\/www.medellin.gov.co\/es\/wp-content\/uploads\/2024\/12\/distrito-acompan\u0303a-victimas-del-conflicto-armado-7-1024x541.jpg 1024w, https:\/\/www.medellin.gov.co\/es\/wp-content\/uploads\/2024\/12\/distrito-acompan\u0303a-victimas-del-conflicto-armado-7-300x159.jpg 300w, https:\/\/www.medellin.gov.co\/es\/wp-content\/uploads\/2024\/12\/distrito-acompan\u0303a-victimas-del-conflicto-armado-7-150x79.jpg 150w, https:\/\/www.medellin.gov.co\/es\/wp-content\/uploads\/2024\/12\/distrito-acompan\u0303a-victimas-del-conflicto-armado-7-768x406.jpg 768w, https:\/\/www.medellin.gov.co\/es\/wp-content\/uploads\/2024\/12\/distrito-acompan\u0303a-victimas-del-conflicto-armado-7.jpg 1179w\" sizes=\"(max-width: 1024px) 100vw, 1024px\" \/><\/a>\n\t\t\t<\/dt>\n\t\t\t\t<dd class='wp-caption-text gallery-caption' id='gallery-2-378155'>\n\t\t\t\tEl Distrito ha acompa\u00f1ado 400 retornos de v\u00edctimas del conflicto armado durante este 2024 &#8211; Foto alcald\u00eda de Medell\u00edn\n\t\t\t\t<\/dd><\/dl><dl class='gallery-item'>\n\t\t\t<dt class='gallery-icon landscape'>\n\t\t\t\t<a href='https:\/\/www.medellin.gov.co\/es\/sala-de-prensa\/noticias\/el-distrito-ha-acompanado-400-retornos-de-victimas-del-conflicto-armado-durante-este-2024\/distrito-acompan%cc%83a-victimas-del-conflicto-armado-6\/'><img width=\"1024\" height=\"551\" src=\"https:\/\/www.medellin.gov.co\/es\/wp-content\/uploads\/2024\/12\/distrito-acompan\u0303a-victimas-del-conflicto-armado-6-1024x551.jpg\" class=\"attachment-large size-large\" alt=\"\" loading=\"lazy\" aria-describedby=\"gallery-2-378154\" srcset=\"https:\/\/www.medellin.gov.co\/es\/wp-content\/uploads\/2024\/12\/distrito-acompan\u0303a-victimas-del-conflicto-armado-6-1024x551.jpg 1024w, https:\/\/www.medellin.gov.co\/es\/wp-content\/uploads\/2024\/12\/distrito-acompan\u0303a-victimas-del-conflicto-armado-6-300x161.jpg 300w, https:\/\/www.medellin.gov.co\/es\/wp-content\/uploads\/2024\/12\/distrito-acompan\u0303a-victimas-del-conflicto-armado-6-150x81.jpg 150w, https:\/\/www.medellin.gov.co\/es\/wp-content\/uploads\/2024\/12\/distrito-acompan\u0303a-victimas-del-conflicto-armado-6-768x413.jpg 768w, https:\/\/www.medellin.gov.co\/es\/wp-content\/uploads\/2024\/12\/distrito-acompan\u0303a-victimas-del-conflicto-armado-6.jpg 1179w\" sizes=\"(max-width: 1024px) 100vw, 1024px\" \/><\/a>\n\t\t\t<\/dt>\n\t\t\t\t<dd class='wp-caption-text gallery-caption' id='gallery-2-378154'>\n\t\t\t\tEl Distrito ha acompa\u00f1ado 400 retornos de v\u00edctimas del conflicto armado durante este 2024 &#8211; Foto alcald\u00eda de Medell\u00edn\n\t\t\t\t<\/dd><\/dl><br style=\"clear: both\" \/>\n\t\t<\/div>\n\n<p class=\"p1\">Desde el proyecto de retornos y reubicaciones se han fortalecido 360 proyectos\u00a0productivos y 40 apoyos para mejoramientos habitacional. El desplazamiento\u00a0forzado trae nuevas din\u00e1micas familiares, sociales y aprendizajes que fortalecen\u00a0habilidades; por tal motivo, aunque la vocaci\u00f3n de las familias retornadas es\u00a0altamente campesina, el paso por la ciudad permite acceder a espacios de\u00a0educaci\u00f3n y renglones de la econom\u00eda antes impensados para quienes vienen del\u00a0mundo rural.<\/p>\n\n\t\t<style type=\"text\/css\">\n\t\t\t#gallery-3 {\n\t\t\t\tmargin: auto;\n\t\t\t}\n\t\t\t#gallery-3 .gallery-item {\n\t\t\t\tfloat: left;\n\t\t\t\tmargin-top: 10px;\n\t\t\t\ttext-align: center;\n\t\t\t\twidth: 50%;\n\t\t\t}\n\t\t\t#gallery-3 img {\n\t\t\t\tborder: 2px solid #cfcfcf;\n\t\t\t}\n\t\t\t#gallery-3 .gallery-caption {\n\t\t\t\tmargin-left: 0;\n\t\t\t}\n\t\t\t\/* see gallery_shortcode() in wp-includes\/media.php *\/\n\t\t<\/style>\n\t\t<div id='gallery-3' class='gallery galleryid-378134 gallery-columns-2 gallery-size-large'><dl class='gallery-item'>\n\t\t\t<dt class='gallery-icon landscape'>\n\t\t\t\t<a href='https:\/\/www.medellin.gov.co\/es\/sala-de-prensa\/noticias\/el-distrito-ha-acompanado-400-retornos-de-victimas-del-conflicto-armado-durante-este-2024\/distrito-acompan%cc%83a-victimas-del-conflicto-armado-3\/'><img width=\"1024\" height=\"552\" src=\"https:\/\/www.medellin.gov.co\/es\/wp-content\/uploads\/2024\/12\/distrito-acompan\u0303a-victimas-del-conflicto-armado-3-1024x552.jpg\" class=\"attachment-large size-large\" alt=\"\" loading=\"lazy\" aria-describedby=\"gallery-3-378146\" srcset=\"https:\/\/www.medellin.gov.co\/es\/wp-content\/uploads\/2024\/12\/distrito-acompan\u0303a-victimas-del-conflicto-armado-3-1024x552.jpg 1024w, https:\/\/www.medellin.gov.co\/es\/wp-content\/uploads\/2024\/12\/distrito-acompan\u0303a-victimas-del-conflicto-armado-3-300x162.jpg 300w, https:\/\/www.medellin.gov.co\/es\/wp-content\/uploads\/2024\/12\/distrito-acompan\u0303a-victimas-del-conflicto-armado-3-150x81.jpg 150w, https:\/\/www.medellin.gov.co\/es\/wp-content\/uploads\/2024\/12\/distrito-acompan\u0303a-victimas-del-conflicto-armado-3-768x414.jpg 768w, https:\/\/www.medellin.gov.co\/es\/wp-content\/uploads\/2024\/12\/distrito-acompan\u0303a-victimas-del-conflicto-armado-3.jpg 1179w\" sizes=\"(max-width: 1024px) 100vw, 1024px\" \/><\/a>\n\t\t\t<\/dt>\n\t\t\t\t<dd class='wp-caption-text gallery-caption' id='gallery-3-378146'>\n\t\t\t\tEl Distrito ha acompa\u00f1ado 400 retornos de v\u00edctimas del conflicto armado durante este 2024 &#8211; Foto alcald\u00eda de Medell\u00edn\n\t\t\t\t<\/dd><\/dl><dl class='gallery-item'>\n\t\t\t<dt class='gallery-icon landscape'>\n\t\t\t\t<a href='https:\/\/www.medellin.gov.co\/es\/sala-de-prensa\/noticias\/el-distrito-ha-acompanado-400-retornos-de-victimas-del-conflicto-armado-durante-este-2024\/distrito-acompan%cc%83a-victimas-del-conflicto-armado-8\/'><img width=\"1024\" height=\"543\" src=\"https:\/\/www.medellin.gov.co\/es\/wp-content\/uploads\/2024\/12\/distrito-acompan\u0303a-victimas-del-conflicto-armado-8-1024x543.jpg\" class=\"attachment-large size-large\" alt=\"\" loading=\"lazy\" aria-describedby=\"gallery-3-378156\" srcset=\"https:\/\/www.medellin.gov.co\/es\/wp-content\/uploads\/2024\/12\/distrito-acompan\u0303a-victimas-del-conflicto-armado-8-1024x543.jpg 1024w, https:\/\/www.medellin.gov.co\/es\/wp-content\/uploads\/2024\/12\/distrito-acompan\u0303a-victimas-del-conflicto-armado-8-300x159.jpg 300w, https:\/\/www.medellin.gov.co\/es\/wp-content\/uploads\/2024\/12\/distrito-acompan\u0303a-victimas-del-conflicto-armado-8-150x80.jpg 150w, https:\/\/www.medellin.gov.co\/es\/wp-content\/uploads\/2024\/12\/distrito-acompan\u0303a-victimas-del-conflicto-armado-8-768x407.jpg 768w, https:\/\/www.medellin.gov.co\/es\/wp-content\/uploads\/2024\/12\/distrito-acompan\u0303a-victimas-del-conflicto-armado-8.jpg 1179w\" sizes=\"(max-width: 1024px) 100vw, 1024px\" \/><\/a>\n\t\t\t<\/dt>\n\t\t\t\t<dd class='wp-caption-text gallery-caption' id='gallery-3-378156'>\n\t\t\t\tEl Distrito ha acompa\u00f1ado 400 retornos de v\u00edctimas del conflicto armado durante este 2024 &#8211; Foto alcald\u00eda de Medell\u00edn\n\t\t\t\t<\/dd><\/dl><br style=\"clear: both\" \/>\n\t\t<\/div>\n\n<p class=\"p1\">Emprendimientos de barber\u00edas, salones de belleza, fabricaci\u00f3n y venta de\u00a0calzado y productos artesanales hacen parte de las iniciativas que se fortalecen a\u00a0trav\u00e9s del proyecto de retornos.<\/p>\n","protected":false},"excerpt":{"rendered":"<p>Hasta 42 municipios fuera de Medell\u00edn, la Administraci\u00f3n Distrital ha acompa\u00f1ado, durante este a\u00f1o, 400 procesos de retorno de la poblaci\u00f3n v\u00edctima del conflicto armado. Entre los lugares a donde se han apoyado las reubicaciones &#8230;<\/p>\n","protected":false},"author":84,"featured_media":378141,"comment_status":"open","ping_status":"open","sticky":false,"template":"","format":"standard","meta":[],"categories":[701],"tags":[437,453,455],"formato_nota":[],"programas_tax":[],"acf":[],"_links":{"self":[{"href":"https:\/\/www.medellin.gov.co\/es\/wp-json\/wp\/v2\/posts\/378134"}],"collection":[{"href":"https:\/\/www.medellin.gov.co\/es\/wp-json\/wp\/v2\/posts"}],"about":[{"href":"https:\/\/www.medellin.gov.co\/es\/wp-json\/wp\/v2\/types\/post"}],"author":[{"embeddable":true,"href":"https:\/\/www.medellin.gov.co\/es\/wp-json\/wp\/v2\/users\/84"}],"replies":[{"embeddable":true,"href":"https:\/\/www.medellin.gov.co\/es\/wp-json\/wp\/v2\/comments?post=378134"}],"version-history":[{"count":1,"href":"https:\/\/www.medellin.gov.co\/es\/wp-json\/wp\/v2\/posts\/378134\/revisions"}],"predecessor-version":[{"id":378259,"href":"https:\/\/www.medellin.gov.co\/es\/wp-json\/wp\/v2\/posts\/378134\/revisions\/378259"}],"wp:featuredmedia":[{"embeddable":true,"href":"https:\/\/www.medellin.gov.co\/es\/wp-json\/wp\/v2\/media\/378141"}],"wp:attachment":[{"href":"https:\/\/www.medellin.gov.co\/es\/wp-json\/wp\/v2\/media?parent=378134"}],"wp:term":[{"taxonomy":"category","embeddable":true,"href":"https:\/\/www.medellin.gov.co\/es\/wp-json\/wp\/v2\/categories?post=378134"},{"taxonomy":"post_tag","embeddable":true,"href":"https:\/\/www.medellin.gov.co\/es\/wp-json\/wp\/v2\/tags?post=378134"},{"taxonomy":"formato_nota","embeddable":true,"href":"https:\/\/www.medellin.gov.co\/es\/wp-json\/wp\/v2\/formato_nota?post=378134"},{"taxonomy":"programas_tax","embeddable":true,"href":"https:\/\/www.medellin.gov.co\/es\/wp-json\/wp\/v2\/programas_tax?post=378134"}],"curies":[{"name":"wp","href":"https:\/\/api.w.org\/{rel}","templated":true}]}}