{"id":378273,"date":"2024-12-20T15:20:34","date_gmt":"2024-12-20T20:20:34","guid":{"rendered":"https:\/\/www.medellin.gov.co\/es\/?p=378273"},"modified":"2024-12-20T15:20:34","modified_gmt":"2024-12-20T20:20:34","slug":"golpe-a-organizacion-criminal-gdo-robledo-que-planeaba-expandirse-a-barranquilla-y-cartagena-para-exportar-droga","status":"publish","type":"post","link":"https:\/\/www.medellin.gov.co\/es\/sala-de-prensa\/noticias\/golpe-a-organizacion-criminal-gdo-robledo-que-planeaba-expandirse-a-barranquilla-y-cartagena-para-exportar-droga\/","title":{"rendered":"Golpe a organizaci\u00f3n criminal GDO Robledo, que planeaba expandirse a Barranquilla y Cartagena para exportar droga"},"content":{"rendered":"<!--[if lt IE 9]><script>document.createElement('audio');<\/script><![endif]-->\n\t<div class=\"wp-playlist wp-audio-playlist wp-playlist-light\">\n\t\t\t<div class=\"wp-playlist-current-item\"><\/div>\n\t\t<audio controls=\"controls\" preload=\"none\" width=\"640\"\n\t\t\t><\/audio>\n\t<div class=\"wp-playlist-next\"><\/div>\n\t<div class=\"wp-playlist-prev\"><\/div>\n\t<noscript>\n\t<ol>\n\t\t<li><a href='https:\/\/www.medellin.gov.co\/es\/wp-content\/uploads\/2024\/12\/organizacion-criminal-GDO-robledo-01.mp3'>Palabras de Manuel Villa Mej\u00eda, secretario de Seguridad y Convivencia<\/a><\/li><li><a href='https:\/\/www.medellin.gov.co\/es\/wp-content\/uploads\/2024\/12\/organizacion-criminal-GDO-robledo-02.mp3'>Palabras de Brigadier General William Casta\u00f1o Ramos, Comandante Polic\u00eda Metropolitana del Valle de Aburr\u00e1<\/a><\/li>\t<\/ol>\n\t<\/noscript>\n\t<script type=\"application\/json\" class=\"wp-playlist-script\">{\"type\":\"audio\",\"tracklist\":true,\"tracknumbers\":true,\"images\":true,\"artists\":true,\"tracks\":[{\"src\":\"https:\\\/\\\/www.medellin.gov.co\\\/es\\\/wp-content\\\/uploads\\\/2024\\\/12\\\/organizacion-criminal-GDO-robledo-01.mp3\",\"type\":\"audio\\\/mpeg\",\"title\":\"Palabras de Manuel Villa Mej\\u00eda, secretario de Seguridad y Convivencia\",\"caption\":\"\",\"description\":\"\\u00abPalabras de Manuel Villa Mej\\u00eda, secretario de Seguridad y Convivencia\\u00bb.\",\"meta\":{\"length_formatted\":\"1:58\"},\"image\":{\"src\":\"https:\\\/\\\/www.medellin.gov.co\\\/es\\\/wp-includes\\\/images\\\/media\\\/audio.png\",\"width\":48,\"height\":64},\"thumb\":{\"src\":\"https:\\\/\\\/www.medellin.gov.co\\\/es\\\/wp-includes\\\/images\\\/media\\\/audio.png\",\"width\":48,\"height\":64}},{\"src\":\"https:\\\/\\\/www.medellin.gov.co\\\/es\\\/wp-content\\\/uploads\\\/2024\\\/12\\\/organizacion-criminal-GDO-robledo-02.mp3\",\"type\":\"audio\\\/mpeg\",\"title\":\"Palabras de Brigadier General William Casta\\u00f1o Ramos, Comandante Polic\\u00eda Metropolitana del Valle de Aburr\\u00e1\",\"caption\":\"\",\"description\":\"\\u00abPalabras de Brigadier General William Casta\\u00f1o Ramos, Comandante Polic\\u00eda Metropolitana del Valle de Aburr\\u00e1\\u00bb.\",\"meta\":{\"length_formatted\":\"2:52\"},\"image\":{\"src\":\"https:\\\/\\\/www.medellin.gov.co\\\/es\\\/wp-includes\\\/images\\\/media\\\/audio.png\",\"width\":48,\"height\":64},\"thumb\":{\"src\":\"https:\\\/\\\/www.medellin.gov.co\\\/es\\\/wp-includes\\\/images\\\/media\\\/audio.png\",\"width\":48,\"height\":64}}]}<\/script>\n<\/div>\n\t\n<p class=\"p1\">Mediante un allanamiento y en una acci\u00f3n articulada entre la Alcald\u00eda de Medell\u00edn y la Polic\u00eda Metropolitana, y en el marco de una estrategia integral contra el crimen,\u00a0fueron capturados seis presuntos integrantes del Grupo Delincuencial Organizado\u00a0(GDO) Robledo. Las detenciones se realizaron por \u00f3rdenes judiciales y en\u00a0flagrancia; de estas personas detenidas, cuatro ser\u00edan los presuntos\u00a0coordinadores.<\/p>\n<p class=\"p1\">Entre los capturados est\u00e1n alias \u2018Shaggy\u2019 o \u2018Manotas\u2019, considerado uno de los hombres de confianza de alias \u2018\u00d1a\u00f1o\u2019, cabecilla principal de esta agrupaci\u00f3n ilegal.\u00a0\u2018Shaggy\u2019 era, al parecer, el responsable de coordinar las operaciones il\u00edcitas\u00a0en el sector La Campi\u00f1a, punto estrat\u00e9gico para la organizaci\u00f3n criminal.<\/p>\n<p class=\"p1\">Asimismo, fueron capturados, alias \u2018Robert\u2019 o \u2018Soldado\u2019, y \u2018Kriton\u2019 o \u2018Palomino\u2019,\u00a0quienes, seg\u00fan las autoridades, eran los encargados de dinamizar actividades\u00a0delictivas como la extorsi\u00f3n, el tr\u00e1fico local de estupefacientes y el desplazamiento\u00a0forzado en diversas zonas de la ciudad.<\/p>\n<p class=\"p1\">Con este operativo se afectaron las finanzas il\u00edcitas del GDO Robledo,\u00a0organizaci\u00f3n que delinque en los sectores de Robledo, Laureles y San Javier.\u00a0Adem\u00e1s, se conoci\u00f3 que la estructura criminal ten\u00eda planes de expansi\u00f3n hacia\u00a0las ciudades de Cartagena y Barranquilla, donde hab\u00edan establecido rutas de\u00a0narcotr\u00e1fico con destino a Europa, aumentando el alcance de sus operaciones\u00a0ilegales.<\/p>\n<p class=\"p1\">Durante el allanamiento, se incaut\u00f3 en efectivo $613.324.000; adem\u00e1s de una\u00a0camioneta Mercedes V8, avaluada en $650.000.000, un arma de fuego con un\u00a0proveedor y 10 cartuchos 9 mil\u00edmetros, 142 dosis de marihuana, 184 dosis de\u00a0base de coca, 15 dosis de Tussi o 2CB, seis equipos celulares y siete libretas con\u00a0anotaciones sobre las actividades il\u00edcitas de la organizaci\u00f3n.<\/p>\n","protected":false},"excerpt":{"rendered":"<p>Mediante un allanamiento y en una acci\u00f3n articulada entre la Alcald\u00eda de Medell\u00edn y la Polic\u00eda Metropolitana, y en el marco de una estrategia integral contra el crimen,\u00a0fueron capturados seis presuntos integrantes del Grupo Delincuencial &#8230;<\/p>\n","protected":false},"author":84,"featured_media":378283,"comment_status":"open","ping_status":"open","sticky":false,"template":"","format":"standard","meta":[],"categories":[21],"tags":[453,455,619],"formato_nota":[],"programas_tax":[],"acf":[],"_links":{"self":[{"href":"https:\/\/www.medellin.gov.co\/es\/wp-json\/wp\/v2\/posts\/378273"}],"collection":[{"href":"https:\/\/www.medellin.gov.co\/es\/wp-json\/wp\/v2\/posts"}],"about":[{"href":"https:\/\/www.medellin.gov.co\/es\/wp-json\/wp\/v2\/types\/post"}],"author":[{"embeddable":true,"href":"https:\/\/www.medellin.gov.co\/es\/wp-json\/wp\/v2\/users\/84"}],"replies":[{"embeddable":true,"href":"https:\/\/www.medellin.gov.co\/es\/wp-json\/wp\/v2\/comments?post=378273"}],"version-history":[{"count":2,"href":"https:\/\/www.medellin.gov.co\/es\/wp-json\/wp\/v2\/posts\/378273\/revisions"}],"predecessor-version":[{"id":378293,"href":"https:\/\/www.medellin.gov.co\/es\/wp-json\/wp\/v2\/posts\/378273\/revisions\/378293"}],"wp:featuredmedia":[{"embeddable":true,"href":"https:\/\/www.medellin.gov.co\/es\/wp-json\/wp\/v2\/media\/378283"}],"wp:attachment":[{"href":"https:\/\/www.medellin.gov.co\/es\/wp-json\/wp\/v2\/media?parent=378273"}],"wp:term":[{"taxonomy":"category","embeddable":true,"href":"https:\/\/www.medellin.gov.co\/es\/wp-json\/wp\/v2\/categories?post=378273"},{"taxonomy":"post_tag","embeddable":true,"href":"https:\/\/www.medellin.gov.co\/es\/wp-json\/wp\/v2\/tags?post=378273"},{"taxonomy":"formato_nota","embeddable":true,"href":"https:\/\/www.medellin.gov.co\/es\/wp-json\/wp\/v2\/formato_nota?post=378273"},{"taxonomy":"programas_tax","embeddable":true,"href":"https:\/\/www.medellin.gov.co\/es\/wp-json\/wp\/v2\/programas_tax?post=378273"}],"curies":[{"name":"wp","href":"https:\/\/api.w.org\/{rel}","templated":true}]}}