{"id":378295,"date":"2024-12-20T19:28:18","date_gmt":"2024-12-21T00:28:18","guid":{"rendered":"https:\/\/www.medellin.gov.co\/es\/?p=378295"},"modified":"2024-12-20T19:28:18","modified_gmt":"2024-12-21T00:28:18","slug":"hospital-general-de-medellin-mantiene-su-acreditacion-en-salud-con-alto-estandar-de-calidad-otorgada-por-el-icontec","status":"publish","type":"post","link":"https:\/\/www.medellin.gov.co\/es\/sala-de-prensa\/noticias\/hospital-general-de-medellin-mantiene-su-acreditacion-en-salud-con-alto-estandar-de-calidad-otorgada-por-el-icontec\/","title":{"rendered":"Hospital General de Medell\u00edn mantiene su acreditaci\u00f3n en salud con alto est\u00e1ndar de calidad, otorgada por el Icontec"},"content":{"rendered":"<ul>\n<li class=\"p1\"><b>La gesti\u00f3n cl\u00ednica, la satisfacci\u00f3n de los usuarios y su larga tradici\u00f3n de <\/b><b>servicio son algunos de los aspectos destacados por el ente acreditador.<\/b><\/li>\n<li class=\"p1\"><b>Se felicit\u00f3 a la instituci\u00f3n m\u00e9dica por su trabajo serio, ordenado y <\/b><b>disciplinado, con un equipo directivo y de colaboradores comprometidos en\u00a0<\/b><b>su camino a la acreditaci\u00f3n con excelencia.<\/b><\/li>\n<\/ul>\n<p class=\"p1\">\n<!--[if lt IE 9]><script>document.createElement('audio');<\/script><![endif]-->\n\t<div class=\"wp-playlist wp-audio-playlist wp-playlist-light\">\n\t\t\t<div class=\"wp-playlist-current-item\"><\/div>\n\t\t<audio controls=\"controls\" preload=\"none\" width=\"640\"\n\t\t\t><\/audio>\n\t<div class=\"wp-playlist-next\"><\/div>\n\t<div class=\"wp-playlist-prev\"><\/div>\n\t<noscript>\n\t<ol>\n\t\t<li><a href='https:\/\/www.medellin.gov.co\/es\/wp-content\/uploads\/2024\/12\/hosital-general-alto-estandar-de-calidad-icontec-01.mp3'>Palabras de Theider Serna Jim\u00e9nez, gerente (e) Hospital General de Medell\u00edn<\/a><\/li>\t<\/ol>\n\t<\/noscript>\n\t<script type=\"application\/json\" class=\"wp-playlist-script\">{\"type\":\"audio\",\"tracklist\":true,\"tracknumbers\":true,\"images\":true,\"artists\":true,\"tracks\":[{\"src\":\"https:\\\/\\\/www.medellin.gov.co\\\/es\\\/wp-content\\\/uploads\\\/2024\\\/12\\\/hosital-general-alto-estandar-de-calidad-icontec-01.mp3\",\"type\":\"audio\\\/mpeg\",\"title\":\"Palabras de Theider Serna Jim\\u00e9nez, gerente (e) Hospital General de Medell\\u00edn\",\"caption\":\"\",\"description\":\"\\u00abPalabras de Theider Serna Jim\\u00e9nez, gerente (e) Hospital General de Medell\\u00edn\\u00bb.\",\"meta\":{\"length_formatted\":\"0:51\"},\"image\":{\"src\":\"https:\\\/\\\/www.medellin.gov.co\\\/es\\\/wp-includes\\\/images\\\/media\\\/audio.png\",\"width\":48,\"height\":64},\"thumb\":{\"src\":\"https:\\\/\\\/www.medellin.gov.co\\\/es\\\/wp-includes\\\/images\\\/media\\\/audio.png\",\"width\":48,\"height\":64}}]}<\/script>\n<\/div>\n\t\n<p class=\"p1\">El Instituto Colombiano de Normas T\u00e9cnicas y Certificaci\u00f3n (Icontec) ratific\u00f3 al\u00a0Hospital General de Medell\u00edn (HGM) en la categor\u00eda de instituci\u00f3n acreditada con\u00a0alto est\u00e1ndar de calidad. En la ciudad, solo cinco entidades de este nivel de\u00a0complejidad cumplen con las exigencias de este sello, siendo esta la \u00fanica p\u00fablica\u00a0entre ellas.<\/p>\n<div id=\"attachment_378302\" style=\"width: 1210px\" class=\"wp-caption aligncenter\"><a href=\"https:\/\/www.medellin.gov.co\/es\/wp-content\/uploads\/2024\/12\/hosital-general-alto-estandar-de-calidad-icontec-3.jpg\" target=\"_blank\" rel=\"noopener\"><img aria-describedby=\"caption-attachment-378302\" loading=\"lazy\" class=\"wp-image-378302 size-full\" title=\"Hospital General de Medell\u00edn mantiene su acreditaci\u00f3n en salud con alto est\u00e1ndar de calidad, otorgada por el Icontec - Foto alcald\u00eda de Medell\u00edn\" src=\"https:\/\/www.medellin.gov.co\/es\/wp-content\/uploads\/2024\/12\/hosital-general-alto-estandar-de-calidad-icontec-3.jpg\" alt=\"\" width=\"1200\" height=\"799\" srcset=\"https:\/\/www.medellin.gov.co\/es\/wp-content\/uploads\/2024\/12\/hosital-general-alto-estandar-de-calidad-icontec-3.jpg 1200w, https:\/\/www.medellin.gov.co\/es\/wp-content\/uploads\/2024\/12\/hosital-general-alto-estandar-de-calidad-icontec-3-300x200.jpg 300w, https:\/\/www.medellin.gov.co\/es\/wp-content\/uploads\/2024\/12\/hosital-general-alto-estandar-de-calidad-icontec-3-1024x682.jpg 1024w, https:\/\/www.medellin.gov.co\/es\/wp-content\/uploads\/2024\/12\/hosital-general-alto-estandar-de-calidad-icontec-3-150x100.jpg 150w, https:\/\/www.medellin.gov.co\/es\/wp-content\/uploads\/2024\/12\/hosital-general-alto-estandar-de-calidad-icontec-3-768x511.jpg 768w\" sizes=\"(max-width: 1200px) 100vw, 1200px\" \/><\/a><p id=\"caption-attachment-378302\" class=\"wp-caption-text\">Hospital General de Medell\u00edn mantiene su acreditaci\u00f3n en salud con alto est\u00e1ndar de calidad, otorgada por el Icontec &#8211; Foto alcald\u00eda de Medell\u00edn<\/p><\/div>\n<p class=\"p1\"><i>\u201cLa junta destac\u00f3 la importancia del hospital para la ciudad, la regi\u00f3n y el pa\u00eds por\u00a0<\/i><i>su oferta de servicios, el alto nivel cient\u00edfico, su condici\u00f3n de centro de referencia,\u00a0<\/i><i>su papel como centro de formaci\u00f3n, su larga tradici\u00f3n de servicio y su rol como\u00a0<\/i><i>referente para otras instituciones p\u00fablicas de todo el pa\u00eds\u201d<\/i>, se\u00f1al\u00f3 textualmente el\u00a0comunicado enviado por el ente acreditador.<\/p>\n<p class=\"p1\">Al respecto, el alcalde Federico Guti\u00e9rrez Zuluaga, manifest\u00f3 que: <i>\u201cNuestro\u00a0<\/i><i>compromiso fue recuperar el Hospital General de Medell\u00edn y lo logramos. Hoy,\u00a0<\/i><i>Icontec ratifica al hospital en la categor\u00eda de instituci\u00f3n acreditada con alto est\u00e1ndar\u00a0<\/i><i>de calidad. La entidad felicit\u00f3 y destac\u00f3 el compromiso de los colaboradores. Esta\u00a0<\/i><i>certificaci\u00f3n refleja el compromiso con la calidad, la seguridad del paciente y la\u00a0<\/i><i>gesti\u00f3n eficiente. Cuando trabajamos con amor y convicci\u00f3n los resultados llegan\u201d<\/i><i>.<\/i><\/p>\n<div id=\"attachment_378297\" style=\"width: 1210px\" class=\"wp-caption aligncenter\"><a href=\"https:\/\/www.medellin.gov.co\/es\/wp-content\/uploads\/2024\/12\/hosital-general-alto-estandar-de-calidad-icontec-1.jpg\" target=\"_blank\" rel=\"noopener\"><img aria-describedby=\"caption-attachment-378297\" loading=\"lazy\" class=\"wp-image-378297 size-full\" title=\"Hospital General de Medell\u00edn mantiene su acreditaci\u00f3n en salud con alto est\u00e1ndar de calidad, otorgada por el Icontec - Foto alcald\u00eda de Medell\u00edn\" src=\"https:\/\/www.medellin.gov.co\/es\/wp-content\/uploads\/2024\/12\/hosital-general-alto-estandar-de-calidad-icontec-1.jpg\" alt=\"\" width=\"1200\" height=\"799\" srcset=\"https:\/\/www.medellin.gov.co\/es\/wp-content\/uploads\/2024\/12\/hosital-general-alto-estandar-de-calidad-icontec-1.jpg 1200w, https:\/\/www.medellin.gov.co\/es\/wp-content\/uploads\/2024\/12\/hosital-general-alto-estandar-de-calidad-icontec-1-300x200.jpg 300w, https:\/\/www.medellin.gov.co\/es\/wp-content\/uploads\/2024\/12\/hosital-general-alto-estandar-de-calidad-icontec-1-1024x682.jpg 1024w, https:\/\/www.medellin.gov.co\/es\/wp-content\/uploads\/2024\/12\/hosital-general-alto-estandar-de-calidad-icontec-1-150x100.jpg 150w, https:\/\/www.medellin.gov.co\/es\/wp-content\/uploads\/2024\/12\/hosital-general-alto-estandar-de-calidad-icontec-1-768x511.jpg 768w\" sizes=\"(max-width: 1200px) 100vw, 1200px\" \/><\/a><p id=\"caption-attachment-378297\" class=\"wp-caption-text\">Hospital General de Medell\u00edn mantiene su acreditaci\u00f3n en salud con alto est\u00e1ndar de calidad, otorgada por el Icontec &#8211; Foto alcald\u00eda de Medell\u00edn<\/p><\/div>\n<p class=\"p1\">En su informe, la Junta de Acreditaci\u00f3n reconoci\u00f3 el inter\u00e9s en ratificar el nivel de\u00a0calidad en la prestaci\u00f3n de los servicios a pesar de las dificultades que han afrontado\u00a0y la defensa de la institucionalidad como manifestaciones de una cultura de calidad\u00a0y mejoramiento. Adem\u00e1s, destac\u00f3 el respaldo brindado por la nueva Administraci\u00f3n\u00a0Distrital para resolver la situaci\u00f3n financiera que impact\u00f3 la atenci\u00f3n a la poblaci\u00f3n\u00a0y los recursos de la instituci\u00f3n, y las decisiones gerenciales para pagar los\u00a0compromisos laborales atrasados, hacer la reapertura de servicios y mantener la\u00a0operaci\u00f3n.<\/p>\n<p class=\"p1\"><i>\u201cEsta certificaci\u00f3n resalta nuestro compromiso con la seguridad del paciente, con la\u00a0<\/i><i>gesti\u00f3n cl\u00ednica y con la eficiencia; nuestro trabajo interdisciplinario y comprometido\u00a0<\/i><i>de cada uno de los miembros de nuestra instituci\u00f3n; el compromiso con la docencia,\u00a0<\/i><i>y la generaci\u00f3n de conocimiento. Celebramos esta acreditaci\u00f3n, teniendo en cuenta\u00a0<\/i><i>las dificultades en medio de las cuales se ha recibido la instituci\u00f3n este a\u00f1o y el\u00a0<\/i><i>trabajo comprometido de todo el equipo, y el apoyo desde la Administraci\u00f3n\u00a0<\/i><i>Distrital\u201d<\/i>, afirm\u00f3 el gerente (e) del HGM, Theider Serna Jim\u00e9nez.<\/p>\n<div id=\"attachment_378301\" style=\"width: 1210px\" class=\"wp-caption aligncenter\"><a href=\"https:\/\/www.medellin.gov.co\/es\/wp-content\/uploads\/2024\/12\/hosital-general-alto-estandar-de-calidad-icontec-2.jpg\" target=\"_blank\" rel=\"noopener\"><img aria-describedby=\"caption-attachment-378301\" loading=\"lazy\" class=\"wp-image-378301 size-full\" title=\"Hospital General de Medell\u00edn mantiene su acreditaci\u00f3n en salud con alto est\u00e1ndar de calidad, otorgada por el Icontec - Foto alcald\u00eda de Medell\u00edn\" src=\"https:\/\/www.medellin.gov.co\/es\/wp-content\/uploads\/2024\/12\/hosital-general-alto-estandar-de-calidad-icontec-2.jpg\" alt=\"\" width=\"1200\" height=\"799\" srcset=\"https:\/\/www.medellin.gov.co\/es\/wp-content\/uploads\/2024\/12\/hosital-general-alto-estandar-de-calidad-icontec-2.jpg 1200w, https:\/\/www.medellin.gov.co\/es\/wp-content\/uploads\/2024\/12\/hosital-general-alto-estandar-de-calidad-icontec-2-300x200.jpg 300w, https:\/\/www.medellin.gov.co\/es\/wp-content\/uploads\/2024\/12\/hosital-general-alto-estandar-de-calidad-icontec-2-1024x682.jpg 1024w, https:\/\/www.medellin.gov.co\/es\/wp-content\/uploads\/2024\/12\/hosital-general-alto-estandar-de-calidad-icontec-2-150x100.jpg 150w, https:\/\/www.medellin.gov.co\/es\/wp-content\/uploads\/2024\/12\/hosital-general-alto-estandar-de-calidad-icontec-2-768x511.jpg 768w\" sizes=\"(max-width: 1200px) 100vw, 1200px\" \/><\/a><p id=\"caption-attachment-378301\" class=\"wp-caption-text\">Hospital General de Medell\u00edn mantiene su acreditaci\u00f3n en salud con alto est\u00e1ndar de calidad, otorgada por el Icontec &#8211; Foto alcald\u00eda de Medell\u00edn<\/p><\/div>\n<p class=\"p1\">El Icontec reconoci\u00f3 la gesti\u00f3n cl\u00ednica y cient\u00edfica que permiti\u00f3 la reapertura de la\u00a0Unidad de Cuidado Intensivo Neonatal, como un aporte valioso para la comunidad,\u00a0que fortalece la atenci\u00f3n materno \u2013 perinatal en la ciudad.<\/p>\n<p class=\"p1\">El m\u00e1ximo instituto evaluador de la calidad en el pa\u00eds valor\u00f3 reconocimientos como\u00a0la recertificaci\u00f3n IAMII, la renovaci\u00f3n como Hospital Universitario, la certificaci\u00f3n en\u00a0la norma ISO 14001 y los programas Banco de Leche Humana; Canguro; y Tu piel,\u00a0Mi Piel, entre otros.<\/p>\n<p class=\"p1\">Del mismo modo, subray\u00f3 el desarrollo de los convenios docencia-servicio, del\u00a0programa de control de infecciones, el compromiso del equipo interdisciplinario, la\u00a0apropiaci\u00f3n del personal asistencial de las directrices y lineamientos requeridos para\u00a0la acreditaci\u00f3n y los resultados obtenidos.<\/p>\n<p class=\"p1\">La junta tambi\u00e9n enfatiz\u00f3 en la satisfacci\u00f3n de la poblaci\u00f3n atendida con la\u00a0humanizaci\u00f3n y la calidad en los servicios, percibida en las encuestas realizadas\u00a0durante la visita. En su informe expres\u00f3 que es de <i>\u201cespecial inter\u00e9s que la instituci\u00f3n\u00a0<\/i><i>contin\u00fae siendo ejemplo en materia de gesti\u00f3n de calidad, orientaci\u00f3n al usuario y\u00a0<\/i><i>su familia, y respeto de los derechos y deberes, y de la promoci\u00f3n de la salud\u201d.<\/i><\/p>\n<p class=\"p1\">El Icontec concluy\u00f3 manifestando sus felicitaciones a la instituci\u00f3n, considerando\u00a0que ha hecho un trabajo serio, ordenado y disciplinado, y que tiene un equipo\u00a0directivo y de colaboradores altamente comprometidos que se encuentra en el\u00a0camino de la acreditaci\u00f3n con excelencia.<\/p>\n","protected":false},"excerpt":{"rendered":"<p>La gesti\u00f3n cl\u00ednica, la satisfacci\u00f3n de los usuarios y su larga tradici\u00f3n de servicio son algunos de los aspectos destacados por el ente acreditador. Se felicit\u00f3 a la instituci\u00f3n m\u00e9dica por su trabajo serio, ordenado &#8230;<\/p>\n","protected":false},"author":84,"featured_media":378303,"comment_status":"open","ping_status":"open","sticky":false,"template":"","format":"standard","meta":[],"categories":[17],"tags":[453,455,452],"formato_nota":[],"programas_tax":[],"acf":[],"_links":{"self":[{"href":"https:\/\/www.medellin.gov.co\/es\/wp-json\/wp\/v2\/posts\/378295"}],"collection":[{"href":"https:\/\/www.medellin.gov.co\/es\/wp-json\/wp\/v2\/posts"}],"about":[{"href":"https:\/\/www.medellin.gov.co\/es\/wp-json\/wp\/v2\/types\/post"}],"author":[{"embeddable":true,"href":"https:\/\/www.medellin.gov.co\/es\/wp-json\/wp\/v2\/users\/84"}],"replies":[{"embeddable":true,"href":"https:\/\/www.medellin.gov.co\/es\/wp-json\/wp\/v2\/comments?post=378295"}],"version-history":[{"count":1,"href":"https:\/\/www.medellin.gov.co\/es\/wp-json\/wp\/v2\/posts\/378295\/revisions"}],"predecessor-version":[{"id":378304,"href":"https:\/\/www.medellin.gov.co\/es\/wp-json\/wp\/v2\/posts\/378295\/revisions\/378304"}],"wp:featuredmedia":[{"embeddable":true,"href":"https:\/\/www.medellin.gov.co\/es\/wp-json\/wp\/v2\/media\/378303"}],"wp:attachment":[{"href":"https:\/\/www.medellin.gov.co\/es\/wp-json\/wp\/v2\/media?parent=378295"}],"wp:term":[{"taxonomy":"category","embeddable":true,"href":"https:\/\/www.medellin.gov.co\/es\/wp-json\/wp\/v2\/categories?post=378295"},{"taxonomy":"post_tag","embeddable":true,"href":"https:\/\/www.medellin.gov.co\/es\/wp-json\/wp\/v2\/tags?post=378295"},{"taxonomy":"formato_nota","embeddable":true,"href":"https:\/\/www.medellin.gov.co\/es\/wp-json\/wp\/v2\/formato_nota?post=378295"},{"taxonomy":"programas_tax","embeddable":true,"href":"https:\/\/www.medellin.gov.co\/es\/wp-json\/wp\/v2\/programas_tax?post=378295"}],"curies":[{"name":"wp","href":"https:\/\/api.w.org\/{rel}","templated":true}]}}