{"id":379029,"date":"2024-12-28T07:22:32","date_gmt":"2024-12-28T12:22:32","guid":{"rendered":"https:\/\/www.medellin.gov.co\/es\/?p=379029"},"modified":"2024-12-28T18:36:30","modified_gmt":"2024-12-28T23:36:30","slug":"mary-mejia-lidera-las-madrinas-de-la-alianza-medellin-cero-hambre","status":"publish","type":"post","link":"https:\/\/www.medellin.gov.co\/es\/sala-de-prensa\/noticias\/mary-mejia-lidera-las-madrinas-de-la-alianza-medellin-cero-hambre\/","title":{"rendered":"Mary Mej\u00eda lidera las Madrinas de la Alianza Medell\u00edn Cero Hambre"},"content":{"rendered":"<blockquote><p><em>La <a href=\"https:\/\/medellincerohambre.org\/\" target=\"_blank\" rel=\"noopener\">Alianza Medell\u00edn Cero Hambre<\/a> es una gran uni\u00f3n conformada por la Alcald\u00eda de Medell\u00edn, empresas privadas, bancos de alimentos, organizaciones sociales y ciudadan\u00eda en general para mitigar la inseguridad alimentaria moderada y severa en la que se encuentran 221 000 hogares. Madrinas es un equipo de 197 mujeres y un hombre que trabajan de manera voluntaria por la causa de la alianza.<\/em><\/p><\/blockquote>\n<p>En sus recorridos por distintos barrios de Medell\u00edn, Mar\u00eda Isabel Mej\u00eda, Madrina de la <a href=\"https:\/\/medellincerohambre.org\/\" target=\"_blank\" rel=\"noopener\">Alianza Medell\u00edn Cero Hambre<\/a>, ha constatado que hay familias a las que el dinero no les alcanza para mercar. En una vivienda encontr\u00f3 la nevera vac\u00eda, solo con un pedazo de cebolla de rama. Conoci\u00f3 hogares en los que los ni\u00f1os comen gracias al <a href=\"https:\/\/www.medellin.edu.co\/acceso-cobertura-y-permanencia\/simpade\/pae\/\" target=\"_blank\" rel=\"noopener\">Programa de Alimentaci\u00f3n Escolar (PAE)<\/a> y, a veces, hasta se llevan parte de sus alimentos para darles a los pap\u00e1s. Casas en las que viven ocho personas en 25 metros cuadrados.<\/p>\n<p>Es por estas realidades que Mar\u00eda Isabel sabe que hay muchas familias con necesidades apremiantes, comenzando por lo b\u00e1sico: la alimentaci\u00f3n. En la capital antioque\u00f1a, 221 000 hogares se encuentran en inseguridad alimentaria, sea moderada o severa.<\/p>\n<p><div class=\"iframe-container\"><iframe title=\"YouTube video player\" src=\"https:\/\/www.youtube.com\/embed\/lO-kDVzgHPo?si=YqIGg4Pc_hi-4Re-\" width=\"100%\" height=\"350\" frameborder=\"0\" allowfullscreen=\"allowfullscreen\"><span data-mce-type=\"bookmark\" style=\"display: inline-block; width: 0px; overflow: hidden; line-height: 0;\" class=\"mce_SELRES_start\">\ufeff<\/span><\/iframe><\/div><\/p>\n<p><strong>Casi 200<\/strong><\/p>\n<p>Mary Mej\u00eda, como le dicen quienes la conocen, no se qued\u00f3 en la observaci\u00f3n, sino que pas\u00f3 a la acci\u00f3n y es la l\u00edder de las <a href=\"https:\/\/medellincerohambre.org\/\" target=\"_blank\" rel=\"noopener\">Madrinas de la Alianza Medell\u00edn Cero Hambre<\/a>. La alianza, que es un proyecto estrat\u00e9gico de la administraci\u00f3n del <a href=\"https:\/\/www.medellin.gov.co\/es\/nuestro-alcalde\/\" target=\"_blank\" rel=\"noopener\">alcalde, Federico Guti\u00e9rrez Zuluaga<\/a>, se cre\u00f3 a mediados de 2024. Es una gran uni\u00f3n conformada por la Alcald\u00eda, empresas privadas, bancos de alimentos, organizaciones sociales y ciudadan\u00eda en general para mitigar la inseguridad alimentaria de estas familias. Madrinas es un equipo de 197 mujeres y un hombre que trabajan de manera voluntaria por la causa de la alianza.<\/p>\n<div id=\"attachment_379071\" style=\"width: 1034px\" class=\"wp-caption alignnone\"><a href=\"https:\/\/www.medellin.gov.co\/es\/wp-content\/uploads\/2024\/12\/OFICIAL.jpg\" target=\"_blank\" rel=\"noopener\"><img aria-describedby=\"caption-attachment-379071\" loading=\"lazy\" class=\"wp-image-379071 size-large\" src=\"https:\/\/www.medellin.gov.co\/es\/wp-content\/uploads\/2024\/12\/OFICIAL-1024x840.jpg\" alt=\"\" width=\"1024\" height=\"840\" srcset=\"https:\/\/www.medellin.gov.co\/es\/wp-content\/uploads\/2024\/12\/OFICIAL-1024x840.jpg 1024w, https:\/\/www.medellin.gov.co\/es\/wp-content\/uploads\/2024\/12\/OFICIAL-300x246.jpg 300w, https:\/\/www.medellin.gov.co\/es\/wp-content\/uploads\/2024\/12\/OFICIAL-150x123.jpg 150w, https:\/\/www.medellin.gov.co\/es\/wp-content\/uploads\/2024\/12\/OFICIAL-768x630.jpg 768w, https:\/\/www.medellin.gov.co\/es\/wp-content\/uploads\/2024\/12\/OFICIAL.jpg 1036w\" sizes=\"(max-width: 1024px) 100vw, 1024px\" \/><\/a><p id=\"caption-attachment-379071\" class=\"wp-caption-text\">Parte del equipo de la Alianza Medell\u00edn Cero Hambre. Entre ellos, Mary Mej\u00eda; a su derecha en la imagen, el alcalde, Federico Guti\u00e9rrez, y cierra el primer grupo a la derecha la primera dama, Margarita G\u00f3mez.<\/p><\/div>\n<p><em>\u201cEl grupo naci\u00f3 con la <a href=\"https:\/\/medellincerohambre.org\/\" target=\"_blank\" rel=\"noopener\">alianza<\/a>. Un empresario muy social me invit\u00f3 y dije: \u2018Vamos\u2019\u201d,<\/em> cuenta Mary, una empresaria de joyer\u00eda y artesan\u00edas, entre las que hay velas de diferentes figuras, objetos de madera y otros tallados en piedra. Ella es de Medell\u00edn, est\u00e1 casada con Miguel Escobar -quien tambi\u00e9n trabaja en una empresa privada- y tiene dos hijas: Mariana e Isabella.<\/p>\n\n\t\t<style type=\"text\/css\">\n\t\t\t#gallery-1 {\n\t\t\t\tmargin: auto;\n\t\t\t}\n\t\t\t#gallery-1 .gallery-item {\n\t\t\t\tfloat: left;\n\t\t\t\tmargin-top: 10px;\n\t\t\t\ttext-align: center;\n\t\t\t\twidth: 50%;\n\t\t\t}\n\t\t\t#gallery-1 img {\n\t\t\t\tborder: 2px solid #cfcfcf;\n\t\t\t}\n\t\t\t#gallery-1 .gallery-caption {\n\t\t\t\tmargin-left: 0;\n\t\t\t}\n\t\t\t\/* see gallery_shortcode() in wp-includes\/media.php *\/\n\t\t<\/style>\n\t\t<div id='gallery-1' class='gallery galleryid-379029 gallery-columns-2 gallery-size-large'><dl class='gallery-item'>\n\t\t\t<dt class='gallery-icon landscape'>\n\t\t\t\t<a href='https:\/\/www.medellin.gov.co\/es\/sala-de-prensa\/noticias\/mary-mejia-lidera-las-madrinas-de-la-alianza-medellin-cero-hambre\/trabajando\/'><img width=\"1024\" height=\"768\" src=\"https:\/\/www.medellin.gov.co\/es\/wp-content\/uploads\/2024\/12\/TRABAJANDO-1024x768.jpg\" class=\"attachment-large size-large\" alt=\"\" loading=\"lazy\" aria-describedby=\"gallery-1-379075\" srcset=\"https:\/\/www.medellin.gov.co\/es\/wp-content\/uploads\/2024\/12\/TRABAJANDO-1024x768.jpg 1024w, https:\/\/www.medellin.gov.co\/es\/wp-content\/uploads\/2024\/12\/TRABAJANDO-300x225.jpg 300w, https:\/\/www.medellin.gov.co\/es\/wp-content\/uploads\/2024\/12\/TRABAJANDO-150x113.jpg 150w, https:\/\/www.medellin.gov.co\/es\/wp-content\/uploads\/2024\/12\/TRABAJANDO-768x576.jpg 768w, https:\/\/www.medellin.gov.co\/es\/wp-content\/uploads\/2024\/12\/TRABAJANDO.jpg 1133w\" sizes=\"(max-width: 1024px) 100vw, 1024px\" \/><\/a>\n\t\t\t<\/dt>\n\t\t\t\t<dd class='wp-caption-text gallery-caption' id='gallery-1-379075'>\n\t\t\t\tMar\u00eda Isabel Mej\u00eda\n\t\t\t\t<\/dd><\/dl><dl class='gallery-item'>\n\t\t\t<dt class='gallery-icon landscape'>\n\t\t\t\t<a href='https:\/\/www.medellin.gov.co\/es\/sala-de-prensa\/noticias\/mary-mejia-lidera-las-madrinas-de-la-alianza-medellin-cero-hambre\/maria-isabel\/'><img width=\"1024\" height=\"768\" src=\"https:\/\/www.medellin.gov.co\/es\/wp-content\/uploads\/2024\/12\/MARIA-ISABEL-1024x768.jpg\" class=\"attachment-large size-large\" alt=\"\" loading=\"lazy\" aria-describedby=\"gallery-1-379070\" srcset=\"https:\/\/www.medellin.gov.co\/es\/wp-content\/uploads\/2024\/12\/MARIA-ISABEL-1024x768.jpg 1024w, https:\/\/www.medellin.gov.co\/es\/wp-content\/uploads\/2024\/12\/MARIA-ISABEL-300x225.jpg 300w, https:\/\/www.medellin.gov.co\/es\/wp-content\/uploads\/2024\/12\/MARIA-ISABEL-150x113.jpg 150w, https:\/\/www.medellin.gov.co\/es\/wp-content\/uploads\/2024\/12\/MARIA-ISABEL-768x576.jpg 768w, https:\/\/www.medellin.gov.co\/es\/wp-content\/uploads\/2024\/12\/MARIA-ISABEL.jpg 1133w\" sizes=\"(max-width: 1024px) 100vw, 1024px\" \/><\/a>\n\t\t\t<\/dt>\n\t\t\t\t<dd class='wp-caption-text gallery-caption' id='gallery-1-379070'>\n\t\t\t\tMary Mej\u00eda, l\u00edder de las Madrinas de la Alianza Medell\u00edn Cero Hambre.\n\t\t\t\t<\/dd><\/dl><br style=\"clear: both\" \/>\n\t\t<\/div>\n\n<h6>Mary Mej\u00eda en el taller de su empresa, MIM Casa.<\/h6>\n<p>Impuls\u00f3 la creaci\u00f3n de Madrinas. Al principio fueron nueve. Llegaron, sobre todo, amigas y conocidas suyas. Ahora, seis meses despu\u00e9s, son casi 200 personas, la mayor\u00eda con edades entre los 45 y los 65 a\u00f1os; 197 mujeres y un hombre, Mart\u00edn Vel\u00e1squez, que es un gran apoyo para la l\u00edder. Mary dice que el equipo ha crecido bastante gracias al voz a voz, se han integrado mujeres que no conoc\u00eda y su intenci\u00f3n es que la cantidad de madrinas siga aumentando. Si quieres ser parte del grupo, por medio de la Alcald\u00eda de Medell\u00edn puedes contactar a Mary Mej\u00eda.<\/p>\n<div id=\"attachment_379062\" style=\"width: 1034px\" class=\"wp-caption alignnone\"><a href=\"https:\/\/www.medellin.gov.co\/es\/wp-content\/uploads\/2024\/12\/EN-METRO.jpg\" target=\"_blank\" rel=\"noopener\"><img aria-describedby=\"caption-attachment-379062\" loading=\"lazy\" class=\"wp-image-379062 size-large\" src=\"https:\/\/www.medellin.gov.co\/es\/wp-content\/uploads\/2024\/12\/EN-METRO-1024x768.jpg\" alt=\"\" width=\"1024\" height=\"768\" srcset=\"https:\/\/www.medellin.gov.co\/es\/wp-content\/uploads\/2024\/12\/EN-METRO-1024x768.jpg 1024w, https:\/\/www.medellin.gov.co\/es\/wp-content\/uploads\/2024\/12\/EN-METRO-300x225.jpg 300w, https:\/\/www.medellin.gov.co\/es\/wp-content\/uploads\/2024\/12\/EN-METRO-150x113.jpg 150w, https:\/\/www.medellin.gov.co\/es\/wp-content\/uploads\/2024\/12\/EN-METRO-768x576.jpg 768w, https:\/\/www.medellin.gov.co\/es\/wp-content\/uploads\/2024\/12\/EN-METRO.jpg 1133w\" sizes=\"(max-width: 1024px) 100vw, 1024px\" \/><\/a><p id=\"caption-attachment-379062\" class=\"wp-caption-text\">Parte del equipo de Madrinas y otros integrantes de la Alianza Medell\u00edn Cero Hambre.<\/p><\/div>\n<p><strong>En dinero o en especie<\/strong><\/p>\n<p>En la <a href=\"https:\/\/medellincerohambre.org\/\" target=\"_blank\" rel=\"noopener\">Alianza Medell\u00edn Cero Hambre<\/a> cualquier ciudadano puede donar. En <u><a href=\"http:\/\/www.medellincerohambre.org\/\">www.medellincerohambre.org<\/a><\/u> los donantes definen si aportan alimentos o dinero. El dinero lo recauda <a href=\"https:\/\/presentes.co\/\" target=\"_blank\" rel=\"noopener\">Presentes Corporaci\u00f3n<\/a>, en tanto que <a href=\"https:\/\/www.eatcloud.com\/\" target=\"_blank\" rel=\"noopener\"><em>EatCloud <\/em><\/a>conecta a empresas, organizaciones sociales y bancos de alimentos para el manejo de donaciones en especie.<\/p>\n<div id=\"attachment_379074\" style=\"width: 1034px\" class=\"wp-caption alignnone\"><a href=\"https:\/\/www.medellin.gov.co\/es\/wp-content\/uploads\/2024\/12\/SACIAR.jpg\" target=\"_blank\" rel=\"noopener\"><img aria-describedby=\"caption-attachment-379074\" loading=\"lazy\" class=\"wp-image-379074 size-large\" src=\"https:\/\/www.medellin.gov.co\/es\/wp-content\/uploads\/2024\/12\/SACIAR-1024x622.jpg\" alt=\"\" width=\"1024\" height=\"622\" srcset=\"https:\/\/www.medellin.gov.co\/es\/wp-content\/uploads\/2024\/12\/SACIAR-1024x622.jpg 1024w, https:\/\/www.medellin.gov.co\/es\/wp-content\/uploads\/2024\/12\/SACIAR-300x182.jpg 300w, https:\/\/www.medellin.gov.co\/es\/wp-content\/uploads\/2024\/12\/SACIAR-150x91.jpg 150w, https:\/\/www.medellin.gov.co\/es\/wp-content\/uploads\/2024\/12\/SACIAR-768x466.jpg 768w, https:\/\/www.medellin.gov.co\/es\/wp-content\/uploads\/2024\/12\/SACIAR.jpg 1280w\" sizes=\"(max-width: 1024px) 100vw, 1024px\" \/><\/a><p id=\"caption-attachment-379074\" class=\"wp-caption-text\">La Fundaci\u00f3n Saciar \u2013 Banco de Alimentos \u2013 es una de las organizaciones vinculadas a la Alianza Medell\u00edn Cero Hambre.<\/p><\/div>\n<p>La Alcald\u00eda identifica a las familias beneficiarias y coordina la entrega de alimentos, mientras que el dinero se convierte en vales con los que las familias reclaman paquetes alimentarios en tiendas y supermercados aliados. El vale es de 150 000 pesos y se le entrega al respectivo hogar, cada mes, durante seis meses.<\/p>\n<div id=\"attachment_379073\" style=\"width: 1034px\" class=\"wp-caption alignnone\"><a href=\"https:\/\/www.medellin.gov.co\/es\/wp-content\/uploads\/2024\/12\/PAQUETES.jpg\" target=\"_blank\" rel=\"noopener\"><img aria-describedby=\"caption-attachment-379073\" loading=\"lazy\" class=\"wp-image-379073 size-large\" src=\"https:\/\/www.medellin.gov.co\/es\/wp-content\/uploads\/2024\/12\/PAQUETES-1024x576.jpg\" alt=\"\" width=\"1024\" height=\"576\" srcset=\"https:\/\/www.medellin.gov.co\/es\/wp-content\/uploads\/2024\/12\/PAQUETES-1024x576.jpg 1024w, https:\/\/www.medellin.gov.co\/es\/wp-content\/uploads\/2024\/12\/PAQUETES-300x169.jpg 300w, https:\/\/www.medellin.gov.co\/es\/wp-content\/uploads\/2024\/12\/PAQUETES-150x84.jpg 150w, https:\/\/www.medellin.gov.co\/es\/wp-content\/uploads\/2024\/12\/PAQUETES-768x432.jpg 768w, https:\/\/www.medellin.gov.co\/es\/wp-content\/uploads\/2024\/12\/PAQUETES.jpg 1280w\" sizes=\"(max-width: 1024px) 100vw, 1024px\" \/><\/a><p id=\"caption-attachment-379073\" class=\"wp-caption-text\">La Alianza Medell\u00edn Cero Hambre es una uni\u00f3n conformada por la Alcald\u00eda, empresas privadas, bancos de alimentos, organizaciones sociales y ciudadan\u00eda en general.<\/p><\/div>\n<p><strong>Las cifras de la alianza<\/strong><\/p>\n<p>En sus primeros seis meses de funcionamiento, la alianza rescat\u00f3 m\u00e1s de 487 000 kilos de alimentos a trav\u00e9s de la l\u00ednea de innovaci\u00f3n social y entreg\u00f3 m\u00e1s de un mill\u00f3n de platos de comida, en tanto que, mediante la l\u00ednea solidaria, la de las donaciones en dinero, recolect\u00f3 cerca de 1686 millones de pesos que permitieron llegar con vales que beneficiaron a m\u00e1s de 1850 familias. As\u00ed, la alianza alcanz\u00f3 unas 30 600 familias de la ciudad, lo que representa el 34 % de los hogares que padecen inseguridad alimentaria severa.<\/p>\n<p>Las Madrinas donan dinero y alimentos, visitan a las familias que identifica la Alcald\u00eda, hablan con ellas para conocer sus situaciones, les entregan los vales que funcionan como bonos alimenticios y le hacen seguimiento al proceso. En su empresa, MIM Casa, Mary y su equipo de trabajo fabrican unas pulseras con medallas de la Virgen y los colores de las banderas de Colombia y Antioquia, que venden a 15 000 pesos. <em>\u201cCon ellas he recogido 10 millones de pesos que se fueron para la <a href=\"https:\/\/medellincerohambre.org\/\" target=\"_blank\" rel=\"noopener\">Alianza Medell\u00edn Cero Hambre<\/a>\u201d,<\/em> cuenta Mary.<\/p>\n\n\t\t<style type=\"text\/css\">\n\t\t\t#gallery-2 {\n\t\t\t\tmargin: auto;\n\t\t\t}\n\t\t\t#gallery-2 .gallery-item {\n\t\t\t\tfloat: left;\n\t\t\t\tmargin-top: 10px;\n\t\t\t\ttext-align: center;\n\t\t\t\twidth: 50%;\n\t\t\t}\n\t\t\t#gallery-2 img {\n\t\t\t\tborder: 2px solid #cfcfcf;\n\t\t\t}\n\t\t\t#gallery-2 .gallery-caption {\n\t\t\t\tmargin-left: 0;\n\t\t\t}\n\t\t\t\/* see gallery_shortcode() in wp-includes\/media.php *\/\n\t\t<\/style>\n\t\t<div id='gallery-2' class='gallery galleryid-379029 gallery-columns-2 gallery-size-large'><dl class='gallery-item'>\n\t\t\t<dt class='gallery-icon landscape'>\n\t\t\t\t<a href='https:\/\/www.medellin.gov.co\/es\/sala-de-prensa\/noticias\/mary-mejia-lidera-las-madrinas-de-la-alianza-medellin-cero-hambre\/equipo-taller\/'><img width=\"1024\" height=\"768\" src=\"https:\/\/www.medellin.gov.co\/es\/wp-content\/uploads\/2024\/12\/EQUIPO-TALLER-1024x768.jpg\" class=\"attachment-large size-large\" alt=\"\" loading=\"lazy\" aria-describedby=\"gallery-2-379065\" srcset=\"https:\/\/www.medellin.gov.co\/es\/wp-content\/uploads\/2024\/12\/EQUIPO-TALLER-1024x768.jpg 1024w, https:\/\/www.medellin.gov.co\/es\/wp-content\/uploads\/2024\/12\/EQUIPO-TALLER-300x225.jpg 300w, https:\/\/www.medellin.gov.co\/es\/wp-content\/uploads\/2024\/12\/EQUIPO-TALLER-150x113.jpg 150w, https:\/\/www.medellin.gov.co\/es\/wp-content\/uploads\/2024\/12\/EQUIPO-TALLER-768x576.jpg 768w, https:\/\/www.medellin.gov.co\/es\/wp-content\/uploads\/2024\/12\/EQUIPO-TALLER.jpg 1133w\" sizes=\"(max-width: 1024px) 100vw, 1024px\" \/><\/a>\n\t\t\t<\/dt>\n\t\t\t\t<dd class='wp-caption-text gallery-caption' id='gallery-2-379065'>\n\t\t\t\tMary Mej\u00eda con su equipo de trabajo en el taller de la empresa MIM Casa.\n\t\t\t\t<\/dd><\/dl><dl class='gallery-item'>\n\t\t\t<dt class='gallery-icon landscape'>\n\t\t\t\t<a href='https:\/\/www.medellin.gov.co\/es\/sala-de-prensa\/noticias\/mary-mejia-lidera-las-madrinas-de-la-alianza-medellin-cero-hambre\/con-beneficiaria\/'><img width=\"1024\" height=\"768\" src=\"https:\/\/www.medellin.gov.co\/es\/wp-content\/uploads\/2024\/12\/CON-BENEFICIARIA-1024x768.jpg\" class=\"attachment-large size-large\" alt=\"\" loading=\"lazy\" aria-describedby=\"gallery-2-379060\" srcset=\"https:\/\/www.medellin.gov.co\/es\/wp-content\/uploads\/2024\/12\/CON-BENEFICIARIA-1024x768.jpg 1024w, https:\/\/www.medellin.gov.co\/es\/wp-content\/uploads\/2024\/12\/CON-BENEFICIARIA-300x225.jpg 300w, https:\/\/www.medellin.gov.co\/es\/wp-content\/uploads\/2024\/12\/CON-BENEFICIARIA-150x113.jpg 150w, https:\/\/www.medellin.gov.co\/es\/wp-content\/uploads\/2024\/12\/CON-BENEFICIARIA-768x576.jpg 768w, https:\/\/www.medellin.gov.co\/es\/wp-content\/uploads\/2024\/12\/CON-BENEFICIARIA.jpg 1133w\" sizes=\"(max-width: 1024px) 100vw, 1024px\" \/><\/a>\n\t\t\t<\/dt>\n\t\t\t\t<dd class='wp-caption-text gallery-caption' id='gallery-2-379060'>\n\t\t\t\tMadrinas visitando a una beneficiaria de la Alianza Medell\u00edn Cero Hambre.\n\t\t\t\t<\/dd><\/dl><br style=\"clear: both\" \/>\n\t\t<\/div>\n\n<p>Adicional a esto, literalmente con la camiseta de la alianza puesta, ayudan a clasificar alimentos donados por empresas y buscan la manera de contribuirles a los beneficiarios no solo con alimentos, sino ubicando centros de atenci\u00f3n para los ni\u00f1os, oportunidades de trabajo para los adultos o asesor\u00edas profesionales. Por ejemplo, con abogados que apoyan a madres solteras que deben demandar a los pap\u00e1s de sus hijos para que respondan por ellos.<\/p>\n<div id=\"attachment_379058\" style=\"width: 1034px\" class=\"wp-caption alignnone\"><a href=\"https:\/\/www.medellin.gov.co\/es\/wp-content\/uploads\/2024\/12\/CAMISETA.jpg\" target=\"_blank\" rel=\"noopener\"><img aria-describedby=\"caption-attachment-379058\" loading=\"lazy\" class=\"wp-image-379058 size-large\" src=\"https:\/\/www.medellin.gov.co\/es\/wp-content\/uploads\/2024\/12\/CAMISETA-1024x768.jpg\" alt=\"\" width=\"1024\" height=\"768\" srcset=\"https:\/\/www.medellin.gov.co\/es\/wp-content\/uploads\/2024\/12\/CAMISETA-1024x768.jpg 1024w, https:\/\/www.medellin.gov.co\/es\/wp-content\/uploads\/2024\/12\/CAMISETA-300x225.jpg 300w, https:\/\/www.medellin.gov.co\/es\/wp-content\/uploads\/2024\/12\/CAMISETA-150x113.jpg 150w, https:\/\/www.medellin.gov.co\/es\/wp-content\/uploads\/2024\/12\/CAMISETA-768x576.jpg 768w, https:\/\/www.medellin.gov.co\/es\/wp-content\/uploads\/2024\/12\/CAMISETA.jpg 1133w\" sizes=\"(max-width: 1024px) 100vw, 1024px\" \/><\/a><p id=\"caption-attachment-379058\" class=\"wp-caption-text\">Camiseta de las Madrinas de la Alianza Medell\u00edn Cero Hambre.<\/p><\/div>\n<p><strong>Obra social<\/strong><\/p>\n<p>Son, como dice Mary, una red de apoyo de la Alcald\u00eda. Cada mes, con los gestores de la Alcald\u00eda, que para Mary <em>\u201cson \u00e1ngeles recorriendo los barrios\u201d,<\/em> unas 50 madrinas acuden al sector elegido y cada una visita una casa y conversa con los miembros del hogar. Las Madrinas han ido a <a href=\"https:\/\/www.medellin.gov.co\/es\/conoce-algunos-datos-generales-de-la-ciudad\/\">Santo Domingo Savio, Manrique y Moravia, entre otros sectores<\/a>.<\/p>\n<p>Como dice su mentor:<em> \u201cla violencia arranca por el est\u00f3mago\u2019\u201d<\/em> apunta Mary en el taller de su empresa. <em>\u201cY tiene raz\u00f3n\u201d, <\/em>agrega, <em>\u201cporque a una persona con hambre le da mal genio y eso a veces termina en que golpea a los ni\u00f1os o puede buscar las drogas\u201d.<\/em><\/p>\n<div id=\"attachment_379070\" style=\"width: 1034px\" class=\"wp-caption alignnone\"><a href=\"https:\/\/www.medellin.gov.co\/es\/wp-content\/uploads\/2024\/12\/MARIA-ISABEL.jpg\" target=\"_blank\" rel=\"noopener\"><img aria-describedby=\"caption-attachment-379070\" loading=\"lazy\" class=\"wp-image-379070 size-large\" src=\"https:\/\/www.medellin.gov.co\/es\/wp-content\/uploads\/2024\/12\/MARIA-ISABEL-1024x768.jpg\" alt=\"\" width=\"1024\" height=\"768\" srcset=\"https:\/\/www.medellin.gov.co\/es\/wp-content\/uploads\/2024\/12\/MARIA-ISABEL-1024x768.jpg 1024w, https:\/\/www.medellin.gov.co\/es\/wp-content\/uploads\/2024\/12\/MARIA-ISABEL-300x225.jpg 300w, https:\/\/www.medellin.gov.co\/es\/wp-content\/uploads\/2024\/12\/MARIA-ISABEL-150x113.jpg 150w, https:\/\/www.medellin.gov.co\/es\/wp-content\/uploads\/2024\/12\/MARIA-ISABEL-768x576.jpg 768w, https:\/\/www.medellin.gov.co\/es\/wp-content\/uploads\/2024\/12\/MARIA-ISABEL.jpg 1133w\" sizes=\"(max-width: 1024px) 100vw, 1024px\" \/><\/a><p id=\"caption-attachment-379070\" class=\"wp-caption-text\">Mary Mej\u00eda, l\u00edder de las Madrinas de la Alianza Medell\u00edn Cero Hambre.<\/p><\/div>\n<p>Para Mary Mej\u00eda, la vida sin una obra social no tiene sentido. Considera que la <a href=\"https:\/\/medellincerohambre.org\/\" target=\"_blank\" rel=\"noopener\">Alianza Medell\u00edn Cero Hambre<\/a> debe seguir durante varias administraciones distritales, porque en ella todos los recursos se usan correctamente. <em>\u201cEsto no es pol\u00edtico sino social. Los paisas somos comprometidos y las Madrinas somos intensas. Cuando a uno se le mete en la cabeza algo de coraz\u00f3n, lo saca adelante\u201d, <\/em>subraya esta mujer que sue\u00f1a con que se acabe el hambre severa en Medell\u00edn y est\u00e1 convencida de que es posible.<\/p>\n<p><strong>Ciudad solidaria<\/strong><\/p>\n<ul>\n<li>La solidaridad ha sido una caracter\u00edstica de los medellinenses a lo largo de la historia.<\/li>\n<li>En la ciudad la solidaridad ha movilizado la ayuda en sectores como Villatina, despu\u00e9s de la tragedia de 1987; en Vallejuelos y Moravia por incendios y, en noviembre de 2024, en el sector El Sina\u00ed de la comuna 2 (Santa Cruz), tras la inundaci\u00f3n causada por la ruptura de un tubo madre del acueducto.<\/li>\n<li>En Colombia la solidaridad de los medellinenses y de los paisas en general se sinti\u00f3 en hechos como la reconstrucci\u00f3n del Eje Cafetero, Mocoa, San Andr\u00e9s, Providencia y Santa Catalina.<\/li>\n<li>Por fuera del pa\u00eds se destaca la construcci\u00f3n de 72 viviendas en Hait\u00ed luego del terremoto de 2010 y el acompa\u00f1amiento a proyectos productivos, entre otros.<\/li>\n<li>En Medell\u00edn se desechan unas 865 toneladas de comida diariamente, lo que equivale a 900 000 platos, suficientes para garantizar desayuno, almuerzo y cena de 70 000 familias. Queremos que no se desperdicie comida en la ciudad.<\/li>\n<li>La capital antioque\u00f1a es pionera en Colombia en aplicar innovaci\u00f3n social para acompa\u00f1ar a miles de familias.<\/li>\n<\/ul>\n","protected":false},"excerpt":{"rendered":"<p>La Alianza Medell\u00edn Cero Hambre es una gran uni\u00f3n conformada por la Alcald\u00eda de Medell\u00edn, empresas privadas, bancos de alimentos, organizaciones sociales y ciudadan\u00eda en general para mitigar la inseguridad alimentaria moderada y severa en &#8230;<\/p>\n","protected":false},"author":17,"featured_media":379068,"comment_status":"open","ping_status":"open","sticky":false,"template":"","format":"standard","meta":[],"categories":[285],"tags":[432,451],"formato_nota":[],"programas_tax":[],"acf":[],"_links":{"self":[{"href":"https:\/\/www.medellin.gov.co\/es\/wp-json\/wp\/v2\/posts\/379029"}],"collection":[{"href":"https:\/\/www.medellin.gov.co\/es\/wp-json\/wp\/v2\/posts"}],"about":[{"href":"https:\/\/www.medellin.gov.co\/es\/wp-json\/wp\/v2\/types\/post"}],"author":[{"embeddable":true,"href":"https:\/\/www.medellin.gov.co\/es\/wp-json\/wp\/v2\/users\/17"}],"replies":[{"embeddable":true,"href":"https:\/\/www.medellin.gov.co\/es\/wp-json\/wp\/v2\/comments?post=379029"}],"version-history":[{"count":3,"href":"https:\/\/www.medellin.gov.co\/es\/wp-json\/wp\/v2\/posts\/379029\/revisions"}],"predecessor-version":[{"id":379509,"href":"https:\/\/www.medellin.gov.co\/es\/wp-json\/wp\/v2\/posts\/379029\/revisions\/379509"}],"wp:featuredmedia":[{"embeddable":true,"href":"https:\/\/www.medellin.gov.co\/es\/wp-json\/wp\/v2\/media\/379068"}],"wp:attachment":[{"href":"https:\/\/www.medellin.gov.co\/es\/wp-json\/wp\/v2\/media?parent=379029"}],"wp:term":[{"taxonomy":"category","embeddable":true,"href":"https:\/\/www.medellin.gov.co\/es\/wp-json\/wp\/v2\/categories?post=379029"},{"taxonomy":"post_tag","embeddable":true,"href":"https:\/\/www.medellin.gov.co\/es\/wp-json\/wp\/v2\/tags?post=379029"},{"taxonomy":"formato_nota","embeddable":true,"href":"https:\/\/www.medellin.gov.co\/es\/wp-json\/wp\/v2\/formato_nota?post=379029"},{"taxonomy":"programas_tax","embeddable":true,"href":"https:\/\/www.medellin.gov.co\/es\/wp-json\/wp\/v2\/programas_tax?post=379029"}],"curies":[{"name":"wp","href":"https:\/\/api.w.org\/{rel}","templated":true}]}}