{"id":379468,"date":"2024-12-28T11:14:46","date_gmt":"2024-12-28T16:14:46","guid":{"rendered":"https:\/\/www.medellin.gov.co\/es\/?p=379468"},"modified":"2024-12-28T11:14:46","modified_gmt":"2024-12-28T16:14:46","slug":"la-alcaldia-de-medellin-garantiza-atencion-permanente-ante-eventuales-casos-de-violencias-contra-las-mujeres-durante-las-fiestas-de-fin-de-ano","status":"publish","type":"post","link":"https:\/\/www.medellin.gov.co\/es\/sala-de-prensa\/noticias\/la-alcaldia-de-medellin-garantiza-atencion-permanente-ante-eventuales-casos-de-violencias-contra-las-mujeres-durante-las-fiestas-de-fin-de-ano\/","title":{"rendered":"La Alcald\u00eda de Medell\u00edn garantiza atenci\u00f3n permanente ante eventuales casos de violencias contra las mujeres durante las fiestas de fin de a\u00f1o"},"content":{"rendered":"<ul>\n<li class=\"p1\"><b>Cinco mecanismos contin\u00faan activos durante las festividades para <\/b><b>proteger a las mujeres.<\/b><\/li>\n<li class=\"p1\"><b>Este a\u00f1o van m\u00e1s de 79.000 incidentes asistidos por la L\u00ednea 123 Agencia <\/b><b>Mujer.<\/b><\/li>\n<\/ul>\n<!--[if lt IE 9]><script>document.createElement('audio');<\/script><![endif]-->\n\t<div class=\"wp-playlist wp-audio-playlist wp-playlist-light\">\n\t\t\t<div class=\"wp-playlist-current-item\"><\/div>\n\t\t<audio controls=\"controls\" preload=\"none\" width=\"640\"\n\t\t\t><\/audio>\n\t<div class=\"wp-playlist-next\"><\/div>\n\t<div class=\"wp-playlist-prev\"><\/div>\n\t<noscript>\n\t<ol>\n\t\t<li><a href='https:\/\/www.medellin.gov.co\/es\/wp-content\/uploads\/2024\/12\/proteger-a-las-mujeres-finde.-an\u0303o-01.mp3'>Palabras de Valeria Molina G\u00f3mez, secretaria de las Mujeres<\/a><\/li>\t<\/ol>\n\t<\/noscript>\n\t<script type=\"application\/json\" class=\"wp-playlist-script\">{\"type\":\"audio\",\"tracklist\":true,\"tracknumbers\":true,\"images\":true,\"artists\":true,\"tracks\":[{\"src\":\"https:\\\/\\\/www.medellin.gov.co\\\/es\\\/wp-content\\\/uploads\\\/2024\\\/12\\\/proteger-a-las-mujeres-finde.-an\\u0303o-01.mp3\",\"type\":\"audio\\\/mpeg\",\"title\":\"Palabras de Valeria Molina G\\u00f3mez, secretaria de las Mujeres\",\"caption\":\"\",\"description\":\"\\u00abPalabras de Valeria Molina G\\u00f3mez, secretaria de las Mujeres\\u00bb.\",\"meta\":{\"length_formatted\":\"0:46\"},\"image\":{\"src\":\"https:\\\/\\\/www.medellin.gov.co\\\/es\\\/wp-includes\\\/images\\\/media\\\/audio.png\",\"width\":48,\"height\":64},\"thumb\":{\"src\":\"https:\\\/\\\/www.medellin.gov.co\\\/es\\\/wp-includes\\\/images\\\/media\\\/audio.png\",\"width\":48,\"height\":64}}]}<\/script>\n<\/div>\n\t\n<p class=\"p1\">Durante la temporada navide\u00f1a y de a\u00f1o nuevo, el Distrito, por medio de la\u00a0Secretar\u00eda de las Mujeres, mantiene activos sus cinco mecanismos de atenci\u00f3n,\u00a0para garantizar la protecci\u00f3n y el bienestar de todas las mujeres que necesiten\u00a0apoyo.<\/p>\n<p class=\"p1\">Estos servicios est\u00e1n disponibles las 24 horas del d\u00eda, todos los d\u00edas del a\u00f1o,\u00a0para asegurar que ninguna mujer se quede sin respuesta ante situaciones de\u00a0violencia.<\/p>\n<p class=\"p1\">La ciudadan\u00eda cuenta con la L\u00ednea 123 Agencia Mujer, para casos de\u00a0emergencia; Defensa T\u00e9cnica, que brinda asesor\u00eda y representaci\u00f3n legal\u00a0gratuita a mujeres en situaciones de violencia; atenci\u00f3n psicojur\u00eddica, que ofrece\u00a0apoyo psicol\u00f3gico y jur\u00eddico; y los Hogares de Acogida, que siguen\u00a0proporcionando refugios temporales y seguros para proteger la vida de las\u00a0mujeres y sus hijos.<\/p>\n<p class=\"p1\">T ambi\u00e9n est\u00e1 vigente el nuevo mecanismo denominado Medidas de Atenci\u00f3n,\u00a0que ofrece un subsidio monetario equivalente a un salario m\u00ednimo o alojamiento\u00a0hotelero para mujeres en riesgo y sus familias, con un apoyo que puede\u00a0extenderse hasta 12 meses.<\/p>\n<p class=\"p1\">Entre enero y diciembre de este a\u00f1o, la Secretar\u00eda de las Mujeres ha realizado\u00a0un total de m\u00e1s de 19.300 atenciones, protegiendo y acompa\u00f1ando a mujeres en\u00a0riesgo. Adem\u00e1s, la L\u00ednea 123 Agencia Mujer ha asistido m\u00e1s de 79.000\u00a0incidentes.<\/p>\n<div id=\"attachment_379472\" style=\"width: 1210px\" class=\"wp-caption aligncenter\"><a href=\"https:\/\/www.medellin.gov.co\/es\/wp-content\/uploads\/2024\/12\/proteger-a-las-mujeres-finde.-an\u0303o-2.jpg\" target=\"_blank\" rel=\"noopener\"><img aria-describedby=\"caption-attachment-379472\" loading=\"lazy\" class=\"wp-image-379472 size-full\" title=\"La Alcald\u00eda de Medell\u00edn garantiza atenci\u00f3n permanente ante eventuales casos de violencias contra las mujeres durante las fiestas de fin de a\u00f1o\" src=\"https:\/\/www.medellin.gov.co\/es\/wp-content\/uploads\/2024\/12\/proteger-a-las-mujeres-finde.-an\u0303o-2.jpg\" alt=\"\" width=\"1200\" height=\"799\" srcset=\"https:\/\/www.medellin.gov.co\/es\/wp-content\/uploads\/2024\/12\/proteger-a-las-mujeres-finde.-an\u0303o-2.jpg 1200w, https:\/\/www.medellin.gov.co\/es\/wp-content\/uploads\/2024\/12\/proteger-a-las-mujeres-finde.-an\u0303o-2-300x200.jpg 300w, https:\/\/www.medellin.gov.co\/es\/wp-content\/uploads\/2024\/12\/proteger-a-las-mujeres-finde.-an\u0303o-2-1024x682.jpg 1024w, https:\/\/www.medellin.gov.co\/es\/wp-content\/uploads\/2024\/12\/proteger-a-las-mujeres-finde.-an\u0303o-2-150x100.jpg 150w, https:\/\/www.medellin.gov.co\/es\/wp-content\/uploads\/2024\/12\/proteger-a-las-mujeres-finde.-an\u0303o-2-768x511.jpg 768w\" sizes=\"(max-width: 1200px) 100vw, 1200px\" \/><\/a><p id=\"caption-attachment-379472\" class=\"wp-caption-text\">La Alcald\u00eda de Medell\u00edn garantiza atenci\u00f3n permanente ante eventuales casos de violencias contra las mujeres durante las fiestas de fin de a\u00f1o<\/p><\/div>\n<p class=\"p1\"><i>\u201cQueremos que m\u00e1s mujeres sepan que estamos aqu\u00ed para ayudarlas en todo\u00a0<\/i><i>momento. No importa la \u00e9poca del a\u00f1o, nuestros mecanismos de atenci\u00f3n est\u00e1n\u00a0<\/i><i>siempre disponibles para brindar apoyo. Las instamos a que no duden en pedir\u00a0<\/i><i>ayuda si lo necesitan y reportar los casos de violencias que puedan presenciar\u201d,\u00a0<\/i>afirm\u00f3 la secretaria de las Mujeres, Valeria Molina G\u00f3mez.<\/p>\n<p class=\"p1\">En cuanto al servicio de atenci\u00f3n psicojur\u00eddica, 1.342 mujeres han recibido\u00a0apoyo, lo que representa un incremento del 31 %, mientras que 87 han sido\u00a0protegidas en los Hogares de Acogida, contribuyendo a la prevenci\u00f3n de\u00a0posibles feminicidios. En cuanto a Defensa T\u00e9cnica, se han acompa\u00f1ado 272\u00a0casos legales, lo que implica un aumento del 80 %.<\/p>\n<p class=\"p1\">La Alcald\u00eda de Medell\u00edn hace un llamado a vivir unas fiestas sin violencias y\u00a0recomienda no excederse en el consumo de alcohol, ya que puede generar\u00a0situaciones de riesgo. Adem\u00e1s, invita a la comunidad a estar alerta y ofrecer\u00a0apoyo a aquellas mujeres que puedan estar viviendo situaciones dif\u00edciles.<\/p>\n","protected":false},"excerpt":{"rendered":"<p>Cinco mecanismos contin\u00faan activos durante las festividades para proteger a las mujeres. Este a\u00f1o van m\u00e1s de 79.000 incidentes asistidos por la L\u00ednea 123 Agencia Mujer. Durante la temporada navide\u00f1a y de a\u00f1o nuevo, el &#8230;<\/p>\n","protected":false},"author":84,"featured_media":379469,"comment_status":"open","ping_status":"open","sticky":false,"template":"","format":"standard","meta":[],"categories":[15],"tags":[437,453,619],"formato_nota":[],"programas_tax":[],"acf":[],"_links":{"self":[{"href":"https:\/\/www.medellin.gov.co\/es\/wp-json\/wp\/v2\/posts\/379468"}],"collection":[{"href":"https:\/\/www.medellin.gov.co\/es\/wp-json\/wp\/v2\/posts"}],"about":[{"href":"https:\/\/www.medellin.gov.co\/es\/wp-json\/wp\/v2\/types\/post"}],"author":[{"embeddable":true,"href":"https:\/\/www.medellin.gov.co\/es\/wp-json\/wp\/v2\/users\/84"}],"replies":[{"embeddable":true,"href":"https:\/\/www.medellin.gov.co\/es\/wp-json\/wp\/v2\/comments?post=379468"}],"version-history":[{"count":1,"href":"https:\/\/www.medellin.gov.co\/es\/wp-json\/wp\/v2\/posts\/379468\/revisions"}],"predecessor-version":[{"id":379473,"href":"https:\/\/www.medellin.gov.co\/es\/wp-json\/wp\/v2\/posts\/379468\/revisions\/379473"}],"wp:featuredmedia":[{"embeddable":true,"href":"https:\/\/www.medellin.gov.co\/es\/wp-json\/wp\/v2\/media\/379469"}],"wp:attachment":[{"href":"https:\/\/www.medellin.gov.co\/es\/wp-json\/wp\/v2\/media?parent=379468"}],"wp:term":[{"taxonomy":"category","embeddable":true,"href":"https:\/\/www.medellin.gov.co\/es\/wp-json\/wp\/v2\/categories?post=379468"},{"taxonomy":"post_tag","embeddable":true,"href":"https:\/\/www.medellin.gov.co\/es\/wp-json\/wp\/v2\/tags?post=379468"},{"taxonomy":"formato_nota","embeddable":true,"href":"https:\/\/www.medellin.gov.co\/es\/wp-json\/wp\/v2\/formato_nota?post=379468"},{"taxonomy":"programas_tax","embeddable":true,"href":"https:\/\/www.medellin.gov.co\/es\/wp-json\/wp\/v2\/programas_tax?post=379468"}],"curies":[{"name":"wp","href":"https:\/\/api.w.org\/{rel}","templated":true}]}}