{"id":379475,"date":"2024-12-28T11:20:57","date_gmt":"2024-12-28T16:20:57","guid":{"rendered":"https:\/\/www.medellin.gov.co\/es\/?p=379475"},"modified":"2024-12-28T11:20:57","modified_gmt":"2024-12-28T16:20:57","slug":"en-cuatro-festivales-de-oportunidades-en-la-zona-nororiental-de-medellin-se-ofertaron-1-000-vacantes-de-empleo","status":"publish","type":"post","link":"https:\/\/www.medellin.gov.co\/es\/sala-de-prensa\/noticias\/en-cuatro-festivales-de-oportunidades-en-la-zona-nororiental-de-medellin-se-ofertaron-1-000-vacantes-de-empleo\/","title":{"rendered":"En cuatro Festivales de Oportunidades, en la zona nororiental de Medell\u00edn, se ofertaron 1.000 vacantes de empleo"},"content":{"rendered":"<!--[if lt IE 9]><script>document.createElement('audio');<\/script><![endif]-->\n\t<div class=\"wp-playlist wp-audio-playlist wp-playlist-light\">\n\t\t\t<div class=\"wp-playlist-current-item\"><\/div>\n\t\t<audio controls=\"controls\" preload=\"none\" width=\"640\"\n\t\t\t><\/audio>\n\t<div class=\"wp-playlist-next\"><\/div>\n\t<div class=\"wp-playlist-prev\"><\/div>\n\t<noscript>\n\t<ol>\n\t\t<li><a href='https:\/\/www.medellin.gov.co\/es\/wp-content\/uploads\/2024\/12\/vacantes-empleo-festivales-de-oportunidades-01.mp3'>Palabras de Ricardo Jaramillo V\u00e9lez, secretario de la Juventud<\/a><\/li><li><a href='https:\/\/www.medellin.gov.co\/es\/wp-content\/uploads\/2024\/12\/vacantes-empleo-festivales-de-oportunidades-02.mp3'>Palabras de Jos\u00e9 Manuel \u00c1lvarez V\u00e9lez, participante<\/a><\/li>\t<\/ol>\n\t<\/noscript>\n\t<script type=\"application\/json\" class=\"wp-playlist-script\">{\"type\":\"audio\",\"tracklist\":true,\"tracknumbers\":true,\"images\":true,\"artists\":true,\"tracks\":[{\"src\":\"https:\\\/\\\/www.medellin.gov.co\\\/es\\\/wp-content\\\/uploads\\\/2024\\\/12\\\/vacantes-empleo-festivales-de-oportunidades-01.mp3\",\"type\":\"audio\\\/mpeg\",\"title\":\"Palabras de Ricardo Jaramillo V\\u00e9lez, secretario de la Juventud\",\"caption\":\"\",\"description\":\"\\u00abPalabras de Ricardo Jaramillo V\\u00e9lez, secretario de la Juventud\\u00bb.\",\"meta\":{\"length_formatted\":\"0:43\"},\"image\":{\"src\":\"https:\\\/\\\/www.medellin.gov.co\\\/es\\\/wp-includes\\\/images\\\/media\\\/audio.png\",\"width\":48,\"height\":64},\"thumb\":{\"src\":\"https:\\\/\\\/www.medellin.gov.co\\\/es\\\/wp-includes\\\/images\\\/media\\\/audio.png\",\"width\":48,\"height\":64}},{\"src\":\"https:\\\/\\\/www.medellin.gov.co\\\/es\\\/wp-content\\\/uploads\\\/2024\\\/12\\\/vacantes-empleo-festivales-de-oportunidades-02.mp3\",\"type\":\"audio\\\/mpeg\",\"title\":\"Palabras de Jos\\u00e9 Manuel \\u00c1lvarez V\\u00e9lez, participante\",\"caption\":\"\",\"description\":\"\\u00abPalabras de Jos\\u00e9 Manuel \\u00c1lvarez V\\u00e9lez, participante\\u00bb.\",\"meta\":{\"length_formatted\":\"0:39\"},\"image\":{\"src\":\"https:\\\/\\\/www.medellin.gov.co\\\/es\\\/wp-includes\\\/images\\\/media\\\/audio.png\",\"width\":48,\"height\":64},\"thumb\":{\"src\":\"https:\\\/\\\/www.medellin.gov.co\\\/es\\\/wp-includes\\\/images\\\/media\\\/audio.png\",\"width\":48,\"height\":64}}]}<\/script>\n<\/div>\n\t\n<p class=\"p1\">El Distrito lider\u00f3 en la zona nororiental cuatro Festivales de Oportunidades, en los\u00a0que 1.000 personas de todas las edades accedieron al mismo n\u00famero de vacantes\u00a0de trabajo ofertadas por empresas privadas, bolsas de empleo y una instituci\u00f3n\u00a0universitaria.<\/p>\n\n\t\t<style type=\"text\/css\">\n\t\t\t#gallery-1 {\n\t\t\t\tmargin: auto;\n\t\t\t}\n\t\t\t#gallery-1 .gallery-item {\n\t\t\t\tfloat: left;\n\t\t\t\tmargin-top: 10px;\n\t\t\t\ttext-align: center;\n\t\t\t\twidth: 50%;\n\t\t\t}\n\t\t\t#gallery-1 img {\n\t\t\t\tborder: 2px solid #cfcfcf;\n\t\t\t}\n\t\t\t#gallery-1 .gallery-caption {\n\t\t\t\tmargin-left: 0;\n\t\t\t}\n\t\t\t\/* see gallery_shortcode() in wp-includes\/media.php *\/\n\t\t<\/style>\n\t\t<div id='gallery-1' class='gallery galleryid-379475 gallery-columns-2 gallery-size-large'><dl class='gallery-item'>\n\t\t\t<dt class='gallery-icon landscape'>\n\t\t\t\t<a href='https:\/\/www.medellin.gov.co\/es\/sala-de-prensa\/noticias\/en-cuatro-festivales-de-oportunidades-en-la-zona-nororiental-de-medellin-se-ofertaron-1-000-vacantes-de-empleo\/vacantes-empleo-festivales-de-oportunidades-4\/'><img width=\"1024\" height=\"575\" src=\"https:\/\/www.medellin.gov.co\/es\/wp-content\/uploads\/2024\/12\/vacantes-empleo-festivales-de-oportunidades-4-1024x575.jpg\" class=\"attachment-large size-large\" alt=\"\" loading=\"lazy\" aria-describedby=\"gallery-1-379484\" srcset=\"https:\/\/www.medellin.gov.co\/es\/wp-content\/uploads\/2024\/12\/vacantes-empleo-festivales-de-oportunidades-4-1024x575.jpg 1024w, https:\/\/www.medellin.gov.co\/es\/wp-content\/uploads\/2024\/12\/vacantes-empleo-festivales-de-oportunidades-4-300x169.jpg 300w, https:\/\/www.medellin.gov.co\/es\/wp-content\/uploads\/2024\/12\/vacantes-empleo-festivales-de-oportunidades-4-150x84.jpg 150w, https:\/\/www.medellin.gov.co\/es\/wp-content\/uploads\/2024\/12\/vacantes-empleo-festivales-de-oportunidades-4-768x431.jpg 768w, https:\/\/www.medellin.gov.co\/es\/wp-content\/uploads\/2024\/12\/vacantes-empleo-festivales-de-oportunidades-4.jpg 1200w\" sizes=\"(max-width: 1024px) 100vw, 1024px\" \/><\/a>\n\t\t\t<\/dt>\n\t\t\t\t<dd class='wp-caption-text gallery-caption' id='gallery-1-379484'>\n\t\t\t\tEn cuatro Festivales de Oportunidades, en la zona nororiental de Medell\u00edn, se ofertaron 1.000 vacantes de empleo &#8211; Foto alcald\u00eda de Medell\u00edn\n\t\t\t\t<\/dd><\/dl><dl class='gallery-item'>\n\t\t\t<dt class='gallery-icon landscape'>\n\t\t\t\t<a href='https:\/\/www.medellin.gov.co\/es\/sala-de-prensa\/noticias\/en-cuatro-festivales-de-oportunidades-en-la-zona-nororiental-de-medellin-se-ofertaron-1-000-vacantes-de-empleo\/vacantes-empleo-festivales-de-oportunidades-3\/'><img width=\"1024\" height=\"575\" src=\"https:\/\/www.medellin.gov.co\/es\/wp-content\/uploads\/2024\/12\/vacantes-empleo-festivales-de-oportunidades-3-1024x575.jpg\" class=\"attachment-large size-large\" alt=\"\" loading=\"lazy\" aria-describedby=\"gallery-1-379483\" srcset=\"https:\/\/www.medellin.gov.co\/es\/wp-content\/uploads\/2024\/12\/vacantes-empleo-festivales-de-oportunidades-3-1024x575.jpg 1024w, https:\/\/www.medellin.gov.co\/es\/wp-content\/uploads\/2024\/12\/vacantes-empleo-festivales-de-oportunidades-3-300x169.jpg 300w, https:\/\/www.medellin.gov.co\/es\/wp-content\/uploads\/2024\/12\/vacantes-empleo-festivales-de-oportunidades-3-150x84.jpg 150w, https:\/\/www.medellin.gov.co\/es\/wp-content\/uploads\/2024\/12\/vacantes-empleo-festivales-de-oportunidades-3-768x431.jpg 768w, https:\/\/www.medellin.gov.co\/es\/wp-content\/uploads\/2024\/12\/vacantes-empleo-festivales-de-oportunidades-3.jpg 1200w\" sizes=\"(max-width: 1024px) 100vw, 1024px\" \/><\/a>\n\t\t\t<\/dt>\n\t\t\t\t<dd class='wp-caption-text gallery-caption' id='gallery-1-379483'>\n\t\t\t\tEn cuatro Festivales de Oportunidades, en la zona nororiental de Medell\u00edn, se ofertaron 1.000 vacantes de empleo &#8211; Foto alcald\u00eda de Medell\u00edn\n\t\t\t\t<\/dd><\/dl><br style=\"clear: both\" \/>\n\t\t<\/div>\n\n<p class=\"p1\"><i>\u201cLos Festivales de Oportunidades son una muestra de que tenemos una apuesta\u00a0<\/i><i>muy grande y decidida por construir una Medell\u00edn con empleo y educaci\u00f3n para\u00a0<\/i><i>todas las personas. Vamos a seguir trabajando para acercar a los ciudadanos a\u00a0<\/i><i>ofertas de empleo, formaci\u00f3n y asesor\u00edas que les permitan alcanzar sus sue\u00f1os y\u00a0<\/i><i>construir sus proyectos de vida\u201d, <\/i>explic\u00f3 el secretario de la Juventud, Ricardo\u00a0Jaramillo V\u00e9lez.<\/p>\n<p class=\"p1\">Los asistentes recibieron asesor\u00edas para su hoja de vida, simulacros de entrevista,\u00a0toma de fotograf\u00edas profesionales, orientaci\u00f3n para el tr\u00e1mite de la libreta militar,\u00a0charlas sobre finanzas personales y perfilamiento vocacional, adem\u00e1s de rutas de\u00a0cr\u00e9ditos para emprendedores y oferta educativa.<\/p>\n<div id=\"attachment_379481\" style=\"width: 1210px\" class=\"wp-caption aligncenter\"><a href=\"https:\/\/www.medellin.gov.co\/es\/wp-content\/uploads\/2024\/12\/vacantes-empleo-festivales-de-oportunidades-2.jpg\" target=\"_blank\" rel=\"noopener\"><img aria-describedby=\"caption-attachment-379481\" loading=\"lazy\" class=\"wp-image-379481 size-full\" title=\"En cuatro Festivales de Oportunidades, en la zona nororiental de Medell\u00edn, se ofertaron 1.000 vacantes de empleo - Foto alcald\u00eda de Medell\u00edn\" src=\"https:\/\/www.medellin.gov.co\/es\/wp-content\/uploads\/2024\/12\/vacantes-empleo-festivales-de-oportunidades-2.jpg\" alt=\"\" width=\"1200\" height=\"674\" srcset=\"https:\/\/www.medellin.gov.co\/es\/wp-content\/uploads\/2024\/12\/vacantes-empleo-festivales-de-oportunidades-2.jpg 1200w, https:\/\/www.medellin.gov.co\/es\/wp-content\/uploads\/2024\/12\/vacantes-empleo-festivales-de-oportunidades-2-300x169.jpg 300w, https:\/\/www.medellin.gov.co\/es\/wp-content\/uploads\/2024\/12\/vacantes-empleo-festivales-de-oportunidades-2-1024x575.jpg 1024w, https:\/\/www.medellin.gov.co\/es\/wp-content\/uploads\/2024\/12\/vacantes-empleo-festivales-de-oportunidades-2-150x84.jpg 150w, https:\/\/www.medellin.gov.co\/es\/wp-content\/uploads\/2024\/12\/vacantes-empleo-festivales-de-oportunidades-2-768x431.jpg 768w\" sizes=\"(max-width: 1200px) 100vw, 1200px\" \/><\/a><p id=\"caption-attachment-379481\" class=\"wp-caption-text\">En cuatro Festivales de Oportunidades, en la zona nororiental de Medell\u00edn, se ofertaron 1.000 vacantes de empleo &#8211; Foto alcald\u00eda de Medell\u00edn<\/p><\/div>\n<p class=\"p1\">Las secretar\u00edas de las Mujeres, Juventud, Educaci\u00f3n, Salud y la Unidad\u00a0Administrativa Especial Buen Comienzo llevaron sus servicios a estos cuatro\u00a0festivales realizados en las comunas Popular, Santa Cruz, Manrique y en el barrio\u00a0Moravia.<\/p>\n","protected":false},"excerpt":{"rendered":"<p>El Distrito lider\u00f3 en la zona nororiental cuatro Festivales de Oportunidades, en los\u00a0que 1.000 personas de todas las edades accedieron al mismo n\u00famero de vacantes\u00a0de trabajo ofertadas por empresas privadas, bolsas de empleo y una &#8230;<\/p>\n","protected":false},"author":84,"featured_media":379477,"comment_status":"open","ping_status":"open","sticky":false,"template":"","format":"standard","meta":[],"categories":[12],"tags":[437,433,453],"formato_nota":[],"programas_tax":[],"acf":[],"_links":{"self":[{"href":"https:\/\/www.medellin.gov.co\/es\/wp-json\/wp\/v2\/posts\/379475"}],"collection":[{"href":"https:\/\/www.medellin.gov.co\/es\/wp-json\/wp\/v2\/posts"}],"about":[{"href":"https:\/\/www.medellin.gov.co\/es\/wp-json\/wp\/v2\/types\/post"}],"author":[{"embeddable":true,"href":"https:\/\/www.medellin.gov.co\/es\/wp-json\/wp\/v2\/users\/84"}],"replies":[{"embeddable":true,"href":"https:\/\/www.medellin.gov.co\/es\/wp-json\/wp\/v2\/comments?post=379475"}],"version-history":[{"count":1,"href":"https:\/\/www.medellin.gov.co\/es\/wp-json\/wp\/v2\/posts\/379475\/revisions"}],"predecessor-version":[{"id":379486,"href":"https:\/\/www.medellin.gov.co\/es\/wp-json\/wp\/v2\/posts\/379475\/revisions\/379486"}],"wp:featuredmedia":[{"embeddable":true,"href":"https:\/\/www.medellin.gov.co\/es\/wp-json\/wp\/v2\/media\/379477"}],"wp:attachment":[{"href":"https:\/\/www.medellin.gov.co\/es\/wp-json\/wp\/v2\/media?parent=379475"}],"wp:term":[{"taxonomy":"category","embeddable":true,"href":"https:\/\/www.medellin.gov.co\/es\/wp-json\/wp\/v2\/categories?post=379475"},{"taxonomy":"post_tag","embeddable":true,"href":"https:\/\/www.medellin.gov.co\/es\/wp-json\/wp\/v2\/tags?post=379475"},{"taxonomy":"formato_nota","embeddable":true,"href":"https:\/\/www.medellin.gov.co\/es\/wp-json\/wp\/v2\/formato_nota?post=379475"},{"taxonomy":"programas_tax","embeddable":true,"href":"https:\/\/www.medellin.gov.co\/es\/wp-json\/wp\/v2\/programas_tax?post=379475"}],"curies":[{"name":"wp","href":"https:\/\/api.w.org\/{rel}","templated":true}]}}