{"id":379512,"date":"2024-12-29T19:17:29","date_gmt":"2024-12-30T00:17:29","guid":{"rendered":"https:\/\/www.medellin.gov.co\/es\/?p=379512"},"modified":"2024-12-29T19:17:29","modified_gmt":"2024-12-30T00:17:29","slug":"el-distrito-pone-a-disposicion-de-la-ciudadania-publicaciones-que-narran-la-historia-del-centro-de-medellin","status":"publish","type":"post","link":"https:\/\/www.medellin.gov.co\/es\/sala-de-prensa\/noticias\/el-distrito-pone-a-disposicion-de-la-ciudadania-publicaciones-que-narran-la-historia-del-centro-de-medellin\/","title":{"rendered":"El Distrito pone a disposici\u00f3n de la ciudadan\u00eda publicaciones que narran la historia del Centro de Medell\u00edn"},"content":{"rendered":"<ul>\n<li class=\"p1\"><b><i>Historias Callejeras 1 <\/i><\/b><b>y<\/b><b><i> 2<\/i><\/b><b> son dos libros, de lectura gratuita, para conocer las\u00a0<\/b><b>calles de esta zona referente de la ciudad.<\/b><\/li>\n<li class=\"p1\"><b>Esta iniciativa se adelanta desde el Archivo Hist\u00f3rico de Medell\u00edn en un <\/b><b>trabajo articulado con el Archivo Fotogr\u00e1fico de la Biblioteca P\u00fablica Piloto.<\/b><\/li>\n<\/ul>\n<!--[if lt IE 9]><script>document.createElement('audio');<\/script><![endif]-->\n\t<div class=\"wp-playlist wp-audio-playlist wp-playlist-light\">\n\t\t\t<div class=\"wp-playlist-current-item\"><\/div>\n\t\t<audio controls=\"controls\" preload=\"none\" width=\"640\"\n\t\t\t><\/audio>\n\t<div class=\"wp-playlist-next\"><\/div>\n\t<div class=\"wp-playlist-prev\"><\/div>\n\t<noscript>\n\t<ol>\n\t\t<li><a href='https:\/\/www.medellin.gov.co\/es\/wp-content\/uploads\/2024\/12\/historias-callejeras-centro-medellin-01.mp3'>Palabras de Santiago Silva, secretario de Cultura Ciudadana<\/a><\/li><li><a href='https:\/\/www.medellin.gov.co\/es\/wp-content\/uploads\/2024\/12\/historias-callejeras-centro-medellin-02.mp3'>Palabras de Jaime G\u00f3mez, historiador del Archivo Hist\u00f3rico de Medell\u00edn<\/a><\/li>\t<\/ol>\n\t<\/noscript>\n\t<script type=\"application\/json\" class=\"wp-playlist-script\">{\"type\":\"audio\",\"tracklist\":true,\"tracknumbers\":true,\"images\":true,\"artists\":true,\"tracks\":[{\"src\":\"https:\\\/\\\/www.medellin.gov.co\\\/es\\\/wp-content\\\/uploads\\\/2024\\\/12\\\/historias-callejeras-centro-medellin-01.mp3\",\"type\":\"audio\\\/mpeg\",\"title\":\"Palabras de Santiago Silva, secretario de Cultura Ciudadana\",\"caption\":\"\",\"description\":\"\\u00abPalabras de Santiago Silva, secretario de Cultura Ciudadana\\u00bb.\",\"meta\":{\"length_formatted\":\"0:26\"},\"image\":{\"src\":\"https:\\\/\\\/www.medellin.gov.co\\\/es\\\/wp-includes\\\/images\\\/media\\\/audio.png\",\"width\":48,\"height\":64},\"thumb\":{\"src\":\"https:\\\/\\\/www.medellin.gov.co\\\/es\\\/wp-includes\\\/images\\\/media\\\/audio.png\",\"width\":48,\"height\":64}},{\"src\":\"https:\\\/\\\/www.medellin.gov.co\\\/es\\\/wp-content\\\/uploads\\\/2024\\\/12\\\/historias-callejeras-centro-medellin-02.mp3\",\"type\":\"audio\\\/mpeg\",\"title\":\"Palabras de Jaime G\\u00f3mez, historiador del Archivo Hist\\u00f3rico de Medell\\u00edn\",\"caption\":\"\",\"description\":\"\\u00abPalabras de Jaime G\\u00f3mez, historiador del Archivo Hist\\u00f3rico de Medell\\u00edn\\u00bb.\",\"meta\":{\"length_formatted\":\"0:56\"},\"image\":{\"src\":\"https:\\\/\\\/www.medellin.gov.co\\\/es\\\/wp-includes\\\/images\\\/media\\\/audio.png\",\"width\":48,\"height\":64},\"thumb\":{\"src\":\"https:\\\/\\\/www.medellin.gov.co\\\/es\\\/wp-includes\\\/images\\\/media\\\/audio.png\",\"width\":48,\"height\":64}}]}<\/script>\n<\/div>\n\t\n<p class=\"p1\">La Alcald\u00eda Distrital, a trav\u00e9s del Archivo Hist\u00f3rico de Medell\u00edn, puso a disposici\u00f3n\u00a0de la ciudadan\u00eda las ediciones digitales de los libros <i>Historias Callejeras 1<\/i> y <i>2<\/i>, que\u00a0se pueden descargar de manera gratuita. Estos textos, cargados de datos curiosos\u00a0y hermosas fotograf\u00edas antiguas, cuentan todo lo que esconde el centro de la ciudad.<\/p>\n<p class=\"p1\">Las publicaciones fueron construidas a partir de los documentos y las fotos que se\u00a0custodian en el Archivo Hist\u00f3rico de Medell\u00edn y en el Archivo Fotogr\u00e1fico de la\u00a0Biblioteca P\u00fablica Piloto.<\/p>\n<p class=\"p1\">El secretario de Cultura Ciudadana, Santiago Silva, explic\u00f3 que estos textos son un\u00a0excelente aguinaldo para acercarnos a la historia patrimonial de la ciudad: \u201c<i>Pues se\u00a0<\/i><i>trata de dos publicaciones virtuales que detonar\u00e1n cualquier tipo de conversaciones\u00a0<\/i><i>sobre la historia de este territorio, en el que todos hemos construido nuestros\u00a0<\/i><i>proyectos de vida. Una oportunidad para viajar en el tiempo hasta la Medell\u00edn de\u00a0<\/i><i>hace cien a\u00f1os o m\u00e1s y tambi\u00e9n para recorrer con ojos de historiador las calles que\u00a0<\/i><i>solemos pisar a diario. Un par de libros que a todos nos dar\u00e1 gusto rotar y recibir a\u00a0<\/i><i>trav\u00e9s de las redes sociales<\/i>\u201d.<\/p>\n<p class=\"p1\">Hoy, en tiempos de aplicaciones que solo se gu\u00edan por la marcaci\u00f3n num\u00e9rica de\u00a0las calles y justo a un a\u00f1o de la celebraci\u00f3n de los 350 a\u00f1os de Medell\u00edn, <i>Historias\u00a0<\/i><i>Callejeras 1<\/i> y <i>2<\/i> son una interesante opci\u00f3n para comenzar dicha celebraci\u00f3n, tal\u00a0como lo explica el historiador del Archivo Hist\u00f3rico de Medell\u00edn, Jaime G\u00f3mez.<\/p>\n<p class=\"p1\">\u201c<i>Historias Callejeras son dos publicaciones en las que encontramos relatos\u00a0<\/i><i>relacionados con el equipamiento urbano: alumbrado, seguridad, alcantarillado,\u00a0<\/i><i>empedrados, rectificaci\u00f3n de las mismas. Es un proyecto editorial a modo de\u00a0<\/i><i>provocaci\u00f3n para los lectores especializados, as\u00ed como para el ciudadano en\u00a0<\/i><i>general, que se quiera acercar a estas calles que tuvieron nombres distintos. Por\u00a0<\/i><i>ejemplo, El resbal\u00f3n, que ahora conocemos como Jun\u00edn; la Calle de La Amargura,\u00a0<\/i><i>que es Ayacucho o La Alameda que es Colombia. Todas esas transformaciones de\u00a0<\/i><i>nombres y de usos se encuentran en estas publicaciones<\/i>\u201d, dijo G\u00f3mez.<\/p>\n<p class=\"p1\">Las dos cartillas revelan los nombres originales de algunas calles que a\u00fan existen y\u00a0sus transformaciones, pero tambi\u00e9n de las que ya hacen parte del pasado. Para\u00a0descargarlas se debe ingresar a los siguientes enlaces:\u00a0<a href=\"https:\/\/patrimoniomedellin.gov.co\/lecturas\/historias-callejeras\/\" target=\"_blank\" rel=\"noopener\">https:\/\/patrimoniomedellin.gov.co\/lecturas\/historias-callejeras\/<\/a><span class=\"s1\"> y\u00a0<\/span><a href=\"https:\/\/patrimoniomedellin.gov.co\/publicaciones\/historias-callejeras\/\" target=\"_blank\" rel=\"noopener\">https:\/\/patrimoniomedellin.gov.co\/publicaciones\/historias-callejeras\/<\/a><\/p>\n<p class=\"p1\">En <a href=\"https:\/\/www.patrimoniomedellin.gov.co\/\" target=\"_blank\" rel=\"noopener\"><span class=\"s2\">www.patrimoniomedellin.gov.co\/<\/span><\/a> los ciudadanos pueden encontrar m\u00e1s\u00a0herramientas para explorar y conocer las historias de Medell\u00edn, sus esculturas y\u00a0tradiciones como la manifestaci\u00f3n cultural silletera, lugares patrimoniales e\u00a0investigaciones que se han documentado desde 1993 cuando fue fundado el Archivo\u00a0Hist\u00f3rico de Medell\u00edn.<\/p>\n","protected":false},"excerpt":{"rendered":"<p>Historias Callejeras 1 y 2 son dos libros, de lectura gratuita, para conocer las\u00a0calles de esta zona referente de la ciudad. Esta iniciativa se adelanta desde el Archivo Hist\u00f3rico de Medell\u00edn en un trabajo articulado &#8230;<\/p>\n","protected":false},"author":84,"featured_media":374119,"comment_status":"open","ping_status":"open","sticky":false,"template":"","format":"standard","meta":[],"categories":[31],"tags":[444,453],"formato_nota":[],"programas_tax":[],"acf":[],"_links":{"self":[{"href":"https:\/\/www.medellin.gov.co\/es\/wp-json\/wp\/v2\/posts\/379512"}],"collection":[{"href":"https:\/\/www.medellin.gov.co\/es\/wp-json\/wp\/v2\/posts"}],"about":[{"href":"https:\/\/www.medellin.gov.co\/es\/wp-json\/wp\/v2\/types\/post"}],"author":[{"embeddable":true,"href":"https:\/\/www.medellin.gov.co\/es\/wp-json\/wp\/v2\/users\/84"}],"replies":[{"embeddable":true,"href":"https:\/\/www.medellin.gov.co\/es\/wp-json\/wp\/v2\/comments?post=379512"}],"version-history":[{"count":1,"href":"https:\/\/www.medellin.gov.co\/es\/wp-json\/wp\/v2\/posts\/379512\/revisions"}],"predecessor-version":[{"id":379517,"href":"https:\/\/www.medellin.gov.co\/es\/wp-json\/wp\/v2\/posts\/379512\/revisions\/379517"}],"wp:featuredmedia":[{"embeddable":true,"href":"https:\/\/www.medellin.gov.co\/es\/wp-json\/wp\/v2\/media\/374119"}],"wp:attachment":[{"href":"https:\/\/www.medellin.gov.co\/es\/wp-json\/wp\/v2\/media?parent=379512"}],"wp:term":[{"taxonomy":"category","embeddable":true,"href":"https:\/\/www.medellin.gov.co\/es\/wp-json\/wp\/v2\/categories?post=379512"},{"taxonomy":"post_tag","embeddable":true,"href":"https:\/\/www.medellin.gov.co\/es\/wp-json\/wp\/v2\/tags?post=379512"},{"taxonomy":"formato_nota","embeddable":true,"href":"https:\/\/www.medellin.gov.co\/es\/wp-json\/wp\/v2\/formato_nota?post=379512"},{"taxonomy":"programas_tax","embeddable":true,"href":"https:\/\/www.medellin.gov.co\/es\/wp-json\/wp\/v2\/programas_tax?post=379512"}],"curies":[{"name":"wp","href":"https:\/\/api.w.org\/{rel}","templated":true}]}}