{"id":379519,"date":"2024-12-29T19:36:43","date_gmt":"2024-12-30T00:36:43","guid":{"rendered":"https:\/\/www.medellin.gov.co\/es\/?p=379519"},"modified":"2024-12-29T19:36:43","modified_gmt":"2024-12-30T00:36:43","slug":"la-casa-de-la-ciencia-el-nuevo-espacio-del-parque-de-la-conservacion-para-conocer-la-biodiversidad-de-medellin","status":"publish","type":"post","link":"https:\/\/www.medellin.gov.co\/es\/sala-de-prensa\/noticias\/la-casa-de-la-ciencia-el-nuevo-espacio-del-parque-de-la-conservacion-para-conocer-la-biodiversidad-de-medellin\/","title":{"rendered":"La Casa de la Ciencia, el nuevo espacio del Parque de la Conservaci\u00f3n para conocer la biodiversidad de Medell\u00edn"},"content":{"rendered":"<ul>\n<li class=\"p1\"><b>Se extiende la invitaci\u00f3n para que el p\u00fablico viva esta experiencia, <\/b><b>que conecta con el arte, la educaci\u00f3n y la naturaleza en un solo\u00a0<\/b><b>espacio.<\/b><\/li>\n<li class=\"p1\"><b>Esta iniciativa se present\u00f3 en el marco de la firma del acuerdo de <\/b><b>voluntades entre entidades comprometidas con la conservaci\u00f3n de la\u00a0<\/b><b>diversidad biol\u00f3gica en la ciudad y sus corregimientos.<\/b><\/li>\n<\/ul>\n<!--[if lt IE 9]><script>document.createElement('audio');<\/script><![endif]-->\n\t<div class=\"wp-playlist wp-audio-playlist wp-playlist-light\">\n\t\t\t<div class=\"wp-playlist-current-item\"><\/div>\n\t\t<audio controls=\"controls\" preload=\"none\" width=\"640\"\n\t\t\t><\/audio>\n\t<div class=\"wp-playlist-next\"><\/div>\n\t<div class=\"wp-playlist-prev\"><\/div>\n\t<noscript>\n\t<ol>\n\t\t<li><a href='https:\/\/www.medellin.gov.co\/es\/wp-content\/uploads\/2024\/12\/la-casa-de-la-ciencia-01.mp3'>Palabras de Esteban Jaramillo Ruiz, subsecretario de Recursos Ambientales de la Secretar\u00eda de Medio Ambiente<\/a><\/li><li><a href='https:\/\/www.medellin.gov.co\/es\/wp-content\/uploads\/2024\/12\/la-casa-de-la-ciencia-02.mp3'>Palabras de Jorge Aubad, director del Parque de la Conservaci\u00f3n<\/a><\/li>\t<\/ol>\n\t<\/noscript>\n\t<script type=\"application\/json\" class=\"wp-playlist-script\">{\"type\":\"audio\",\"tracklist\":true,\"tracknumbers\":true,\"images\":true,\"artists\":true,\"tracks\":[{\"src\":\"https:\\\/\\\/www.medellin.gov.co\\\/es\\\/wp-content\\\/uploads\\\/2024\\\/12\\\/la-casa-de-la-ciencia-01.mp3\",\"type\":\"audio\\\/mpeg\",\"title\":\"Palabras de Esteban Jaramillo Ruiz, subsecretario de Recursos Ambientales de la Secretar\\u00eda de Medio Ambiente\",\"caption\":\"\",\"description\":\"\\u00abPalabras de Esteban Jaramillo Ruiz, subsecretario de Recursos Ambientales de la Secretar\\u00eda de Medio Ambiente\\u00bb.\",\"meta\":{\"length_formatted\":\"0:43\"},\"image\":{\"src\":\"https:\\\/\\\/www.medellin.gov.co\\\/es\\\/wp-includes\\\/images\\\/media\\\/audio.png\",\"width\":48,\"height\":64},\"thumb\":{\"src\":\"https:\\\/\\\/www.medellin.gov.co\\\/es\\\/wp-includes\\\/images\\\/media\\\/audio.png\",\"width\":48,\"height\":64}},{\"src\":\"https:\\\/\\\/www.medellin.gov.co\\\/es\\\/wp-content\\\/uploads\\\/2024\\\/12\\\/la-casa-de-la-ciencia-02.mp3\",\"type\":\"audio\\\/mpeg\",\"title\":\"Palabras de Jorge Aubad, director del Parque de la Conservaci\\u00f3n\",\"caption\":\"\",\"description\":\"\\u00abPalabras de Jorge Aubad, director del Parque de la Conservaci\\u00f3n\\u00bb.\",\"meta\":{\"length_formatted\":\"0:21\"},\"image\":{\"src\":\"https:\\\/\\\/www.medellin.gov.co\\\/es\\\/wp-includes\\\/images\\\/media\\\/audio.png\",\"width\":48,\"height\":64},\"thumb\":{\"src\":\"https:\\\/\\\/www.medellin.gov.co\\\/es\\\/wp-includes\\\/images\\\/media\\\/audio.png\",\"width\":48,\"height\":64}}]}<\/script>\n<\/div>\n\t\n<p class=\"p1\">La Casa de la Ciencia del Parque de la Conservaci\u00f3n, antiguo Zool\u00f3gico\u00a0de Santa Fe, abri\u00f3 sus puertas, para inaugurar la exposici\u00f3n museogr\u00e1fica\u00a0Vecinos por Naturaleza. Este innovador espacio, desarrollado por la Alcald\u00eda de Medell\u00edn, a trav\u00e9s del Sociedad de Mejoras P\u00fablicas de\u00a0Medell\u00edn \u2013 S.M.P (Parque de la Conservaci\u00f3n)<b>, <\/b>es fruto del proyecto de\u00a0actualizaci\u00f3n del Plan de Acci\u00f3n de la Pol\u00edtica de Biodiversidad.<\/p>\n<div id=\"attachment_379529\" style=\"width: 1210px\" class=\"wp-caption aligncenter\"><a href=\"https:\/\/www.medellin.gov.co\/es\/wp-content\/uploads\/2024\/12\/la-casa-de-la-ciencia-5.jpg\" target=\"_blank\" rel=\"noopener\"><img aria-describedby=\"caption-attachment-379529\" loading=\"lazy\" class=\"wp-image-379529 size-full\" title=\"La Casa de la Ciencia, el nuevo espacio del Parque de la Conservaci\u00f3n para conocer la biodiversidad de Medell\u00edn - Foto alcald\u00eda de Medell\u00edn\" src=\"https:\/\/www.medellin.gov.co\/es\/wp-content\/uploads\/2024\/12\/la-casa-de-la-ciencia-5.jpg\" alt=\"\" width=\"1200\" height=\"799\" srcset=\"https:\/\/www.medellin.gov.co\/es\/wp-content\/uploads\/2024\/12\/la-casa-de-la-ciencia-5.jpg 1200w, https:\/\/www.medellin.gov.co\/es\/wp-content\/uploads\/2024\/12\/la-casa-de-la-ciencia-5-300x200.jpg 300w, https:\/\/www.medellin.gov.co\/es\/wp-content\/uploads\/2024\/12\/la-casa-de-la-ciencia-5-1024x682.jpg 1024w, https:\/\/www.medellin.gov.co\/es\/wp-content\/uploads\/2024\/12\/la-casa-de-la-ciencia-5-150x100.jpg 150w, https:\/\/www.medellin.gov.co\/es\/wp-content\/uploads\/2024\/12\/la-casa-de-la-ciencia-5-768x511.jpg 768w\" sizes=\"(max-width: 1200px) 100vw, 1200px\" \/><\/a><p id=\"caption-attachment-379529\" class=\"wp-caption-text\">La Casa de la Ciencia, el nuevo espacio del Parque de la Conservaci\u00f3n para conocer la biodiversidad de Medell\u00edn &#8211; Foto alcald\u00eda de Medell\u00edn<\/p><\/div>\n<p class=\"p1\">As\u00ed, ahora el p\u00fablico puede visitar el parque en sus horarios habituales para\u00a0disfrutar de una experiencia art\u00edstica y educativa que busca fomentar el\u00a0conocimiento, la protecci\u00f3n y la conservaci\u00f3n de la riqueza biol\u00f3gica de la\u00a0ciudad.<\/p>\n<p class=\"p1\">El espacio, que estar\u00e1 disponible durante todo el 2025, visibiliza especies\u00a0clave de Medell\u00edn, adem\u00e1s de abordar problem\u00e1ticas como la p\u00e9rdida de\u00a0h\u00e1bitat, la deforestaci\u00f3n, la contaminaci\u00f3n y los atropellamientos de fauna,\u00a0promoviendo un mensaje de coexistencia arm\u00f3nica entre los habitantes del\u00a0territorio y su biodiversidad.<\/p>\n<p class=\"p1\"><i>\u201cEstamos invitando a las personas a que vengan y se den la oportunidad\u00a0<\/i><i>de conocer la exposici\u00f3n tan extraordinaria que estamos inaugurando en\u00a0<\/i><i>alianza entre la Alcald\u00eda de Medell\u00edn y el Parque de la Conservaci\u00f3n; que\u00a0<\/i><i>contemplen la belleza de nuestra biodiversidad, aprendan y conozcan esta\u00a0<\/i><i>riqueza incre\u00edble que tenemos, y, sobre todo, hagan conciencia de c\u00f3mo\u00a0<\/i><i>podemos ser buenos vecinos por naturaleza, con toda la cultura ciudadana\u00a0<\/i><i>y el compromiso para cuidar esta que es nuestra gran riqueza, la naturaleza\u00a0<\/i><i>de Medell\u00edn\u201d, coment\u00f3 el subsecretario de Recursos Ambientales de la\u00a0<\/i><i>Secretar\u00eda de Medio Ambiente, Esteban Jaramillo Ruiz.\u00a0<\/i><\/p>\n\n\t\t<style type=\"text\/css\">\n\t\t\t#gallery-1 {\n\t\t\t\tmargin: auto;\n\t\t\t}\n\t\t\t#gallery-1 .gallery-item {\n\t\t\t\tfloat: left;\n\t\t\t\tmargin-top: 10px;\n\t\t\t\ttext-align: center;\n\t\t\t\twidth: 50%;\n\t\t\t}\n\t\t\t#gallery-1 img {\n\t\t\t\tborder: 2px solid #cfcfcf;\n\t\t\t}\n\t\t\t#gallery-1 .gallery-caption {\n\t\t\t\tmargin-left: 0;\n\t\t\t}\n\t\t\t\/* see gallery_shortcode() in wp-includes\/media.php *\/\n\t\t<\/style>\n\t\t<div id='gallery-1' class='gallery galleryid-379519 gallery-columns-2 gallery-size-large'><dl class='gallery-item'>\n\t\t\t<dt class='gallery-icon landscape'>\n\t\t\t\t<a href='https:\/\/www.medellin.gov.co\/es\/sala-de-prensa\/noticias\/la-casa-de-la-ciencia-el-nuevo-espacio-del-parque-de-la-conservacion-para-conocer-la-biodiversidad-de-medellin\/la-casa-de-la-ciencia-2\/'><img width=\"1024\" height=\"682\" src=\"https:\/\/www.medellin.gov.co\/es\/wp-content\/uploads\/2024\/12\/la-casa-de-la-ciencia-2-1024x682.jpg\" class=\"attachment-large size-large\" alt=\"\" loading=\"lazy\" aria-describedby=\"gallery-1-379525\" srcset=\"https:\/\/www.medellin.gov.co\/es\/wp-content\/uploads\/2024\/12\/la-casa-de-la-ciencia-2-1024x682.jpg 1024w, https:\/\/www.medellin.gov.co\/es\/wp-content\/uploads\/2024\/12\/la-casa-de-la-ciencia-2-300x200.jpg 300w, https:\/\/www.medellin.gov.co\/es\/wp-content\/uploads\/2024\/12\/la-casa-de-la-ciencia-2-150x100.jpg 150w, https:\/\/www.medellin.gov.co\/es\/wp-content\/uploads\/2024\/12\/la-casa-de-la-ciencia-2-768x511.jpg 768w, https:\/\/www.medellin.gov.co\/es\/wp-content\/uploads\/2024\/12\/la-casa-de-la-ciencia-2.jpg 1200w\" sizes=\"(max-width: 1024px) 100vw, 1024px\" \/><\/a>\n\t\t\t<\/dt>\n\t\t\t\t<dd class='wp-caption-text gallery-caption' id='gallery-1-379525'>\n\t\t\t\tLa Casa de la Ciencia, el nuevo espacio del Parque de la Conservaci\u00f3n para conocer la biodiversidad de Medell\u00edn &#8211; Foto alcald\u00eda de Medell\u00edn\n\t\t\t\t<\/dd><\/dl><dl class='gallery-item'>\n\t\t\t<dt class='gallery-icon landscape'>\n\t\t\t\t<a href='https:\/\/www.medellin.gov.co\/es\/sala-de-prensa\/noticias\/la-casa-de-la-ciencia-el-nuevo-espacio-del-parque-de-la-conservacion-para-conocer-la-biodiversidad-de-medellin\/la-casa-de-la-ciencia-1\/'><img width=\"1024\" height=\"682\" src=\"https:\/\/www.medellin.gov.co\/es\/wp-content\/uploads\/2024\/12\/la-casa-de-la-ciencia-1-1024x682.jpg\" class=\"attachment-large size-large\" alt=\"\" loading=\"lazy\" aria-describedby=\"gallery-1-379521\" srcset=\"https:\/\/www.medellin.gov.co\/es\/wp-content\/uploads\/2024\/12\/la-casa-de-la-ciencia-1-1024x682.jpg 1024w, https:\/\/www.medellin.gov.co\/es\/wp-content\/uploads\/2024\/12\/la-casa-de-la-ciencia-1-300x200.jpg 300w, https:\/\/www.medellin.gov.co\/es\/wp-content\/uploads\/2024\/12\/la-casa-de-la-ciencia-1-150x100.jpg 150w, https:\/\/www.medellin.gov.co\/es\/wp-content\/uploads\/2024\/12\/la-casa-de-la-ciencia-1-768x511.jpg 768w, https:\/\/www.medellin.gov.co\/es\/wp-content\/uploads\/2024\/12\/la-casa-de-la-ciencia-1.jpg 1200w\" sizes=\"(max-width: 1024px) 100vw, 1024px\" \/><\/a>\n\t\t\t<\/dt>\n\t\t\t\t<dd class='wp-caption-text gallery-caption' id='gallery-1-379521'>\n\t\t\t\tLa Casa de la Ciencia, el nuevo espacio del Parque de la Conservaci\u00f3n para conocer la biodiversidad de Medell\u00edn &#8211; Foto alcald\u00eda de Medell\u00edn\n\t\t\t\t<\/dd><\/dl><br style=\"clear: both\" \/>\n\t\t<\/div>\n\n<p class=\"p1\">La exposici\u00f3n Vecinos por Naturaleza es el resultado de m\u00faltiples\u00a0esfuerzos, incluidos los talleres de ciencia ciudadana realizados en los\u00a0cinco corregimientos del Distrito, en los que participaron grupos diversos\u00a0que contribuyeron con ideas y aprendizajes para fortalecer la relaci\u00f3n entre\u00a0la ciudadan\u00eda y la biodiversidad.<\/p>\n<p class=\"p1\"><i>\u201cEste es un ejercicio para que todos los habitantes conozcamos a esas\u00a0<\/i><i>especies que nos acompa\u00f1an en este maravilloso espacio; es hacer una\u00a0<\/i><i>oda a la biodiversidad, que prendamos a convivir y a coexistir con una gran\u00a0<\/i><i>cantidad de seres maravillosos que nos acompa\u00f1an\u201d,<\/i> resalta el director del\u00a0Parque de la Conservaci\u00f3n, Jorge Aubad.<\/p>\n<div id=\"attachment_379527\" style=\"width: 1210px\" class=\"wp-caption aligncenter\"><a href=\"https:\/\/www.medellin.gov.co\/es\/wp-content\/uploads\/2024\/12\/la-casa-de-la-ciencia-3.jpg\" target=\"_blank\" rel=\"noopener\"><img aria-describedby=\"caption-attachment-379527\" loading=\"lazy\" class=\"wp-image-379527 size-full\" title=\"La Casa de la Ciencia, el nuevo espacio del Parque de la Conservaci\u00f3n para conocer la biodiversidad de Medell\u00edn - Foto alcald\u00eda de Medell\u00edn\" src=\"https:\/\/www.medellin.gov.co\/es\/wp-content\/uploads\/2024\/12\/la-casa-de-la-ciencia-3.jpg\" alt=\"\" width=\"1200\" height=\"799\" srcset=\"https:\/\/www.medellin.gov.co\/es\/wp-content\/uploads\/2024\/12\/la-casa-de-la-ciencia-3.jpg 1200w, https:\/\/www.medellin.gov.co\/es\/wp-content\/uploads\/2024\/12\/la-casa-de-la-ciencia-3-300x200.jpg 300w, https:\/\/www.medellin.gov.co\/es\/wp-content\/uploads\/2024\/12\/la-casa-de-la-ciencia-3-1024x682.jpg 1024w, https:\/\/www.medellin.gov.co\/es\/wp-content\/uploads\/2024\/12\/la-casa-de-la-ciencia-3-150x100.jpg 150w, https:\/\/www.medellin.gov.co\/es\/wp-content\/uploads\/2024\/12\/la-casa-de-la-ciencia-3-768x511.jpg 768w\" sizes=\"(max-width: 1200px) 100vw, 1200px\" \/><\/a><p id=\"caption-attachment-379527\" class=\"wp-caption-text\">La Casa de la Ciencia, el nuevo espacio del Parque de la Conservaci\u00f3n para conocer la biodiversidad de Medell\u00edn &#8211; Foto alcald\u00eda de Medell\u00edn<\/p><\/div>\n<p class=\"p1\">La inauguraci\u00f3n tambi\u00e9n fue el marco para la presentaci\u00f3n de un\u00a0importante acuerdo firmado por actores estrat\u00e9gicos comprometidos con la\u00a0conservaci\u00f3n y el cuidado de la diversidad biol\u00f3gica local, entre las cuales\u00a0est\u00e1n las autoridades ambientales: \u00c1rea Metropolitana del Valle de Aburra\u00a0\u2013 AMVA, Corantioquia, Cornare, la corporaci\u00f3n Parque ARVI, la fundaci\u00f3n\u00a0Jard\u00edn Bot\u00e1nico Joaqu\u00edn Antonio Uribe, Gerencia de Corregimientos, la\u00a0Secretar\u00eda de Salud, Secretar\u00eda de Desarrollo Econ\u00f3mico, Sociedad\u00a0Antioque\u00f1a de Ornitolog\u00eda \u2013 SAO, Universidad Nacional de Colombia-\u00a0OGEA, Departamento Administrativo De Planeaci\u00f3n, Secretar\u00eda de Gesti\u00f3n\u00a0y Control Territorial.<\/p>\n<p class=\"p1\">Esta alianza refuerza la voluntad del Distrito y de la Sociedad de Mejoras\u00a0P\u00fablicas de Medell\u00edn\u2013 administradora del Parque de la Conservaci\u00f3n \u2013 de\u00a0promover y potenciar la educaci\u00f3n ambiental y la apropiaci\u00f3n social de\u00a0iniciativas locales para el manejo sostenible de la biodiversidad.<\/p>\n","protected":false},"excerpt":{"rendered":"<p>Se extiende la invitaci\u00f3n para que el p\u00fablico viva esta experiencia, que conecta con el arte, la educaci\u00f3n y la naturaleza en un solo\u00a0espacio. Esta iniciativa se present\u00f3 en el marco de la firma del &#8230;<\/p>\n","protected":false},"author":84,"featured_media":379528,"comment_status":"open","ping_status":"open","sticky":false,"template":"","format":"standard","meta":[],"categories":[13],"tags":[634,453,436],"formato_nota":[],"programas_tax":[],"acf":[],"_links":{"self":[{"href":"https:\/\/www.medellin.gov.co\/es\/wp-json\/wp\/v2\/posts\/379519"}],"collection":[{"href":"https:\/\/www.medellin.gov.co\/es\/wp-json\/wp\/v2\/posts"}],"about":[{"href":"https:\/\/www.medellin.gov.co\/es\/wp-json\/wp\/v2\/types\/post"}],"author":[{"embeddable":true,"href":"https:\/\/www.medellin.gov.co\/es\/wp-json\/wp\/v2\/users\/84"}],"replies":[{"embeddable":true,"href":"https:\/\/www.medellin.gov.co\/es\/wp-json\/wp\/v2\/comments?post=379519"}],"version-history":[{"count":1,"href":"https:\/\/www.medellin.gov.co\/es\/wp-json\/wp\/v2\/posts\/379519\/revisions"}],"predecessor-version":[{"id":379530,"href":"https:\/\/www.medellin.gov.co\/es\/wp-json\/wp\/v2\/posts\/379519\/revisions\/379530"}],"wp:featuredmedia":[{"embeddable":true,"href":"https:\/\/www.medellin.gov.co\/es\/wp-json\/wp\/v2\/media\/379528"}],"wp:attachment":[{"href":"https:\/\/www.medellin.gov.co\/es\/wp-json\/wp\/v2\/media?parent=379519"}],"wp:term":[{"taxonomy":"category","embeddable":true,"href":"https:\/\/www.medellin.gov.co\/es\/wp-json\/wp\/v2\/categories?post=379519"},{"taxonomy":"post_tag","embeddable":true,"href":"https:\/\/www.medellin.gov.co\/es\/wp-json\/wp\/v2\/tags?post=379519"},{"taxonomy":"formato_nota","embeddable":true,"href":"https:\/\/www.medellin.gov.co\/es\/wp-json\/wp\/v2\/formato_nota?post=379519"},{"taxonomy":"programas_tax","embeddable":true,"href":"https:\/\/www.medellin.gov.co\/es\/wp-json\/wp\/v2\/programas_tax?post=379519"}],"curies":[{"name":"wp","href":"https:\/\/api.w.org\/{rel}","templated":true}]}}