{"id":380029,"date":"2025-01-07T11:05:41","date_gmt":"2025-01-07T16:05:41","guid":{"rendered":"https:\/\/www.medellin.gov.co\/es\/?p=380029"},"modified":"2025-01-07T11:05:41","modified_gmt":"2025-01-07T16:05:41","slug":"terminales-medellin-movilizo-mas-de-370-000-viajeros-durante-el-puente-de-reyes","status":"publish","type":"post","link":"https:\/\/www.medellin.gov.co\/es\/sala-de-prensa\/noticias\/terminales-medellin-movilizo-mas-de-370-000-viajeros-durante-el-puente-de-reyes\/","title":{"rendered":"Terminales Medell\u00edn moviliz\u00f3 m\u00e1s de 370.000 viajeros durante el puente de Reyes"},"content":{"rendered":"<ul>\n<li>Municipios como Santa Fe de Antioquia, Jard\u00edn, Guatap\u00e9, y destinos nacionales como Bogot\u00e1, Cali, Cartagena y Eje Cafetero fueron los lugares preferidos.<\/li>\n<li>Durante 2024, m\u00e1s de 21 millones de viajeros pasaron por las terminales Norte y Sur.<\/li>\n<\/ul>\n<p>Durante el puente de Reyes, que comprendi\u00f3 del 3 al 6 de enero de 2025, Terminales Medell\u00edn moviliz\u00f3 un total de 372.868 viajeros y gestion\u00f3 la entrada y salida de 24.396 veh\u00edculos, superando las proyecciones iniciales para este periodo. Estos resultados reflejan una operaci\u00f3n eficiente y bien coordinada, gracias al trabajo articulado con las entidades aliadas y las empresas transportadoras.<\/p>\n<p>Desde el inicio de la temporada alta, el pasado 10 de diciembre de 2024, hasta el 6 de enero de 2025, las terminales Norte y Sur registraron la movilizaci\u00f3n de 2.208.620 viajeros y la entrada y salida de 158.808 veh\u00edculos, consolidando a Terminales Medell\u00edn como el punto de conexi\u00f3n por excelencia en la regi\u00f3n.<\/p>\n<div id=\"attachment_380036\" style=\"width: 1610px\" class=\"wp-caption alignnone\"><a href=\"https:\/\/www.medellin.gov.co\/es\/wp-content\/uploads\/2025\/01\/Terminales-Puente-Reyes-2.jpeg\" target=\"_blank\" rel=\"noopener\"><img aria-describedby=\"caption-attachment-380036\" loading=\"lazy\" class=\"wp-image-380036 size-full\" title=\"Terminales Medell\u00edn moviliz\u00f3 m\u00e1s de 370.000 viajeros durante el puente de Reyes\" src=\"https:\/\/www.medellin.gov.co\/es\/wp-content\/uploads\/2025\/01\/Terminales-Puente-Reyes-2.jpeg\" alt=\"Terminales Medell\u00edn moviliz\u00f3 m\u00e1s de 370.000 viajeros durante el puente de Reyes\" width=\"1600\" height=\"1066\" srcset=\"https:\/\/www.medellin.gov.co\/es\/wp-content\/uploads\/2025\/01\/Terminales-Puente-Reyes-2.jpeg 1600w, https:\/\/www.medellin.gov.co\/es\/wp-content\/uploads\/2025\/01\/Terminales-Puente-Reyes-2-300x200.jpeg 300w, https:\/\/www.medellin.gov.co\/es\/wp-content\/uploads\/2025\/01\/Terminales-Puente-Reyes-2-1024x682.jpeg 1024w, https:\/\/www.medellin.gov.co\/es\/wp-content\/uploads\/2025\/01\/Terminales-Puente-Reyes-2-150x100.jpeg 150w, https:\/\/www.medellin.gov.co\/es\/wp-content\/uploads\/2025\/01\/Terminales-Puente-Reyes-2-768x512.jpeg 768w, https:\/\/www.medellin.gov.co\/es\/wp-content\/uploads\/2025\/01\/Terminales-Puente-Reyes-2-1536x1023.jpeg 1536w\" sizes=\"(max-width: 1600px) 100vw, 1600px\" \/><\/a><p id=\"caption-attachment-380036\" class=\"wp-caption-text\">Terminales Medell\u00edn moviliz\u00f3 m\u00e1s de 370.000 viajeros durante el puente de Reyes &#8211; Foto Alcald\u00eda de Medell\u00edn<\/p><\/div>\n<p>Durante todo 2024, Terminales Medell\u00edn cerr\u00f3 el a\u00f1o con la movilizaci\u00f3n de 21.191.317 viajeros y la entrada y salida de 1.874.976 veh\u00edculos. Estas cifras ratifican el compromiso de la entidad con la conectividad regional y nacional, manteniendo su posici\u00f3n como un referente clave para el transporte terrestre.<\/p>\n<p>\u201c<em>Fue un a\u00f1o de grandes avances para Terminales Medell\u00edn. Recuperamos la confianza de las empresas transportadoras, fortalecimos la institucionalidad y trabajamos articuladamente con entidades, copropiedades e instituciones para brindar un mejor servicio a los viajeros. Estamos agradecidos con todos los aliados que hicieron esto posible y con los usuarios que confiaron en nosotros para sus desplazamientos<\/em>\u201d, destac\u00f3 el subgerente Operativo y T\u00e9cnico de Terminales Medell\u00edn, Ricardo Le\u00f3n Yepes.<\/p>\n<p>A lo largo del a\u00f1o, se realizaron avances que fortalecieron la experiencia de los usuarios y la operaci\u00f3n de las terminales. Se inici\u00f3 la implementaci\u00f3n del sistema de c\u00f3digos de barras en los tiquetes que agiliz\u00f3 el ingreso de los viajeros por los torniquetes, optimizando los tiempos y mejorando la experiencia.<\/p>\n<div id=\"attachment_380035\" style=\"width: 1610px\" class=\"wp-caption alignnone\"><a href=\"https:\/\/www.medellin.gov.co\/es\/wp-content\/uploads\/2025\/01\/Terminales-Puente-Reyes-3.jpeg\" target=\"_blank\" rel=\"noopener\"><img aria-describedby=\"caption-attachment-380035\" loading=\"lazy\" class=\"wp-image-380035 size-full\" title=\"Terminales Medell\u00edn moviliz\u00f3 m\u00e1s de 370.000 viajeros durante el puente de Reyes\" src=\"https:\/\/www.medellin.gov.co\/es\/wp-content\/uploads\/2025\/01\/Terminales-Puente-Reyes-3.jpeg\" alt=\"Terminales Medell\u00edn moviliz\u00f3 m\u00e1s de 370.000 viajeros durante el puente de Reyes\" width=\"1600\" height=\"1066\" srcset=\"https:\/\/www.medellin.gov.co\/es\/wp-content\/uploads\/2025\/01\/Terminales-Puente-Reyes-3.jpeg 1600w, https:\/\/www.medellin.gov.co\/es\/wp-content\/uploads\/2025\/01\/Terminales-Puente-Reyes-3-300x200.jpeg 300w, https:\/\/www.medellin.gov.co\/es\/wp-content\/uploads\/2025\/01\/Terminales-Puente-Reyes-3-1024x682.jpeg 1024w, https:\/\/www.medellin.gov.co\/es\/wp-content\/uploads\/2025\/01\/Terminales-Puente-Reyes-3-150x100.jpeg 150w, https:\/\/www.medellin.gov.co\/es\/wp-content\/uploads\/2025\/01\/Terminales-Puente-Reyes-3-768x512.jpeg 768w, https:\/\/www.medellin.gov.co\/es\/wp-content\/uploads\/2025\/01\/Terminales-Puente-Reyes-3-1536x1023.jpeg 1536w\" sizes=\"(max-width: 1600px) 100vw, 1600px\" \/><\/a><p id=\"caption-attachment-380035\" class=\"wp-caption-text\">Terminales Medell\u00edn moviliz\u00f3 m\u00e1s de 370.000 viajeros durante el puente de Reyes &#8211; Foto Alcald\u00eda de Medell\u00edn<\/p><\/div>\n<p>En el marco de la protecci\u00f3n de ni\u00f1as, ni\u00f1os y adolescentes, se llevaron a cabo m\u00e1s de diez activaciones y campa\u00f1as de sensibilizaci\u00f3n en ambas terminales, exigiendo a las empresas transportadoras el estricto cumplimiento de la reglamentaci\u00f3n del Ministerio de Transporte para garantizar su seguridad. Tambi\u00e9n se realizaron mejoras significativas en la infraestructura de la Terminal del Norte, como la ducha accesible para personas con discapacidad o movilidad reducida, la adecuaci\u00f3n de la caseta del acopio de taxis como punto alterno de informaci\u00f3n y la instalaci\u00f3n de barandas para mayor orden y comodidad en las filas. Finalmente, se fortaleci\u00f3 la institucionalidad, recuperando la confianza de las empresas transportadoras y reactivando espacios de di\u00e1logo con copropiedades, instituciones y entidades para un trabajo articulado y eficiente.<\/p>\n<p>\u201c<em>Hacemos un llamado a seguir viajando de manera legal y segura durante este 2025. Estamos preparados para seguir brindando un viaje de cosas buenas a nuestros usuarios<\/em>\u201d, agreg\u00f3 el subgerente.<\/p>\n<p>Terminales Medell\u00edn agradece a las empresas transportadoras, copropiedades, entidades aliadas y al personal operativo y administrativo, cuyo esfuerzo y compromiso hicieron posible estos resultados. La entidad reafirma su invitaci\u00f3n a que los ciudadanos contin\u00faen eligiendo sus terminales para viajar en bus, garantizando un transporte legal, seguro y confiable.<\/p>\n","protected":false},"excerpt":{"rendered":"<p>Municipios como Santa Fe de Antioquia, Jard\u00edn, Guatap\u00e9, y destinos nacionales como Bogot\u00e1, Cali, Cartagena y Eje Cafetero fueron los lugares preferidos. Durante 2024, m\u00e1s de 21 millones de viajeros pasaron por las terminales Norte &#8230;<\/p>\n","protected":false},"author":21,"featured_media":380032,"comment_status":"open","ping_status":"open","sticky":false,"template":"","format":"standard","meta":[],"categories":[14,17],"tags":[634,447],"formato_nota":[],"programas_tax":[],"acf":[],"_links":{"self":[{"href":"https:\/\/www.medellin.gov.co\/es\/wp-json\/wp\/v2\/posts\/380029"}],"collection":[{"href":"https:\/\/www.medellin.gov.co\/es\/wp-json\/wp\/v2\/posts"}],"about":[{"href":"https:\/\/www.medellin.gov.co\/es\/wp-json\/wp\/v2\/types\/post"}],"author":[{"embeddable":true,"href":"https:\/\/www.medellin.gov.co\/es\/wp-json\/wp\/v2\/users\/21"}],"replies":[{"embeddable":true,"href":"https:\/\/www.medellin.gov.co\/es\/wp-json\/wp\/v2\/comments?post=380029"}],"version-history":[{"count":1,"href":"https:\/\/www.medellin.gov.co\/es\/wp-json\/wp\/v2\/posts\/380029\/revisions"}],"predecessor-version":[{"id":380038,"href":"https:\/\/www.medellin.gov.co\/es\/wp-json\/wp\/v2\/posts\/380029\/revisions\/380038"}],"wp:featuredmedia":[{"embeddable":true,"href":"https:\/\/www.medellin.gov.co\/es\/wp-json\/wp\/v2\/media\/380032"}],"wp:attachment":[{"href":"https:\/\/www.medellin.gov.co\/es\/wp-json\/wp\/v2\/media?parent=380029"}],"wp:term":[{"taxonomy":"category","embeddable":true,"href":"https:\/\/www.medellin.gov.co\/es\/wp-json\/wp\/v2\/categories?post=380029"},{"taxonomy":"post_tag","embeddable":true,"href":"https:\/\/www.medellin.gov.co\/es\/wp-json\/wp\/v2\/tags?post=380029"},{"taxonomy":"formato_nota","embeddable":true,"href":"https:\/\/www.medellin.gov.co\/es\/wp-json\/wp\/v2\/formato_nota?post=380029"},{"taxonomy":"programas_tax","embeddable":true,"href":"https:\/\/www.medellin.gov.co\/es\/wp-json\/wp\/v2\/programas_tax?post=380029"}],"curies":[{"name":"wp","href":"https:\/\/api.w.org\/{rel}","templated":true}]}}