{"id":380260,"date":"2025-01-08T14:31:17","date_gmt":"2025-01-08T19:31:17","guid":{"rendered":"https:\/\/www.medellin.gov.co\/es\/?p=380260"},"modified":"2025-01-08T14:33:23","modified_gmt":"2025-01-08T19:33:23","slug":"en-medellin-no-se-registraron-homicidios-de-lideres-sociales-durante-2024","status":"publish","type":"post","link":"https:\/\/www.medellin.gov.co\/es\/sala-de-prensa\/noticias\/en-medellin-no-se-registraron-homicidios-de-lideres-sociales-durante-2024\/","title":{"rendered":"En Medell\u00edn no se registraron homicidios de l\u00edderes sociales durante 2024"},"content":{"rendered":"<ul>\n<li>53 l\u00edderes y defensores recibieron protecci\u00f3n y atenci\u00f3n integral.<\/li>\n<li>Fue creada la Mesa Distrital de Seguimiento para atender amenazas, desplazamientos y agresiones.<\/li>\n<\/ul>\n<!--[if lt IE 9]><script>document.createElement('audio');<\/script><![endif]-->\n\t<div class=\"wp-playlist wp-audio-playlist wp-playlist-light\">\n\t\t\t<div class=\"wp-playlist-current-item\"><\/div>\n\t\t<audio controls=\"controls\" preload=\"none\" width=\"640\"\n\t\t\t><\/audio>\n\t<div class=\"wp-playlist-next\"><\/div>\n\t<div class=\"wp-playlist-prev\"><\/div>\n\t<noscript>\n\t<ol>\n\t\t<li><a href='https:\/\/www.medellin.gov.co\/es\/wp-content\/uploads\/2025\/01\/Sin-Homicidios-Lideres-Sociales-01.mp3'>Palabras de Carlos Alberto Arcila, secretario de Paz y Derechos Humanos<\/a><\/li>\t<\/ol>\n\t<\/noscript>\n\t<script type=\"application\/json\" class=\"wp-playlist-script\">{\"type\":\"audio\",\"tracklist\":true,\"tracknumbers\":true,\"images\":true,\"artists\":true,\"tracks\":[{\"src\":\"https:\\\/\\\/www.medellin.gov.co\\\/es\\\/wp-content\\\/uploads\\\/2025\\\/01\\\/Sin-Homicidios-Lideres-Sociales-01.mp3\",\"type\":\"audio\\\/mpeg\",\"title\":\"Palabras de Carlos Alberto Arcila, secretario de Paz y Derechos Humanos\",\"caption\":\"\",\"description\":\"\\u00abPalabras de Carlos Alberto Arcila, secretario de Paz y Derechos Humanos\\u00bb.\",\"meta\":{\"length_formatted\":\"0:49\"},\"image\":{\"src\":\"https:\\\/\\\/www.medellin.gov.co\\\/es\\\/wp-includes\\\/images\\\/media\\\/audio.png\",\"width\":48,\"height\":64},\"thumb\":{\"src\":\"https:\\\/\\\/www.medellin.gov.co\\\/es\\\/wp-includes\\\/images\\\/media\\\/audio.png\",\"width\":48,\"height\":64}}]}<\/script>\n<\/div>\n\t\n<p>Como parte de la prevenci\u00f3n, promoci\u00f3n y protecci\u00f3n de la Ruta de Atenci\u00f3n a L\u00edderes y Defensores de Derechos Humanos, coordinada por el Distrito, en la ciudad no se presentaron asesinatos de defensores y l\u00edderes sociales en 2024. Se tiene que 53 personas en situaci\u00f3n de vulnerabilidad recibieron acompa\u00f1amiento integral.<\/p>\n<p>Se adelantaron programas de prevenci\u00f3n, capacitaci\u00f3n y sensibilizaci\u00f3n en medidas de autoprotecci\u00f3n para comunidades en las 16 comunas y los cinco corregimientos, as\u00ed como actividades de promoci\u00f3n, con atenci\u00f3n jur\u00eddica y psicosocial, con enfoque diferencial para garantizar el acceso a derechos constitucionales y acciones de protecci\u00f3n. A partir de esto surgi\u00f3 la Mesa Distrital de Seguimiento para articular esfuerzos de 15 entidades en torno a amenazas, desplazamientos y agresiones.<\/p>\n<div id=\"attachment_380266\" style=\"width: 1610px\" class=\"wp-caption alignnone\"><a href=\"https:\/\/www.medellin.gov.co\/es\/wp-content\/uploads\/2025\/01\/Sin-Homicidios-Lideres-Sociales-1.jpeg\" target=\"_blank\" rel=\"noopener\"><img aria-describedby=\"caption-attachment-380266\" loading=\"lazy\" class=\"wp-image-380266 size-full\" title=\"En Medell\u00edn no se registraron homicidios de l\u00edderes sociales durante 2024\" src=\"https:\/\/www.medellin.gov.co\/es\/wp-content\/uploads\/2025\/01\/Sin-Homicidios-Lideres-Sociales-1.jpeg\" alt=\"En Medell\u00edn no se registraron homicidios de l\u00edderes sociales durante 2024\" width=\"1600\" height=\"1070\" srcset=\"https:\/\/www.medellin.gov.co\/es\/wp-content\/uploads\/2025\/01\/Sin-Homicidios-Lideres-Sociales-1.jpeg 1600w, https:\/\/www.medellin.gov.co\/es\/wp-content\/uploads\/2025\/01\/Sin-Homicidios-Lideres-Sociales-1-300x201.jpeg 300w, https:\/\/www.medellin.gov.co\/es\/wp-content\/uploads\/2025\/01\/Sin-Homicidios-Lideres-Sociales-1-1024x685.jpeg 1024w, https:\/\/www.medellin.gov.co\/es\/wp-content\/uploads\/2025\/01\/Sin-Homicidios-Lideres-Sociales-1-150x100.jpeg 150w, https:\/\/www.medellin.gov.co\/es\/wp-content\/uploads\/2025\/01\/Sin-Homicidios-Lideres-Sociales-1-768x514.jpeg 768w, https:\/\/www.medellin.gov.co\/es\/wp-content\/uploads\/2025\/01\/Sin-Homicidios-Lideres-Sociales-1-1536x1027.jpeg 1536w\" sizes=\"(max-width: 1600px) 100vw, 1600px\" \/><\/a><p id=\"caption-attachment-380266\" class=\"wp-caption-text\">En Medell\u00edn no se registraron homicidios de l\u00edderes sociales durante 2024 &#8211; Foto Alcald\u00eda de Medell\u00edn<\/p><\/div>\n<p>Los casos atendidos disminuyeron frente a 2023, al pasar de 70 a 53 (33 hombres, 19 mujeres y una persona no binaria). Las comunas con m\u00e1s registros fueron Doce de Octubre, Villa Hermosa y San Javier, lo que refleja circunstancias asociadas a la violencia urbana y la desigualdad socioecon\u00f3mica.<\/p>\n<p>Entre los retos actuales de la Administraci\u00f3n Distrital est\u00e1 reducir la demora en la evaluaci\u00f3n del riesgo por parte de la Unidad Nacional de Protecci\u00f3n (UNP) y fortalecer estrategias de sensibilizaci\u00f3n y prevenci\u00f3n en los territorios para reafirmar el compromiso con la defensa de los derechos humanos y de quienes lideran procesos de transformaci\u00f3n social.<\/p>\n","protected":false},"excerpt":{"rendered":"<p>53 l\u00edderes y defensores recibieron protecci\u00f3n y atenci\u00f3n integral. Fue creada la Mesa Distrital de Seguimiento para atender amenazas, desplazamientos y agresiones. Como parte de la prevenci\u00f3n, promoci\u00f3n y protecci\u00f3n de la Ruta de Atenci\u00f3n &#8230;<\/p>\n","protected":false},"author":21,"featured_media":63218,"comment_status":"open","ping_status":"open","sticky":false,"template":"","format":"standard","meta":[],"categories":[701],"tags":[455,449,619],"formato_nota":[],"programas_tax":[],"acf":[],"_links":{"self":[{"href":"https:\/\/www.medellin.gov.co\/es\/wp-json\/wp\/v2\/posts\/380260"}],"collection":[{"href":"https:\/\/www.medellin.gov.co\/es\/wp-json\/wp\/v2\/posts"}],"about":[{"href":"https:\/\/www.medellin.gov.co\/es\/wp-json\/wp\/v2\/types\/post"}],"author":[{"embeddable":true,"href":"https:\/\/www.medellin.gov.co\/es\/wp-json\/wp\/v2\/users\/21"}],"replies":[{"embeddable":true,"href":"https:\/\/www.medellin.gov.co\/es\/wp-json\/wp\/v2\/comments?post=380260"}],"version-history":[{"count":1,"href":"https:\/\/www.medellin.gov.co\/es\/wp-json\/wp\/v2\/posts\/380260\/revisions"}],"predecessor-version":[{"id":380268,"href":"https:\/\/www.medellin.gov.co\/es\/wp-json\/wp\/v2\/posts\/380260\/revisions\/380268"}],"wp:featuredmedia":[{"embeddable":true,"href":"https:\/\/www.medellin.gov.co\/es\/wp-json\/wp\/v2\/media\/63218"}],"wp:attachment":[{"href":"https:\/\/www.medellin.gov.co\/es\/wp-json\/wp\/v2\/media?parent=380260"}],"wp:term":[{"taxonomy":"category","embeddable":true,"href":"https:\/\/www.medellin.gov.co\/es\/wp-json\/wp\/v2\/categories?post=380260"},{"taxonomy":"post_tag","embeddable":true,"href":"https:\/\/www.medellin.gov.co\/es\/wp-json\/wp\/v2\/tags?post=380260"},{"taxonomy":"formato_nota","embeddable":true,"href":"https:\/\/www.medellin.gov.co\/es\/wp-json\/wp\/v2\/formato_nota?post=380260"},{"taxonomy":"programas_tax","embeddable":true,"href":"https:\/\/www.medellin.gov.co\/es\/wp-json\/wp\/v2\/programas_tax?post=380260"}],"curies":[{"name":"wp","href":"https:\/\/api.w.org\/{rel}","templated":true}]}}