{"id":380399,"date":"2025-01-09T14:22:42","date_gmt":"2025-01-09T19:22:42","guid":{"rendered":"https:\/\/www.medellin.gov.co\/es\/?p=380399"},"modified":"2025-01-09T14:22:42","modified_gmt":"2025-01-09T19:22:42","slug":"medellin-refuerza-acciones-para-erradicar-la-explotacion-sexual-infantil-con-apoyo-de-organismos-internacionales","status":"publish","type":"post","link":"https:\/\/www.medellin.gov.co\/es\/sala-de-prensa\/noticias\/medellin-refuerza-acciones-para-erradicar-la-explotacion-sexual-infantil-con-apoyo-de-organismos-internacionales\/","title":{"rendered":"Medell\u00edn refuerza acciones para erradicar la explotaci\u00f3n sexual infantil con apoyo de organismos internacionales"},"content":{"rendered":"<ul>\n<li>En 2024 Medell\u00edn logr\u00f3 un aumento del 1.100 % en las capturas a extranjeros en casos de explotaci\u00f3n sexual infantil y del 283 % en otros delitos sexuales.<\/li>\n<li>La creaci\u00f3n del GESET y la colaboraci\u00f3n con agencias internacionales como HSI, Interpol y la Embajada de los Estados Unidos han fortalecido la lucha contra este delito.<\/li>\n<\/ul>\n<!--[if lt IE 9]><script>document.createElement('audio');<\/script><![endif]-->\n\t<div class=\"wp-playlist wp-audio-playlist wp-playlist-light\">\n\t\t\t<div class=\"wp-playlist-current-item\"><\/div>\n\t\t<audio controls=\"controls\" preload=\"none\" width=\"640\"\n\t\t\t><\/audio>\n\t<div class=\"wp-playlist-next\"><\/div>\n\t<div class=\"wp-playlist-prev\"><\/div>\n\t<noscript>\n\t<ol>\n\t\t<li><a href='https:\/\/www.medellin.gov.co\/es\/wp-content\/uploads\/2025\/01\/Erradicacion-Explotacion-Sexual-Infantil-01.mp3'>Palabras de Manuel Villa Mej\u00eda, secretario de Seguridad y Convivencia<\/a><\/li>\t<\/ol>\n\t<\/noscript>\n\t<script type=\"application\/json\" class=\"wp-playlist-script\">{\"type\":\"audio\",\"tracklist\":true,\"tracknumbers\":true,\"images\":true,\"artists\":true,\"tracks\":[{\"src\":\"https:\\\/\\\/www.medellin.gov.co\\\/es\\\/wp-content\\\/uploads\\\/2025\\\/01\\\/Erradicacion-Explotacion-Sexual-Infantil-01.mp3\",\"type\":\"audio\\\/mpeg\",\"title\":\"Palabras de Manuel Villa Mej\\u00eda, secretario de Seguridad y Convivencia\",\"caption\":\"\",\"description\":\"\\u00abPalabras de Manuel Villa Mej\\u00eda, secretario de Seguridad y Convivencia\\u00bb.\",\"meta\":{\"length_formatted\":\"3:14\"},\"image\":{\"src\":\"https:\\\/\\\/www.medellin.gov.co\\\/es\\\/wp-includes\\\/images\\\/media\\\/audio.png\",\"width\":48,\"height\":64},\"thumb\":{\"src\":\"https:\\\/\\\/www.medellin.gov.co\\\/es\\\/wp-includes\\\/images\\\/media\\\/audio.png\",\"width\":48,\"height\":64}}]}<\/script>\n<\/div>\n\t\n<p>La Alcald\u00eda de Medell\u00edn destaca los resultados alcanzados en la lucha contra la explotaci\u00f3n sexual de ni\u00f1os, ni\u00f1as y adolescentes. Este delito, que sigue siendo una de las problem\u00e1ticas m\u00e1s graves que enfrenta nuestra sociedad, ha sido combatido de manera contundente gracias al compromiso de la Alcald\u00eda de Medell\u00edn, bajo el liderazgo del alcalde Federico Guti\u00e9rrez.<\/p>\n<p>Durante 2024, se logr\u00f3 la captura de 12 personas extranjeras vinculadas a la explotaci\u00f3n sexual de menores, lo que representa un incremento del 1.100 % frente al a\u00f1o anterior. As\u00ed mismo, se realizaron 23 capturas adicionales de extranjeros por delitos sexuales, con un aumento del 283 % respecto a 2023.<\/p>\n<p>Estas cifras reflejan no s\u00f3lo el fortalecimiento de las estrategias institucionales, sino tambi\u00e9n un mensaje claro: en Medell\u00edn no hay espacio para este tipo de delitos.<\/p>\n<div id=\"attachment_380421\" style=\"width: 1290px\" class=\"wp-caption alignnone\"><a href=\"https:\/\/www.medellin.gov.co\/es\/wp-content\/uploads\/2025\/01\/Erradicacion-Explotacion-Sexual-Infantil-2.jpg\" target=\"_blank\" rel=\"noopener\"><img aria-describedby=\"caption-attachment-380421\" loading=\"lazy\" class=\"wp-image-380421 size-full\" title=\"Medell\u00edn refuerza acciones para erradicar la explotaci\u00f3n sexual infantil con apoyo de organismos internacionales\" src=\"https:\/\/www.medellin.gov.co\/es\/wp-content\/uploads\/2025\/01\/Erradicacion-Explotacion-Sexual-Infantil-2.jpg\" alt=\"Medell\u00edn refuerza acciones para erradicar la explotaci\u00f3n sexual infantil con apoyo de organismos internacionales\" width=\"1280\" height=\"720\" srcset=\"https:\/\/www.medellin.gov.co\/es\/wp-content\/uploads\/2025\/01\/Erradicacion-Explotacion-Sexual-Infantil-2.jpg 1280w, https:\/\/www.medellin.gov.co\/es\/wp-content\/uploads\/2025\/01\/Erradicacion-Explotacion-Sexual-Infantil-2-300x169.jpg 300w, https:\/\/www.medellin.gov.co\/es\/wp-content\/uploads\/2025\/01\/Erradicacion-Explotacion-Sexual-Infantil-2-1024x576.jpg 1024w, https:\/\/www.medellin.gov.co\/es\/wp-content\/uploads\/2025\/01\/Erradicacion-Explotacion-Sexual-Infantil-2-150x84.jpg 150w, https:\/\/www.medellin.gov.co\/es\/wp-content\/uploads\/2025\/01\/Erradicacion-Explotacion-Sexual-Infantil-2-768x432.jpg 768w\" sizes=\"(max-width: 1280px) 100vw, 1280px\" \/><\/a><p id=\"caption-attachment-380421\" class=\"wp-caption-text\">Medell\u00edn refuerza acciones para erradicar la explotaci\u00f3n sexual infantil con apoyo de organismos internacionales &#8211; Foto Alcald\u00eda de Medell\u00edn<\/p><\/div>\n<p>\u201c<em>Estos resultados son una muestra de nuestro compromiso absoluto con la protecci\u00f3n de los menores. Cada ni\u00f1o y cada ni\u00f1a tienen derecho a crecer en un entorno seguro, libre de violencia y con oportunidades. No vamos a descansar hasta garantizar que as\u00ed sea. Hemos dado pasos importantes, pero sabemos que a\u00fan queda mucho por hacer. Seguiremos avanzando con decisi\u00f3n en esta lucha que es de todos<\/em>\u201d, expres\u00f3 el secretario de Seguridad y Convivencia de<\/p>\n<p>Medell\u00edn, Manuel Villa Mej\u00eda.<\/p>\n<p>Para enfrentar esta problem\u00e1tica, se cre\u00f3 el Grupo contra la Explotaci\u00f3n Sexual y la Trata de Personas (GESET), una unidad especializada que ha permitido articular esfuerzos con la Polic\u00eda Nacional, la Fiscal\u00eda General, y agencias internacionales como la Embajada de los Estados Unidos, HSI e Interpol.<\/p>\n<p>Adem\u00e1s, se implement\u00f3 una l\u00ednea de atenci\u00f3n espec\u00edfica para apoyar a las v\u00edctimas, brind\u00e1ndoles una respuesta oportuna y eficaz.<\/p>\n<div id=\"attachment_380422\" style=\"width: 1290px\" class=\"wp-caption alignnone\"><a href=\"https:\/\/www.medellin.gov.co\/es\/wp-content\/uploads\/2025\/01\/Erradicacion-Explotacion-Sexual-Infantil-3.jpg\" target=\"_blank\" rel=\"noopener\"><img aria-describedby=\"caption-attachment-380422\" loading=\"lazy\" class=\"wp-image-380422 size-full\" title=\"Medell\u00edn refuerza acciones para erradicar la explotaci\u00f3n sexual infantil con apoyo de organismos internacionales\" src=\"https:\/\/www.medellin.gov.co\/es\/wp-content\/uploads\/2025\/01\/Erradicacion-Explotacion-Sexual-Infantil-3.jpg\" alt=\"Medell\u00edn refuerza acciones para erradicar la explotaci\u00f3n sexual infantil con apoyo de organismos internacionales\" width=\"1280\" height=\"960\" srcset=\"https:\/\/www.medellin.gov.co\/es\/wp-content\/uploads\/2025\/01\/Erradicacion-Explotacion-Sexual-Infantil-3.jpg 1280w, https:\/\/www.medellin.gov.co\/es\/wp-content\/uploads\/2025\/01\/Erradicacion-Explotacion-Sexual-Infantil-3-300x225.jpg 300w, https:\/\/www.medellin.gov.co\/es\/wp-content\/uploads\/2025\/01\/Erradicacion-Explotacion-Sexual-Infantil-3-1024x768.jpg 1024w, https:\/\/www.medellin.gov.co\/es\/wp-content\/uploads\/2025\/01\/Erradicacion-Explotacion-Sexual-Infantil-3-150x113.jpg 150w, https:\/\/www.medellin.gov.co\/es\/wp-content\/uploads\/2025\/01\/Erradicacion-Explotacion-Sexual-Infantil-3-768x576.jpg 768w\" sizes=\"(max-width: 1280px) 100vw, 1280px\" \/><\/a><p id=\"caption-attachment-380422\" class=\"wp-caption-text\">Medell\u00edn refuerza acciones para erradicar la explotaci\u00f3n sexual infantil con apoyo de organismos internacionales &#8211; Foto Alcald\u00eda de Medell\u00edn<\/p><\/div>\n<p>\u201c<em>El incremento en las capturas por explotaci\u00f3n sexual de menores y el aumento del 11% en las capturas por delitos sexuales durante 2024 son logros importantes. Pero estos n\u00fameros no son un motivo para detenernos. Vamos a seguir reforzando nuestras acciones, trabajando de la mano con la comunidad y las instituciones. La lucha contra la explotaci\u00f3n sexual infantil es una responsabilidad compartida, y juntos lograremos erradicarla<\/em>\u201d, a\u00f1adi\u00f3 Villa Mej\u00eda.<\/p>\n<p>A la fecha, la oficina de Migraci\u00f3n Colombia ha gestionado 352 inadmisiones, de las cuales 27 han sido promovidas por \u00c1ngel Wacht. Tambi\u00e9n se ha procedido con la extinci\u00f3n de dominio de seis hoteles, un parqueadero y un inquilinato en el Centro de Medell\u00edn, que facilitaban el ingreso de menores junto a depredadores sexuales y actividades relacionadas con el tr\u00e1fico de estupefacientes.<\/p>\n","protected":false},"excerpt":{"rendered":"<p>En 2024 Medell\u00edn logr\u00f3 un aumento del 1.100 % en las capturas a extranjeros en casos de explotaci\u00f3n sexual infantil y del 283 % en otros delitos sexuales. La creaci\u00f3n del GESET y la colaboraci\u00f3n &#8230;<\/p>\n","protected":false},"author":21,"featured_media":380420,"comment_status":"open","ping_status":"open","sticky":false,"template":"","format":"standard","meta":[],"categories":[21],"tags":[619],"formato_nota":[],"programas_tax":[],"acf":[],"_links":{"self":[{"href":"https:\/\/www.medellin.gov.co\/es\/wp-json\/wp\/v2\/posts\/380399"}],"collection":[{"href":"https:\/\/www.medellin.gov.co\/es\/wp-json\/wp\/v2\/posts"}],"about":[{"href":"https:\/\/www.medellin.gov.co\/es\/wp-json\/wp\/v2\/types\/post"}],"author":[{"embeddable":true,"href":"https:\/\/www.medellin.gov.co\/es\/wp-json\/wp\/v2\/users\/21"}],"replies":[{"embeddable":true,"href":"https:\/\/www.medellin.gov.co\/es\/wp-json\/wp\/v2\/comments?post=380399"}],"version-history":[{"count":1,"href":"https:\/\/www.medellin.gov.co\/es\/wp-json\/wp\/v2\/posts\/380399\/revisions"}],"predecessor-version":[{"id":380429,"href":"https:\/\/www.medellin.gov.co\/es\/wp-json\/wp\/v2\/posts\/380399\/revisions\/380429"}],"wp:featuredmedia":[{"embeddable":true,"href":"https:\/\/www.medellin.gov.co\/es\/wp-json\/wp\/v2\/media\/380420"}],"wp:attachment":[{"href":"https:\/\/www.medellin.gov.co\/es\/wp-json\/wp\/v2\/media?parent=380399"}],"wp:term":[{"taxonomy":"category","embeddable":true,"href":"https:\/\/www.medellin.gov.co\/es\/wp-json\/wp\/v2\/categories?post=380399"},{"taxonomy":"post_tag","embeddable":true,"href":"https:\/\/www.medellin.gov.co\/es\/wp-json\/wp\/v2\/tags?post=380399"},{"taxonomy":"formato_nota","embeddable":true,"href":"https:\/\/www.medellin.gov.co\/es\/wp-json\/wp\/v2\/formato_nota?post=380399"},{"taxonomy":"programas_tax","embeddable":true,"href":"https:\/\/www.medellin.gov.co\/es\/wp-json\/wp\/v2\/programas_tax?post=380399"}],"curies":[{"name":"wp","href":"https:\/\/api.w.org\/{rel}","templated":true}]}}