{"id":380433,"date":"2025-01-09T14:28:11","date_gmt":"2025-01-09T19:28:11","guid":{"rendered":"https:\/\/www.medellin.gov.co\/es\/?p=380433"},"modified":"2025-01-09T14:28:11","modified_gmt":"2025-01-09T19:28:11","slug":"medellin-capto-150-millones-de-dolares-en-inversion-extranjera-directa-durante-2024","status":"publish","type":"post","link":"https:\/\/www.medellin.gov.co\/es\/sala-de-prensa\/noticias\/medellin-capto-150-millones-de-dolares-en-inversion-extranjera-directa-durante-2024\/","title":{"rendered":"Medell\u00edn capt\u00f3 150 millones de d\u00f3lares en inversi\u00f3n extranjera directa durante 2024"},"content":{"rendered":"<ul>\n<li>Esto dio lugar a que se generaran 1.759 empleos en sectores estrat\u00e9gicos como tecnolog\u00eda, ciencias de la vida y agronegocios.<\/li>\n<li>El Distrito afianz\u00f3 lazos con Corea del Sur, Singapur, Suiza, Alemania y Estados Unidos, reafirmando su compromiso con el desarrollo global.<\/li>\n<li>Con el apoyo de la Red C40, Medell\u00edn avanza en la implementaci\u00f3n de proyectos clim\u00e1ticos y energ\u00e9ticos, consolidando su posici\u00f3n de l\u00edder en sostenibilidad.<\/li>\n<\/ul>\n<!--[if lt IE 9]><script>document.createElement('audio');<\/script><![endif]-->\n\t<div class=\"wp-playlist wp-audio-playlist wp-playlist-light\">\n\t\t\t<div class=\"wp-playlist-current-item\"><\/div>\n\t\t<audio controls=\"controls\" preload=\"none\" width=\"640\"\n\t\t\t><\/audio>\n\t<div class=\"wp-playlist-next\"><\/div>\n\t<div class=\"wp-playlist-prev\"><\/div>\n\t<noscript>\n\t<ol>\n\t\t<li><a href='https:\/\/www.medellin.gov.co\/es\/wp-content\/uploads\/2025\/01\/Inversion-Extranjera-Directa-01.mp3'>Palabras de Cristina Zambrano, directora ejecutiva de la ACI Medell\u00edn<\/a><\/li>\t<\/ol>\n\t<\/noscript>\n\t<script type=\"application\/json\" class=\"wp-playlist-script\">{\"type\":\"audio\",\"tracklist\":true,\"tracknumbers\":true,\"images\":true,\"artists\":true,\"tracks\":[{\"src\":\"https:\\\/\\\/www.medellin.gov.co\\\/es\\\/wp-content\\\/uploads\\\/2025\\\/01\\\/Inversion-Extranjera-Directa-01.mp3\",\"type\":\"audio\\\/mpeg\",\"title\":\"Palabras de Cristina Zambrano, directora ejecutiva de la ACI Medell\\u00edn\",\"caption\":\"\",\"description\":\"\\u00abPalabras de Cristina Zambrano, directora ejecutiva de la ACI Medell\\u00edn\\u00bb.\",\"meta\":{\"length_formatted\":\"0:40\"},\"image\":{\"src\":\"https:\\\/\\\/www.medellin.gov.co\\\/es\\\/wp-includes\\\/images\\\/media\\\/audio.png\",\"width\":48,\"height\":64},\"thumb\":{\"src\":\"https:\\\/\\\/www.medellin.gov.co\\\/es\\\/wp-includes\\\/images\\\/media\\\/audio.png\",\"width\":48,\"height\":64}}]}<\/script>\n<\/div>\n\t\n<p>Medell\u00edn registra avances significativos en su agenda de internacionalizaci\u00f3n y, en 2024, capt\u00f3 150 millones de d\u00f3lares en inversi\u00f3n extranjera directa, a trav\u00e9s de 23 proyectos que generaron 1.759 empleos, con lo que recupera su liderazgo en el desarrollo urbano, social y econ\u00f3mico.<\/p>\n<p>La directora ejecutiva de la ACI Medell\u00edn, Cristina Zambrano, dijo que \u201c<em>en 2024 logramos hitos que proyectan a Medell\u00edn como un referente mundial en innovaci\u00f3n y sostenibilidad. Restablecimos relaciones estrat\u00e9gicas con pa\u00edses como Corea del Sur, Suiza y Singapur, y reafirmamos nuestro liderazgo en redes como C40, desde donde impulsamos proyectos clim\u00e1ticos y energ\u00e9ticos prioritarios para la ciudad<\/em>\u201d.<\/p>\n<p>El sector tecnol\u00f3gico lider\u00f3 estos logros con el 56 % de los proyectos de inversi\u00f3n, consolid\u00e1ndose como un motor de desarrollo para Medell\u00edn. Empresas de otros lugares del mundo siguen mostrando su confianza en la ciudad.<\/p>\n<p>Adem\u00e1s, compa\u00f1\u00edas de pa\u00edses como Estados Unidos, Alemania, Canad\u00e1, Chile y M\u00e9xico llegaron atra\u00eddos por su talento humano, su ecosistema articulado y la ubicaci\u00f3n estrat\u00e9gica.<\/p>\n<div id=\"attachment_380426\" style=\"width: 1290px\" class=\"wp-caption alignnone\"><a href=\"https:\/\/www.medellin.gov.co\/es\/wp-content\/uploads\/2025\/01\/Inversion-Extranjera-Directa-2.jpg\" target=\"_blank\" rel=\"noopener\"><img aria-describedby=\"caption-attachment-380426\" loading=\"lazy\" class=\"wp-image-380426 size-full\" title=\"Medell\u00edn capt\u00f3 150 millones de d\u00f3lares en inversi\u00f3n extranjera directa durante 2024\" src=\"https:\/\/www.medellin.gov.co\/es\/wp-content\/uploads\/2025\/01\/Inversion-Extranjera-Directa-2.jpg\" alt=\"Medell\u00edn capt\u00f3 150 millones de d\u00f3lares en inversi\u00f3n extranjera directa durante 2024\" width=\"1280\" height=\"720\" srcset=\"https:\/\/www.medellin.gov.co\/es\/wp-content\/uploads\/2025\/01\/Inversion-Extranjera-Directa-2.jpg 1280w, https:\/\/www.medellin.gov.co\/es\/wp-content\/uploads\/2025\/01\/Inversion-Extranjera-Directa-2-300x169.jpg 300w, https:\/\/www.medellin.gov.co\/es\/wp-content\/uploads\/2025\/01\/Inversion-Extranjera-Directa-2-1024x576.jpg 1024w, https:\/\/www.medellin.gov.co\/es\/wp-content\/uploads\/2025\/01\/Inversion-Extranjera-Directa-2-150x84.jpg 150w, https:\/\/www.medellin.gov.co\/es\/wp-content\/uploads\/2025\/01\/Inversion-Extranjera-Directa-2-768x432.jpg 768w\" sizes=\"(max-width: 1280px) 100vw, 1280px\" \/><\/a><p id=\"caption-attachment-380426\" class=\"wp-caption-text\">Medell\u00edn capt\u00f3 150 millones de d\u00f3lares en inversi\u00f3n extranjera directa durante 2024 &#8211; Foto Alcald\u00eda de Medell\u00edn<\/p><\/div>\n<p>En cooperaci\u00f3n internacional, se gestionaron 3 millones de d\u00f3lares para desarrollar 20 proyectos con Alemania y Jap\u00f3n, entre otros, los cuales se enfocaron en sostenibilidad y desarrollo social y econ\u00f3mico. Este compromiso se reflej\u00f3 con iniciativas como la implementaci\u00f3n de las Zonas Urbanas de Aire Protegido y la eficiencia energ\u00e9tica en edificios p\u00fablicos, financiadas por la Red C40, con una inversi\u00f3n de 250.000 d\u00f3lares.<\/p>\n<p>2024 tambi\u00e9n marc\u00f3 el regreso de Medell\u00edn al liderazgo global, con la apuesta por la recuperaci\u00f3n del Centro para la Cuarta Revoluci\u00f3n Industrial, junto al Foro Econ\u00f3mico Mundial, y el regreso del Distrito al Comit\u00e9 Directivo de C40.<\/p>\n<p>Adem\u00e1s, la ciudad recibi\u00f3 el Foro Mundial de Datos, un evento \u00fanico que atrajo a m\u00e1s de 3.000 visitantes de todo el mundo.<\/p>\n<p>En el \u00e1mbito educativo, una alianza con Rockwell Automation y la Secretar\u00eda de Educaci\u00f3n permiti\u00f3 realizar jornadas de sensibilizaci\u00f3n tecnol\u00f3gica para 3.050 estudiantes de colegios p\u00fablicos, fomentando su inter\u00e9s en la industria tecnol\u00f3gica.<\/p>\n<p>Por otro lado, el evento Medell\u00edn y sus Aliados Internacionales reuni\u00f3 a m\u00e1s de 150 l\u00edderes internacionales, empresarios y representantes de gremios para conocer el Plan de Desarrollo Distrital, promoviendo proyectos estrat\u00e9gicos para la ciudad.<\/p>\n<p>Con estos logros, Medell\u00edn no solo afianza su liderazgo en innovaci\u00f3n y sostenibilidad, sino que tambi\u00e9n se consolida como un destino confiable para la cooperaci\u00f3n e inversi\u00f3n internacional, proyect\u00e1ndose hacia el crecimiento y la transformaci\u00f3n social.<\/p>\n","protected":false},"excerpt":{"rendered":"<p>Esto dio lugar a que se generaran 1.759 empleos en sectores estrat\u00e9gicos como tecnolog\u00eda, ciencias de la vida y agronegocios. El Distrito afianz\u00f3 lazos con Corea del Sur, Singapur, Suiza, Alemania y Estados Unidos, reafirmando &#8230;<\/p>\n","protected":false},"author":21,"featured_media":380424,"comment_status":"open","ping_status":"open","sticky":false,"template":"","format":"standard","meta":[],"categories":[17],"tags":[634,434],"formato_nota":[],"programas_tax":[],"acf":[],"_links":{"self":[{"href":"https:\/\/www.medellin.gov.co\/es\/wp-json\/wp\/v2\/posts\/380433"}],"collection":[{"href":"https:\/\/www.medellin.gov.co\/es\/wp-json\/wp\/v2\/posts"}],"about":[{"href":"https:\/\/www.medellin.gov.co\/es\/wp-json\/wp\/v2\/types\/post"}],"author":[{"embeddable":true,"href":"https:\/\/www.medellin.gov.co\/es\/wp-json\/wp\/v2\/users\/21"}],"replies":[{"embeddable":true,"href":"https:\/\/www.medellin.gov.co\/es\/wp-json\/wp\/v2\/comments?post=380433"}],"version-history":[{"count":1,"href":"https:\/\/www.medellin.gov.co\/es\/wp-json\/wp\/v2\/posts\/380433\/revisions"}],"predecessor-version":[{"id":380448,"href":"https:\/\/www.medellin.gov.co\/es\/wp-json\/wp\/v2\/posts\/380433\/revisions\/380448"}],"wp:featuredmedia":[{"embeddable":true,"href":"https:\/\/www.medellin.gov.co\/es\/wp-json\/wp\/v2\/media\/380424"}],"wp:attachment":[{"href":"https:\/\/www.medellin.gov.co\/es\/wp-json\/wp\/v2\/media?parent=380433"}],"wp:term":[{"taxonomy":"category","embeddable":true,"href":"https:\/\/www.medellin.gov.co\/es\/wp-json\/wp\/v2\/categories?post=380433"},{"taxonomy":"post_tag","embeddable":true,"href":"https:\/\/www.medellin.gov.co\/es\/wp-json\/wp\/v2\/tags?post=380433"},{"taxonomy":"formato_nota","embeddable":true,"href":"https:\/\/www.medellin.gov.co\/es\/wp-json\/wp\/v2\/formato_nota?post=380433"},{"taxonomy":"programas_tax","embeddable":true,"href":"https:\/\/www.medellin.gov.co\/es\/wp-json\/wp\/v2\/programas_tax?post=380433"}],"curies":[{"name":"wp","href":"https:\/\/api.w.org\/{rel}","templated":true}]}}