{"id":380450,"date":"2025-01-09T14:34:26","date_gmt":"2025-01-09T19:34:26","guid":{"rendered":"https:\/\/www.medellin.gov.co\/es\/?p=380450"},"modified":"2025-01-09T14:34:26","modified_gmt":"2025-01-09T19:34:26","slug":"el-distrito-ofrece-herramienta-para-que-las-personas-con-discapacidad-puedan-desarrollar-su-ejercicio-legal-y-tomar-sus-propias-decisiones","status":"publish","type":"post","link":"https:\/\/www.medellin.gov.co\/es\/sala-de-prensa\/noticias\/el-distrito-ofrece-herramienta-para-que-las-personas-con-discapacidad-puedan-desarrollar-su-ejercicio-legal-y-tomar-sus-propias-decisiones\/","title":{"rendered":"El Distrito ofrece herramienta para que las personas con discapacidad puedan desarrollar su ejercicio legal y tomar sus propias decisiones"},"content":{"rendered":"<ul>\n<li>Esta labor est\u00e1 en l\u00ednea con lo establecido en la Ley 1996 de 2019 que proh\u00edbe los procesos de interdicci\u00f3n, en los cuales se desconoce el derecho de las personas con discapacidad a decidir por s\u00ed mismas.<\/li>\n<\/ul>\n<!--[if lt IE 9]><script>document.createElement('audio');<\/script><![endif]-->\n\t<div class=\"wp-playlist wp-audio-playlist wp-playlist-light\">\n\t\t\t<div class=\"wp-playlist-current-item\"><\/div>\n\t\t<audio controls=\"controls\" preload=\"none\" width=\"640\"\n\t\t\t><\/audio>\n\t<div class=\"wp-playlist-next\"><\/div>\n\t<div class=\"wp-playlist-prev\"><\/div>\n\t<noscript>\n\t<ol>\n\t\t<li><a href='https:\/\/www.medellin.gov.co\/es\/wp-content\/uploads\/2025\/01\/Asesoria-Personas-Discapacidad-01.mp3'>Palabras de Camilo Vel\u00e1squez, director t\u00e9cnico del Equipo de Discapacidad<\/a><\/li><li><a href='https:\/\/www.medellin.gov.co\/es\/wp-content\/uploads\/2025\/01\/Asesoria-Personas-Discapacidad-02.mp3'>Palabras de Diosa Ram\u00edrez, beneficiaria del servicio de valoraci\u00f3n de apoyos<\/a><\/li>\t<\/ol>\n\t<\/noscript>\n\t<script type=\"application\/json\" class=\"wp-playlist-script\">{\"type\":\"audio\",\"tracklist\":true,\"tracknumbers\":true,\"images\":true,\"artists\":true,\"tracks\":[{\"src\":\"https:\\\/\\\/www.medellin.gov.co\\\/es\\\/wp-content\\\/uploads\\\/2025\\\/01\\\/Asesoria-Personas-Discapacidad-01.mp3\",\"type\":\"audio\\\/mpeg\",\"title\":\"Palabras de Camilo Vel\\u00e1squez, director t\\u00e9cnico del Equipo de Discapacidad\",\"caption\":\"\",\"description\":\"\\u00abPalabras de Camilo Vel\\u00e1squez, director t\\u00e9cnico del Equipo de Discapacidad\\u00bb.\",\"meta\":{\"length_formatted\":\"0:49\"},\"image\":{\"src\":\"https:\\\/\\\/www.medellin.gov.co\\\/es\\\/wp-includes\\\/images\\\/media\\\/audio.png\",\"width\":48,\"height\":64},\"thumb\":{\"src\":\"https:\\\/\\\/www.medellin.gov.co\\\/es\\\/wp-includes\\\/images\\\/media\\\/audio.png\",\"width\":48,\"height\":64}},{\"src\":\"https:\\\/\\\/www.medellin.gov.co\\\/es\\\/wp-content\\\/uploads\\\/2025\\\/01\\\/Asesoria-Personas-Discapacidad-02.mp3\",\"type\":\"audio\\\/mpeg\",\"title\":\"Palabras de Diosa Ram\\u00edrez, beneficiaria del servicio de valoraci\\u00f3n de apoyos\",\"caption\":\"\",\"description\":\"\\u00abPalabras de Diosa Ram\\u00edrez, beneficiaria del servicio de valoraci\\u00f3n de apoyos\\u00bb.\",\"meta\":{\"length_formatted\":\"2:03\"},\"image\":{\"src\":\"https:\\\/\\\/www.medellin.gov.co\\\/es\\\/wp-includes\\\/images\\\/media\\\/audio.png\",\"width\":48,\"height\":64},\"thumb\":{\"src\":\"https:\\\/\\\/www.medellin.gov.co\\\/es\\\/wp-includes\\\/images\\\/media\\\/audio.png\",\"width\":48,\"height\":64}}]}<\/script>\n<\/div>\n\t\n<p>Para acompa\u00f1ar los procesos en los que se debe reconocer la capacidad jur\u00eddica y el derecho a las decisiones con apoyo de las personas con discapacidad, el Distrito habilit\u00f3 una herramienta que le permite a este grupo poblacional desarrollar el ejercicio legal promoviendo su participaci\u00f3n plena y respetando su voluntad.<\/p>\n<p>Este servicio consiste en una entrevista para establecer c\u00f3mo una persona con discapacidad, mayor de edad, expresa y manifiesta su voluntad e identifica qu\u00e9 tipo de apoyos necesita para tomar decisiones.<\/p>\n<p>\u201c<em>Las personas con discapacidad, con apoyos espec\u00edficos, podemos tomar decisiones para tener el control de nuestra propia vida. Es importante que la gente lo conozca y busque a la Alcald\u00eda de Medell\u00edn para recibir la asesor\u00eda correspondiente y contar con los apoyos necesarios<\/em>\u201d, afirm\u00f3 el director t\u00e9cnico del Equipo de Discapacidad, Camilo Vel\u00e1squez.<\/p>\n<div id=\"attachment_380419\" style=\"width: 1290px\" class=\"wp-caption alignnone\"><a href=\"https:\/\/www.medellin.gov.co\/es\/wp-content\/uploads\/2025\/01\/Asesoria-Personas-Discapacidad-2.jpg\" target=\"_blank\" rel=\"noopener\"><img aria-describedby=\"caption-attachment-380419\" loading=\"lazy\" class=\"wp-image-380419 size-full\" title=\"El Distrito ofrece herramienta para que las personas con discapacidad puedan desarrollar su ejercicio legal y tomar sus propias decisiones\" src=\"https:\/\/www.medellin.gov.co\/es\/wp-content\/uploads\/2025\/01\/Asesoria-Personas-Discapacidad-2.jpg\" alt=\"El Distrito ofrece herramienta para que las personas con discapacidad puedan desarrollar su ejercicio legal y tomar sus propias decisiones\" width=\"1280\" height=\"708\" srcset=\"https:\/\/www.medellin.gov.co\/es\/wp-content\/uploads\/2025\/01\/Asesoria-Personas-Discapacidad-2.jpg 1280w, https:\/\/www.medellin.gov.co\/es\/wp-content\/uploads\/2025\/01\/Asesoria-Personas-Discapacidad-2-300x166.jpg 300w, https:\/\/www.medellin.gov.co\/es\/wp-content\/uploads\/2025\/01\/Asesoria-Personas-Discapacidad-2-1024x566.jpg 1024w, https:\/\/www.medellin.gov.co\/es\/wp-content\/uploads\/2025\/01\/Asesoria-Personas-Discapacidad-2-150x83.jpg 150w, https:\/\/www.medellin.gov.co\/es\/wp-content\/uploads\/2025\/01\/Asesoria-Personas-Discapacidad-2-768x425.jpg 768w\" sizes=\"(max-width: 1280px) 100vw, 1280px\" \/><\/a><p id=\"caption-attachment-380419\" class=\"wp-caption-text\">El Distrito ofrece herramienta para que las personas con discapacidad puedan desarrollar su ejercicio legal y tomar sus propias decisiones &#8211; Foto Alcald\u00eda de Medell\u00edn<\/p><\/div>\n<p>Esta labor, desarrollada a trav\u00e9s del Equipo de Discapacidad, est\u00e1 en l\u00ednea con lo establecido en la Ley 1996 de 2019, que proh\u00edbe los procesos de interdicci\u00f3n, en los cuales se desconoce el derecho de las personas con discapacidad a decidir por s\u00ed mismas.<\/p>\n<p>\u201cYo solicit\u00e9 el tr\u00e1mite porque mi esposo no est\u00e1 en capacidades de tomar sus propias decisiones y para hacer una diligencia bancaria necesit\u00e1bamos de la asistencia. La comunidad no sabe que estos lugares y servicios existen, y es muy importante darlos a conocer para que m\u00e1s personas con discapacidad puedan utilizarlos. As\u00ed, podemos aprovechar todos los recursos que nos ofrece la Alcald\u00eda de Medell\u00edn\u00bb, dijo la beneficiaria del servicio de valoraci\u00f3n de apoyos, Diosa Ram\u00edrez.<\/p>\n<p>Entre agosto y diciembre de 2024, unas 64 personas con discapacidad han accedido a este beneficio. Dentro de ellos se encuentran ciudadanos con discapacidad m\u00faltiple, discapacidad psicosocial, discapacidad cognitiva y discapacidad f\u00edsica.<\/p>\n<p>Para acceder a estas rutas, se puede hacerlo de manera presencial, en la oficina del Equipo de Discapacidad, ubicada en la carrera 72 # 11-11, en Bel\u00e9n Las Playas; por v\u00eda telef\u00f3nica, en el fijo 604 385 55 55, extensiones: 4210, 9689, 4215 y 4206; o en el correo electr\u00f3nico <a href=\"mailto:valoraciondeapoyos@medellin.gov.co\" target=\"_blank\" rel=\"noopener\">valoraciondeapoyos@medellin.gov.co<\/a>.<\/p>\n","protected":false},"excerpt":{"rendered":"<p>Esta labor est\u00e1 en l\u00ednea con lo establecido en la Ley 1996 de 2019 que proh\u00edbe los procesos de interdicci\u00f3n, en los cuales se desconoce el derecho de las personas con discapacidad a decidir por &#8230;<\/p>\n","protected":false},"author":21,"featured_media":380418,"comment_status":"open","ping_status":"open","sticky":false,"template":"","format":"standard","meta":[],"categories":[1],"tags":[451],"formato_nota":[],"programas_tax":[],"acf":[],"_links":{"self":[{"href":"https:\/\/www.medellin.gov.co\/es\/wp-json\/wp\/v2\/posts\/380450"}],"collection":[{"href":"https:\/\/www.medellin.gov.co\/es\/wp-json\/wp\/v2\/posts"}],"about":[{"href":"https:\/\/www.medellin.gov.co\/es\/wp-json\/wp\/v2\/types\/post"}],"author":[{"embeddable":true,"href":"https:\/\/www.medellin.gov.co\/es\/wp-json\/wp\/v2\/users\/21"}],"replies":[{"embeddable":true,"href":"https:\/\/www.medellin.gov.co\/es\/wp-json\/wp\/v2\/comments?post=380450"}],"version-history":[{"count":1,"href":"https:\/\/www.medellin.gov.co\/es\/wp-json\/wp\/v2\/posts\/380450\/revisions"}],"predecessor-version":[{"id":380453,"href":"https:\/\/www.medellin.gov.co\/es\/wp-json\/wp\/v2\/posts\/380450\/revisions\/380453"}],"wp:featuredmedia":[{"embeddable":true,"href":"https:\/\/www.medellin.gov.co\/es\/wp-json\/wp\/v2\/media\/380418"}],"wp:attachment":[{"href":"https:\/\/www.medellin.gov.co\/es\/wp-json\/wp\/v2\/media?parent=380450"}],"wp:term":[{"taxonomy":"category","embeddable":true,"href":"https:\/\/www.medellin.gov.co\/es\/wp-json\/wp\/v2\/categories?post=380450"},{"taxonomy":"post_tag","embeddable":true,"href":"https:\/\/www.medellin.gov.co\/es\/wp-json\/wp\/v2\/tags?post=380450"},{"taxonomy":"formato_nota","embeddable":true,"href":"https:\/\/www.medellin.gov.co\/es\/wp-json\/wp\/v2\/formato_nota?post=380450"},{"taxonomy":"programas_tax","embeddable":true,"href":"https:\/\/www.medellin.gov.co\/es\/wp-json\/wp\/v2\/programas_tax?post=380450"}],"curies":[{"name":"wp","href":"https:\/\/api.w.org\/{rel}","templated":true}]}}