{"id":380456,"date":"2025-01-09T14:50:27","date_gmt":"2025-01-09T19:50:27","guid":{"rendered":"https:\/\/www.medellin.gov.co\/es\/?p=380456"},"modified":"2025-01-09T14:50:27","modified_gmt":"2025-01-09T19:50:27","slug":"en-medellin-tenemos-puertas-abiertas-para-la-educacion-alcalde-federico-gutierrez-invita-a-volver-a-clases-el-20-de-enero","status":"publish","type":"post","link":"https:\/\/www.medellin.gov.co\/es\/sala-de-prensa\/noticias\/en-medellin-tenemos-puertas-abiertas-para-la-educacion-alcalde-federico-gutierrez-invita-a-volver-a-clases-el-20-de-enero\/","title":{"rendered":"\u201cEn Medell\u00edn tenemos puertas abiertas para la educaci\u00f3n\u201d: alcalde Federico Guti\u00e9rrez invita a volver a clases el 20 de enero"},"content":{"rendered":"<ul>\n<li>El Distrito tiene m\u00e1s de 305.000 cupos para todos los grados.<\/li>\n<li>Buen Comienzo tendr\u00e1 jornadas especiales de matr\u00edcula del 13 al 20 de enero.<\/li>\n<\/ul>\n<!--[if lt IE 9]><script>document.createElement('audio');<\/script><![endif]-->\n\t<div class=\"wp-playlist wp-audio-playlist wp-playlist-light\">\n\t\t\t<div class=\"wp-playlist-current-item\"><\/div>\n\t\t<audio controls=\"controls\" preload=\"none\" width=\"640\"\n\t\t\t><\/audio>\n\t<div class=\"wp-playlist-next\"><\/div>\n\t<div class=\"wp-playlist-prev\"><\/div>\n\t<noscript>\n\t<ol>\n\t\t<li><a href='https:\/\/www.medellin.gov.co\/es\/wp-content\/uploads\/2025\/01\/Alcalde-Puertas-Abiertas-Educacion-01.mp3'>Palabras de Federico Guti\u00e9rrez, alcalde de Medell\u00edn (intervenci\u00f3n 1)<\/a><\/li><li><a href='https:\/\/www.medellin.gov.co\/es\/wp-content\/uploads\/2025\/01\/Alcalde-Puertas-Abiertas-Educacion-02.mp3'>Palabras de Federico Guti\u00e9rrez, alcalde de Medell\u00edn (intervenci\u00f3n 2)<\/a><\/li>\t<\/ol>\n\t<\/noscript>\n\t<script type=\"application\/json\" class=\"wp-playlist-script\">{\"type\":\"audio\",\"tracklist\":true,\"tracknumbers\":true,\"images\":true,\"artists\":true,\"tracks\":[{\"src\":\"https:\\\/\\\/www.medellin.gov.co\\\/es\\\/wp-content\\\/uploads\\\/2025\\\/01\\\/Alcalde-Puertas-Abiertas-Educacion-01.mp3\",\"type\":\"audio\\\/mpeg\",\"title\":\"Palabras de Federico Guti\\u00e9rrez, alcalde de Medell\\u00edn (intervenci\\u00f3n 1)\",\"caption\":\"\",\"description\":\"\\u00abPalabras de Federico Guti\\u00e9rrez, alcalde de Medell\\u00edn (intervenci\\u00f3n 1)\\u00bb.\",\"meta\":{\"length_formatted\":\"6:20\"},\"image\":{\"src\":\"https:\\\/\\\/www.medellin.gov.co\\\/es\\\/wp-includes\\\/images\\\/media\\\/audio.png\",\"width\":48,\"height\":64},\"thumb\":{\"src\":\"https:\\\/\\\/www.medellin.gov.co\\\/es\\\/wp-includes\\\/images\\\/media\\\/audio.png\",\"width\":48,\"height\":64}},{\"src\":\"https:\\\/\\\/www.medellin.gov.co\\\/es\\\/wp-content\\\/uploads\\\/2025\\\/01\\\/Alcalde-Puertas-Abiertas-Educacion-02.mp3\",\"type\":\"audio\\\/mpeg\",\"title\":\"Palabras de Federico Guti\\u00e9rrez, alcalde de Medell\\u00edn (intervenci\\u00f3n 2)\",\"caption\":\"\",\"description\":\"\\u00abAlcalde-Puertas-Abiertas-Educacion-02\\u00bb.\",\"meta\":{\"length_formatted\":\"1:13\"},\"image\":{\"src\":\"https:\\\/\\\/www.medellin.gov.co\\\/es\\\/wp-includes\\\/images\\\/media\\\/audio.png\",\"width\":48,\"height\":64},\"thumb\":{\"src\":\"https:\\\/\\\/www.medellin.gov.co\\\/es\\\/wp-includes\\\/images\\\/media\\\/audio.png\",\"width\":48,\"height\":64}}]}<\/script>\n<\/div>\n\t\n<p>Con 280 psic\u00f3logos y m\u00e1s de 300 docentes especializados en inclusi\u00f3n, Medell\u00edn est\u00e1 lista para regresar a clases el 20 de enero. Desde el primer d\u00eda se garantizar\u00e1 el programa de alimentaci\u00f3n escolar para 232.000 estudiantes, el transporte para 11.000 y la educaci\u00f3n complementaria para 17.500 ni\u00f1as, ni\u00f1os y adolescentes. Adem\u00e1s, se tiene una proyecci\u00f3n de 10.000 beneficiarios del programa Modelos Flexibles dise\u00f1ados para su reincorporaci\u00f3n. Se garantizar\u00e1n servicios de aseo, vigilancia y conectividad en los establecimientos.<\/p>\n<p>En 2024, \u201cEn el Colegio Contamos con Vos\u201d recorri\u00f3 m\u00e1s de 160 kil\u00f3metros, lo que permiti\u00f3 que 6.352 estudiantes regresaran al sistema escolar y se matricularan 22.000 nuevos, para una tasa de deserci\u00f3n que pas\u00f3 del 5,4 % en 2023 al 3,2 % en 2024, seg\u00fan el Gobierno Nacional. Lo <em>anterior significa que 6.500 ni\u00f1as, ni\u00f1os y j\u00f3venes permanecieron lejos de las calles.<\/em><\/p>\n<div id=\"attachment_380416\" style=\"width: 1290px\" class=\"wp-caption alignnone\"><a href=\"https:\/\/www.medellin.gov.co\/es\/wp-content\/uploads\/2025\/01\/Puertas-Abiertas-Educacion-2.jpg\" target=\"_blank\" rel=\"noopener\"><img aria-describedby=\"caption-attachment-380416\" loading=\"lazy\" class=\"wp-image-380416 size-full\" title=\"\u201cEn Medell\u00edn tenemos puertas abiertas para la educaci\u00f3n\u201d: alcalde Federico Guti\u00e9rrez invita a volver a clases el 20 de enero\" src=\"https:\/\/www.medellin.gov.co\/es\/wp-content\/uploads\/2025\/01\/Puertas-Abiertas-Educacion-2.jpg\" alt=\"\u201cEn Medell\u00edn tenemos puertas abiertas para la educaci\u00f3n\u201d: alcalde Federico Guti\u00e9rrez invita a volver a clases el 20 de enero\" width=\"1280\" height=\"854\" srcset=\"https:\/\/www.medellin.gov.co\/es\/wp-content\/uploads\/2025\/01\/Puertas-Abiertas-Educacion-2.jpg 1280w, https:\/\/www.medellin.gov.co\/es\/wp-content\/uploads\/2025\/01\/Puertas-Abiertas-Educacion-2-300x200.jpg 300w, https:\/\/www.medellin.gov.co\/es\/wp-content\/uploads\/2025\/01\/Puertas-Abiertas-Educacion-2-1024x683.jpg 1024w, https:\/\/www.medellin.gov.co\/es\/wp-content\/uploads\/2025\/01\/Puertas-Abiertas-Educacion-2-150x100.jpg 150w, https:\/\/www.medellin.gov.co\/es\/wp-content\/uploads\/2025\/01\/Puertas-Abiertas-Educacion-2-768x512.jpg 768w\" sizes=\"(max-width: 1280px) 100vw, 1280px\" \/><\/a><p id=\"caption-attachment-380416\" class=\"wp-caption-text\">\u201cEn Medell\u00edn tenemos puertas abiertas para la educaci\u00f3n\u201d: alcalde Federico Guti\u00e9rrez invita a volver a clases el 20 de enero &#8211; Foto Alcald\u00eda de Medell\u00edn<\/p><\/div>\n<p><em>\u201cNosotros ac\u00e1 tenemos algo muy claro para la ciudad: puertas abiertas para la educaci\u00f3n. No hay nada m\u00e1s importante que nuestras ni\u00f1as, ni\u00f1os y j\u00f3venes est\u00e9n estudiando. Los invitamos a que se matriculen. Tenemos 305.000 cupos disponibles en las 421 sedes educativas. Una buena noticia con respecto al a\u00f1o anterior, logramos una reducci\u00f3n de la tasa de la deserci\u00f3n acad\u00e9mica de m\u00e1s de dos puntos<\/em>\u201d, dijo el alcalde Federico Guti\u00e9rrez Zuluaga.<\/p>\n<p>Para tramitar la matr\u00edcula, la comunidad en general puede acudir al colegio m\u00e1s cercano a partir del 13 de enero y, de no encontrar cupo, contactar al jefe de n\u00facleo, seg\u00fan el directorio: <a href=\"https:\/\/www.medellin.edu.co\/opciones-disponibles-para-matricularte\/\" target=\"_blank\" rel=\"noopener\">https:\/\/www.medellin.edu.co\/opciones-disponibles-para-matricularte\/<\/a>.<\/p>\n<p>Tambi\u00e9n es posible a trav\u00e9s del aplicativo \u201cBusca tu cupo\u201d, por medio del correo electr\u00f3nico <a href=\"mailto:cupos.edu@medellin.gov.co\" target=\"_blank\" rel=\"noopener\">cupos.edu@medellin.gov.co<\/a>, en la Secretar\u00eda de Educaci\u00f3n (sede Bulevar de San Juan &#8211; calle 44 #51-50), de lunes a jueves entre las 7:30 a. m. y las 12:00 m. y de 1:30 p. m. a 4:30 p. m. y viernes hasta las 4:00 p. m. Se cuenta, adem\u00e1s, con la l\u00ednea de WhatsApp 320 759 1610.<\/p>\n<div id=\"attachment_380417\" style=\"width: 1290px\" class=\"wp-caption alignnone\"><a href=\"https:\/\/www.medellin.gov.co\/es\/wp-content\/uploads\/2025\/01\/Puertas-Abiertas-Educacion-3.jpg\" target=\"_blank\" rel=\"noopener\"><img aria-describedby=\"caption-attachment-380417\" loading=\"lazy\" class=\"wp-image-380417 size-full\" title=\"\u201cEn Medell\u00edn tenemos puertas abiertas para la educaci\u00f3n\u201d: alcalde Federico Guti\u00e9rrez invita a volver a clases el 20 de enero\" src=\"https:\/\/www.medellin.gov.co\/es\/wp-content\/uploads\/2025\/01\/Puertas-Abiertas-Educacion-3.jpg\" alt=\"\u201cEn Medell\u00edn tenemos puertas abiertas para la educaci\u00f3n\u201d: alcalde Federico Guti\u00e9rrez invita a volver a clases el 20 de enero\" width=\"1280\" height=\"853\" srcset=\"https:\/\/www.medellin.gov.co\/es\/wp-content\/uploads\/2025\/01\/Puertas-Abiertas-Educacion-3.jpg 1280w, https:\/\/www.medellin.gov.co\/es\/wp-content\/uploads\/2025\/01\/Puertas-Abiertas-Educacion-3-300x200.jpg 300w, https:\/\/www.medellin.gov.co\/es\/wp-content\/uploads\/2025\/01\/Puertas-Abiertas-Educacion-3-1024x682.jpg 1024w, https:\/\/www.medellin.gov.co\/es\/wp-content\/uploads\/2025\/01\/Puertas-Abiertas-Educacion-3-150x100.jpg 150w, https:\/\/www.medellin.gov.co\/es\/wp-content\/uploads\/2025\/01\/Puertas-Abiertas-Educacion-3-768x512.jpg 768w\" sizes=\"(max-width: 1280px) 100vw, 1280px\" \/><\/a><p id=\"caption-attachment-380417\" class=\"wp-caption-text\">\u201cEn Medell\u00edn tenemos puertas abiertas para la educaci\u00f3n\u201d: alcalde Federico Guti\u00e9rrez invita a volver a clases el 20 de enero &#8211; Foto Alcald\u00eda de Medell\u00edn<\/p><\/div>\n<p>\u201c<em>En este momento, el 10 % de los habitantes de Medell\u00edn es poblaci\u00f3n migrante venezolana. Nosotros somos solidarios, hay m\u00e1s de 28.000 ni\u00f1as, ni\u00f1os y j\u00f3venes venezolanos inscritos en nuestro sistema educativo. No tienen que tener toda la documentaci\u00f3n para tener su cupo, que nadie se quede sin estudiar<\/em>\u201d, agreg\u00f3 el mandatario.<\/p>\n<p>Del 13 al 20 de enero, Buen Comienzo tendr\u00e1 jornadas especiales de inscripci\u00f3n para menores de 0 a 5 a\u00f1os, mujeres gestantes y lactantes en los centros y jardines infantiles. Con su modalidad institucional, el programa acompa\u00f1a a participantes entre los 3 meses y los 5 a\u00f1os con experiencias pedag\u00f3gicas, alimentaci\u00f3n, estimulaci\u00f3n temprana, protecci\u00f3n y cuidado. En la modalidad familiar se atiende de cero a dos a\u00f1os y a madres gestantes y lactantes, con educaci\u00f3n inicial, seguimiento al desarrollo, acompa\u00f1amiento y seguimiento al estado nutricional y de salud. Las actividades empezar\u00e1n el 20 de enero.<\/p>\n<p>Gracias al tr\u00e1nsito de m\u00e1s de 9.655 beneficiarios a la educaci\u00f3n regular, este programa tiene m\u00e1s de 11.000 cupos disponibles. En 2025 se adicionar\u00e1n 488 para poblaci\u00f3n entre 3 y 23 meses (salas cunas) y 454 para menores entre 2 y 5 a\u00f1os en la modalidad institucional. A la fecha, cerca de 5.000 personas han gestionado la matr\u00edcula en <a href=\"http:\/\/www.medellin.edu.co\/tucupo\" target=\"_blank\" rel=\"noopener\">www.medellin.edu.co\/tucupo<\/a>.<\/p>\n","protected":false},"excerpt":{"rendered":"<p>El Distrito tiene m\u00e1s de 305.000 cupos para todos los grados. Buen Comienzo tendr\u00e1 jornadas especiales de matr\u00edcula del 13 al 20 de enero. Con 280 psic\u00f3logos y m\u00e1s de 300 docentes especializados en inclusi\u00f3n, &#8230;<\/p>\n","protected":false},"author":21,"featured_media":380414,"comment_status":"open","ping_status":"open","sticky":false,"template":"","format":"standard","meta":[],"categories":[4],"tags":[431],"formato_nota":[],"programas_tax":[],"acf":[],"_links":{"self":[{"href":"https:\/\/www.medellin.gov.co\/es\/wp-json\/wp\/v2\/posts\/380456"}],"collection":[{"href":"https:\/\/www.medellin.gov.co\/es\/wp-json\/wp\/v2\/posts"}],"about":[{"href":"https:\/\/www.medellin.gov.co\/es\/wp-json\/wp\/v2\/types\/post"}],"author":[{"embeddable":true,"href":"https:\/\/www.medellin.gov.co\/es\/wp-json\/wp\/v2\/users\/21"}],"replies":[{"embeddable":true,"href":"https:\/\/www.medellin.gov.co\/es\/wp-json\/wp\/v2\/comments?post=380456"}],"version-history":[{"count":1,"href":"https:\/\/www.medellin.gov.co\/es\/wp-json\/wp\/v2\/posts\/380456\/revisions"}],"predecessor-version":[{"id":380459,"href":"https:\/\/www.medellin.gov.co\/es\/wp-json\/wp\/v2\/posts\/380456\/revisions\/380459"}],"wp:featuredmedia":[{"embeddable":true,"href":"https:\/\/www.medellin.gov.co\/es\/wp-json\/wp\/v2\/media\/380414"}],"wp:attachment":[{"href":"https:\/\/www.medellin.gov.co\/es\/wp-json\/wp\/v2\/media?parent=380456"}],"wp:term":[{"taxonomy":"category","embeddable":true,"href":"https:\/\/www.medellin.gov.co\/es\/wp-json\/wp\/v2\/categories?post=380456"},{"taxonomy":"post_tag","embeddable":true,"href":"https:\/\/www.medellin.gov.co\/es\/wp-json\/wp\/v2\/tags?post=380456"},{"taxonomy":"formato_nota","embeddable":true,"href":"https:\/\/www.medellin.gov.co\/es\/wp-json\/wp\/v2\/formato_nota?post=380456"},{"taxonomy":"programas_tax","embeddable":true,"href":"https:\/\/www.medellin.gov.co\/es\/wp-json\/wp\/v2\/programas_tax?post=380456"}],"curies":[{"name":"wp","href":"https:\/\/api.w.org\/{rel}","templated":true}]}}