{"id":382311,"date":"2025-01-28T18:27:48","date_gmt":"2025-01-28T23:27:48","guid":{"rendered":"https:\/\/www.medellin.gov.co\/es\/?p=382311"},"modified":"2025-01-28T18:27:48","modified_gmt":"2025-01-28T23:27:48","slug":"ivan-benjumea-un-hombre-impecable-al-servicio-de-terminales-medellin","status":"publish","type":"post","link":"https:\/\/www.medellin.gov.co\/es\/sala-de-prensa\/noticias\/ivan-benjumea-un-hombre-impecable-al-servicio-de-terminales-medellin\/","title":{"rendered":"Iv\u00e1n Benjumea: un hombre impecable al servicio de Terminales Medell\u00edn"},"content":{"rendered":"<blockquote><p><em>Al pasar por su oficina, en el s\u00f3tano del \u00e1rea administrativa de la <a href=\"https:\/\/terminalesmedellin.com\/terminal\/terminal-del-norte\/\" target=\"_blank\" rel=\"noopener\">Terminal del Norte<\/a>, se ve siempre enfrascado en su computador, realizando c\u00e1lculos y revisando la informaci\u00f3n suministrada por las aplicaciones de control de entradas y salidas, entre otras aplicaciones tecnol\u00f3gicas que suministran datos operacionales, claves para el funcionamiento de la empresa. \u00c9l, como Ingeniero de las Tecnolog\u00edas de la Informaci\u00f3n,<\/em> <em>debe interpretarlos para ponerlos al servicio de <a href=\"https:\/\/terminalesmedellin.com\/\" target=\"_blank\" rel=\"noopener\">Terminales Medell\u00edn<\/a>, a trav\u00e9s de informes a la subgerencia t\u00e9cnica y operativa.<\/em><\/p><\/blockquote>\n<p>Se le ve siempre impecable, con cabello corto bien peinado y entrecano; una barba indomable que deja rastros de estar reci\u00e9n afeitada; camisa a rayas y mangas recogidas, pantal\u00f3n negro de dril y zapatillas; aunque algunas veces, como los viernes, viste camiseta tipo polo con el logo institucional o la camiseta de la Selecci\u00f3n Colombia cuando juega.<\/p>\n<p>A veces parece serio, pero si se le mira con detenimiento, don Iv\u00e1n Benjumea conserva un aspecto tranquilo y una sutil sonrisa que, sin percatarse, le da un aire siempre amable frente a sus interlocutores y, a trav\u00e9s de una voz resonante, entabla sin esfuerzo una fluida y elocuente conversaci\u00f3n que demuestra su capacidad pensante, la que le ha abierto un camino.<\/p>\n<div id=\"attachment_382576\" style=\"width: 1034px\" class=\"wp-caption alignnone\"><a href=\"https:\/\/www.medellin.gov.co\/es\/wp-content\/uploads\/2025\/01\/Ingeniero_terminales-3.jpg\" target=\"_blank\" rel=\"noopener\"><img aria-describedby=\"caption-attachment-382576\" loading=\"lazy\" class=\"wp-image-382576 size-large\" src=\"https:\/\/www.medellin.gov.co\/es\/wp-content\/uploads\/2025\/01\/Ingeniero_terminales-3-1024x683.jpg\" alt=\"\" width=\"1024\" height=\"683\" srcset=\"https:\/\/www.medellin.gov.co\/es\/wp-content\/uploads\/2025\/01\/Ingeniero_terminales-3-1024x683.jpg 1024w, https:\/\/www.medellin.gov.co\/es\/wp-content\/uploads\/2025\/01\/Ingeniero_terminales-3-300x200.jpg 300w, https:\/\/www.medellin.gov.co\/es\/wp-content\/uploads\/2025\/01\/Ingeniero_terminales-3-150x100.jpg 150w, https:\/\/www.medellin.gov.co\/es\/wp-content\/uploads\/2025\/01\/Ingeniero_terminales-3-768x512.jpg 768w, https:\/\/www.medellin.gov.co\/es\/wp-content\/uploads\/2025\/01\/Ingeniero_terminales-3.jpg 1275w\" sizes=\"(max-width: 1024px) 100vw, 1024px\" \/><\/a><p id=\"caption-attachment-382576\" class=\"wp-caption-text\">Iv\u00e1n Benjumea, ingeniero y profesional en TIC de Terminales Medell\u00edn<\/p><\/div>\n<p><strong>Su historia<\/strong><\/p>\n<p>Nacido en el barrio San Javier, en un hogar conformado por sus padres don Dar\u00edo Benjumea y do\u00f1a Olga Saldarriaga, y sus dos hermanas Cristina y Lina Benjumea, recuerda con agrado cuando hac\u00eda de todo para ayudar a su padre, quien cargaba bultos en la plaza de mercado de Campo Vald\u00e9s y alternaba su econom\u00eda con ventas, en las que don Iv\u00e1n lo acompa\u00f1aba. Recuerda que, mientras estudiaba su primaria en la escuela Epifanio Mej\u00eda de Aranjuez, acompa\u00f1aba a su padre en los tiempos extras, para fabricar y vender chorizos y quesitos. As\u00ed fue construyendo su camino este hombre de mentalidad aguerrida, que siempre combin\u00f3 el trabajo y el estudio.<\/p>\n<div id=\"attachment_382570\" style=\"width: 1034px\" class=\"wp-caption alignnone\"><a href=\"https:\/\/www.medellin.gov.co\/es\/wp-content\/uploads\/2025\/01\/Ingeniero_terminales-1.jpg\" target=\"_blank\" rel=\"noopener\"><img aria-describedby=\"caption-attachment-382570\" loading=\"lazy\" class=\"wp-image-382570 size-large\" src=\"https:\/\/www.medellin.gov.co\/es\/wp-content\/uploads\/2025\/01\/Ingeniero_terminales-1-1024x683.jpg\" alt=\"\" width=\"1024\" height=\"683\" srcset=\"https:\/\/www.medellin.gov.co\/es\/wp-content\/uploads\/2025\/01\/Ingeniero_terminales-1-1024x683.jpg 1024w, https:\/\/www.medellin.gov.co\/es\/wp-content\/uploads\/2025\/01\/Ingeniero_terminales-1-300x200.jpg 300w, https:\/\/www.medellin.gov.co\/es\/wp-content\/uploads\/2025\/01\/Ingeniero_terminales-1-150x100.jpg 150w, https:\/\/www.medellin.gov.co\/es\/wp-content\/uploads\/2025\/01\/Ingeniero_terminales-1-768x512.jpg 768w, https:\/\/www.medellin.gov.co\/es\/wp-content\/uploads\/2025\/01\/Ingeniero_terminales-1.jpg 1275w\" sizes=\"(max-width: 1024px) 100vw, 1024px\" \/><\/a><p id=\"caption-attachment-382570\" class=\"wp-caption-text\">Iv\u00e1n Benjumea, ingeniero y profesional en TIC de Terminales Medell\u00edn<\/p><\/div>\n<p>A trav\u00e9s de esa chispa repentista, que no lo abandona y que aprendi\u00f3 en su adolescencia, suelta de vez en vez un buen chiste, con el cual es inevitable contener las risas. Su presencia contagia de alegr\u00eda y, en medio de una conversaci\u00f3n amena, nos lleva a otro flash-back de su vida, cuando siendo alumno de bachillerato del Liceo Gilberto Alzate Avenda\u00f1o tuvo la fortuna de compartir aula con los reyes de la trova: Jhon Jairo P\u00e9rez \u201cdon Ebrio\u201d, Jhon Jairo Londo\u00f1o \u201cFosforito\u201d y C\u00e9sar Augusto Betancur alias \u201cPucheros\u201d. De este \u00faltimo recuerda con especial cari\u00f1o a su padre don Leonel Betancur, quien fungi\u00f3 como su profesor de arte.<\/p>\n<p><em>\u201cLos trovadores m\u00e1s grandes de Colombia salieron de all\u00e1 porque el pap\u00e1 de \u2018Pucheros\u2019 era el profesor de arte, y en una de las clases hab\u00eda que hacer repentismo y \u00e9l se sentaba con el tiple a tocar y nos ense\u00f1aba.\u201d<\/em><\/p>\n<p><a href=\"https:\/\/www.medellin.gov.co\/es\/wp-content\/uploads\/2024\/08\/Festival_trova_10.jpg\" target=\"_blank\" rel=\"noopener\"><img loading=\"lazy\" class=\"alignnone wp-image-332255 size-large\" src=\"https:\/\/www.medellin.gov.co\/es\/wp-content\/uploads\/2024\/08\/Festival_trova_10-1024x683.jpg\" alt=\"\" width=\"1024\" height=\"683\" srcset=\"https:\/\/www.medellin.gov.co\/es\/wp-content\/uploads\/2024\/08\/Festival_trova_10-1024x683.jpg 1024w, https:\/\/www.medellin.gov.co\/es\/wp-content\/uploads\/2024\/08\/Festival_trova_10-300x200.jpg 300w, https:\/\/www.medellin.gov.co\/es\/wp-content\/uploads\/2024\/08\/Festival_trova_10-150x100.jpg 150w, https:\/\/www.medellin.gov.co\/es\/wp-content\/uploads\/2024\/08\/Festival_trova_10-768x512.jpg 768w, https:\/\/www.medellin.gov.co\/es\/wp-content\/uploads\/2024\/08\/Festival_trova_10.jpg 1280w\" sizes=\"(max-width: 1024px) 100vw, 1024px\" \/><\/a><\/p>\n<p>Don Leonel Betancur los indujo al arte de la trova, dejando una huella imborrable en don Iv\u00e1n, quien recuerda con alegr\u00eda aquella \u00e9poca de su vida, al lado de su maestro y el talento de sus compa\u00f1eros de colegio.<\/p>\n<p><strong>El camino del esfuerzo<\/strong><\/p>\n<p>Dice que se present\u00f3 a la universidad y pas\u00f3, pero en su casa no ten\u00edan c\u00f3mo pagar sus estudios: <em>\u201cme dijeron: \u2018si le damos el estudio a usted no le podemos dar estudio a sus hermanas\u2019, y yo no, h\u00e1gale, yo empiezo a trabajar.\u201d <\/em>Por <em>esos d\u00edas <\/em>la vida lo puso a trotar por pasi\u00f3n y por necesidad, pues don Iv\u00e1n quer\u00eda ser entrenador deportivo, kinesi\u00f3logo o algo parecido y no escatimaba esfuerzos para ello y mientras: <em>\u201ctrabajaba por Monterrey en una distribuidora de yogures y de pollo, y viv\u00eda en Aranjuez y todos los d\u00edas <\/em>-seg\u00fan \u00e9l<em>&#8211; ven\u00eda trotando desde Monterrey hasta su barrio, \u00a1todos los d\u00edas!\u201d,<\/em> aunque al final desvi\u00f3 la b\u00fasqueda de ese gran sue\u00f1o.<\/p>\n<p>El bichito de la ingenier\u00eda le pic\u00f3 como un azar, pero antes aprendi\u00f3 a manejar y trabaj\u00f3 en una empresa que rentaba autos. Los conduc\u00eda desde Pereira, Cartagena, entre otras ciudades, hasta Medell\u00edn y viceversa. Cuando ese trabajo se acab\u00f3, \u00e9l era todav\u00eda muy joven, ten\u00eda 24 a\u00f1os. Sin un futuro muy claro, escuch\u00f3 el consejo de un buen amigo que le recomend\u00f3 buscar empleo en <a href=\"https:\/\/terminalesmedellin.com\/\" target=\"_blank\" rel=\"noopener\">Terminales Medell\u00edn<\/a>. Cuando lleg\u00f3 al \u00e1rea administrativa con su hoja de vida en 1991, lo atendi\u00f3 la gerente de entonces, Beatriz Estrada Tob\u00f3n, y pese a que no contaba con mucha experiencia, don Iv\u00e1n le habl\u00f3 con honestidad y le pidi\u00f3 una oportunidad.<\/p>\n<div id=\"attachment_382579\" style=\"width: 1034px\" class=\"wp-caption alignnone\"><a href=\"https:\/\/www.medellin.gov.co\/es\/wp-content\/uploads\/2025\/01\/Ingeniero_terminales-4.jpg\" target=\"_blank\" rel=\"noopener\"><img aria-describedby=\"caption-attachment-382579\" loading=\"lazy\" class=\"wp-image-382579 size-large\" src=\"https:\/\/www.medellin.gov.co\/es\/wp-content\/uploads\/2025\/01\/Ingeniero_terminales-4-1024x683.jpg\" alt=\"\" width=\"1024\" height=\"683\" srcset=\"https:\/\/www.medellin.gov.co\/es\/wp-content\/uploads\/2025\/01\/Ingeniero_terminales-4-1024x683.jpg 1024w, https:\/\/www.medellin.gov.co\/es\/wp-content\/uploads\/2025\/01\/Ingeniero_terminales-4-300x200.jpg 300w, https:\/\/www.medellin.gov.co\/es\/wp-content\/uploads\/2025\/01\/Ingeniero_terminales-4-150x100.jpg 150w, https:\/\/www.medellin.gov.co\/es\/wp-content\/uploads\/2025\/01\/Ingeniero_terminales-4-768x512.jpg 768w, https:\/\/www.medellin.gov.co\/es\/wp-content\/uploads\/2025\/01\/Ingeniero_terminales-4.jpg 1275w\" sizes=\"(max-width: 1024px) 100vw, 1024px\" \/><\/a><p id=\"caption-attachment-382579\" class=\"wp-caption-text\">Iv\u00e1n Benjumea, ingeniero y profesional en TIC de Terminales Medell\u00edn<\/p><\/div>\n<p><em>\u201c\u00a1Si quiere p\u00f3ngame a prueba. Si usted ve que le cumplo, que le sirvo y me necesita, \u00a1me deja!; y si no, pues me dice y me voy para buscar otros senderos.\u201d, <\/em>dice, entre ideas hilarantes de una historia de decisi\u00f3n que le ha representado un trabajo dedicado de m\u00e1s de 33 a\u00f1os en <a href=\"https:\/\/terminalesmedellin.com\/\" target=\"_blank\" rel=\"noopener\">Terminales Medell\u00edn<\/a>.<\/p>\n<p><strong>Su ruta en Terminales<\/strong><\/p>\n<p>Empez\u00f3 como conductor de gerencia y fue, seg\u00fan \u00e9l, otro gerente, el doctor Elkin Medina, quien percibi\u00f3 sus capacidades y le propuso estudiar una carrera que le fuese \u00fatil a la empresa. Fue este gerente quien, personalmente, le pag\u00f3 el costo de su primera matr\u00edcula.\u00a0 Al inicio estudi\u00f3 una t\u00e9cnica en mantenimiento de computadores, pero la empresa lo empuj\u00f3 para especializarse y le abon\u00f3 el camino para convertirse en ingeniero en sistemas.<\/p>\n<div id=\"attachment_382583\" style=\"width: 1034px\" class=\"wp-caption alignnone\"><a href=\"https:\/\/www.medellin.gov.co\/es\/wp-content\/uploads\/2025\/01\/Ingeniero_terminales-6.jpg\" target=\"_blank\" rel=\"noopener\"><img aria-describedby=\"caption-attachment-382583\" loading=\"lazy\" class=\"wp-image-382583 size-large\" src=\"https:\/\/www.medellin.gov.co\/es\/wp-content\/uploads\/2025\/01\/Ingeniero_terminales-6-1024x576.jpg\" alt=\"\" width=\"1024\" height=\"576\" srcset=\"https:\/\/www.medellin.gov.co\/es\/wp-content\/uploads\/2025\/01\/Ingeniero_terminales-6-1024x576.jpg 1024w, https:\/\/www.medellin.gov.co\/es\/wp-content\/uploads\/2025\/01\/Ingeniero_terminales-6-300x169.jpg 300w, https:\/\/www.medellin.gov.co\/es\/wp-content\/uploads\/2025\/01\/Ingeniero_terminales-6-150x84.jpg 150w, https:\/\/www.medellin.gov.co\/es\/wp-content\/uploads\/2025\/01\/Ingeniero_terminales-6-768x432.jpg 768w, https:\/\/www.medellin.gov.co\/es\/wp-content\/uploads\/2025\/01\/Ingeniero_terminales-6.jpg 1280w\" sizes=\"(max-width: 1024px) 100vw, 1024px\" \/><\/a><p id=\"caption-attachment-382583\" class=\"wp-caption-text\">Iv\u00e1n Benjumea, ingeniero y profesional en TIC de Terminales Medell\u00edn<\/p><\/div>\n<p>Durante las primeras horas del d\u00eda y de la noche, en jornadas que empezaban muy temprano a las seis de la ma\u00f1ana hasta altas horas de la noche, don Iv\u00e1n Benjumea termin\u00f3 su carrera, mientras trabajaba con amor y sacrificio. La disciplina con la que afront\u00f3 esa etapa de su vida, le restaron tiempo para estar al lado de sus hijos. S\u00f3lo los domingos sal\u00eda y disfrutaba de su compa\u00f1\u00eda, mientras realizaba las tareas universitarias que seg\u00fan dice: \u201c<em>le quemaron las pesta\u00f1as. Yo primero sal\u00eda muy temprano de la casa y los dejaba dormidos, llegaba muy tarde y los encontraba dormidos. El tiempo era m\u00e1s reducido en esa \u00e9poca, ahorita ya es un poquito mejor, como digo yo, porque como los hijos ya est\u00e1n grandes\u201d.<\/em><\/p>\n<p><strong>Cosechando los frutos, a v\u00edsperas del fin del mundo.<\/strong><\/p>\n<p>Su esfuerzo produjo los primeros frutos, cuando de conductor de gerencia fue ascendido a auxiliar administrativo de la Secretar\u00eda General. Entre sus funciones estaba la de digitar todos los contratos y los procesos disciplinarios, era el escribiente de los abogados de <a href=\"https:\/\/terminalesmedellin.com\/\" target=\"_blank\" rel=\"noopener\">Terminales Medell\u00edn<\/a>. Posteriormente,\u00a0 a mitad del a\u00f1o 1999, le propusieron apoyar al equipo de sistemas.<\/p>\n<p>En aquella \u00e9poca, la parte operativa funcionaba con tiquetes manuales que conten\u00edan informaci\u00f3n de la placa, entre otros datos de los veh\u00edculos y las empresas. Los tiquetes se entregaban en las casetas, donde se digitaban los datos en unas computadoras de pantallas oscuras con sistema D.O.S., y que se comunicaban por cable coaxial a un enorme servidor que ocupaba un cuarto completo.<\/p>\n<div id=\"attachment_375289\" style=\"width: 1034px\" class=\"wp-caption alignnone\"><a href=\"https:\/\/www.medellin.gov.co\/es\/wp-content\/uploads\/2024\/12\/terminales-temporada-finde.-an\u0303o-2024-4.jpg\" target=\"_blank\" rel=\"noopener\"><img aria-describedby=\"caption-attachment-375289\" loading=\"lazy\" class=\"wp-image-375289 size-large\" src=\"https:\/\/www.medellin.gov.co\/es\/wp-content\/uploads\/2024\/12\/terminales-temporada-finde.-an\u0303o-2024-4-1024x576.jpg\" alt=\"\" width=\"1024\" height=\"576\" srcset=\"https:\/\/www.medellin.gov.co\/es\/wp-content\/uploads\/2024\/12\/terminales-temporada-finde.-an\u0303o-2024-4-1024x576.jpg 1024w, https:\/\/www.medellin.gov.co\/es\/wp-content\/uploads\/2024\/12\/terminales-temporada-finde.-an\u0303o-2024-4-300x169.jpg 300w, https:\/\/www.medellin.gov.co\/es\/wp-content\/uploads\/2024\/12\/terminales-temporada-finde.-an\u0303o-2024-4-150x84.jpg 150w, https:\/\/www.medellin.gov.co\/es\/wp-content\/uploads\/2024\/12\/terminales-temporada-finde.-an\u0303o-2024-4-768x432.jpg 768w, https:\/\/www.medellin.gov.co\/es\/wp-content\/uploads\/2024\/12\/terminales-temporada-finde.-an\u0303o-2024-4.jpg 1200w\" sizes=\"(max-width: 1024px) 100vw, 1024px\" \/><\/a><p id=\"caption-attachment-375289\" class=\"wp-caption-text\">Terminales Medell\u00edn &#8211; Foto alcald\u00eda de Medell\u00edn<\/p><\/div>\n<p><em>\u201cOpen DMS se llamaba entonces. Para poder sacarlo trajeron montacargas, tumbaron ese muro, sacaron el servidor e instalaron otro servidor que ya era m\u00e1s peque\u00f1ito.\u201d <\/em>recuerda don Iv\u00e1n con claridad aquella \u00e9poca, cuando se murmuraba un panorama apocal\u00edptico para los sistemas con la llegada del milenio y se diagnosticaba el colapso de las bases de datos. En ese momento fue invitado a participar del grupo de sistemas de <a href=\"https:\/\/terminalesmedellin.com\/\" target=\"_blank\" rel=\"noopener\">Terminales Medell\u00edn<\/a> para aportar su conocimiento ante el posible colapso: <em>\u201ccuando \u00edbamos a pasar de 1999 al a\u00f1o 2000, el mundo se iba a acabar porque los sistemas no ten\u00edan sino dos d\u00edgitos, pero eso no pas\u00f3.\u201d<\/em><\/p>\n\n\t\t<style type=\"text\/css\">\n\t\t\t#gallery-1 {\n\t\t\t\tmargin: auto;\n\t\t\t}\n\t\t\t#gallery-1 .gallery-item {\n\t\t\t\tfloat: left;\n\t\t\t\tmargin-top: 10px;\n\t\t\t\ttext-align: center;\n\t\t\t\twidth: 50%;\n\t\t\t}\n\t\t\t#gallery-1 img {\n\t\t\t\tborder: 2px solid #cfcfcf;\n\t\t\t}\n\t\t\t#gallery-1 .gallery-caption {\n\t\t\t\tmargin-left: 0;\n\t\t\t}\n\t\t\t\/* see gallery_shortcode() in wp-includes\/media.php *\/\n\t\t<\/style>\n\t\t<div id='gallery-1' class='gallery galleryid-382311 gallery-columns-2 gallery-size-large'><dl class='gallery-item'>\n\t\t\t<dt class='gallery-icon landscape'>\n\t\t\t\t<a href='https:\/\/www.medellin.gov.co\/es\/sala-de-prensa\/noticias\/terminales-medellin-proyecta-movilizar-mas-de-700-mil-viajeros-en-las-fiestas-navidenas-y-de-fin-de-ano\/proyeccion-movilizacion-terminales-medellin-2\/'><img width=\"1024\" height=\"682\" src=\"https:\/\/www.medellin.gov.co\/es\/wp-content\/uploads\/2024\/12\/proyeccion-movilizacion-terminales-medellin-2-1024x682.jpg\" class=\"attachment-large size-large\" alt=\"\" loading=\"lazy\" srcset=\"https:\/\/www.medellin.gov.co\/es\/wp-content\/uploads\/2024\/12\/proyeccion-movilizacion-terminales-medellin-2-1024x682.jpg 1024w, https:\/\/www.medellin.gov.co\/es\/wp-content\/uploads\/2024\/12\/proyeccion-movilizacion-terminales-medellin-2-300x200.jpg 300w, https:\/\/www.medellin.gov.co\/es\/wp-content\/uploads\/2024\/12\/proyeccion-movilizacion-terminales-medellin-2-150x100.jpg 150w, https:\/\/www.medellin.gov.co\/es\/wp-content\/uploads\/2024\/12\/proyeccion-movilizacion-terminales-medellin-2-768x511.jpg 768w, https:\/\/www.medellin.gov.co\/es\/wp-content\/uploads\/2024\/12\/proyeccion-movilizacion-terminales-medellin-2.jpg 1200w\" sizes=\"(max-width: 1024px) 100vw, 1024px\" \/><\/a>\n\t\t\t<\/dt><\/dl><dl class='gallery-item'>\n\t\t\t<dt class='gallery-icon landscape'>\n\t\t\t\t<a href='https:\/\/www.medellin.gov.co\/es\/sala-de-prensa\/noticias\/terminales-medellin-proyecta-movilizar-mas-de-700-mil-viajeros-en-las-fiestas-navidenas-y-de-fin-de-ano\/proyeccion-movilizacion-terminales-medellin-3\/'><img width=\"1024\" height=\"682\" src=\"https:\/\/www.medellin.gov.co\/es\/wp-content\/uploads\/2024\/12\/proyeccion-movilizacion-terminales-medellin-3-1024x682.jpg\" class=\"attachment-large size-large\" alt=\"\" loading=\"lazy\" srcset=\"https:\/\/www.medellin.gov.co\/es\/wp-content\/uploads\/2024\/12\/proyeccion-movilizacion-terminales-medellin-3-1024x682.jpg 1024w, https:\/\/www.medellin.gov.co\/es\/wp-content\/uploads\/2024\/12\/proyeccion-movilizacion-terminales-medellin-3-300x200.jpg 300w, https:\/\/www.medellin.gov.co\/es\/wp-content\/uploads\/2024\/12\/proyeccion-movilizacion-terminales-medellin-3-150x100.jpg 150w, https:\/\/www.medellin.gov.co\/es\/wp-content\/uploads\/2024\/12\/proyeccion-movilizacion-terminales-medellin-3-768x511.jpg 768w, https:\/\/www.medellin.gov.co\/es\/wp-content\/uploads\/2024\/12\/proyeccion-movilizacion-terminales-medellin-3.jpg 1200w\" sizes=\"(max-width: 1024px) 100vw, 1024px\" \/><\/a>\n\t\t\t<\/dt><\/dl><br style=\"clear: both\" \/>\n\t\t<\/div>\n\n<p>Al terminar su carrera, fue promovido al cargo de Profesional Universitario TIC de la Subgerencia de Planeaci\u00f3n y Desarrollo, donde ayuda a pensar el presente y el futuro operacional de <a href=\"https:\/\/terminalesmedellin.com\/\" target=\"_blank\" rel=\"noopener\">Terminales Medell\u00edn<\/a>. <em>\u201cLa tecnolog\u00eda todos los d\u00edas es cambiante y va avanzando, \u00bfcu\u00e1ndo hab\u00edamos hablado nosotros de una c\u00e1mara de reconocimiento facial hace 20, 30\u00a0 a\u00f1os, eso no exist\u00eda.\u201d,<\/em> dice con orgullo al haber participado de todas las transiciones tecnol\u00f3gicas en sistemas por las cuales ha transitado la empresa y donde \u00e9l ha servido como soporte para administrar softwares como el Hermes, desarrollado por la misma empresa para procesar y recolectar la informaci\u00f3n de llegadas, salidas y tasas de uso, <strong>el mismo software que permite saber con certeza que, hasta el 1 de noviembre de 2024, se han movilizado m\u00e1s de 17 millones 100 mil viajeros a trav\u00e9s de las 76 empresas transportadoras que operan desde las <a href=\"https:\/\/terminalesmedellin.com\/terminal\/terminal-del-norte\/\" target=\"_blank\" rel=\"noopener\">terminales Norte<\/a> y <a href=\"https:\/\/terminalesmedellin.com\/terminal\/terminal-del-sur\/\" target=\"_blank\" rel=\"noopener\">Sur<\/a> y adem\u00e1s ha registrado la entrada y salida de 1 mill\u00f3n 548 mil veh\u00edculos.<\/strong><\/p>\n<p><em>\u201cNosotros en la parte operativa tenemos c\u00e1maras que leen las placas de los veh\u00edculos, impresoras t\u00e9rmicas de punto y con calor imprimen un tiquete, y aplicaciones propias que llevan registros detallados de nuestra operaci\u00f3n\u201d. <\/em><\/p>\n<p><strong><a href=\"https:\/\/terminalesmedellin.com\/\" target=\"_blank\" rel=\"noopener\">Terminales Medell\u00edn<\/a>, su primer hogar.<\/strong><\/p>\n<p><a href=\"https:\/\/terminalesmedellin.com\/\" target=\"_blank\" rel=\"noopener\">Terminales Medell\u00edn<\/a> le ha dado todo, hasta el amor de su vida, pues fue aqu\u00ed donde conoci\u00f3 a su actual esposa, do\u00f1a Elena Arango, quien trabajaba en el puesto de informaci\u00f3n cuando don Iv\u00e1n lleg\u00f3 a la <a href=\"https:\/\/terminalesmedellin.com\/terminal\/terminal-del-norte\/\" target=\"_blank\" rel=\"noopener\">Terminal del Norte<\/a> en el a\u00f1o 1991. Despu\u00e9s de compartir los primeros tres a\u00f1os de trabajo juntos, iniciaron una historia de amor que perdura en la actualidad y que ha dado como resultado dos hijos: Alejandro y Ana Cristina de 28 y 29 a\u00f1os respectivamente.<\/p>\n\n\t\t<style type=\"text\/css\">\n\t\t\t#gallery-2 {\n\t\t\t\tmargin: auto;\n\t\t\t}\n\t\t\t#gallery-2 .gallery-item {\n\t\t\t\tfloat: left;\n\t\t\t\tmargin-top: 10px;\n\t\t\t\ttext-align: center;\n\t\t\t\twidth: 50%;\n\t\t\t}\n\t\t\t#gallery-2 img {\n\t\t\t\tborder: 2px solid #cfcfcf;\n\t\t\t}\n\t\t\t#gallery-2 .gallery-caption {\n\t\t\t\tmargin-left: 0;\n\t\t\t}\n\t\t\t\/* see gallery_shortcode() in wp-includes\/media.php *\/\n\t\t<\/style>\n\t\t<div id='gallery-2' class='gallery galleryid-382311 gallery-columns-2 gallery-size-large'><dl class='gallery-item'>\n\t\t\t<dt class='gallery-icon landscape'>\n\t\t\t\t<a href='https:\/\/www.medellin.gov.co\/es\/sala-de-prensa\/noticias\/terminales-medellin-proyecta-movilizar-mas-de-700-mil-viajeros-en-las-fiestas-navidenas-y-de-fin-de-ano\/proyeccion-movilizacion-terminales-medellin-4\/'><img width=\"1024\" height=\"682\" src=\"https:\/\/www.medellin.gov.co\/es\/wp-content\/uploads\/2024\/12\/proyeccion-movilizacion-terminales-medellin-4-1024x682.jpg\" class=\"attachment-large size-large\" alt=\"\" loading=\"lazy\" srcset=\"https:\/\/www.medellin.gov.co\/es\/wp-content\/uploads\/2024\/12\/proyeccion-movilizacion-terminales-medellin-4-1024x682.jpg 1024w, https:\/\/www.medellin.gov.co\/es\/wp-content\/uploads\/2024\/12\/proyeccion-movilizacion-terminales-medellin-4-300x200.jpg 300w, https:\/\/www.medellin.gov.co\/es\/wp-content\/uploads\/2024\/12\/proyeccion-movilizacion-terminales-medellin-4-150x100.jpg 150w, https:\/\/www.medellin.gov.co\/es\/wp-content\/uploads\/2024\/12\/proyeccion-movilizacion-terminales-medellin-4-768x511.jpg 768w, https:\/\/www.medellin.gov.co\/es\/wp-content\/uploads\/2024\/12\/proyeccion-movilizacion-terminales-medellin-4.jpg 1200w\" sizes=\"(max-width: 1024px) 100vw, 1024px\" \/><\/a>\n\t\t\t<\/dt><\/dl><dl class='gallery-item'>\n\t\t\t<dt class='gallery-icon landscape'>\n\t\t\t\t<a href='https:\/\/www.medellin.gov.co\/es\/sala-de-prensa\/noticias\/terminales-medellin-se-prepara-para-recibir-2-750-000-viajeros-en-la-temporada-de-fin-de-ano\/terminales-temporada-finde-an%cc%83o-2024-3\/'><img width=\"1024\" height=\"682\" src=\"https:\/\/www.medellin.gov.co\/es\/wp-content\/uploads\/2024\/12\/terminales-temporada-finde.-an\u0303o-2024-3-1024x682.jpg\" class=\"attachment-large size-large\" alt=\"\" loading=\"lazy\" srcset=\"https:\/\/www.medellin.gov.co\/es\/wp-content\/uploads\/2024\/12\/terminales-temporada-finde.-an\u0303o-2024-3-1024x682.jpg 1024w, https:\/\/www.medellin.gov.co\/es\/wp-content\/uploads\/2024\/12\/terminales-temporada-finde.-an\u0303o-2024-3-300x200.jpg 300w, https:\/\/www.medellin.gov.co\/es\/wp-content\/uploads\/2024\/12\/terminales-temporada-finde.-an\u0303o-2024-3-150x100.jpg 150w, https:\/\/www.medellin.gov.co\/es\/wp-content\/uploads\/2024\/12\/terminales-temporada-finde.-an\u0303o-2024-3-768x511.jpg 768w, https:\/\/www.medellin.gov.co\/es\/wp-content\/uploads\/2024\/12\/terminales-temporada-finde.-an\u0303o-2024-3.jpg 1200w\" sizes=\"(max-width: 1024px) 100vw, 1024px\" \/><\/a>\n\t\t\t<\/dt><\/dl><br style=\"clear: both\" \/>\n\t\t<\/div>\n\n<p>Dice que <a href=\"https:\/\/terminalesmedellin.com\/\" target=\"_blank\" rel=\"noopener\">Terminales Medell\u00edn<\/a> es su primera casa, porque la segunda es donde va a dormir. Ac\u00e1 pasa la mayor parte de su tiempo y es donde ha compartido por m\u00e1s de 33 a\u00f1os con algunos de sus compa\u00f1eros y amigos m\u00e1s entra\u00f1ables:<em> \u201cAqu\u00ed yo vengo todos los d\u00edas a las 7:15 de la ma\u00f1ana, entonces es donde m\u00e1s se mantiene uno\u201d, <\/em>por eso saluda y se despide con alegr\u00eda, pues hay que conservar, seg\u00fan \u00e9l, <em>\u201cel buen humor y el picante\u201d, <\/em>-porque- <em>\u201csi\u00a0 uno se mantiene haciendo mala cara y no le pone un poquitico de humor, la cosa se pone complicada con los compa\u00f1eros.\u201d<\/em><\/p>\n<p><strong>El hoy de don Iv\u00e1n<\/strong><\/p>\n<p>En la actualidad, a don Iv\u00e1n se le ve renovado, con energ\u00eda extra, pasando por una etapa de regocijo y de \u201cloco de amor\u201d por su nuevo nieto de 15 meses. El momento m\u00e1s particular en la actual vida de este hombre cincuentenario, es cuando cada tarde sale con su morral, despu\u00e9s de una ardua jornada de trabajo y a\u00fan, impecable, se despide de todos: <em>\u201c\u00a1Hasta el martes!\u201d<\/em> o <em>\u201c\u00a1hasta el mi\u00e9rcoles!\u201d<\/em> para referirse al d\u00eda siguiente en el que se ver\u00e1 durante nueve horas con sus compa\u00f1eros.<\/p>\n<div id=\"attachment_382580\" style=\"width: 1034px\" class=\"wp-caption alignnone\"><a href=\"https:\/\/www.medellin.gov.co\/es\/wp-content\/uploads\/2025\/01\/Ingeniero_terminales-5.jpg\" target=\"_blank\" rel=\"noopener\"><img aria-describedby=\"caption-attachment-382580\" loading=\"lazy\" class=\"wp-image-382580 size-large\" src=\"https:\/\/www.medellin.gov.co\/es\/wp-content\/uploads\/2025\/01\/Ingeniero_terminales-5-1024x683.jpg\" alt=\"\" width=\"1024\" height=\"683\" srcset=\"https:\/\/www.medellin.gov.co\/es\/wp-content\/uploads\/2025\/01\/Ingeniero_terminales-5-1024x683.jpg 1024w, https:\/\/www.medellin.gov.co\/es\/wp-content\/uploads\/2025\/01\/Ingeniero_terminales-5-300x200.jpg 300w, https:\/\/www.medellin.gov.co\/es\/wp-content\/uploads\/2025\/01\/Ingeniero_terminales-5-150x100.jpg 150w, https:\/\/www.medellin.gov.co\/es\/wp-content\/uploads\/2025\/01\/Ingeniero_terminales-5-768x512.jpg 768w, https:\/\/www.medellin.gov.co\/es\/wp-content\/uploads\/2025\/01\/Ingeniero_terminales-5.jpg 1275w\" sizes=\"(max-width: 1024px) 100vw, 1024px\" \/><\/a><p id=\"caption-attachment-382580\" class=\"wp-caption-text\">Iv\u00e1n Benjumea, ingeniero y profesional en TIC de Terminales Medell\u00edn<\/p><\/div>\n<p>Es un abuelo feliz y lo demuestra con su expresi\u00f3n al ir al encuentro de ese amor incomparable. Su sonrisa irradia la alegr\u00eda intensa que le provoca la idea de compartir un d\u00eda m\u00e1s con el peque\u00f1o Joaqu\u00edn y jugar con \u00e9l a los carritos o leerle un cuento.<\/p>\n<p>Don Iv\u00e1n Benjumea, ingeniero y profesional en TIC de <a href=\"https:\/\/terminalesmedellin.com\/\" target=\"_blank\" rel=\"noopener\">Terminales Medell\u00edn<\/a>, est\u00e1 a ocho a\u00f1os de pensionarse. Es un hombre dedicado a su trabajo y a su familia, anhela terminar sus d\u00edas disfrutando de un peque\u00f1o terru\u00f1o alejado del bullicio, en el cual imagina una vida apacible al lado de su esposa, levant\u00e1ndose con el cantar de los p\u00e1jaros y regar y consentir sus plantas.<\/p>\n","protected":false},"excerpt":{"rendered":"<p>Al pasar por su oficina, en el s\u00f3tano del \u00e1rea administrativa de la Terminal del Norte, se ve siempre enfrascado en su computador, realizando c\u00e1lculos y revisando la informaci\u00f3n suministrada por las aplicaciones de control &#8230;<\/p>\n","protected":false},"author":17,"featured_media":382579,"comment_status":"open","ping_status":"open","sticky":false,"template":"","format":"standard","meta":[],"categories":[17],"tags":[634,447,430],"formato_nota":[],"programas_tax":[],"acf":[],"_links":{"self":[{"href":"https:\/\/www.medellin.gov.co\/es\/wp-json\/wp\/v2\/posts\/382311"}],"collection":[{"href":"https:\/\/www.medellin.gov.co\/es\/wp-json\/wp\/v2\/posts"}],"about":[{"href":"https:\/\/www.medellin.gov.co\/es\/wp-json\/wp\/v2\/types\/post"}],"author":[{"embeddable":true,"href":"https:\/\/www.medellin.gov.co\/es\/wp-json\/wp\/v2\/users\/17"}],"replies":[{"embeddable":true,"href":"https:\/\/www.medellin.gov.co\/es\/wp-json\/wp\/v2\/comments?post=382311"}],"version-history":[{"count":2,"href":"https:\/\/www.medellin.gov.co\/es\/wp-json\/wp\/v2\/posts\/382311\/revisions"}],"predecessor-version":[{"id":382606,"href":"https:\/\/www.medellin.gov.co\/es\/wp-json\/wp\/v2\/posts\/382311\/revisions\/382606"}],"wp:featuredmedia":[{"embeddable":true,"href":"https:\/\/www.medellin.gov.co\/es\/wp-json\/wp\/v2\/media\/382579"}],"wp:attachment":[{"href":"https:\/\/www.medellin.gov.co\/es\/wp-json\/wp\/v2\/media?parent=382311"}],"wp:term":[{"taxonomy":"category","embeddable":true,"href":"https:\/\/www.medellin.gov.co\/es\/wp-json\/wp\/v2\/categories?post=382311"},{"taxonomy":"post_tag","embeddable":true,"href":"https:\/\/www.medellin.gov.co\/es\/wp-json\/wp\/v2\/tags?post=382311"},{"taxonomy":"formato_nota","embeddable":true,"href":"https:\/\/www.medellin.gov.co\/es\/wp-json\/wp\/v2\/formato_nota?post=382311"},{"taxonomy":"programas_tax","embeddable":true,"href":"https:\/\/www.medellin.gov.co\/es\/wp-json\/wp\/v2\/programas_tax?post=382311"}],"curies":[{"name":"wp","href":"https:\/\/api.w.org\/{rel}","templated":true}]}}