{"id":382329,"date":"2025-01-26T20:58:11","date_gmt":"2025-01-27T01:58:11","guid":{"rendered":"https:\/\/www.medellin.gov.co\/es\/?p=382329"},"modified":"2025-01-26T21:44:33","modified_gmt":"2025-01-27T02:44:33","slug":"petro-no-nos-representa-alcalde-de-medellin-federico-gutierrez","status":"publish","type":"post","link":"https:\/\/www.medellin.gov.co\/es\/sala-de-prensa\/noticias\/petro-no-nos-representa-alcalde-de-medellin-federico-gutierrez\/","title":{"rendered":"\u201cPetro no nos representa\u201d: alcalde de Medell\u00edn, Federico Guti\u00e9rrez"},"content":{"rendered":"<ul>\n<li>El alcalde afirm\u00f3 que toda esta crisis fue intencionalmente generada por Petro para aislar a Colombia, como fueron aisladas Cuba y Venezuela, y quedarse en el poder.<\/li>\n<li>Guti\u00e9rrez propuso una delegaci\u00f3n de mandatarios locales a Washington para buscar soluciones a la crisis propiciada por Petro.<\/li>\n<\/ul>\n<!--[if lt IE 9]><script>document.createElement('audio');<\/script><![endif]-->\n\t<div class=\"wp-playlist wp-audio-playlist wp-playlist-light\">\n\t\t\t<div class=\"wp-playlist-current-item\"><\/div>\n\t\t<audio controls=\"controls\" preload=\"none\" width=\"640\"\n\t\t\t><\/audio>\n\t<div class=\"wp-playlist-next\"><\/div>\n\t<div class=\"wp-playlist-prev\"><\/div>\n\t<noscript>\n\t<ol>\n\t\t<li><a href='https:\/\/www.medellin.gov.co\/es\/wp-content\/uploads\/2025\/01\/AlcaldeFedericoGutierres_TemaEEUU.mp3'>AlcaldeFedericoGutierres_TemaEEUU<\/a><\/li>\t<\/ol>\n\t<\/noscript>\n\t<script type=\"application\/json\" class=\"wp-playlist-script\">{\"type\":\"audio\",\"tracklist\":true,\"tracknumbers\":true,\"images\":true,\"artists\":true,\"tracks\":[{\"src\":\"https:\\\/\\\/www.medellin.gov.co\\\/es\\\/wp-content\\\/uploads\\\/2025\\\/01\\\/AlcaldeFedericoGutierres_TemaEEUU.mp3\",\"type\":\"audio\\\/mpeg\",\"title\":\"AlcaldeFedericoGutierres_TemaEEUU\",\"caption\":\"Declaraciones del alcalde de Medell\\u00edn, Federico Guti\\u00e9rrez Zuluaga\",\"description\":\"\\u00abAlcaldeFedericoGutierres_TemaEEUU\\u00bb. Lanzamiento: 2025.\",\"meta\":{\"year\":\"2025\",\"length_formatted\":\"12:21\"},\"image\":{\"src\":\"https:\\\/\\\/www.medellin.gov.co\\\/es\\\/wp-includes\\\/images\\\/media\\\/audio.png\",\"width\":48,\"height\":64},\"thumb\":{\"src\":\"https:\\\/\\\/www.medellin.gov.co\\\/es\\\/wp-includes\\\/images\\\/media\\\/audio.png\",\"width\":48,\"height\":64}}]}<\/script>\n<\/div>\n\t\n<p>El alcalde de Medell\u00edn, Federico Guti\u00e9rrez Zuluaga afirm\u00f3 que \u00e9sta habr\u00eda sido una crisis generada a prop\u00f3sito por el presidente Gustavo Petro para aislar a Colombia, as\u00ed como fueron aisladas Cuba y Venezuela, y quedarse en el poder. <em>\u201cEl a\u00f1o pasado fueron m\u00e1s de 14 mil deportados de Estados Unidos a Colombia y el gobierno nunca dijo nada. Ahora Petro, con un mensaje a las 3 de la ma\u00f1ana, qui\u00e9n sabe en qu\u00e9 condiciones, genera esta crisis\u201d<\/em>, se\u00f1al\u00f3 Guti\u00e9rrez.<\/p>\n<p>El mandatario distrital propuso la conformaci\u00f3n de una delegaci\u00f3n de gobernantes de ciudades colombianas que viaje a Washington con el prop\u00f3sito de ratificar la oposici\u00f3n al gobierno y buscar soluciones ante las medidas adoptadas por el mandatario estadounidense, Donald Trump, entre ellas el cierre de la secci\u00f3n de visas en Colombia como consecuencia de la determinaci\u00f3n del presidente, Gustavo Petro, de no permitir el ingreso de aviones provenientes de Norteam\u00e9rica con colombianos.<\/p>\n<p><div class=\"iframe-container\"><iframe title=\"YouTube video player\" src=\"https:\/\/www.youtube.com\/embed\/zF2AqOnF0EE?si=z2jIKYcbihIbt8aW\" width=\"100%\" height=\"350\" frameborder=\"0\" allowfullscreen=\"allowfullscreen\"><span data-mce-type=\"bookmark\" style=\"display: inline-block; width: 0px; overflow: hidden; line-height: 0;\" class=\"mce_SELRES_start\">\ufeff<\/span><\/iframe><\/div><\/p>\n<p><em>\u201cEstados Unidos ha sido, por m\u00e1s de cien a\u00f1os, ha sido un aliado estrat\u00e9gico de nuestro pa\u00eds. Durante diferentes gobiernos ha contribuido a nuestra seguridad nacional, crecimiento econ\u00f3mico y al despliegue del turismo internacional. Con mucho esfuerzo y construyendo confianza, Colombia se convirti\u00f3 en uno de los grandes aliados comerciales de Estados Unidos y uno de los principales de Suram\u00e9rica. Petro ha puesto todo esto en peligro\u201d<\/em>, se\u00f1al\u00f3 el alcalde Guti\u00e9rrez.<\/p>\n<p>Andr\u00e9s Juli\u00e1n Rend\u00f3n se reunir\u00e1n con empresarios de sectores exportadores para analizar los impactos de estas medidas y buscar soluciones en el corto plazo.<\/p>\n<p><a href=\"https:\/\/www.medellin.gov.co\/es\/wp-content\/uploads\/2025\/01\/Alcalde_temaEEUU_1.jpg\" target=\"_blank\" rel=\"noopener\"><img loading=\"lazy\" class=\"alignnone wp-image-382336 size-large\" src=\"https:\/\/www.medellin.gov.co\/es\/wp-content\/uploads\/2025\/01\/Alcalde_temaEEUU_1-1024x683.jpg\" alt=\"\" width=\"1024\" height=\"683\" srcset=\"https:\/\/www.medellin.gov.co\/es\/wp-content\/uploads\/2025\/01\/Alcalde_temaEEUU_1-1024x683.jpg 1024w, https:\/\/www.medellin.gov.co\/es\/wp-content\/uploads\/2025\/01\/Alcalde_temaEEUU_1-300x200.jpg 300w, https:\/\/www.medellin.gov.co\/es\/wp-content\/uploads\/2025\/01\/Alcalde_temaEEUU_1-150x100.jpg 150w, https:\/\/www.medellin.gov.co\/es\/wp-content\/uploads\/2025\/01\/Alcalde_temaEEUU_1-768x512.jpg 768w, https:\/\/www.medellin.gov.co\/es\/wp-content\/uploads\/2025\/01\/Alcalde_temaEEUU_1.jpg 1280w\" sizes=\"(max-width: 1024px) 100vw, 1024px\" \/><\/a><\/p>\n<p>Estados Unidos es el principal socio comercial de Colombia, representando el 30% de las exportaciones totales. Se estima que Colombia exporta al a\u00f1o $15 mil millones de d\u00f3lares a Estados Unidos, aproximadamente el 3% del PIB nacional. Federico Guti\u00e9rrez expres\u00f3 su preocupaci\u00f3n por los empresarios, los trabajadores y sus familias, de las empresas exportadoras que se ver\u00edan obligadas a reducir producci\u00f3n o cerrar.<\/p>\n<p><em>\u201cAlcaldes, gobernadores y ciudadanos opuestos al gobierno: no podemos permitir que Petro nos lleve a un estado de aislamiento como el que lograron sus amigos y c\u00f3mplices en Cuba y Venezuela\u201d<\/em>, agreg\u00f3 el alcalde Guti\u00e9rrez.<\/p>\n","protected":false},"excerpt":{"rendered":"<p>El alcalde afirm\u00f3 que toda esta crisis fue intencionalmente generada por Petro para aislar a Colombia, como fueron aisladas Cuba y Venezuela, y quedarse en el poder. Guti\u00e9rrez propuso una delegaci\u00f3n de mandatarios locales a &#8230;<\/p>\n","protected":false},"author":17,"featured_media":382334,"comment_status":"open","ping_status":"open","sticky":false,"template":"","format":"standard","meta":[],"categories":[293,17],"tags":[634,453,455],"formato_nota":[],"programas_tax":[],"acf":[],"_links":{"self":[{"href":"https:\/\/www.medellin.gov.co\/es\/wp-json\/wp\/v2\/posts\/382329"}],"collection":[{"href":"https:\/\/www.medellin.gov.co\/es\/wp-json\/wp\/v2\/posts"}],"about":[{"href":"https:\/\/www.medellin.gov.co\/es\/wp-json\/wp\/v2\/types\/post"}],"author":[{"embeddable":true,"href":"https:\/\/www.medellin.gov.co\/es\/wp-json\/wp\/v2\/users\/17"}],"replies":[{"embeddable":true,"href":"https:\/\/www.medellin.gov.co\/es\/wp-json\/wp\/v2\/comments?post=382329"}],"version-history":[{"count":1,"href":"https:\/\/www.medellin.gov.co\/es\/wp-json\/wp\/v2\/posts\/382329\/revisions"}],"predecessor-version":[{"id":382338,"href":"https:\/\/www.medellin.gov.co\/es\/wp-json\/wp\/v2\/posts\/382329\/revisions\/382338"}],"wp:featuredmedia":[{"embeddable":true,"href":"https:\/\/www.medellin.gov.co\/es\/wp-json\/wp\/v2\/media\/382334"}],"wp:attachment":[{"href":"https:\/\/www.medellin.gov.co\/es\/wp-json\/wp\/v2\/media?parent=382329"}],"wp:term":[{"taxonomy":"category","embeddable":true,"href":"https:\/\/www.medellin.gov.co\/es\/wp-json\/wp\/v2\/categories?post=382329"},{"taxonomy":"post_tag","embeddable":true,"href":"https:\/\/www.medellin.gov.co\/es\/wp-json\/wp\/v2\/tags?post=382329"},{"taxonomy":"formato_nota","embeddable":true,"href":"https:\/\/www.medellin.gov.co\/es\/wp-json\/wp\/v2\/formato_nota?post=382329"},{"taxonomy":"programas_tax","embeddable":true,"href":"https:\/\/www.medellin.gov.co\/es\/wp-json\/wp\/v2\/programas_tax?post=382329"}],"curies":[{"name":"wp","href":"https:\/\/api.w.org\/{rel}","templated":true}]}}