{"id":382342,"date":"2025-01-26T21:36:12","date_gmt":"2025-01-27T02:36:12","guid":{"rendered":"https:\/\/www.medellin.gov.co\/es\/?p=382342"},"modified":"2025-01-28T10:37:54","modified_gmt":"2025-01-28T15:37:54","slug":"con-inicio-de-obras-en-el-complejo-acuatico-medellin-se-prepara-para-los-juegos-panamericanos-de-natacion-junior-2025","status":"publish","type":"post","link":"https:\/\/www.medellin.gov.co\/es\/sala-de-prensa\/noticias\/con-inicio-de-obras-en-el-complejo-acuatico-medellin-se-prepara-para-los-juegos-panamericanos-de-natacion-junior-2025\/","title":{"rendered":"Con inicio de obras en el Complejo Acu\u00e1tico, Medell\u00edn se prepara para los Juegos Panamericanos de Nataci\u00f3n Junior 2025"},"content":{"rendered":"<ul>\n<li>Por primera vez en Colombia se har\u00e1 un campeonato panamericano de todas las disciplinas de nataci\u00f3n, para el cual Medell\u00edn fue elegida como sede oficial.<\/li>\n<li>La ciudad contar\u00e1 con una moderna plataforma de clavados, garantizando est\u00e1ndares internacionales de calidad y seguridad para los nadadores.<\/li>\n<li>Se invertir\u00e1n $5.217 millones, con un plazo de ejecuci\u00f3n de cuatro meses.<\/li>\n<li>Estos panamericanos hacen parte del ciclo ol\u00edmpico camino a la m\u00e1xima justa deportiva en Los \u00c1ngeles 2028.<\/li>\n<\/ul>\n<!--[if lt IE 9]><script>document.createElement('audio');<\/script><![endif]-->\n\t<div class=\"wp-playlist wp-audio-playlist wp-playlist-light\">\n\t\t\t<div class=\"wp-playlist-current-item\"><\/div>\n\t\t<audio controls=\"controls\" preload=\"none\" width=\"640\"\n\t\t\t><\/audio>\n\t<div class=\"wp-playlist-next\"><\/div>\n\t<div class=\"wp-playlist-prev\"><\/div>\n\t<noscript>\n\t<ol>\n\t\t<li><a href='https:\/\/www.medellin.gov.co\/es\/wp-content\/uploads\/2025\/01\/Alcalde_Obras_compeljo_acuatico.mp3'>Alcalde_Obras_compeljo_acuatico<\/a><\/li><li><a href='https:\/\/www.medellin.gov.co\/es\/wp-content\/uploads\/2025\/01\/Presidente_Federacion_Natacion_Panamericano_medellin.mp3'>Presidente_Federacion_Natacion_Panamericano_medellin<\/a><\/li>\t<\/ol>\n\t<\/noscript>\n\t<script type=\"application\/json\" class=\"wp-playlist-script\">{\"type\":\"audio\",\"tracklist\":true,\"tracknumbers\":true,\"images\":true,\"artists\":true,\"tracks\":[{\"src\":\"https:\\\/\\\/www.medellin.gov.co\\\/es\\\/wp-content\\\/uploads\\\/2025\\\/01\\\/Alcalde_Obras_compeljo_acuatico.mp3\",\"type\":\"audio\\\/mpeg\",\"title\":\"Alcalde_Obras_compeljo_acuatico\",\"caption\":\"Declaraciones del alcalde Federico Guti\\u00e9rrez Zuluaga\",\"description\":\"\\u00abObras en el Complejo Acu\\u00e1tico de Medell\\u00edn\\u00bb\",\"meta\":{\"year\":\"2025\",\"length_formatted\":\"1:24\"},\"image\":{\"src\":\"https:\\\/\\\/www.medellin.gov.co\\\/es\\\/wp-includes\\\/images\\\/media\\\/audio.png\",\"width\":48,\"height\":64},\"thumb\":{\"src\":\"https:\\\/\\\/www.medellin.gov.co\\\/es\\\/wp-includes\\\/images\\\/media\\\/audio.png\",\"width\":48,\"height\":64}},{\"src\":\"https:\\\/\\\/www.medellin.gov.co\\\/es\\\/wp-content\\\/uploads\\\/2025\\\/01\\\/Presidente_Federacion_Natacion_Panamericano_medellin.mp3\",\"type\":\"audio\\\/mpeg\",\"title\":\"Presidente_Federacion_Natacion_Panamericano_medellin\",\"caption\":\"Declaraciones del presidente de la Federaciones Colombiana de Nataci\\u00f3n (FECNA), Jorge Soto\",\"description\":\"\\u00abObras en el Complejo Acu\\u00e1tico de Medell\\u00edn\\u00bb\",\"meta\":{\"year\":\"2025\",\"length_formatted\":\"4:20\"},\"image\":{\"src\":\"https:\\\/\\\/www.medellin.gov.co\\\/es\\\/wp-includes\\\/images\\\/media\\\/audio.png\",\"width\":48,\"height\":64},\"thumb\":{\"src\":\"https:\\\/\\\/www.medellin.gov.co\\\/es\\\/wp-includes\\\/images\\\/media\\\/audio.png\",\"width\":48,\"height\":64}}]}<\/script>\n<\/div>\n\t\n<p>Con el inicio de las intervenciones en el Complejo Acu\u00e1tico C\u00e9sar Zapata de la Unidad Deportiva Atanasio Girardot, Medell\u00edn se pone a punto para ser la sede oficial de los Juegos Panamericanos de Nataci\u00f3n Junior 2025, que se llevar\u00e1n a cabo del 13 al 25 de mayo.<\/p>\n<div id=\"attachment_382350\" style=\"width: 1034px\" class=\"wp-caption alignnone\"><a href=\"https:\/\/www.medellin.gov.co\/es\/wp-content\/uploads\/2025\/01\/Complejo_acuatico_obras-4.jpg\" target=\"_blank\" rel=\"noopener\"><img aria-describedby=\"caption-attachment-382350\" loading=\"lazy\" class=\"wp-image-382350 size-large\" src=\"https:\/\/www.medellin.gov.co\/es\/wp-content\/uploads\/2025\/01\/Complejo_acuatico_obras-4-1024x682.jpg\" alt=\"\" width=\"1024\" height=\"682\" srcset=\"https:\/\/www.medellin.gov.co\/es\/wp-content\/uploads\/2025\/01\/Complejo_acuatico_obras-4-1024x682.jpg 1024w, https:\/\/www.medellin.gov.co\/es\/wp-content\/uploads\/2025\/01\/Complejo_acuatico_obras-4-300x200.jpg 300w, https:\/\/www.medellin.gov.co\/es\/wp-content\/uploads\/2025\/01\/Complejo_acuatico_obras-4-150x100.jpg 150w, https:\/\/www.medellin.gov.co\/es\/wp-content\/uploads\/2025\/01\/Complejo_acuatico_obras-4-768x512.jpg 768w, https:\/\/www.medellin.gov.co\/es\/wp-content\/uploads\/2025\/01\/Complejo_acuatico_obras-4.jpg 1276w\" sizes=\"(max-width: 1024px) 100vw, 1024px\" \/><\/a><p id=\"caption-attachment-382350\" class=\"wp-caption-text\">Proyecci\u00f3n de obra Complejo Acu\u00e1tico de Medell\u00edn<\/p><\/div>\n<p><em>\u201cA m\u00ed me alegra que le demos estas buenas noticias a la ciudad, pero, sobre todo, a nuestros deportistas. A ellos hay que cuidarlos y responderles por los compromisos que se han hecho. Medell\u00edn vuelve a ser epicentro de grandes eventos a nivel internacional y nacional. Vendr\u00e1n m\u00e1s torneos y muchas m\u00e1s adecuaciones en infraestructura f\u00edsica\u201d<\/em>, expres\u00f3 el alcalde Federico Guti\u00e9rrez Zuluaga.<\/p>\n<p><div class=\"iframe-container\"><iframe title=\"YouTube video player\" src=\"https:\/\/www.youtube.com\/embed\/pGsOd9H9CIA?si=QPiWouQkqwcKFRTr\" width=\"100%\" height=\"350\" frameborder=\"0\" allowfullscreen=\"allowfullscreen\"><span data-mce-type=\"bookmark\" style=\"display: inline-block; width: 0px; overflow: hidden; line-height: 0;\" class=\"mce_SELRES_start\">\ufeff<\/span><\/iframe><\/div><span class=\"yt-core-attributed-string--link-inherit-color\" dir=\"auto\">Fuente: <\/span><span class=\"yt-core-attributed-string--link-inherit-color\" dir=\"auto\"><a class=\"yt-core-attributed-string__link yt-core-attributed-string__link--call-to-action-color\" tabindex=\"0\" href=\"https:\/\/www.youtube.com\/@LigadeNataciondeAntioquia\" target=\"\" rel=\"noopener\">\u202a@LigadeNataciondeAntioquia\u202c<\/a><\/span><\/p>\n<p>Ser\u00e1n 1.280 deportistas de Am\u00e9rica quienes competir\u00e1n en las disciplinas de clavados, polo acu\u00e1tico, carreras, <em>high diving <\/em>(clavadistas que se tiran desde una plataforma elevada, oficialmente 20 metros para las mujeres y 27 para los hombres), nataci\u00f3n art\u00edstica y aguas abiertas, en un evento que posiciona a Medell\u00edn como epicentro de la nataci\u00f3n continental juvenil.<\/p>\n<p>Por primera vez, se realizar\u00e1 en el pa\u00eds un evento del ciclo ol\u00edmpico de nataci\u00f3n que incluye todas las disciplinas que se derivan de este deporte. En este participar\u00e1n 120 nadadores nacionales, de los cuales el 60 % son de Medell\u00edn.<\/p>\n\n\t\t<style type=\"text\/css\">\n\t\t\t#gallery-1 {\n\t\t\t\tmargin: auto;\n\t\t\t}\n\t\t\t#gallery-1 .gallery-item {\n\t\t\t\tfloat: left;\n\t\t\t\tmargin-top: 10px;\n\t\t\t\ttext-align: center;\n\t\t\t\twidth: 50%;\n\t\t\t}\n\t\t\t#gallery-1 img {\n\t\t\t\tborder: 2px solid #cfcfcf;\n\t\t\t}\n\t\t\t#gallery-1 .gallery-caption {\n\t\t\t\tmargin-left: 0;\n\t\t\t}\n\t\t\t\/* see gallery_shortcode() in wp-includes\/media.php *\/\n\t\t<\/style>\n\t\t<div id='gallery-1' class='gallery galleryid-382342 gallery-columns-2 gallery-size-large'><dl class='gallery-item'>\n\t\t\t<dt class='gallery-icon landscape'>\n\t\t\t\t<a href='https:\/\/www.medellin.gov.co\/es\/sala-de-prensa\/noticias\/con-inicio-de-obras-en-el-complejo-acuatico-medellin-se-prepara-para-los-juegos-panamericanos-de-natacion-junior-2025\/complejo_acuatico_obras-6\/'><img width=\"1024\" height=\"682\" src=\"https:\/\/www.medellin.gov.co\/es\/wp-content\/uploads\/2025\/01\/Complejo_acuatico_obras-6-1024x682.jpg\" class=\"attachment-large size-large\" alt=\"\" loading=\"lazy\" aria-describedby=\"gallery-1-382353\" srcset=\"https:\/\/www.medellin.gov.co\/es\/wp-content\/uploads\/2025\/01\/Complejo_acuatico_obras-6-1024x682.jpg 1024w, https:\/\/www.medellin.gov.co\/es\/wp-content\/uploads\/2025\/01\/Complejo_acuatico_obras-6-300x200.jpg 300w, https:\/\/www.medellin.gov.co\/es\/wp-content\/uploads\/2025\/01\/Complejo_acuatico_obras-6-150x100.jpg 150w, https:\/\/www.medellin.gov.co\/es\/wp-content\/uploads\/2025\/01\/Complejo_acuatico_obras-6-768x512.jpg 768w, https:\/\/www.medellin.gov.co\/es\/wp-content\/uploads\/2025\/01\/Complejo_acuatico_obras-6.jpg 1276w\" sizes=\"(max-width: 1024px) 100vw, 1024px\" \/><\/a>\n\t\t\t<\/dt>\n\t\t\t\t<dd class='wp-caption-text gallery-caption' id='gallery-1-382353'>\n\t\t\t\tIntervenci\u00f3n de obra\n\t\t\t\t<\/dd><\/dl><dl class='gallery-item'>\n\t\t\t<dt class='gallery-icon landscape'>\n\t\t\t\t<a href='https:\/\/www.medellin.gov.co\/es\/sala-de-prensa\/noticias\/con-inicio-de-obras-en-el-complejo-acuatico-medellin-se-prepara-para-los-juegos-panamericanos-de-natacion-junior-2025\/complejo_acuatico_obras-4\/'><img width=\"1024\" height=\"682\" src=\"https:\/\/www.medellin.gov.co\/es\/wp-content\/uploads\/2025\/01\/Complejo_acuatico_obras-4-1024x682.jpg\" class=\"attachment-large size-large\" alt=\"\" loading=\"lazy\" aria-describedby=\"gallery-1-382350\" srcset=\"https:\/\/www.medellin.gov.co\/es\/wp-content\/uploads\/2025\/01\/Complejo_acuatico_obras-4-1024x682.jpg 1024w, https:\/\/www.medellin.gov.co\/es\/wp-content\/uploads\/2025\/01\/Complejo_acuatico_obras-4-300x200.jpg 300w, https:\/\/www.medellin.gov.co\/es\/wp-content\/uploads\/2025\/01\/Complejo_acuatico_obras-4-150x100.jpg 150w, https:\/\/www.medellin.gov.co\/es\/wp-content\/uploads\/2025\/01\/Complejo_acuatico_obras-4-768x512.jpg 768w, https:\/\/www.medellin.gov.co\/es\/wp-content\/uploads\/2025\/01\/Complejo_acuatico_obras-4.jpg 1276w\" sizes=\"(max-width: 1024px) 100vw, 1024px\" \/><\/a>\n\t\t\t<\/dt>\n\t\t\t\t<dd class='wp-caption-text gallery-caption' id='gallery-1-382350'>\n\t\t\t\tProyecci\u00f3n de obra\n\t\t\t\t<\/dd><\/dl><br style=\"clear: both\" \/>\n\t\t<\/div>\n\n<p>Para este encuentro continental, el Distrito inici\u00f3 la demolici\u00f3n y el desmonte de la plataforma de clavados, una estructura que se edific\u00f3 hace 52 a\u00f1os, y que ser\u00e1 reemplazada por una moderna construcci\u00f3n antideslizante para la seguridad y el rendimiento \u00f3ptimo de los competidores, que adem\u00e1s cumple con los par\u00e1metros exigidos por las autoridades deportivas internacionales.<\/p>\n<p><a href=\"https:\/\/www.medellin.gov.co\/es\/wp-content\/uploads\/2025\/01\/Complejo_acuatico_obras-2.jpg\" target=\"_blank\" rel=\"noopener\"><img loading=\"lazy\" class=\"alignnone wp-image-382347 size-large\" src=\"https:\/\/www.medellin.gov.co\/es\/wp-content\/uploads\/2025\/01\/Complejo_acuatico_obras-2-1024x682.jpg\" alt=\"\" width=\"1024\" height=\"682\" srcset=\"https:\/\/www.medellin.gov.co\/es\/wp-content\/uploads\/2025\/01\/Complejo_acuatico_obras-2-1024x682.jpg 1024w, https:\/\/www.medellin.gov.co\/es\/wp-content\/uploads\/2025\/01\/Complejo_acuatico_obras-2-300x200.jpg 300w, https:\/\/www.medellin.gov.co\/es\/wp-content\/uploads\/2025\/01\/Complejo_acuatico_obras-2-150x100.jpg 150w, https:\/\/www.medellin.gov.co\/es\/wp-content\/uploads\/2025\/01\/Complejo_acuatico_obras-2-768x512.jpg 768w, https:\/\/www.medellin.gov.co\/es\/wp-content\/uploads\/2025\/01\/Complejo_acuatico_obras-2.jpg 1276w\" sizes=\"(max-width: 1024px) 100vw, 1024px\" \/><\/a><\/p>\n<p><em>\u201cEs necesario tener una nueva torre de clavados con las mejores especificaciones, m\u00e1s la intervenci\u00f3n en las piscinas y la adecuaci\u00f3n de todo el complejo acu\u00e1tico. Esto va a quedar, como decimos nosotros en Medell\u00edn, \u2018como un lulito\u2019, va quedar espectacular\u201d<\/em>, a\u00f1adi\u00f3 el mandatario.<\/p>\n<p><div class=\"iframe-container\"><iframe title=\"YouTube video player\" src=\"https:\/\/www.youtube.com\/embed\/UN03jmHJq8Y?si=E4E4PvhBPFKk813C\" width=\"100%\" height=\"350\" frameborder=\"0\" allowfullscreen=\"allowfullscreen\"><span data-mce-type=\"bookmark\" style=\"display: inline-block; width: 0px; overflow: hidden; line-height: 0;\" class=\"mce_SELRES_start\">\ufeff<\/span><\/iframe><\/div>Seremos la sede de los Juegos Panamericanos de Nataci\u00f3n Junior 2025<\/p>\n<p>Esta intervenci\u00f3n tambi\u00e9n contempla la construcci\u00f3n de un cuarto de juzgamientos para nado sincronizado, mantenimiento de ba\u00f1os, renovaci\u00f3n de los pisos en las piscinas de clavados y en la ol\u00edmpica y la impermeabilizaci\u00f3n y pintura de las grader\u00edas de la piscina ol\u00edmpica, entre otras obras.<\/p>\n\n\t\t<style type=\"text\/css\">\n\t\t\t#gallery-2 {\n\t\t\t\tmargin: auto;\n\t\t\t}\n\t\t\t#gallery-2 .gallery-item {\n\t\t\t\tfloat: left;\n\t\t\t\tmargin-top: 10px;\n\t\t\t\ttext-align: center;\n\t\t\t\twidth: 50%;\n\t\t\t}\n\t\t\t#gallery-2 img {\n\t\t\t\tborder: 2px solid #cfcfcf;\n\t\t\t}\n\t\t\t#gallery-2 .gallery-caption {\n\t\t\t\tmargin-left: 0;\n\t\t\t}\n\t\t\t\/* see gallery_shortcode() in wp-includes\/media.php *\/\n\t\t<\/style>\n\t\t<div id='gallery-2' class='gallery galleryid-382342 gallery-columns-2 gallery-size-large'><dl class='gallery-item'>\n\t\t\t<dt class='gallery-icon landscape'>\n\t\t\t\t<a href='https:\/\/www.medellin.gov.co\/es\/sala-de-prensa\/noticias\/con-inicio-de-obras-en-el-complejo-acuatico-medellin-se-prepara-para-los-juegos-panamericanos-de-natacion-junior-2025\/complejo_acuatico_obras-3\/'><img width=\"1024\" height=\"682\" src=\"https:\/\/www.medellin.gov.co\/es\/wp-content\/uploads\/2025\/01\/Complejo_acuatico_obras-3-1024x682.jpg\" class=\"attachment-large size-large\" alt=\"\" loading=\"lazy\" aria-describedby=\"gallery-2-382349\" srcset=\"https:\/\/www.medellin.gov.co\/es\/wp-content\/uploads\/2025\/01\/Complejo_acuatico_obras-3-1024x682.jpg 1024w, https:\/\/www.medellin.gov.co\/es\/wp-content\/uploads\/2025\/01\/Complejo_acuatico_obras-3-300x200.jpg 300w, https:\/\/www.medellin.gov.co\/es\/wp-content\/uploads\/2025\/01\/Complejo_acuatico_obras-3-150x100.jpg 150w, https:\/\/www.medellin.gov.co\/es\/wp-content\/uploads\/2025\/01\/Complejo_acuatico_obras-3-768x512.jpg 768w, https:\/\/www.medellin.gov.co\/es\/wp-content\/uploads\/2025\/01\/Complejo_acuatico_obras-3.jpg 1276w\" sizes=\"(max-width: 1024px) 100vw, 1024px\" \/><\/a>\n\t\t\t<\/dt>\n\t\t\t\t<dd class='wp-caption-text gallery-caption' id='gallery-2-382349'>\n\t\t\t\tIntervenci\u00f3n de obra\n\t\t\t\t<\/dd><\/dl><dl class='gallery-item'>\n\t\t\t<dt class='gallery-icon landscape'>\n\t\t\t\t<a href='https:\/\/www.medellin.gov.co\/es\/sala-de-prensa\/noticias\/con-inicio-de-obras-en-el-complejo-acuatico-medellin-se-prepara-para-los-juegos-panamericanos-de-natacion-junior-2025\/complejo_acuatico_obras-5\/'><img width=\"1024\" height=\"682\" src=\"https:\/\/www.medellin.gov.co\/es\/wp-content\/uploads\/2025\/01\/Complejo_acuatico_obras-5-1024x682.jpg\" class=\"attachment-large size-large\" alt=\"\" loading=\"lazy\" aria-describedby=\"gallery-2-382351\" srcset=\"https:\/\/www.medellin.gov.co\/es\/wp-content\/uploads\/2025\/01\/Complejo_acuatico_obras-5-1024x682.jpg 1024w, https:\/\/www.medellin.gov.co\/es\/wp-content\/uploads\/2025\/01\/Complejo_acuatico_obras-5-300x200.jpg 300w, https:\/\/www.medellin.gov.co\/es\/wp-content\/uploads\/2025\/01\/Complejo_acuatico_obras-5-150x100.jpg 150w, https:\/\/www.medellin.gov.co\/es\/wp-content\/uploads\/2025\/01\/Complejo_acuatico_obras-5-768x512.jpg 768w, https:\/\/www.medellin.gov.co\/es\/wp-content\/uploads\/2025\/01\/Complejo_acuatico_obras-5.jpg 1276w\" sizes=\"(max-width: 1024px) 100vw, 1024px\" \/><\/a>\n\t\t\t<\/dt>\n\t\t\t\t<dd class='wp-caption-text gallery-caption' id='gallery-2-382351'>\n\t\t\t\tProyecci\u00f3n de obra\n\t\t\t\t<\/dd><\/dl><br style=\"clear: both\" \/>\n\t\t<\/div>\n\n<p>Solamente en la piscina ol\u00edmpica se atienden alrededor de 20.000 nadadores al mes. De esta manera, las acciones en el complejo acu\u00e1tico beneficiar\u00e1n a los usuarios de la oferta institucional, clubes deportivos, ligas y ba\u00f1istas de pr\u00e1ctica libre.<\/p>\n","protected":false},"excerpt":{"rendered":"<p>Por primera vez en Colombia se har\u00e1 un campeonato panamericano de todas las disciplinas de nataci\u00f3n, para el cual Medell\u00edn fue elegida como sede oficial. La ciudad contar\u00e1 con una moderna plataforma de clavados, garantizando &#8230;<\/p>\n","protected":false},"author":17,"featured_media":382345,"comment_status":"open","ping_status":"open","sticky":false,"template":"","format":"standard","meta":[],"categories":[17],"tags":[634,689],"formato_nota":[],"programas_tax":[],"acf":[],"_links":{"self":[{"href":"https:\/\/www.medellin.gov.co\/es\/wp-json\/wp\/v2\/posts\/382342"}],"collection":[{"href":"https:\/\/www.medellin.gov.co\/es\/wp-json\/wp\/v2\/posts"}],"about":[{"href":"https:\/\/www.medellin.gov.co\/es\/wp-json\/wp\/v2\/types\/post"}],"author":[{"embeddable":true,"href":"https:\/\/www.medellin.gov.co\/es\/wp-json\/wp\/v2\/users\/17"}],"replies":[{"embeddable":true,"href":"https:\/\/www.medellin.gov.co\/es\/wp-json\/wp\/v2\/comments?post=382342"}],"version-history":[{"count":3,"href":"https:\/\/www.medellin.gov.co\/es\/wp-json\/wp\/v2\/posts\/382342\/revisions"}],"predecessor-version":[{"id":382363,"href":"https:\/\/www.medellin.gov.co\/es\/wp-json\/wp\/v2\/posts\/382342\/revisions\/382363"}],"wp:featuredmedia":[{"embeddable":true,"href":"https:\/\/www.medellin.gov.co\/es\/wp-json\/wp\/v2\/media\/382345"}],"wp:attachment":[{"href":"https:\/\/www.medellin.gov.co\/es\/wp-json\/wp\/v2\/media?parent=382342"}],"wp:term":[{"taxonomy":"category","embeddable":true,"href":"https:\/\/www.medellin.gov.co\/es\/wp-json\/wp\/v2\/categories?post=382342"},{"taxonomy":"post_tag","embeddable":true,"href":"https:\/\/www.medellin.gov.co\/es\/wp-json\/wp\/v2\/tags?post=382342"},{"taxonomy":"formato_nota","embeddable":true,"href":"https:\/\/www.medellin.gov.co\/es\/wp-json\/wp\/v2\/formato_nota?post=382342"},{"taxonomy":"programas_tax","embeddable":true,"href":"https:\/\/www.medellin.gov.co\/es\/wp-json\/wp\/v2\/programas_tax?post=382342"}],"curies":[{"name":"wp","href":"https:\/\/api.w.org\/{rel}","templated":true}]}}