{"id":382802,"date":"2025-01-30T10:17:58","date_gmt":"2025-01-30T15:17:58","guid":{"rendered":"https:\/\/www.medellin.gov.co\/es\/?p=382802"},"modified":"2025-01-30T19:13:25","modified_gmt":"2025-01-31T00:13:25","slug":"medellin-regreso-a-la-feria-internacional-de-turismo-2025-fitur-tras-cinco-anos-de-ausencia","status":"publish","type":"post","link":"https:\/\/www.medellin.gov.co\/es\/sala-de-prensa\/noticias\/medellin-regreso-a-la-feria-internacional-de-turismo-2025-fitur-tras-cinco-anos-de-ausencia\/","title":{"rendered":"Medell\u00edn regres\u00f3 a la Feria Internacional de Turismo 2025 (FITUR) tras cinco a\u00f1os de ausencia"},"content":{"rendered":"<ul>\n<li>Se trata de la feria internacional m\u00e1s importante de Iberoam\u00e9rica y se desarroll\u00f3 del 22 al 26 de enero en Madrid (Espa\u00f1a).<\/li>\n<li>La presencia del Distrito fue clave para consolidarse en el mapa del turismo global.<\/li>\n<\/ul>\n<!--[if lt IE 9]><script>document.createElement('audio');<\/script><![endif]-->\n\t<div class=\"wp-playlist wp-audio-playlist wp-playlist-light\">\n\t\t\t<div class=\"wp-playlist-current-item\"><\/div>\n\t\t<audio controls=\"controls\" preload=\"none\" width=\"640\"\n\t\t\t><\/audio>\n\t<div class=\"wp-playlist-next\"><\/div>\n\t<div class=\"wp-playlist-prev\"><\/div>\n\t<noscript>\n\t<ol>\n\t\t<li><a href='https:\/\/www.medellin.gov.co\/es\/wp-content\/uploads\/2025\/01\/FITUR-Feria-Internacional-Turismo-01.mp3'>Palabras de Jos\u00e9 Alejandro Gonz\u00e1lez, secretario de Turismo y Entretenimiento<\/a><\/li><li><a href='https:\/\/www.medellin.gov.co\/es\/wp-content\/uploads\/2025\/01\/FITUR-Feria-Internacional-Turismo-02.mp3'>Palabras de Juliana Cardona Quir\u00f3s, directora ejecutiva del Bureau de Medell\u00edn y Antioquia<\/a><\/li>\t<\/ol>\n\t<\/noscript>\n\t<script type=\"application\/json\" class=\"wp-playlist-script\">{\"type\":\"audio\",\"tracklist\":true,\"tracknumbers\":true,\"images\":true,\"artists\":true,\"tracks\":[{\"src\":\"https:\\\/\\\/www.medellin.gov.co\\\/es\\\/wp-content\\\/uploads\\\/2025\\\/01\\\/FITUR-Feria-Internacional-Turismo-01.mp3\",\"type\":\"audio\\\/mpeg\",\"title\":\"Palabras de Jos\\u00e9 Alejandro Gonz\\u00e1lez, secretario de Turismo y Entretenimiento\",\"caption\":\"\",\"description\":\"\\u00abPalabras de Jos\\u00e9 Alejandro Gonz\\u00e1lez, secretario de Turismo y Entretenimiento\\u00bb.\",\"meta\":{\"length_formatted\":\"0:56\"},\"image\":{\"src\":\"https:\\\/\\\/www.medellin.gov.co\\\/es\\\/wp-includes\\\/images\\\/media\\\/audio.png\",\"width\":48,\"height\":64},\"thumb\":{\"src\":\"https:\\\/\\\/www.medellin.gov.co\\\/es\\\/wp-includes\\\/images\\\/media\\\/audio.png\",\"width\":48,\"height\":64}},{\"src\":\"https:\\\/\\\/www.medellin.gov.co\\\/es\\\/wp-content\\\/uploads\\\/2025\\\/01\\\/FITUR-Feria-Internacional-Turismo-02.mp3\",\"type\":\"audio\\\/mpeg\",\"title\":\"Palabras de Juliana Cardona Quir\\u00f3s, directora ejecutiva del Bureau de Medell\\u00edn y Antioquia\",\"caption\":\"\",\"description\":\"\\u00abPalabras de Juliana Cardona Quir\\u00f3s, directora ejecutiva del Bureau de Medell\\u00edn y Antioquia\\u00bb.\",\"meta\":{\"length_formatted\":\"0:37\"},\"image\":{\"src\":\"https:\\\/\\\/www.medellin.gov.co\\\/es\\\/wp-includes\\\/images\\\/media\\\/audio.png\",\"width\":48,\"height\":64},\"thumb\":{\"src\":\"https:\\\/\\\/www.medellin.gov.co\\\/es\\\/wp-includes\\\/images\\\/media\\\/audio.png\",\"width\":48,\"height\":64}}]}<\/script>\n<\/div>\n\t\n<p>Despu\u00e9s de cinco d\u00edas de intensas jornadas, el Distrito finaliz\u00f3 su participaci\u00f3n en la Feria Internacional de Turismo (FITUR) en Madrid, Espa\u00f1a, lo que, adem\u00e1s de reafirmar su proyecci\u00f3n como destino tur\u00edstico de clase mundial en mercados europeos y latinoamericanos, constituye un hito tras su \u00faltima presencia en la edici\u00f3n de 2019. Durante el encuentro se adelantaron 30 reuniones estrat\u00e9gicas con tour operadores, mayoristas y organizadores de eventos para promover a Medell\u00edn como destino tur\u00edstico.<\/p>\n<p>\u201c<em>Tuvimos la oportunidad de sostener importantes reuniones estrat\u00e9gicas y atender a medios de comunicaci\u00f3n internacionales, compartiendo con el mundo las bondades de Medell\u00edn como destino. Desde nuestra riqueza cultural hasta nuestra conectividad, demostramos que la ciudad tiene una oferta integral y competitiva<\/em>\u201d, afirm\u00f3 el secretario de Turismo y Entretenimiento, Jos\u00e9 Alejandro Gonz\u00e1lez.<\/p>\n<p>La cultura silletera fue protagonista con la presentaci\u00f3n del ganador absoluto del Desfile de Silleteros 2024, Juan Ernesto Ortiz Grajales, quien hizo presencia como s\u00edmbolo de identidad y orgullo cultural, as\u00ed como la promoci\u00f3n del turismo comunitario y su incidencia en los habitantes de la capital antioque\u00f1a.<\/p>\n<div id=\"attachment_382819\" style=\"width: 1290px\" class=\"wp-caption alignnone\"><a href=\"https:\/\/www.medellin.gov.co\/es\/wp-content\/uploads\/2025\/01\/FITUR-Feria-Internacional-Turismo-2.jpg\" target=\"_blank\" rel=\"noopener\"><img aria-describedby=\"caption-attachment-382819\" loading=\"lazy\" class=\"wp-image-382819 size-full\" title=\"Medell\u00edn regres\u00f3 a la Feria Internacional de Turismo 2025 (FITUR) tras cinco a\u00f1os de ausencia\" src=\"https:\/\/www.medellin.gov.co\/es\/wp-content\/uploads\/2025\/01\/FITUR-Feria-Internacional-Turismo-2.jpg\" alt=\"Medell\u00edn regres\u00f3 a la Feria Internacional de Turismo 2025 (FITUR) tras cinco a\u00f1os de ausencia\" width=\"1280\" height=\"960\" srcset=\"https:\/\/www.medellin.gov.co\/es\/wp-content\/uploads\/2025\/01\/FITUR-Feria-Internacional-Turismo-2.jpg 1280w, https:\/\/www.medellin.gov.co\/es\/wp-content\/uploads\/2025\/01\/FITUR-Feria-Internacional-Turismo-2-300x225.jpg 300w, https:\/\/www.medellin.gov.co\/es\/wp-content\/uploads\/2025\/01\/FITUR-Feria-Internacional-Turismo-2-1024x768.jpg 1024w, https:\/\/www.medellin.gov.co\/es\/wp-content\/uploads\/2025\/01\/FITUR-Feria-Internacional-Turismo-2-150x113.jpg 150w, https:\/\/www.medellin.gov.co\/es\/wp-content\/uploads\/2025\/01\/FITUR-Feria-Internacional-Turismo-2-768x576.jpg 768w\" sizes=\"(max-width: 1280px) 100vw, 1280px\" \/><\/a><p id=\"caption-attachment-382819\" class=\"wp-caption-text\">Medell\u00edn regres\u00f3 a la Feria Internacional de Turismo 2025 (FITUR) tras cinco a\u00f1os de ausencia &#8211; Foto Alcald\u00eda de Medell\u00edn<\/p><\/div>\n<p>\u201c<em>El regreso de Medell\u00edn y Antioquia a FITUR, despu\u00e9s de cinco a\u00f1os, confirma que somos una regi\u00f3n donde todo florece. Hemos demostrado que la ciudad-regi\u00f3n est\u00e1 lista para seguir cautivando al mundo con su transformaci\u00f3n, su cultura y su sostenibilidad, consolid\u00e1ndonos como un destino atractivo para el turismo vacacional, de ocio y entretenimiento<\/em>\u201d, expres\u00f3 la directora ejecutiva del Bureau de Medell\u00edn y Antioquia, Juliana Cardona Quir\u00f3s.<\/p>\n<p>En la feria se gestionaron alianzas con Skyscanner, Beyond Media, Ladevi, Destinations International, Ifema Madrid, entre otras empresas interesadas en afianzar relaciones con el Distrito. Se destac\u00f3 el fortalecimiento de la conectividad a\u00e9rea con la promoci\u00f3n de rutas internacionales directas, lo que mejora el acceso desde mercados como Estados Unidos, Europa y Suram\u00e9rica.<\/p>\n","protected":false},"excerpt":{"rendered":"<p>Se trata de la feria internacional m\u00e1s importante de Iberoam\u00e9rica y se desarroll\u00f3 del 22 al 26 de enero en Madrid (Espa\u00f1a). La presencia del Distrito fue clave para consolidarse en el mapa del turismo &#8230;<\/p>\n","protected":false},"author":21,"featured_media":382818,"comment_status":"open","ping_status":"open","sticky":false,"template":"","format":"standard","meta":[],"categories":[690,17],"tags":[634,428,430],"formato_nota":[],"programas_tax":[],"acf":[],"_links":{"self":[{"href":"https:\/\/www.medellin.gov.co\/es\/wp-json\/wp\/v2\/posts\/382802"}],"collection":[{"href":"https:\/\/www.medellin.gov.co\/es\/wp-json\/wp\/v2\/posts"}],"about":[{"href":"https:\/\/www.medellin.gov.co\/es\/wp-json\/wp\/v2\/types\/post"}],"author":[{"embeddable":true,"href":"https:\/\/www.medellin.gov.co\/es\/wp-json\/wp\/v2\/users\/21"}],"replies":[{"embeddable":true,"href":"https:\/\/www.medellin.gov.co\/es\/wp-json\/wp\/v2\/comments?post=382802"}],"version-history":[{"count":2,"href":"https:\/\/www.medellin.gov.co\/es\/wp-json\/wp\/v2\/posts\/382802\/revisions"}],"predecessor-version":[{"id":382849,"href":"https:\/\/www.medellin.gov.co\/es\/wp-json\/wp\/v2\/posts\/382802\/revisions\/382849"}],"wp:featuredmedia":[{"embeddable":true,"href":"https:\/\/www.medellin.gov.co\/es\/wp-json\/wp\/v2\/media\/382818"}],"wp:attachment":[{"href":"https:\/\/www.medellin.gov.co\/es\/wp-json\/wp\/v2\/media?parent=382802"}],"wp:term":[{"taxonomy":"category","embeddable":true,"href":"https:\/\/www.medellin.gov.co\/es\/wp-json\/wp\/v2\/categories?post=382802"},{"taxonomy":"post_tag","embeddable":true,"href":"https:\/\/www.medellin.gov.co\/es\/wp-json\/wp\/v2\/tags?post=382802"},{"taxonomy":"formato_nota","embeddable":true,"href":"https:\/\/www.medellin.gov.co\/es\/wp-json\/wp\/v2\/formato_nota?post=382802"},{"taxonomy":"programas_tax","embeddable":true,"href":"https:\/\/www.medellin.gov.co\/es\/wp-json\/wp\/v2\/programas_tax?post=382802"}],"curies":[{"name":"wp","href":"https:\/\/api.w.org\/{rel}","templated":true}]}}