{"id":382838,"date":"2025-01-30T10:36:34","date_gmt":"2025-01-30T15:36:34","guid":{"rendered":"https:\/\/www.medellin.gov.co\/es\/?p=382838"},"modified":"2025-01-30T10:36:34","modified_gmt":"2025-01-30T15:36:34","slug":"el-gobierno-de-petro-deja-herido-de-muerte-al-metro-de-la-80-alcalde-federico-gutierrez-sobre-recorte-de-recursos-para-proyectos-estrategicos-de-medellin","status":"publish","type":"post","link":"https:\/\/www.medellin.gov.co\/es\/sala-de-prensa\/noticias\/el-gobierno-de-petro-deja-herido-de-muerte-al-metro-de-la-80-alcalde-federico-gutierrez-sobre-recorte-de-recursos-para-proyectos-estrategicos-de-medellin\/","title":{"rendered":"\u201cEl Gobierno de Petro deja herido de muerte al Metro de la 80\u201d: alcalde Federico Guti\u00e9rrez sobre recorte de recursos para proyectos estrat\u00e9gicos de Medell\u00edn"},"content":{"rendered":"<ul>\n<li>Sumando 2024 y 2025, la decisi\u00f3n del Gobierno Nacional genera un hueco financiero de casi $1 bill\u00f3n para el proyecto.<\/li>\n<li>Adem\u00e1s, se hizo un recorte de $52.000 millones que corresponden a un convenio entre el Distrito y el ICBF, por ahora solo se han recibido $20.000 millones.<\/li>\n<li>Sobre el recorte en el Consejo Nacional Electoral, el mandatario local dijo que \u201cesto no es casualidad ni un simple error administrativo, sino maniobra peligrosa que busca debilitar las instituciones y abrir la puerta a la perpetuaci\u00f3n en el poder\u201d.<\/li>\n<\/ul>\n<!--[if lt IE 9]><script>document.createElement('audio');<\/script><![endif]-->\n\t<div class=\"wp-playlist wp-audio-playlist wp-playlist-light\">\n\t\t\t<div class=\"wp-playlist-current-item\"><\/div>\n\t\t<audio controls=\"controls\" preload=\"none\" width=\"640\"\n\t\t\t><\/audio>\n\t<div class=\"wp-playlist-next\"><\/div>\n\t<div class=\"wp-playlist-prev\"><\/div>\n\t<noscript>\n\t<ol>\n\t\t<li><a href='https:\/\/www.medellin.gov.co\/es\/wp-content\/uploads\/2025\/01\/Alcalde-Petro-Metro-80-01.mp3'>Palabras de Federico Guti\u00e9rrez Zuluaga, alcalde de Medell\u00edn (intervenci\u00f3n 1)<\/a><\/li><li><a href='https:\/\/www.medellin.gov.co\/es\/wp-content\/uploads\/2025\/01\/Alcalde-Petro-Metro-80-02.mp3'>Palabras de Federico Guti\u00e9rrez Zuluaga, alcalde de Medell\u00edn (intervenci\u00f3n 2)<\/a><\/li>\t<\/ol>\n\t<\/noscript>\n\t<script type=\"application\/json\" class=\"wp-playlist-script\">{\"type\":\"audio\",\"tracklist\":true,\"tracknumbers\":true,\"images\":true,\"artists\":true,\"tracks\":[{\"src\":\"https:\\\/\\\/www.medellin.gov.co\\\/es\\\/wp-content\\\/uploads\\\/2025\\\/01\\\/Alcalde-Petro-Metro-80-01.mp3\",\"type\":\"audio\\\/mpeg\",\"title\":\"Palabras de Federico Guti\\u00e9rrez Zuluaga, alcalde de Medell\\u00edn (intervenci\\u00f3n 1)\",\"caption\":\"\",\"description\":\"\\u00abPalabras de Federico Guti\\u00e9rrez Zuluaga, alcalde de Medell\\u00edn (intervenci\\u00f3n 1)\\u00bb.\",\"meta\":{\"length_formatted\":\"1:40\"},\"image\":{\"src\":\"https:\\\/\\\/www.medellin.gov.co\\\/es\\\/wp-includes\\\/images\\\/media\\\/audio.png\",\"width\":48,\"height\":64},\"thumb\":{\"src\":\"https:\\\/\\\/www.medellin.gov.co\\\/es\\\/wp-includes\\\/images\\\/media\\\/audio.png\",\"width\":48,\"height\":64}},{\"src\":\"https:\\\/\\\/www.medellin.gov.co\\\/es\\\/wp-content\\\/uploads\\\/2025\\\/01\\\/Alcalde-Petro-Metro-80-02.mp3\",\"type\":\"audio\\\/mpeg\",\"title\":\"Palabras de Federico Guti\\u00e9rrez Zuluaga, alcalde de Medell\\u00edn (intervenci\\u00f3n 2)\",\"caption\":\"\",\"description\":\"\\u00abPalabras de Federico Guti\\u00e9rrez Zuluaga, alcalde de Medell\\u00edn (intervenci\\u00f3n 2)\\u00bb.\",\"meta\":{\"length_formatted\":\"3:10\"},\"image\":{\"src\":\"https:\\\/\\\/www.medellin.gov.co\\\/es\\\/wp-includes\\\/images\\\/media\\\/audio.png\",\"width\":48,\"height\":64},\"thumb\":{\"src\":\"https:\\\/\\\/www.medellin.gov.co\\\/es\\\/wp-includes\\\/images\\\/media\\\/audio.png\",\"width\":48,\"height\":64}}]}<\/script>\n<\/div>\n\t\n<p>El alcalde Federico Guti\u00e9rrez Zuluaga cuestion\u00f3 enf\u00e1ticamente la decisi\u00f3n del presidente Gustavo Petro de congelar recursos para proyectos estrat\u00e9gicos de Medell\u00edn y Antioquia, lo que calific\u00f3 como un castigo por la ser la oposici\u00f3n y una determinaci\u00f3n que pone en riesgo los avances de la ciudad en iniciativas de infraestructura y de alto alcance social. \u201c<em>Esto ya parece una pesadilla. El presidente Petro nos castiga nuevamente por representar la oposici\u00f3n y por no quedarnos callados ante tanta desfachatez. Pone en riesgo los proyectos estrat\u00e9gicos de pa\u00eds. La pregunta es \u00bfd\u00f3nde est\u00e1 la plata?, si no hay plata para la salud, para las elecciones de 2026, para las Fuerzas Militares, para el Metro de Bogot\u00e1, para el Metro de la 80, la pregunta es d\u00f3nde est\u00e1 la plata? Hay que decirle al Gobierno Nacional que esto no es un favor que le estaba haciendo a las regiones. Estos giros los debe hacer por ley porque corresponden a documentos Conpes y a vigencias futuras\u201d, <\/em>expres\u00f3 Guti\u00e9rrez Zuluaga.<\/p>\n<p>Entre 2020 y 2024, el Distrito ha realizado un aporte de $586.000 millones al proyecto Metro de la 80. Esto, de un total de $1.06 billones que se firm\u00f3 en el convenio. Tan solo en 2024, la ciudad aport\u00f3 $142.000 millones y ya est\u00e1n garantizados $73.000 millones en el presupuesto de 2025. El Gobierno Nacional iniciaba aportes en 2024 por $483.000 millones, recursos que no han llegado hasta la fecha. Ten\u00eda la apropiaci\u00f3n en el presupuesto, pero el monto no fue girado en diciembre de ese a\u00f1o, como se esperaba.<\/p>\n<p>A los $483.000 millones que ya debe la Naci\u00f3n, desde la vigencia 2024, ahora se suman los $497.000 millones de la vigencia 2025, desembolso que no se har\u00e1, seg\u00fan el anuncio del Gobierno Nacional, y el cual aplazar\u00e1 para 2026.<\/p>\n<p>\u201c<em>Sumando 2024 y 2025, esta decisi\u00f3n genera un hueco financiero de $980.000 millones, es decir, casi $1 bill\u00f3n. Con esto, deja herido de muerte el proyecto. El Gobierno Nacional le da una estocada<\/em>\u201d, agreg\u00f3 el alcalde de Medell\u00edn.<\/p>\n<p>Otra obra que tambi\u00e9n est\u00e1 en riesgo por la falta de recursos del Gobierno es el T\u00fanel del Toyo, iniciativa estrat\u00e9gica para conectar el suroccidente del pa\u00eds con el Caribe colombiano. El a\u00f1o pasado, se firm\u00f3 el documento que establec\u00eda la cesi\u00f3n por parte del Inv\u00edas a la Gobernaci\u00f3n de Antioquia y al Distrito, para asumir el sector 1 del tramo 2. El proyecto en este momento est\u00e1 en 58 %.<\/p>\n<div id=\"attachment_382808\" style=\"width: 1290px\" class=\"wp-caption alignnone\"><a href=\"https:\/\/www.medellin.gov.co\/es\/wp-content\/uploads\/2025\/01\/Petro-Metro-80-2.jpg\" target=\"_blank\" rel=\"noopener\"><img aria-describedby=\"caption-attachment-382808\" loading=\"lazy\" class=\"wp-image-382808 size-full\" title=\"Recorte de recursos para proyectos estrat\u00e9gicos de Medell\u00edn\" src=\"https:\/\/www.medellin.gov.co\/es\/wp-content\/uploads\/2025\/01\/Petro-Metro-80-2.jpg\" alt=\"Recorte de recursos para proyectos estrat\u00e9gicos de Medell\u00edn\" width=\"1280\" height=\"853\" srcset=\"https:\/\/www.medellin.gov.co\/es\/wp-content\/uploads\/2025\/01\/Petro-Metro-80-2.jpg 1280w, https:\/\/www.medellin.gov.co\/es\/wp-content\/uploads\/2025\/01\/Petro-Metro-80-2-300x200.jpg 300w, https:\/\/www.medellin.gov.co\/es\/wp-content\/uploads\/2025\/01\/Petro-Metro-80-2-1024x682.jpg 1024w, https:\/\/www.medellin.gov.co\/es\/wp-content\/uploads\/2025\/01\/Petro-Metro-80-2-150x100.jpg 150w, https:\/\/www.medellin.gov.co\/es\/wp-content\/uploads\/2025\/01\/Petro-Metro-80-2-768x512.jpg 768w\" sizes=\"(max-width: 1280px) 100vw, 1280px\" \/><\/a><p id=\"caption-attachment-382808\" class=\"wp-caption-text\">Recorte de recursos para proyectos estrat\u00e9gicos de Medell\u00edn &#8211; Foto Alcald\u00eda de Medell\u00edn<\/p><\/div>\n<p><strong>Buen Comienzo y PAE<\/strong><\/p>\n<p>Buen Comienzo hace m\u00e1s de 12 a\u00f1os ha recibido aportes de la Naci\u00f3n a trav\u00e9s del ICBF. En 2024, se recibieron $72.000 millones, que permitieron cerrar el a\u00f1o con mejoras significativas en los procesos de atenci\u00f3n. En 2025, el Distrito asign\u00f3 un presupuesto de $379.000 millones para toda la operaci\u00f3n, y el instituto confirm\u00f3 que realizar\u00e1 un aporte cercano al de 2024. Por el momento, la ciudad est\u00e1 en proceso de recibir, a trav\u00e9s de un convenio hasta el mes de junio, $20.000 millones, lo que implica que se debe continuar buscando los recursos adicionales a los ya aportados por el Distrito.<\/p>\n<p>Frente a los $379.000 millones asignados por el Distrito a ese programa, con los gastos operativos e incrementos del IPC, el d\u00e9ficit se encuentra en alrededor de $80.000 millones. De esta forma, con los $20.000 millones que por ahora se recibir\u00e1n del instituto se requieren $52.000 millones para completar el a\u00f1o. Buen Comienzo tiene garantizada la atenci\u00f3n hasta agosto.<\/p>\n<p>Con respecto al Programa de Alimentaci\u00f3n Escolar (PAE), aunque el Gobierno Nacional a\u00fan no ha realizado el quinto y \u00faltimo giro por $2.291 millones, de los $11.455 millones comprometidos en 2024, la ciudad no enfrenta dificultades en la ejecuci\u00f3n.<\/p>\n<p>Adem\u00e1s, por retrasos en la contrataci\u00f3n de la Unidad Nacional para las V\u00edctimas, el Gobierno Nacional dej\u00f3 sin atenci\u00f3n a 354.411 v\u00edctimas del conflicto armado en Medell\u00edn. En este momento, la ciudad cubre las necesidades.<\/p>\n<p>Finalmente, con respecto al Consejo Nacional Electoral (CNE), que tambi\u00e9n se afecta con la reciente determinaci\u00f3n del presidente Petro, el alcalde de Medell\u00edn se\u00f1al\u00f3: \u201c<em>El recorte de $600.000 millones al CNE no es solo un golpe presupuestal, es una amenaza directa a nuestra democracia. Hoy el propio CNE advierte que las elecciones de 2025 y 2026 est\u00e1n en riesgo. Esto no es casualidad ni un simple error administrativo, es una maniobra peligrosa que busca debilitar las instituciones y abrir la puerta a la perpetuaci\u00f3n en el poder. Tenemos que defender nuestra democracia<\/em>\u201d.<\/p>\n","protected":false},"excerpt":{"rendered":"<p>Sumando 2024 y 2025, la decisi\u00f3n del Gobierno Nacional genera un hueco financiero de casi $1 bill\u00f3n para el proyecto. Adem\u00e1s, se hizo un recorte de $52.000 millones que corresponden a un convenio entre el &#8230;<\/p>\n","protected":false},"author":21,"featured_media":382805,"comment_status":"open","ping_status":"open","sticky":false,"template":"","format":"standard","meta":[],"categories":[293,11],"tags":[442],"formato_nota":[],"programas_tax":[],"acf":[],"_links":{"self":[{"href":"https:\/\/www.medellin.gov.co\/es\/wp-json\/wp\/v2\/posts\/382838"}],"collection":[{"href":"https:\/\/www.medellin.gov.co\/es\/wp-json\/wp\/v2\/posts"}],"about":[{"href":"https:\/\/www.medellin.gov.co\/es\/wp-json\/wp\/v2\/types\/post"}],"author":[{"embeddable":true,"href":"https:\/\/www.medellin.gov.co\/es\/wp-json\/wp\/v2\/users\/21"}],"replies":[{"embeddable":true,"href":"https:\/\/www.medellin.gov.co\/es\/wp-json\/wp\/v2\/comments?post=382838"}],"version-history":[{"count":1,"href":"https:\/\/www.medellin.gov.co\/es\/wp-json\/wp\/v2\/posts\/382838\/revisions"}],"predecessor-version":[{"id":382844,"href":"https:\/\/www.medellin.gov.co\/es\/wp-json\/wp\/v2\/posts\/382838\/revisions\/382844"}],"wp:featuredmedia":[{"embeddable":true,"href":"https:\/\/www.medellin.gov.co\/es\/wp-json\/wp\/v2\/media\/382805"}],"wp:attachment":[{"href":"https:\/\/www.medellin.gov.co\/es\/wp-json\/wp\/v2\/media?parent=382838"}],"wp:term":[{"taxonomy":"category","embeddable":true,"href":"https:\/\/www.medellin.gov.co\/es\/wp-json\/wp\/v2\/categories?post=382838"},{"taxonomy":"post_tag","embeddable":true,"href":"https:\/\/www.medellin.gov.co\/es\/wp-json\/wp\/v2\/tags?post=382838"},{"taxonomy":"formato_nota","embeddable":true,"href":"https:\/\/www.medellin.gov.co\/es\/wp-json\/wp\/v2\/formato_nota?post=382838"},{"taxonomy":"programas_tax","embeddable":true,"href":"https:\/\/www.medellin.gov.co\/es\/wp-json\/wp\/v2\/programas_tax?post=382838"}],"curies":[{"name":"wp","href":"https:\/\/api.w.org\/{rel}","templated":true}]}}