{"id":382847,"date":"2025-01-30T19:56:29","date_gmt":"2025-01-31T00:56:29","guid":{"rendered":"https:\/\/www.medellin.gov.co\/es\/?p=382847"},"modified":"2025-01-30T22:06:47","modified_gmt":"2025-01-31T03:06:47","slug":"comunicado-del-distrito-de-medellin-y-el-metro-de-medellin","status":"publish","type":"post","link":"https:\/\/www.medellin.gov.co\/es\/sala-de-prensa\/noticias\/comunicado-del-distrito-de-medellin-y-el-metro-de-medellin\/","title":{"rendered":"Comunicado del Distrito de Medell\u00edn y el Metro de Medell\u00edn"},"content":{"rendered":"<p>Frente a las afirmaciones realizadas por la veedur\u00eda \u201cTodos por Medell\u00edn\u201d el pasado 28 de enero de 2025, el Distrito de Medell\u00edn y el Metro de Medell\u00edn se permiten informar lo siguiente:<\/p>\n<ul>\n<li>El Fondo de Estabilizaci\u00f3n Tarifaria (FET) fue creado en 2011 mediante el Convenio Interadministrativo CN2011-0008, con el prop\u00f3sito de que el Distrito de Medell\u00edn asumiera el d\u00e9ficit operacional generado por la operaci\u00f3n de las L\u00edneas 1 y 2 de Metropl\u00fas, as\u00ed como el servicio de alimentaci\u00f3n de buses en las cuencas 3 y 6.<\/li>\n<li>Entre 2011 y 2021, el Distrito de Medell\u00edn cumpli\u00f3 con todos los aportes al FET. Sin embargo, durante las vigencias 2022 y 2023, la administraci\u00f3n de ese per\u00edodo dej\u00f3 de realizarlos, acumulando una deuda cercana a los $87.123 millones.<\/li>\n<li>Como consecuencia, el Metro de Medell\u00edn se vio obligado a demandar al Distrito por primera vez en su historia en diciembre de 2022. En respuesta, la administraci\u00f3n de ese momento contrademand\u00f3 al Metro, a pesar de sus propios incumplimientos.<\/li>\n<li>Al inicio de la actual administraci\u00f3n, liderada por el alcalde Federico Guti\u00e9rrez, se establecieron mesas de trabajo con el Metro de Medell\u00edn, lo que permiti\u00f3 alcanzar un acuerdo y firmar un contrato de transacci\u00f3n el 29 de agosto de 2024.<\/li>\n<li>Los aportes adeudados al FET correspondientes a 2022 y 2023 fueron pagados en septiembre, noviembre y diciembre de 2024, saldando as\u00ed la totalidad de la deuda. Posteriormente, la transacci\u00f3n fue radicada ante el Tribunal Administrativo de Antioquia para proceder con el retiro de las demandas interpuestas por ambas partes.<\/li>\n<li>A la fecha, el Distrito de Medell\u00edn ha pagado $59.753 millones correspondientes al FET de 2024 y se encuentra al d\u00eda con el Metro en el pago de los aportes. Asimismo, para la vigencia 2025, se han apropiado los recursos necesarios para continuar cumpliendo con estos compromisos.<\/li>\n<li>Es importante aclarar que en ning\u00fan momento el sistema Metro se ha puesto en riesgo con relaci\u00f3n a los mantenimientos preventivos y correctivos que la empresa hace rigurosamente todos los d\u00edas.<\/li>\n<li>Adicionalmente, es importante resaltar que el Distrito de Medell\u00edn ha cumplido con sus aportes por $586.000 millones para el desarrollo del proyecto \u201cMetro de la 80\u201d, reafirmando su compromiso con la movilidad y el sistema de transporte masivo de la ciudad.<\/li>\n<\/ul>\n","protected":false},"excerpt":{"rendered":"<p>Frente a las afirmaciones realizadas por la veedur\u00eda \u201cTodos por Medell\u00edn\u201d el pasado 28 de enero de 2025, el Distrito de Medell\u00edn y el Metro de Medell\u00edn se permiten informar lo siguiente: El Fondo de &#8230;<\/p>\n","protected":false},"author":21,"featured_media":251354,"comment_status":"open","ping_status":"open","sticky":false,"template":"","format":"standard","meta":[],"categories":[285,17],"tags":[634,447,442],"formato_nota":[],"programas_tax":[],"acf":[],"_links":{"self":[{"href":"https:\/\/www.medellin.gov.co\/es\/wp-json\/wp\/v2\/posts\/382847"}],"collection":[{"href":"https:\/\/www.medellin.gov.co\/es\/wp-json\/wp\/v2\/posts"}],"about":[{"href":"https:\/\/www.medellin.gov.co\/es\/wp-json\/wp\/v2\/types\/post"}],"author":[{"embeddable":true,"href":"https:\/\/www.medellin.gov.co\/es\/wp-json\/wp\/v2\/users\/21"}],"replies":[{"embeddable":true,"href":"https:\/\/www.medellin.gov.co\/es\/wp-json\/wp\/v2\/comments?post=382847"}],"version-history":[{"count":2,"href":"https:\/\/www.medellin.gov.co\/es\/wp-json\/wp\/v2\/posts\/382847\/revisions"}],"predecessor-version":[{"id":382949,"href":"https:\/\/www.medellin.gov.co\/es\/wp-json\/wp\/v2\/posts\/382847\/revisions\/382949"}],"wp:featuredmedia":[{"embeddable":true,"href":"https:\/\/www.medellin.gov.co\/es\/wp-json\/wp\/v2\/media\/251354"}],"wp:attachment":[{"href":"https:\/\/www.medellin.gov.co\/es\/wp-json\/wp\/v2\/media?parent=382847"}],"wp:term":[{"taxonomy":"category","embeddable":true,"href":"https:\/\/www.medellin.gov.co\/es\/wp-json\/wp\/v2\/categories?post=382847"},{"taxonomy":"post_tag","embeddable":true,"href":"https:\/\/www.medellin.gov.co\/es\/wp-json\/wp\/v2\/tags?post=382847"},{"taxonomy":"formato_nota","embeddable":true,"href":"https:\/\/www.medellin.gov.co\/es\/wp-json\/wp\/v2\/formato_nota?post=382847"},{"taxonomy":"programas_tax","embeddable":true,"href":"https:\/\/www.medellin.gov.co\/es\/wp-json\/wp\/v2\/programas_tax?post=382847"}],"curies":[{"name":"wp","href":"https:\/\/api.w.org\/{rel}","templated":true}]}}