{"id":382880,"date":"2025-01-30T20:06:41","date_gmt":"2025-01-31T01:06:41","guid":{"rendered":"https:\/\/www.medellin.gov.co\/es\/?p=382880"},"modified":"2025-01-31T14:16:36","modified_gmt":"2025-01-31T19:16:36","slug":"colombiatex-de-las-americas-deja-para-medellin-un-beneficio-economico-de-10-3-millones-de-dolares","status":"publish","type":"post","link":"https:\/\/www.medellin.gov.co\/es\/sala-de-prensa\/noticias\/colombiatex-de-las-americas-deja-para-medellin-un-beneficio-economico-de-10-3-millones-de-dolares\/","title":{"rendered":"Colombiatex de las Am\u00e9ricas deja para Medell\u00edn un beneficio econ\u00f3mico de 10.2 millones de d\u00f3lares"},"content":{"rendered":"<p>Adem\u00e1s de los negocios a corto, mediano y largo plazo, Colombiatex de las Am\u00e9ricas gener\u00f3 un impacto econ\u00f3mico para Medell\u00edn de 10.2 millones de d\u00f3lares, lo que evidencia su aporte al desarrollo econ\u00f3mico, social y cultural de la ciudad, activando el turismo MICE (especializado en negocios), que se refleja en los sectores de hoteler\u00eda, transporte y gastronom\u00eda, entre otros. Con un total de 29.000 asistentes, se cerr\u00f3 su edici\u00f3n n\u00famero 37.<\/p>\n<!--[if lt IE 9]><script>document.createElement('audio');<\/script><![endif]-->\n\t<div class=\"wp-playlist wp-audio-playlist wp-playlist-light\">\n\t\t\t<div class=\"wp-playlist-current-item\"><\/div>\n\t\t<audio controls=\"controls\" preload=\"none\" width=\"640\"\n\t\t\t><\/audio>\n\t<div class=\"wp-playlist-next\"><\/div>\n\t<div class=\"wp-playlist-prev\"><\/div>\n\t<noscript>\n\t<ol>\n\t\t<li><a href='https:\/\/www.medellin.gov.co\/es\/wp-content\/uploads\/2025\/01\/ColombiatexAmericas_SecDesarrolloEcono.mp3'>ColombiatexAmericas_SecDesarrolloEcono<\/a><\/li>\t<\/ol>\n\t<\/noscript>\n\t<script type=\"application\/json\" class=\"wp-playlist-script\">{\"type\":\"audio\",\"tracklist\":true,\"tracknumbers\":true,\"images\":true,\"artists\":true,\"tracks\":[{\"src\":\"https:\\\/\\\/www.medellin.gov.co\\\/es\\\/wp-content\\\/uploads\\\/2025\\\/01\\\/ColombiatexAmericas_SecDesarrolloEcono.mp3\",\"type\":\"audio\\\/mpeg\",\"title\":\"ColombiatexAmericas_SecDesarrolloEcono\",\"caption\":\"Declaraciones de la secretaria de Desarrollo Econ\\u00f3mico, Mar\\u00eda Fernanda Galeano\",\"description\":\"\\u00abColombiatexAmericas_SecDesarrolloEcono\\u00bb.\",\"meta\":{\"length_formatted\":\"0:53\"},\"image\":{\"src\":\"https:\\\/\\\/www.medellin.gov.co\\\/es\\\/wp-includes\\\/images\\\/media\\\/audio.png\",\"width\":48,\"height\":64},\"thumb\":{\"src\":\"https:\\\/\\\/www.medellin.gov.co\\\/es\\\/wp-includes\\\/images\\\/media\\\/audio.png\",\"width\":48,\"height\":64}}]}<\/script>\n<\/div>\n\t\n<p>La feria gir\u00f3 en torno a la internacionalizaci\u00f3n, el encadenamiento latinoamericano, la oferta de valor diferenciada y la sostenibilidad del sector textil, confecci\u00f3n y moda.<\/p>\n<div id=\"attachment_382888\" style=\"width: 1034px\" class=\"wp-caption alignnone\"><a href=\"https:\/\/www.medellin.gov.co\/es\/wp-content\/uploads\/2025\/01\/Colombiatex_2025-5.jpg\" target=\"_blank\" rel=\"noopener\"><img aria-describedby=\"caption-attachment-382888\" loading=\"lazy\" class=\"wp-image-382888 size-large\" src=\"https:\/\/www.medellin.gov.co\/es\/wp-content\/uploads\/2025\/01\/Colombiatex_2025-5-1024x682.jpg\" alt=\"\" width=\"1024\" height=\"682\" srcset=\"https:\/\/www.medellin.gov.co\/es\/wp-content\/uploads\/2025\/01\/Colombiatex_2025-5-1024x682.jpg 1024w, https:\/\/www.medellin.gov.co\/es\/wp-content\/uploads\/2025\/01\/Colombiatex_2025-5-300x200.jpg 300w, https:\/\/www.medellin.gov.co\/es\/wp-content\/uploads\/2025\/01\/Colombiatex_2025-5-150x100.jpg 150w, https:\/\/www.medellin.gov.co\/es\/wp-content\/uploads\/2025\/01\/Colombiatex_2025-5-768x512.jpg 768w, https:\/\/www.medellin.gov.co\/es\/wp-content\/uploads\/2025\/01\/Colombiatex_2025-5.jpg 1276w\" sizes=\"(max-width: 1024px) 100vw, 1024px\" \/><\/a><p id=\"caption-attachment-382888\" class=\"wp-caption-text\">Colombiatex de las Am\u00e9ricas<\/p><\/div>\n<p>En esta oportunidad participaron nueve empresarios con la figura de paquete completo, los cuales han sido acompa\u00f1ados por los programas de la Alcald\u00eda de Medell\u00edn y pertenecen a los sectores de vestidos de ba\u00f1o, prendas de beb\u00e9s, ropa interior, tejido de punto y ropa masculina. Durante la feria establecieron relaciones estrat\u00e9gicas, acceder a nuevos mercados y agregar valor a su cadena de producci\u00f3n.<\/p>\n\n\t\t<style type=\"text\/css\">\n\t\t\t#gallery-1 {\n\t\t\t\tmargin: auto;\n\t\t\t}\n\t\t\t#gallery-1 .gallery-item {\n\t\t\t\tfloat: left;\n\t\t\t\tmargin-top: 10px;\n\t\t\t\ttext-align: center;\n\t\t\t\twidth: 50%;\n\t\t\t}\n\t\t\t#gallery-1 img {\n\t\t\t\tborder: 2px solid #cfcfcf;\n\t\t\t}\n\t\t\t#gallery-1 .gallery-caption {\n\t\t\t\tmargin-left: 0;\n\t\t\t}\n\t\t\t\/* see gallery_shortcode() in wp-includes\/media.php *\/\n\t\t<\/style>\n\t\t<div id='gallery-1' class='gallery galleryid-382880 gallery-columns-2 gallery-size-large'><dl class='gallery-item'>\n\t\t\t<dt class='gallery-icon landscape'>\n\t\t\t\t<a href='https:\/\/www.medellin.gov.co\/es\/sala-de-prensa\/noticias\/colombiatex-de-las-americas-deja-para-medellin-un-beneficio-economico-de-10-3-millones-de-dolares\/colombiatex_2025-1\/'><img width=\"1024\" height=\"682\" src=\"https:\/\/www.medellin.gov.co\/es\/wp-content\/uploads\/2025\/01\/Colombiatex_2025-1-1024x682.jpg\" class=\"attachment-large size-large\" alt=\"\" loading=\"lazy\" aria-describedby=\"gallery-1-382883\" srcset=\"https:\/\/www.medellin.gov.co\/es\/wp-content\/uploads\/2025\/01\/Colombiatex_2025-1-1024x682.jpg 1024w, https:\/\/www.medellin.gov.co\/es\/wp-content\/uploads\/2025\/01\/Colombiatex_2025-1-300x200.jpg 300w, https:\/\/www.medellin.gov.co\/es\/wp-content\/uploads\/2025\/01\/Colombiatex_2025-1-150x100.jpg 150w, https:\/\/www.medellin.gov.co\/es\/wp-content\/uploads\/2025\/01\/Colombiatex_2025-1-768x512.jpg 768w, https:\/\/www.medellin.gov.co\/es\/wp-content\/uploads\/2025\/01\/Colombiatex_2025-1.jpg 1276w\" sizes=\"(max-width: 1024px) 100vw, 1024px\" \/><\/a>\n\t\t\t<\/dt>\n\t\t\t\t<dd class='wp-caption-text gallery-caption' id='gallery-1-382883'>\n\t\t\t\tColombiatex de las Am\u00e9ricas\n\t\t\t\t<\/dd><\/dl><dl class='gallery-item'>\n\t\t\t<dt class='gallery-icon landscape'>\n\t\t\t\t<a href='https:\/\/www.medellin.gov.co\/es\/sala-de-prensa\/noticias\/colombiatex-de-las-americas-deja-para-medellin-un-beneficio-economico-de-10-3-millones-de-dolares\/colombiatex_2025-2\/'><img width=\"1024\" height=\"682\" src=\"https:\/\/www.medellin.gov.co\/es\/wp-content\/uploads\/2025\/01\/Colombiatex_2025-2-1024x682.jpg\" class=\"attachment-large size-large\" alt=\"\" loading=\"lazy\" aria-describedby=\"gallery-1-382884\" srcset=\"https:\/\/www.medellin.gov.co\/es\/wp-content\/uploads\/2025\/01\/Colombiatex_2025-2-1024x682.jpg 1024w, https:\/\/www.medellin.gov.co\/es\/wp-content\/uploads\/2025\/01\/Colombiatex_2025-2-300x200.jpg 300w, https:\/\/www.medellin.gov.co\/es\/wp-content\/uploads\/2025\/01\/Colombiatex_2025-2-150x100.jpg 150w, https:\/\/www.medellin.gov.co\/es\/wp-content\/uploads\/2025\/01\/Colombiatex_2025-2-768x512.jpg 768w, https:\/\/www.medellin.gov.co\/es\/wp-content\/uploads\/2025\/01\/Colombiatex_2025-2.jpg 1276w\" sizes=\"(max-width: 1024px) 100vw, 1024px\" \/><\/a>\n\t\t\t<\/dt>\n\t\t\t\t<dd class='wp-caption-text gallery-caption' id='gallery-1-382884'>\n\t\t\t\tColombiatex de las Am\u00e9ricas\n\t\t\t\t<\/dd><\/dl><br style=\"clear: both\" \/>\n\t\t<\/div>\n\n<p>Inexmoda anunci\u00f3 la realizaci\u00f3n de dos nuevas ferias: la primera es Colombia Fashion Summit, un congreso que se realizar\u00e1 en octubre de este a\u00f1o y que busca conectar a los empresarios y acad\u00e9micos del mundo de la moda en Medell\u00edn. Y la segunda, denominada Nextech, se har\u00e1 en septiembre de 2026 y se enfocar\u00e1 en maquinaria y tecnolog\u00eda para los diversos eslabones de la cadena de valor textil-confecci\u00f3n.<\/p>\n<div id=\"attachment_382886\" style=\"width: 1034px\" class=\"wp-caption alignnone\"><a href=\"https:\/\/www.medellin.gov.co\/es\/wp-content\/uploads\/2025\/01\/Colombiatex_2025-3.jpg\" target=\"_blank\" rel=\"noopener\"><img aria-describedby=\"caption-attachment-382886\" loading=\"lazy\" class=\"wp-image-382886 size-large\" src=\"https:\/\/www.medellin.gov.co\/es\/wp-content\/uploads\/2025\/01\/Colombiatex_2025-3-1024x682.jpg\" alt=\"\" width=\"1024\" height=\"682\" srcset=\"https:\/\/www.medellin.gov.co\/es\/wp-content\/uploads\/2025\/01\/Colombiatex_2025-3-1024x682.jpg 1024w, https:\/\/www.medellin.gov.co\/es\/wp-content\/uploads\/2025\/01\/Colombiatex_2025-3-300x200.jpg 300w, https:\/\/www.medellin.gov.co\/es\/wp-content\/uploads\/2025\/01\/Colombiatex_2025-3-150x100.jpg 150w, https:\/\/www.medellin.gov.co\/es\/wp-content\/uploads\/2025\/01\/Colombiatex_2025-3-768x512.jpg 768w, https:\/\/www.medellin.gov.co\/es\/wp-content\/uploads\/2025\/01\/Colombiatex_2025-3.jpg 1276w\" sizes=\"(max-width: 1024px) 100vw, 1024px\" \/><\/a><p id=\"caption-attachment-382886\" class=\"wp-caption-text\">Colombiatex de las Am\u00e9ricas<\/p><\/div>\n","protected":false},"excerpt":{"rendered":"<p>Adem\u00e1s de los negocios a corto, mediano y largo plazo, Colombiatex de las Am\u00e9ricas gener\u00f3 un impacto econ\u00f3mico para Medell\u00edn de 10.2 millones de d\u00f3lares, lo que evidencia su aporte al desarrollo econ\u00f3mico, social y &#8230;<\/p>\n","protected":false},"author":17,"featured_media":382887,"comment_status":"open","ping_status":"open","sticky":false,"template":"","format":"standard","meta":[],"categories":[3,17],"tags":[634,691,428,430],"formato_nota":[],"programas_tax":[],"acf":[],"_links":{"self":[{"href":"https:\/\/www.medellin.gov.co\/es\/wp-json\/wp\/v2\/posts\/382880"}],"collection":[{"href":"https:\/\/www.medellin.gov.co\/es\/wp-json\/wp\/v2\/posts"}],"about":[{"href":"https:\/\/www.medellin.gov.co\/es\/wp-json\/wp\/v2\/types\/post"}],"author":[{"embeddable":true,"href":"https:\/\/www.medellin.gov.co\/es\/wp-json\/wp\/v2\/users\/17"}],"replies":[{"embeddable":true,"href":"https:\/\/www.medellin.gov.co\/es\/wp-json\/wp\/v2\/comments?post=382880"}],"version-history":[{"count":2,"href":"https:\/\/www.medellin.gov.co\/es\/wp-json\/wp\/v2\/posts\/382880\/revisions"}],"predecessor-version":[{"id":383154,"href":"https:\/\/www.medellin.gov.co\/es\/wp-json\/wp\/v2\/posts\/382880\/revisions\/383154"}],"wp:featuredmedia":[{"embeddable":true,"href":"https:\/\/www.medellin.gov.co\/es\/wp-json\/wp\/v2\/media\/382887"}],"wp:attachment":[{"href":"https:\/\/www.medellin.gov.co\/es\/wp-json\/wp\/v2\/media?parent=382880"}],"wp:term":[{"taxonomy":"category","embeddable":true,"href":"https:\/\/www.medellin.gov.co\/es\/wp-json\/wp\/v2\/categories?post=382880"},{"taxonomy":"post_tag","embeddable":true,"href":"https:\/\/www.medellin.gov.co\/es\/wp-json\/wp\/v2\/tags?post=382880"},{"taxonomy":"formato_nota","embeddable":true,"href":"https:\/\/www.medellin.gov.co\/es\/wp-json\/wp\/v2\/formato_nota?post=382880"},{"taxonomy":"programas_tax","embeddable":true,"href":"https:\/\/www.medellin.gov.co\/es\/wp-json\/wp\/v2\/programas_tax?post=382880"}],"curies":[{"name":"wp","href":"https:\/\/api.w.org\/{rel}","templated":true}]}}