{"id":382893,"date":"2025-01-30T20:19:34","date_gmt":"2025-01-31T01:19:34","guid":{"rendered":"https:\/\/www.medellin.gov.co\/es\/?p=382893"},"modified":"2025-01-30T20:19:34","modified_gmt":"2025-01-31T01:19:34","slug":"62-ciudadanos-se-certificaron-en-diseno-de-vestuario-escenico-con-sapiencia","status":"publish","type":"post","link":"https:\/\/www.medellin.gov.co\/es\/sala-de-prensa\/noticias\/62-ciudadanos-se-certificaron-en-diseno-de-vestuario-escenico-con-sapiencia\/","title":{"rendered":"62 ciudadanos se certificaron en Dise\u00f1o de Vestuario Esc\u00e9nico con Sapiencia"},"content":{"rendered":"<ul>\n<li>El curso hace parte de la oferta de educaci\u00f3n postsecundaria de la Ciudadela Digital @medell\u00edn, liderada por Sapiencia, y pr\u00f3ximamente abrir\u00e1 una nueva convocatoria.<\/li>\n<li>Las personas certificadas, con edades entre los 18 y los 57 a\u00f1os, pertenecen a estratos 2 y 3.<\/li>\n<\/ul>\n<!--[if lt IE 9]><script>document.createElement('audio');<\/script><![endif]-->\n\t<div class=\"wp-playlist wp-audio-playlist wp-playlist-light\">\n\t\t\t<div class=\"wp-playlist-current-item\"><\/div>\n\t\t<audio controls=\"controls\" preload=\"none\" width=\"640\"\n\t\t\t><\/audio>\n\t<div class=\"wp-playlist-next\"><\/div>\n\t<div class=\"wp-playlist-prev\"><\/div>\n\t<noscript>\n\t<ol>\n\t\t<li><a href='https:\/\/www.medellin.gov.co\/es\/wp-content\/uploads\/2025\/01\/DirectorGeneral_Sapiencia.mp3'>DirectorGeneral_Sapiencia<\/a><\/li><li><a href='https:\/\/www.medellin.gov.co\/es\/wp-content\/uploads\/2025\/01\/Beneficiaria_sapiencia.mp3'>Beneficiaria_sapiencia<\/a><\/li>\t<\/ol>\n\t<\/noscript>\n\t<script type=\"application\/json\" class=\"wp-playlist-script\">{\"type\":\"audio\",\"tracklist\":true,\"tracknumbers\":true,\"images\":true,\"artists\":true,\"tracks\":[{\"src\":\"https:\\\/\\\/www.medellin.gov.co\\\/es\\\/wp-content\\\/uploads\\\/2025\\\/01\\\/DirectorGeneral_Sapiencia.mp3\",\"type\":\"audio\\\/mpeg\",\"title\":\"DirectorGeneral_Sapiencia\",\"caption\":\"Declaraciones del director general de Sapiencia, Salom\\u00f3n Cruz Zirene\",\"description\":\"\\u00abCertificaci\\u00f3n en Dise\\u00f1o de Vestuario Esc\\u00e9nico con Sapiencia\\u00bb\",\"meta\":{\"length_formatted\":\"1:12\"},\"image\":{\"src\":\"https:\\\/\\\/www.medellin.gov.co\\\/es\\\/wp-includes\\\/images\\\/media\\\/audio.png\",\"width\":48,\"height\":64},\"thumb\":{\"src\":\"https:\\\/\\\/www.medellin.gov.co\\\/es\\\/wp-includes\\\/images\\\/media\\\/audio.png\",\"width\":48,\"height\":64}},{\"src\":\"https:\\\/\\\/www.medellin.gov.co\\\/es\\\/wp-content\\\/uploads\\\/2025\\\/01\\\/Beneficiaria_sapiencia.mp3\",\"type\":\"audio\\\/mpeg\",\"title\":\"Beneficiaria_sapiencia\",\"caption\":\"Declaraciones de Clara Jannet Quiceno Duque, beneficiaria\",\"description\":\"\\u00abCertificaci\\u00f3n en Dise\\u00f1o de Vestuario Esc\\u00e9nico con Sapiencia\\u00bb\",\"meta\":{\"year\":\"2025\",\"length_formatted\":\"1:40\"},\"image\":{\"src\":\"https:\\\/\\\/www.medellin.gov.co\\\/es\\\/wp-includes\\\/images\\\/media\\\/audio.png\",\"width\":48,\"height\":64},\"thumb\":{\"src\":\"https:\\\/\\\/www.medellin.gov.co\\\/es\\\/wp-includes\\\/images\\\/media\\\/audio.png\",\"width\":48,\"height\":64}}]}<\/script>\n<\/div>\n\t\n<p>Medell\u00edn fortalece su industria textil con nuevos talentos formados de manera virtual en Dise\u00f1o B\u00e1sico de Vestuario Esc\u00e9nico. La Administraci\u00f3n Distrital, a trav\u00e9s de Sapiencia (Agencia de Educaci\u00f3n Postsecundaria), logr\u00f3 que 62 ciudadanos finalizaran su proceso de certificaci\u00f3n en este campo para obtener m\u00e1s oportunidades de empleo y creaci\u00f3n en el sector.<\/p>\n<div id=\"attachment_382902\" style=\"width: 1034px\" class=\"wp-caption alignnone\"><a href=\"https:\/\/www.medellin.gov.co\/es\/wp-content\/uploads\/2025\/01\/beneficiarios_sapiencia-3.jpg\" target=\"_blank\" rel=\"noopener\"><img aria-describedby=\"caption-attachment-382902\" loading=\"lazy\" class=\"wp-image-382902 size-large\" src=\"https:\/\/www.medellin.gov.co\/es\/wp-content\/uploads\/2025\/01\/beneficiarios_sapiencia-3-1024x682.jpg\" alt=\"\" width=\"1024\" height=\"682\" srcset=\"https:\/\/www.medellin.gov.co\/es\/wp-content\/uploads\/2025\/01\/beneficiarios_sapiencia-3-1024x682.jpg 1024w, https:\/\/www.medellin.gov.co\/es\/wp-content\/uploads\/2025\/01\/beneficiarios_sapiencia-3-300x200.jpg 300w, https:\/\/www.medellin.gov.co\/es\/wp-content\/uploads\/2025\/01\/beneficiarios_sapiencia-3-150x100.jpg 150w, https:\/\/www.medellin.gov.co\/es\/wp-content\/uploads\/2025\/01\/beneficiarios_sapiencia-3-768x512.jpg 768w, https:\/\/www.medellin.gov.co\/es\/wp-content\/uploads\/2025\/01\/beneficiarios_sapiencia-3.jpg 1276w\" sizes=\"(max-width: 1024px) 100vw, 1024px\" \/><\/a><p id=\"caption-attachment-382902\" class=\"wp-caption-text\">Beneficiaria Sapiencia<\/p><\/div>\n<p>El programa es parte de la oferta acad\u00e9mica postsecundaria y gratuita de Sapiencia, que no solo ofrece oportunidades de acceso a la educaci\u00f3n superior a trav\u00e9s de becas y cr\u00e9ditos, sino que incluye procesos especializados para responder a las demandas del mercado, con formaci\u00f3n en industrias creativas, culturales y \u00e1reas clave de la cuarta revoluci\u00f3n industrial.<\/p>\n<p>Con el curso de la Ciudadela Universitaria Digital @medellin, los participantes exploraron los procesos creativos de las artes esc\u00e9nicas y los lenguajes audiovisuales, con herramientas para la materializaci\u00f3n de vestuario conceptual, m\u00e1s all\u00e1 de las tendencias y el mercado de la moda. La formaci\u00f3n cont\u00f3 con acompa\u00f1amiento acad\u00e9mico de la Instituci\u00f3n Universitaria Pascual Bravo.<\/p>\n<div id=\"attachment_382899\" style=\"width: 1034px\" class=\"wp-caption alignnone\"><a href=\"https:\/\/www.medellin.gov.co\/es\/wp-content\/uploads\/2025\/01\/beneficiarios_sapiencia-1.jpg\" target=\"_blank\" rel=\"noopener\"><img aria-describedby=\"caption-attachment-382899\" loading=\"lazy\" class=\"wp-image-382899 size-large\" src=\"https:\/\/www.medellin.gov.co\/es\/wp-content\/uploads\/2025\/01\/beneficiarios_sapiencia-1-1024x682.jpg\" alt=\"\" width=\"1024\" height=\"682\" srcset=\"https:\/\/www.medellin.gov.co\/es\/wp-content\/uploads\/2025\/01\/beneficiarios_sapiencia-1-1024x682.jpg 1024w, https:\/\/www.medellin.gov.co\/es\/wp-content\/uploads\/2025\/01\/beneficiarios_sapiencia-1-300x200.jpg 300w, https:\/\/www.medellin.gov.co\/es\/wp-content\/uploads\/2025\/01\/beneficiarios_sapiencia-1-150x100.jpg 150w, https:\/\/www.medellin.gov.co\/es\/wp-content\/uploads\/2025\/01\/beneficiarios_sapiencia-1-768x512.jpg 768w, https:\/\/www.medellin.gov.co\/es\/wp-content\/uploads\/2025\/01\/beneficiarios_sapiencia-1.jpg 1276w\" sizes=\"(max-width: 1024px) 100vw, 1024px\" \/><\/a><p id=\"caption-attachment-382899\" class=\"wp-caption-text\">Beneficiaria Sapiencia<\/p><\/div>\n<p><em>\u201cPara avanzar en la consolidaci\u00f3n de Medell\u00edn como Distrito de Ciencia, Tecnolog\u00eda e Innovaci\u00f3n es fundamental fortalecer y aumentar el n\u00famero de personas capacitadas en \u00e1reas relacionadas con las industrias creativas y culturales, que cada d\u00eda toman m\u00e1s auge en la ciudad. Hoy, nuestros nuevos dise\u00f1adores no solo aportan a la industria textil local y nacional, sino que enriquecen el ecosistema cultural con vestuarios que cuentan historias, reflejan identidades y ampl\u00edan las posibilidades del arte y la moda\u201d<\/em>, dijo el director general de Sapiencia, Salom\u00f3n Cruz Zirene.<\/p>\n<p>Esta certificaci\u00f3n cobra relevancia en un momento clave para la ciudad, que por estos d\u00edas es el epicentro de Colombiatex de las Am\u00e9ricas 2025, la feria que re\u00fane a m\u00e1s de 500 expositores y 12.000 compradores de 20 pa\u00edses. Este escenario refuerza el papel de Medell\u00edn como referente en la industria textil y de la moda, destacando la importancia de formar talento que responda a las necesidades y transformaciones del sector.<\/p>\n<div id=\"attachment_382905\" style=\"width: 1034px\" class=\"wp-caption alignnone\"><a href=\"https:\/\/www.medellin.gov.co\/es\/wp-content\/uploads\/2025\/01\/beneficiarios_sapiencia-4.jpg\" target=\"_blank\" rel=\"noopener\"><img aria-describedby=\"caption-attachment-382905\" loading=\"lazy\" class=\"wp-image-382905 size-large\" src=\"https:\/\/www.medellin.gov.co\/es\/wp-content\/uploads\/2025\/01\/beneficiarios_sapiencia-4-1024x647.jpg\" alt=\"\" width=\"1024\" height=\"647\" srcset=\"https:\/\/www.medellin.gov.co\/es\/wp-content\/uploads\/2025\/01\/beneficiarios_sapiencia-4-1024x647.jpg 1024w, https:\/\/www.medellin.gov.co\/es\/wp-content\/uploads\/2025\/01\/beneficiarios_sapiencia-4-300x190.jpg 300w, https:\/\/www.medellin.gov.co\/es\/wp-content\/uploads\/2025\/01\/beneficiarios_sapiencia-4-150x95.jpg 150w, https:\/\/www.medellin.gov.co\/es\/wp-content\/uploads\/2025\/01\/beneficiarios_sapiencia-4-768x485.jpg 768w, https:\/\/www.medellin.gov.co\/es\/wp-content\/uploads\/2025\/01\/beneficiarios_sapiencia-4.jpg 1280w\" sizes=\"(max-width: 1024px) 100vw, 1024px\" \/><\/a><p id=\"caption-attachment-382905\" class=\"wp-caption-text\">Beneficiaria Sapiencia<\/p><\/div>\n<p>A sus 51 a\u00f1os, Clara Jannet Quiceno Duque, quien prefiere que la llamen \u2018Claritza\u2019, dio el primer paso hacia un sue\u00f1o que cre\u00eda inalcanzable: formarse en dise\u00f1o de vestuario. Madre soltera y apasionada por la confecci\u00f3n, aprendi\u00f3 de puntadas, estampados y cortes viendo tutoriales en internet y observando de cerca el trabajo de costura de su mam\u00e1 en la sala de la casa. Sin embargo, nunca hab\u00eda tenido la oportunidad de recibir una formaci\u00f3n acad\u00e9mica, hasta ahora, que se certific\u00f3 con Sapiencia.<\/p>\n<p><em>\u201cGracias a Sapiencia estudi\u00e9 cinematogr\u00e1fica. Siempre me ha parecido hermoso la forma del vestuario antiguo en las pel\u00edculas. Hablando con la profe y al mostrarle mis prendas y mis dise\u00f1os, me cont\u00f3 que hab\u00eda otro curso de Dise\u00f1o de Vestuario. Le dije que lo quer\u00eda. Me inscrib\u00ed, lo pude hacer y fue genial. Me gust\u00f3 el contenido, las personas, la plataforma. Los j\u00f3venes deber\u00edan aprovechar mucho m\u00e1s estos espacios de estudio, de conocimiento para retroalimentarse\u201d, <\/em>expres\u00f3 Claritza, quien vive en San Crist\u00f3bal.<\/p>\n<div id=\"attachment_382901\" style=\"width: 1034px\" class=\"wp-caption alignnone\"><a href=\"https:\/\/www.medellin.gov.co\/es\/wp-content\/uploads\/2025\/01\/beneficiarios_sapiencia-2.jpg\" target=\"_blank\" rel=\"noopener\"><img aria-describedby=\"caption-attachment-382901\" loading=\"lazy\" class=\"wp-image-382901 size-large\" src=\"https:\/\/www.medellin.gov.co\/es\/wp-content\/uploads\/2025\/01\/beneficiarios_sapiencia-2-1024x576.jpg\" alt=\"\" width=\"1024\" height=\"576\" srcset=\"https:\/\/www.medellin.gov.co\/es\/wp-content\/uploads\/2025\/01\/beneficiarios_sapiencia-2-1024x576.jpg 1024w, https:\/\/www.medellin.gov.co\/es\/wp-content\/uploads\/2025\/01\/beneficiarios_sapiencia-2-300x169.jpg 300w, https:\/\/www.medellin.gov.co\/es\/wp-content\/uploads\/2025\/01\/beneficiarios_sapiencia-2-150x84.jpg 150w, https:\/\/www.medellin.gov.co\/es\/wp-content\/uploads\/2025\/01\/beneficiarios_sapiencia-2-768x432.jpg 768w, https:\/\/www.medellin.gov.co\/es\/wp-content\/uploads\/2025\/01\/beneficiarios_sapiencia-2.jpg 1280w\" sizes=\"(max-width: 1024px) 100vw, 1024px\" \/><\/a><p id=\"caption-attachment-382901\" class=\"wp-caption-text\">Beneficiaria Sapiencia<\/p><\/div>\n<p>Las 62 personas certificadas, con edades entre los 18 y los 57 a\u00f1os, provienen de estratos 2 y 3, y de barrios como: Guayabal, Bel\u00e9n, San Javier, La Am\u00e9rica, Laureles-Estadio, El Poblado, Santa Cruz, Villa Hermosa, Popular, La Candelaria, Doce de Octubre, Manrique y Castilla, adem\u00e1s de corregimientos como San Crist\u00f3bal, Santa Elena y San Antonio de Prado. Del total, 17 personas hacen parte de la comunidad LGTBIQ+.<\/p>\n<p>Pr\u00f3ximamente, la Ciudadela Digital abrir\u00e1 la nueva convocatoria de cursos, y se invita a la ciudadan\u00eda a estar pendiente de las fechas y nuevas convocatorias.<\/p>\n","protected":false},"excerpt":{"rendered":"<p>El curso hace parte de la oferta de educaci\u00f3n postsecundaria de la Ciudadela Digital @medell\u00edn, liderada por Sapiencia, y pr\u00f3ximamente abrir\u00e1 una nueva convocatoria. Las personas certificadas, con edades entre los 18 y los 57 &#8230;<\/p>\n","protected":false},"author":17,"featured_media":382901,"comment_status":"open","ping_status":"open","sticky":false,"template":"","format":"standard","meta":[],"categories":[4,17],"tags":[431],"formato_nota":[],"programas_tax":[],"acf":[],"_links":{"self":[{"href":"https:\/\/www.medellin.gov.co\/es\/wp-json\/wp\/v2\/posts\/382893"}],"collection":[{"href":"https:\/\/www.medellin.gov.co\/es\/wp-json\/wp\/v2\/posts"}],"about":[{"href":"https:\/\/www.medellin.gov.co\/es\/wp-json\/wp\/v2\/types\/post"}],"author":[{"embeddable":true,"href":"https:\/\/www.medellin.gov.co\/es\/wp-json\/wp\/v2\/users\/17"}],"replies":[{"embeddable":true,"href":"https:\/\/www.medellin.gov.co\/es\/wp-json\/wp\/v2\/comments?post=382893"}],"version-history":[{"count":1,"href":"https:\/\/www.medellin.gov.co\/es\/wp-json\/wp\/v2\/posts\/382893\/revisions"}],"predecessor-version":[{"id":382906,"href":"https:\/\/www.medellin.gov.co\/es\/wp-json\/wp\/v2\/posts\/382893\/revisions\/382906"}],"wp:featuredmedia":[{"embeddable":true,"href":"https:\/\/www.medellin.gov.co\/es\/wp-json\/wp\/v2\/media\/382901"}],"wp:attachment":[{"href":"https:\/\/www.medellin.gov.co\/es\/wp-json\/wp\/v2\/media?parent=382893"}],"wp:term":[{"taxonomy":"category","embeddable":true,"href":"https:\/\/www.medellin.gov.co\/es\/wp-json\/wp\/v2\/categories?post=382893"},{"taxonomy":"post_tag","embeddable":true,"href":"https:\/\/www.medellin.gov.co\/es\/wp-json\/wp\/v2\/tags?post=382893"},{"taxonomy":"formato_nota","embeddable":true,"href":"https:\/\/www.medellin.gov.co\/es\/wp-json\/wp\/v2\/formato_nota?post=382893"},{"taxonomy":"programas_tax","embeddable":true,"href":"https:\/\/www.medellin.gov.co\/es\/wp-json\/wp\/v2\/programas_tax?post=382893"}],"curies":[{"name":"wp","href":"https:\/\/api.w.org\/{rel}","templated":true}]}}