{"id":382953,"date":"2025-01-30T22:40:46","date_gmt":"2025-01-31T03:40:46","guid":{"rendered":"https:\/\/www.medellin.gov.co\/es\/?p=382953"},"modified":"2025-01-30T22:42:18","modified_gmt":"2025-01-31T03:42:18","slug":"se-renueva-el-complejo-acuatico-de-la-unidad-deportiva-atanasio-girardot","status":"publish","type":"post","link":"https:\/\/www.medellin.gov.co\/es\/sala-de-prensa\/noticias\/se-renueva-el-complejo-acuatico-de-la-unidad-deportiva-atanasio-girardot\/","title":{"rendered":"Se renueva el Complejo Acu\u00e1tico de la unidad deportiva Atanasio Girardot"},"content":{"rendered":"<blockquote><p><em>Recientemente la Alcald\u00eda de Medell\u00edn anunci\u00f3 intervenciones f\u00edsicas a las piscinas o complejo acu\u00e1tico de la <a href=\"https:\/\/www.medellin.travel\/unidad-deportiva-atanasio-girardot\/\" target=\"_blank\" rel=\"noopener\">unidad deportiva Atanasio Girardot<\/a>, con el fin de mejorarlas en su infraestructura y permitir que quienes practican a nivel profesional o recreativo la nataci\u00f3n, puedan disponer de espacios m\u00e1s id\u00f3neos y seguros para este menester y la ciudad tenga un escenario reglamentario para albergar torneos nacionales e internacionales, como los que ya est\u00e1n programados. <a href=\"https:\/\/www.senalcolombia.tv\/deportes\/sebastian-villa-clavados\" target=\"_blank\" rel=\"noopener\">Sebasti\u00e1n Villa, clavadista ol\u00edmpico<\/a> se refiere a esta intervenci\u00f3n.<\/em><\/p><\/blockquote>\n<div id=\"attachment_382970\" style=\"width: 1034px\" class=\"wp-caption alignnone\"><a href=\"https:\/\/www.medellin.gov.co\/es\/wp-content\/uploads\/2025\/01\/Sebastian-Villa-3.jpg\" target=\"_blank\" rel=\"noopener\"><img aria-describedby=\"caption-attachment-382970\" loading=\"lazy\" class=\"wp-image-382970 size-large\" src=\"https:\/\/www.medellin.gov.co\/es\/wp-content\/uploads\/2025\/01\/Sebastian-Villa-3-1024x683.jpg\" alt=\"\" width=\"1024\" height=\"683\" srcset=\"https:\/\/www.medellin.gov.co\/es\/wp-content\/uploads\/2025\/01\/Sebastian-Villa-3-1024x683.jpg 1024w, https:\/\/www.medellin.gov.co\/es\/wp-content\/uploads\/2025\/01\/Sebastian-Villa-3-300x200.jpg 300w, https:\/\/www.medellin.gov.co\/es\/wp-content\/uploads\/2025\/01\/Sebastian-Villa-3-150x100.jpg 150w, https:\/\/www.medellin.gov.co\/es\/wp-content\/uploads\/2025\/01\/Sebastian-Villa-3-768x512.jpg 768w, https:\/\/www.medellin.gov.co\/es\/wp-content\/uploads\/2025\/01\/Sebastian-Villa-3.jpg 1275w\" sizes=\"(max-width: 1024px) 100vw, 1024px\" \/><\/a><p id=\"caption-attachment-382970\" class=\"wp-caption-text\">Sebasti\u00e1n Villa, clavadista ol\u00edmpico<\/p><\/div>\n<p>\u201c<em>Para m\u00ed la piscina de clavados tiene un gran peso sentimental; es donde me he formado como persona, como atleta y ahora como profesional. Han sido 25 a\u00f1os, muchas competencias y logros importantes como mi medalla mundial o mis tres participaciones en Juegos Ol\u00edmpicos, pero tambi\u00e9n, ha sido el lugar en donde he compartido con amigos y sobre todos donde he podido ir materializando mis sue\u00f1os\u201d,<\/em> reflexiona <a href=\"https:\/\/www.senalcolombia.tv\/deportes\/sebastian-villa-clavados\" target=\"_blank\" rel=\"noopener\">Sebasti\u00e1n Villa, clavadista ol\u00edmpico<\/a> y presidente del <a href=\"https:\/\/www.instagram.com\/clubdeclavadosalcatraz\/\" target=\"_blank\" rel=\"noopener\">Club de Clavados de Antioqu\u00eda Alcatraz<\/a>, qui\u00e9n pasa 30 horas a la semana en el Complejo Acu\u00e1tico C\u00e9sar Zapata, en la unidad deportiva Atanasio Girardot.<\/p>\n\n\t\t<style type=\"text\/css\">\n\t\t\t#gallery-1 {\n\t\t\t\tmargin: auto;\n\t\t\t}\n\t\t\t#gallery-1 .gallery-item {\n\t\t\t\tfloat: left;\n\t\t\t\tmargin-top: 10px;\n\t\t\t\ttext-align: center;\n\t\t\t\twidth: 50%;\n\t\t\t}\n\t\t\t#gallery-1 img {\n\t\t\t\tborder: 2px solid #cfcfcf;\n\t\t\t}\n\t\t\t#gallery-1 .gallery-caption {\n\t\t\t\tmargin-left: 0;\n\t\t\t}\n\t\t\t\/* see gallery_shortcode() in wp-includes\/media.php *\/\n\t\t<\/style>\n\t\t<div id='gallery-1' class='gallery galleryid-382953 gallery-columns-2 gallery-size-large'><dl class='gallery-item'>\n\t\t\t<dt class='gallery-icon landscape'>\n\t\t\t\t<a href='https:\/\/www.medellin.gov.co\/es\/sala-de-prensa\/noticias\/se-renueva-el-complejo-acuatico-de-la-unidad-deportiva-atanasio-girardot\/sebastian-villa-1\/'><img width=\"1024\" height=\"683\" src=\"https:\/\/www.medellin.gov.co\/es\/wp-content\/uploads\/2025\/01\/Sebastian-Villa-1-1024x683.jpg\" class=\"attachment-large size-large\" alt=\"\" loading=\"lazy\" aria-describedby=\"gallery-1-382963\" srcset=\"https:\/\/www.medellin.gov.co\/es\/wp-content\/uploads\/2025\/01\/Sebastian-Villa-1-1024x683.jpg 1024w, https:\/\/www.medellin.gov.co\/es\/wp-content\/uploads\/2025\/01\/Sebastian-Villa-1-300x200.jpg 300w, https:\/\/www.medellin.gov.co\/es\/wp-content\/uploads\/2025\/01\/Sebastian-Villa-1-150x100.jpg 150w, https:\/\/www.medellin.gov.co\/es\/wp-content\/uploads\/2025\/01\/Sebastian-Villa-1-768x512.jpg 768w, https:\/\/www.medellin.gov.co\/es\/wp-content\/uploads\/2025\/01\/Sebastian-Villa-1.jpg 1275w\" sizes=\"(max-width: 1024px) 100vw, 1024px\" \/><\/a>\n\t\t\t<\/dt>\n\t\t\t\t<dd class='wp-caption-text gallery-caption' id='gallery-1-382963'>\n\t\t\t\tSebasti\u00e1n Villa, clavadista ol\u00edmpico\n\t\t\t\t<\/dd><\/dl><dl class='gallery-item'>\n\t\t\t<dt class='gallery-icon landscape'>\n\t\t\t\t<a href='https:\/\/www.medellin.gov.co\/es\/sala-de-prensa\/noticias\/se-renueva-el-complejo-acuatico-de-la-unidad-deportiva-atanasio-girardot\/sebastian-villa-5\/'><img width=\"1024\" height=\"683\" src=\"https:\/\/www.medellin.gov.co\/es\/wp-content\/uploads\/2025\/01\/Sebastian-Villa-5-1024x683.jpg\" class=\"attachment-large size-large\" alt=\"\" loading=\"lazy\" aria-describedby=\"gallery-1-382975\" srcset=\"https:\/\/www.medellin.gov.co\/es\/wp-content\/uploads\/2025\/01\/Sebastian-Villa-5-1024x683.jpg 1024w, https:\/\/www.medellin.gov.co\/es\/wp-content\/uploads\/2025\/01\/Sebastian-Villa-5-300x200.jpg 300w, https:\/\/www.medellin.gov.co\/es\/wp-content\/uploads\/2025\/01\/Sebastian-Villa-5-150x100.jpg 150w, https:\/\/www.medellin.gov.co\/es\/wp-content\/uploads\/2025\/01\/Sebastian-Villa-5-768x512.jpg 768w, https:\/\/www.medellin.gov.co\/es\/wp-content\/uploads\/2025\/01\/Sebastian-Villa-5.jpg 1275w\" sizes=\"(max-width: 1024px) 100vw, 1024px\" \/><\/a>\n\t\t\t<\/dt>\n\t\t\t\t<dd class='wp-caption-text gallery-caption' id='gallery-1-382975'>\n\t\t\t\tSebasti\u00e1n Villa, clavadista ol\u00edmpico\n\t\t\t\t<\/dd><\/dl><br style=\"clear: both\" \/>\n\t\t<\/div>\n\n<p>Y es que recientemente, el <a href=\"https:\/\/www.medellin.gov.co\/es\/nuestro-alcalde\/\">alcalde de Medell\u00edn, Federico Guti\u00e9rrez Zuluaga<\/a> anunci\u00f3 oficialmente dos importantes noticias: en primer lugar, el inicio de las intervenciones en el Complejo Acu\u00e1tico de la ciudad, en donde se contemplan obras como la construcci\u00f3n de un cuarto de juzgamientos para nado sincronizado, el mantenimiento de los ba\u00f1os, la renovaci\u00f3n de los pisos en piscinas de clavados y ol\u00edmpica, la impermeabilizaci\u00f3n y pintura de las grader\u00edas de la piscina ol\u00edmpica, entre otras obras.<\/p>\n<p><a href=\"https:\/\/www.medellin.gov.co\/es\/wp-content\/uploads\/2025\/01\/Complejo_acuatico_obras-1.jpg\" target=\"_blank\" rel=\"noopener\"><img loading=\"lazy\" class=\"alignnone wp-image-382345 size-large\" src=\"https:\/\/www.medellin.gov.co\/es\/wp-content\/uploads\/2025\/01\/Complejo_acuatico_obras-1-1024x682.jpg\" alt=\"\" width=\"1024\" height=\"682\" srcset=\"https:\/\/www.medellin.gov.co\/es\/wp-content\/uploads\/2025\/01\/Complejo_acuatico_obras-1-1024x682.jpg 1024w, https:\/\/www.medellin.gov.co\/es\/wp-content\/uploads\/2025\/01\/Complejo_acuatico_obras-1-300x200.jpg 300w, https:\/\/www.medellin.gov.co\/es\/wp-content\/uploads\/2025\/01\/Complejo_acuatico_obras-1-150x100.jpg 150w, https:\/\/www.medellin.gov.co\/es\/wp-content\/uploads\/2025\/01\/Complejo_acuatico_obras-1-768x512.jpg 768w, https:\/\/www.medellin.gov.co\/es\/wp-content\/uploads\/2025\/01\/Complejo_acuatico_obras-1.jpg 1276w\" sizes=\"(max-width: 1024px) 100vw, 1024px\" \/><\/a><\/p>\n<p>En segundo lugar, se comunic\u00f3 que del 13 al 25 de mayo, Medell\u00edn ser\u00e1 la sede oficial del <a href=\"https:\/\/fecna.com.co\/medellin-anuncia-el-panam-aquatics-championship-2025-una-competencia-internacional-previo-a-los-juegos-panamericanos-junior-de-asuncion\/\" target=\"_blank\" rel=\"noopener\">Campeonato PanAm Aquatics 2025<\/a>, un evento deportivo continental que acoger\u00e1 a 1 280 nadadores de diferentes disciplinas y que hace parte del ciclo ol\u00edmpico. Por primera vez, se realizar\u00e1 en el pa\u00eds un evento del ciclo ol\u00edmpico de nataci\u00f3n que incluya todas las disciplinas que se derivan de este deporte; en este certamen donde participar\u00e1n 120 nadadores colombianos, de los cuales el 60 % son de Medell\u00edn.<\/p>\n<p><div class=\"iframe-container\"><iframe title=\"YouTube video player\" src=\"https:\/\/www.youtube.com\/embed\/UN03jmHJq8Y?si=qZTq0Sqio6jxPrON\" width=\"100%\" height=\"350\" frameborder=\"0\" allowfullscreen=\"allowfullscreen\"><span data-mce-type=\"bookmark\" style=\"display: inline-block; width: 0px; overflow: hidden; line-height: 0;\" class=\"mce_SELRES_start\">\ufeff<\/span><\/iframe><\/div><\/p>\n<p>\u201c<em>Es un cambio para mejorar que va a favorecemos a los deportistas y a la poblaci\u00f3n que goza de un complejo deportivo tan completo, y que va a quedar modernizado y acondicionado para el uso diario y para desarrollar eventos de gran nivel. Va a convertirse en un epicentro de los deportes acu\u00e1ticos y va a ser un espacio que las nuevas generaciones y las familias van a poder disfrutar<\/em>\u201d menciona Villa a prop\u00f3sito de las intervenciones.<\/p>\n<div id=\"attachment_382351\" style=\"width: 1034px\" class=\"wp-caption alignnone\"><a href=\"https:\/\/www.medellin.gov.co\/es\/wp-content\/uploads\/2025\/01\/Complejo_acuatico_obras-5.jpg\" target=\"_blank\" rel=\"noopener\"><img aria-describedby=\"caption-attachment-382351\" loading=\"lazy\" class=\"wp-image-382351 size-large\" src=\"https:\/\/www.medellin.gov.co\/es\/wp-content\/uploads\/2025\/01\/Complejo_acuatico_obras-5-1024x682.jpg\" alt=\"\" width=\"1024\" height=\"682\" srcset=\"https:\/\/www.medellin.gov.co\/es\/wp-content\/uploads\/2025\/01\/Complejo_acuatico_obras-5-1024x682.jpg 1024w, https:\/\/www.medellin.gov.co\/es\/wp-content\/uploads\/2025\/01\/Complejo_acuatico_obras-5-300x200.jpg 300w, https:\/\/www.medellin.gov.co\/es\/wp-content\/uploads\/2025\/01\/Complejo_acuatico_obras-5-150x100.jpg 150w, https:\/\/www.medellin.gov.co\/es\/wp-content\/uploads\/2025\/01\/Complejo_acuatico_obras-5-768x512.jpg 768w, https:\/\/www.medellin.gov.co\/es\/wp-content\/uploads\/2025\/01\/Complejo_acuatico_obras-5.jpg 1276w\" sizes=\"(max-width: 1024px) 100vw, 1024px\" \/><\/a><p id=\"caption-attachment-382351\" class=\"wp-caption-text\">Proyecci\u00f3n de obra<\/p><\/div>\n<p>Para este evento continental, el Distrito inici\u00f3 con la demolici\u00f3n y el desmonte de la plataforma de clavados, una estructura que se construy\u00f3 hace 52 a\u00f1os y que ser\u00e1 reemplazada por una moderna infraestructura antideslizante en pro de la seguridad y el rendimiento \u00f3ptimo de los competidores, que adem\u00e1s cumple con los par\u00e1metros que exigen las autoridades deportivas internacionales.<\/p>\n<p><div class=\"iframe-container\"><iframe title=\"YouTube video player\" src=\"https:\/\/www.youtube.com\/embed\/pGsOd9H9CIA?si=1wRpnQgr6oobrt03\" width=\"100%\" height=\"350\" frameborder=\"0\" allowfullscreen=\"allowfullscreen\"><span data-mce-type=\"bookmark\" style=\"display: inline-block; width: 0px; overflow: hidden; line-height: 0;\" class=\"mce_SELRES_start\">\ufeff<\/span><\/iframe><\/div><span class=\"yt-core-attributed-string--link-inherit-color\" dir=\"auto\">Fuente:\u00a0<\/span><span class=\"yt-core-attributed-string--link-inherit-color\" dir=\"auto\"><a class=\"yt-core-attributed-string__link yt-core-attributed-string__link--call-to-action-color\" tabindex=\"0\" href=\"https:\/\/www.youtube.com\/@LigadeNataciondeAntioquia\" target=\"\" rel=\"noopener\">\u202a@LigadeNataciondeAntioquia\u202c<\/a><\/span><\/p>\n<p>Deportistas de Am\u00e9rica competir\u00e1n en este torneo internacional en disciplinas como: clavados, polo acu\u00e1tico, carreras, <em>high diving<\/em> (competencia de clavados de altura con plataformas ubicadas a diferentes distancias de la piscina) \u00a0nataci\u00f3n art\u00edstica y aguas abiertas, en un evento que posiciona a Medell\u00edn como epicentro de la nataci\u00f3n continental juvenil, destacando su potencial como sede para cert\u00e1menes internacionales.<\/p>\n\n\t\t<style type=\"text\/css\">\n\t\t\t#gallery-2 {\n\t\t\t\tmargin: auto;\n\t\t\t}\n\t\t\t#gallery-2 .gallery-item {\n\t\t\t\tfloat: left;\n\t\t\t\tmargin-top: 10px;\n\t\t\t\ttext-align: center;\n\t\t\t\twidth: 50%;\n\t\t\t}\n\t\t\t#gallery-2 img {\n\t\t\t\tborder: 2px solid #cfcfcf;\n\t\t\t}\n\t\t\t#gallery-2 .gallery-caption {\n\t\t\t\tmargin-left: 0;\n\t\t\t}\n\t\t\t\/* see gallery_shortcode() in wp-includes\/media.php *\/\n\t\t<\/style>\n\t\t<div id='gallery-2' class='gallery galleryid-382953 gallery-columns-2 gallery-size-large'><dl class='gallery-item'>\n\t\t\t<dt class='gallery-icon landscape'>\n\t\t\t\t<a href='https:\/\/www.medellin.gov.co\/es\/sala-de-prensa\/noticias\/con-inicio-de-obras-en-el-complejo-acuatico-medellin-se-prepara-para-los-juegos-panamericanos-de-natacion-junior-2025\/complejo_acuatico_obras-6\/'><img width=\"1024\" height=\"682\" src=\"https:\/\/www.medellin.gov.co\/es\/wp-content\/uploads\/2025\/01\/Complejo_acuatico_obras-6-1024x682.jpg\" class=\"attachment-large size-large\" alt=\"\" loading=\"lazy\" aria-describedby=\"gallery-2-382353\" srcset=\"https:\/\/www.medellin.gov.co\/es\/wp-content\/uploads\/2025\/01\/Complejo_acuatico_obras-6-1024x682.jpg 1024w, https:\/\/www.medellin.gov.co\/es\/wp-content\/uploads\/2025\/01\/Complejo_acuatico_obras-6-300x200.jpg 300w, https:\/\/www.medellin.gov.co\/es\/wp-content\/uploads\/2025\/01\/Complejo_acuatico_obras-6-150x100.jpg 150w, https:\/\/www.medellin.gov.co\/es\/wp-content\/uploads\/2025\/01\/Complejo_acuatico_obras-6-768x512.jpg 768w, https:\/\/www.medellin.gov.co\/es\/wp-content\/uploads\/2025\/01\/Complejo_acuatico_obras-6.jpg 1276w\" sizes=\"(max-width: 1024px) 100vw, 1024px\" \/><\/a>\n\t\t\t<\/dt>\n\t\t\t\t<dd class='wp-caption-text gallery-caption' id='gallery-2-382353'>\n\t\t\t\tIntervenci\u00f3n de obra\n\t\t\t\t<\/dd><\/dl><dl class='gallery-item'>\n\t\t\t<dt class='gallery-icon landscape'>\n\t\t\t\t<a href='https:\/\/www.medellin.gov.co\/es\/sala-de-prensa\/noticias\/con-inicio-de-obras-en-el-complejo-acuatico-medellin-se-prepara-para-los-juegos-panamericanos-de-natacion-junior-2025\/complejo_acuatico_obras-4\/'><img width=\"1024\" height=\"682\" src=\"https:\/\/www.medellin.gov.co\/es\/wp-content\/uploads\/2025\/01\/Complejo_acuatico_obras-4-1024x682.jpg\" class=\"attachment-large size-large\" alt=\"\" loading=\"lazy\" aria-describedby=\"gallery-2-382350\" srcset=\"https:\/\/www.medellin.gov.co\/es\/wp-content\/uploads\/2025\/01\/Complejo_acuatico_obras-4-1024x682.jpg 1024w, https:\/\/www.medellin.gov.co\/es\/wp-content\/uploads\/2025\/01\/Complejo_acuatico_obras-4-300x200.jpg 300w, https:\/\/www.medellin.gov.co\/es\/wp-content\/uploads\/2025\/01\/Complejo_acuatico_obras-4-150x100.jpg 150w, https:\/\/www.medellin.gov.co\/es\/wp-content\/uploads\/2025\/01\/Complejo_acuatico_obras-4-768x512.jpg 768w, https:\/\/www.medellin.gov.co\/es\/wp-content\/uploads\/2025\/01\/Complejo_acuatico_obras-4.jpg 1276w\" sizes=\"(max-width: 1024px) 100vw, 1024px\" \/><\/a>\n\t\t\t<\/dt>\n\t\t\t\t<dd class='wp-caption-text gallery-caption' id='gallery-2-382350'>\n\t\t\t\tProyecci\u00f3n de obra\n\t\t\t\t<\/dd><\/dl><br style=\"clear: both\" \/>\n\t\t<\/div>\n\n<p>\u201c<em>Tengo mucha ilusi\u00f3n que con las obras se construya un espacio, igual de importante para m\u00e1s ni\u00f1os de la ciudad y del \u00e1rea metropolitana, c\u00f3mo lo ha sido para m\u00ed, este escenario, durante 25 a\u00f1os<\/em>\u201d menciona Sebasti\u00e1n, quien, luego de pasar por varias disciplinas como patinaje, gimnasia, pintura y hasta m\u00fasica, empez\u00f3 a entrenar clavados teniendo ocho a\u00f1os, en el 2000 y se enamor\u00f3 del deporte, por su dificultad y las acrobacias.<\/p>\n<div id=\"attachment_382967\" style=\"width: 1034px\" class=\"wp-caption alignnone\"><a href=\"https:\/\/www.medellin.gov.co\/es\/wp-content\/uploads\/2025\/01\/Sebastian-Villa-2.jpg\" target=\"_blank\" rel=\"noopener\"><img aria-describedby=\"caption-attachment-382967\" loading=\"lazy\" class=\"wp-image-382967 size-large\" src=\"https:\/\/www.medellin.gov.co\/es\/wp-content\/uploads\/2025\/01\/Sebastian-Villa-2-1024x576.jpg\" alt=\"\" width=\"1024\" height=\"576\" srcset=\"https:\/\/www.medellin.gov.co\/es\/wp-content\/uploads\/2025\/01\/Sebastian-Villa-2-1024x576.jpg 1024w, https:\/\/www.medellin.gov.co\/es\/wp-content\/uploads\/2025\/01\/Sebastian-Villa-2-300x169.jpg 300w, https:\/\/www.medellin.gov.co\/es\/wp-content\/uploads\/2025\/01\/Sebastian-Villa-2-150x84.jpg 150w, https:\/\/www.medellin.gov.co\/es\/wp-content\/uploads\/2025\/01\/Sebastian-Villa-2-768x432.jpg 768w, https:\/\/www.medellin.gov.co\/es\/wp-content\/uploads\/2025\/01\/Sebastian-Villa-2.jpg 1280w\" sizes=\"(max-width: 1024px) 100vw, 1024px\" \/><\/a><p id=\"caption-attachment-382967\" class=\"wp-caption-text\">Sebasti\u00e1n Villa, clavadista ol\u00edmpico<\/p><\/div>\n<p>\u201c<em>Poder traer a la ciudad eventos de nivel es el reflejo del compromiso que Medell\u00edn tiene con las nuevas generaciones, con la salud, el deporte y la actividad f\u00edsica. Estos campeonatos tan grandes se convierten en fuente de motivaci\u00f3n para los locales, para la pr\u00e1ctica deportiva y el aprovechamiento del tiempo libre de una forma sana y productiva<\/em>\u201d concluye el nadador ol\u00edmpico.<\/p>\n<p>La inversi\u00f3n Distrital en todas las obras en este escenario deportivo es de $5 217 millones con un plazo de ejecuci\u00f3n de cuatro meses. De esta manera las acciones en el Complejo Acu\u00e1tico beneficiaran a los usuarios de la oferta institucional, clubes deportivos, ligas y ba\u00f1istas de pr\u00e1ctica libre.<\/p>\n","protected":false},"excerpt":{"rendered":"<p>Recientemente la Alcald\u00eda de Medell\u00edn anunci\u00f3 intervenciones f\u00edsicas a las piscinas o complejo acu\u00e1tico de la unidad deportiva Atanasio Girardot, con el fin de mejorarlas en su infraestructura y permitir que quienes practican a nivel &#8230;<\/p>\n","protected":false},"author":17,"featured_media":382972,"comment_status":"open","ping_status":"open","sticky":false,"template":"","format":"standard","meta":[],"categories":[17],"tags":[634,689,442],"formato_nota":[],"programas_tax":[],"acf":[],"_links":{"self":[{"href":"https:\/\/www.medellin.gov.co\/es\/wp-json\/wp\/v2\/posts\/382953"}],"collection":[{"href":"https:\/\/www.medellin.gov.co\/es\/wp-json\/wp\/v2\/posts"}],"about":[{"href":"https:\/\/www.medellin.gov.co\/es\/wp-json\/wp\/v2\/types\/post"}],"author":[{"embeddable":true,"href":"https:\/\/www.medellin.gov.co\/es\/wp-json\/wp\/v2\/users\/17"}],"replies":[{"embeddable":true,"href":"https:\/\/www.medellin.gov.co\/es\/wp-json\/wp\/v2\/comments?post=382953"}],"version-history":[{"count":1,"href":"https:\/\/www.medellin.gov.co\/es\/wp-json\/wp\/v2\/posts\/382953\/revisions"}],"predecessor-version":[{"id":383005,"href":"https:\/\/www.medellin.gov.co\/es\/wp-json\/wp\/v2\/posts\/382953\/revisions\/383005"}],"wp:featuredmedia":[{"embeddable":true,"href":"https:\/\/www.medellin.gov.co\/es\/wp-json\/wp\/v2\/media\/382972"}],"wp:attachment":[{"href":"https:\/\/www.medellin.gov.co\/es\/wp-json\/wp\/v2\/media?parent=382953"}],"wp:term":[{"taxonomy":"category","embeddable":true,"href":"https:\/\/www.medellin.gov.co\/es\/wp-json\/wp\/v2\/categories?post=382953"},{"taxonomy":"post_tag","embeddable":true,"href":"https:\/\/www.medellin.gov.co\/es\/wp-json\/wp\/v2\/tags?post=382953"},{"taxonomy":"formato_nota","embeddable":true,"href":"https:\/\/www.medellin.gov.co\/es\/wp-json\/wp\/v2\/formato_nota?post=382953"},{"taxonomy":"programas_tax","embeddable":true,"href":"https:\/\/www.medellin.gov.co\/es\/wp-json\/wp\/v2\/programas_tax?post=382953"}],"curies":[{"name":"wp","href":"https:\/\/api.w.org\/{rel}","templated":true}]}}