{"id":383033,"date":"2025-01-31T08:34:02","date_gmt":"2025-01-31T13:34:02","guid":{"rendered":"https:\/\/www.medellin.gov.co\/es\/?p=383033"},"modified":"2025-01-31T08:35:55","modified_gmt":"2025-01-31T13:35:55","slug":"cierres-viales-en-medellin-por-eventos-culturales-y-recreativos","status":"publish","type":"post","link":"https:\/\/www.medellin.gov.co\/es\/sala-de-prensa\/noticias\/cierres-viales-en-medellin-por-eventos-culturales-y-recreativos\/","title":{"rendered":"Cierres viales en Medell\u00edn por eventos culturales y recreativos"},"content":{"rendered":"<p>Con el prop\u00f3sito de brindar seguridad, tranquilidad y prevenci\u00f3n a la ciudadan\u00eda, y, en especial a conductores y transe\u00fantes, la Secretar\u00eda de Movilidad anuncia cierres en varios puntos de la ciudad este fin de semana debido a actividades recreativas y culturales. Este s\u00e1bado 1 de febrero, la comuna 8 -Villa Hermosa disfrutar\u00e1 del Gran Festival Art\u00edstico. Para el desarrollo de este evento ser\u00e1 necesario el cierre de la carrera 29A entre calles 58 y 59; la calle 58A entre carreras 29 y 29A y la calle 59 entre carreras 29A y 30. Estos cierres se ejecutar\u00e1n desde las 6:00 a. m. del s\u00e1bado y hasta las 4:00 a. m. del domingo.<\/p>\n<p>Tambi\u00e9n, el s\u00e1bado, pero en la comuna 12-La Am\u00e9rica, se har\u00e1 el Festival de M\u00fasica Andina y Latinoamericana. Para el buen desarrollo de este evento se tienen previstos los cierres totales de la calle 38 entre carreras 89 y 90, y la carrera 89A entre calles 37 y 38. El horario de las restricciones ser\u00e1 desde las 6:00 a. m. del s\u00e1bado y hasta las 4:00 a. m. del domingo.<\/p>\n\n\t\t<style type=\"text\/css\">\n\t\t\t#gallery-1 {\n\t\t\t\tmargin: auto;\n\t\t\t}\n\t\t\t#gallery-1 .gallery-item {\n\t\t\t\tfloat: left;\n\t\t\t\tmargin-top: 10px;\n\t\t\t\ttext-align: center;\n\t\t\t\twidth: 50%;\n\t\t\t}\n\t\t\t#gallery-1 img {\n\t\t\t\tborder: 2px solid #cfcfcf;\n\t\t\t}\n\t\t\t#gallery-1 .gallery-caption {\n\t\t\t\tmargin-left: 0;\n\t\t\t}\n\t\t\t\/* see gallery_shortcode() in wp-includes\/media.php *\/\n\t\t<\/style>\n\t\t<div id='gallery-1' class='gallery galleryid-383033 gallery-columns-2 gallery-size-large'><dl class='gallery-item'>\n\t\t\t<dt class='gallery-icon portrait'>\n\t\t\t\t<a href='https:\/\/www.medellin.gov.co\/es\/sala-de-prensa\/noticias\/cierres-viales-en-medellin-por-eventos-culturales-y-recreativos\/cierre_vias_med_1\/'><img width=\"576\" height=\"1024\" src=\"https:\/\/www.medellin.gov.co\/es\/wp-content\/uploads\/2025\/01\/Cierre_vias_med_1-576x1024.jpeg\" class=\"attachment-large size-large\" alt=\"\" loading=\"lazy\" srcset=\"https:\/\/www.medellin.gov.co\/es\/wp-content\/uploads\/2025\/01\/Cierre_vias_med_1-576x1024.jpeg 576w, https:\/\/www.medellin.gov.co\/es\/wp-content\/uploads\/2025\/01\/Cierre_vias_med_1-169x300.jpeg 169w, https:\/\/www.medellin.gov.co\/es\/wp-content\/uploads\/2025\/01\/Cierre_vias_med_1-84x150.jpeg 84w, https:\/\/www.medellin.gov.co\/es\/wp-content\/uploads\/2025\/01\/Cierre_vias_med_1.jpeg 720w\" sizes=\"(max-width: 576px) 100vw, 576px\" \/><\/a>\n\t\t\t<\/dt><\/dl><dl class='gallery-item'>\n\t\t\t<dt class='gallery-icon portrait'>\n\t\t\t\t<a href='https:\/\/www.medellin.gov.co\/es\/sala-de-prensa\/noticias\/cierres-viales-en-medellin-por-eventos-culturales-y-recreativos\/cierre_vias_med\/'><img width=\"576\" height=\"1024\" src=\"https:\/\/www.medellin.gov.co\/es\/wp-content\/uploads\/2025\/01\/Cierre_vias_med-576x1024.jpeg\" class=\"attachment-large size-large\" alt=\"\" loading=\"lazy\" srcset=\"https:\/\/www.medellin.gov.co\/es\/wp-content\/uploads\/2025\/01\/Cierre_vias_med-576x1024.jpeg 576w, https:\/\/www.medellin.gov.co\/es\/wp-content\/uploads\/2025\/01\/Cierre_vias_med-169x300.jpeg 169w, https:\/\/www.medellin.gov.co\/es\/wp-content\/uploads\/2025\/01\/Cierre_vias_med-84x150.jpeg 84w, https:\/\/www.medellin.gov.co\/es\/wp-content\/uploads\/2025\/01\/Cierre_vias_med.jpeg 720w\" sizes=\"(max-width: 576px) 100vw, 576px\" \/><\/a>\n\t\t\t<\/dt><\/dl><br style=\"clear: both\" \/>\n\t\t<\/div>\n\n<p>En la comuna 5-Castilla, por el Carnaval Ne\u00f3n y Carnaval Navide\u00f1o No a la P\u00f3lvora, este domingo 2 de febrero, es necesario el cierre de la carrera 68 entre calles 96 y 101, la calle 100 entre carreras 68 y carrera 70; la calle 97 entre carreras 67 y 69; la calle 98 entre carreras 67 y 69; la calle 99 entre carreras 67A y 69; la calle 99A entre carreras 67A y 69; y la carrera 69 entre calles 99 y 100A. Estos cierres iniciar\u00e1n desde las 8:00 a. m. y se extender\u00e1n hasta las 11:59 p. m. de ese d\u00eda.<\/p>\n<p>Tambi\u00e9n, el corregimiento Palmitas tendr\u00e1 su tradicional Fiesta Palmite\u00f1a con cierres entre las 6:00 a. m. del domingo y con desmontaje hasta las 4:00 a. m. del lunes. Habr\u00e1 afectaci\u00f3n de la calle 137 entre carrera 197 y calle 137.<\/p>\n<p>La Secretar\u00eda de Movilidad recomienda tener en cuenta las indicaciones de los agentes de tr\u00e1nsito, conducir con precauci\u00f3n, atender las se\u00f1ales y los mensajes de los paneles ubicados en los corredores principales y consultar los canales oficiales @sttmed para conocer el estado de las v\u00edas en tiempo real.<\/p>\n","protected":false},"excerpt":{"rendered":"<p>Con el prop\u00f3sito de brindar seguridad, tranquilidad y prevenci\u00f3n a la ciudadan\u00eda, y, en especial a conductores y transe\u00fantes, la Secretar\u00eda de Movilidad anuncia cierres en varios puntos de la ciudad este fin de semana &#8230;<\/p>\n","protected":false},"author":17,"featured_media":283456,"comment_status":"open","ping_status":"open","sticky":false,"template":"","format":"standard","meta":[],"categories":[14],"tags":[447],"formato_nota":[],"programas_tax":[],"acf":[],"_links":{"self":[{"href":"https:\/\/www.medellin.gov.co\/es\/wp-json\/wp\/v2\/posts\/383033"}],"collection":[{"href":"https:\/\/www.medellin.gov.co\/es\/wp-json\/wp\/v2\/posts"}],"about":[{"href":"https:\/\/www.medellin.gov.co\/es\/wp-json\/wp\/v2\/types\/post"}],"author":[{"embeddable":true,"href":"https:\/\/www.medellin.gov.co\/es\/wp-json\/wp\/v2\/users\/17"}],"replies":[{"embeddable":true,"href":"https:\/\/www.medellin.gov.co\/es\/wp-json\/wp\/v2\/comments?post=383033"}],"version-history":[{"count":2,"href":"https:\/\/www.medellin.gov.co\/es\/wp-json\/wp\/v2\/posts\/383033\/revisions"}],"predecessor-version":[{"id":383042,"href":"https:\/\/www.medellin.gov.co\/es\/wp-json\/wp\/v2\/posts\/383033\/revisions\/383042"}],"wp:featuredmedia":[{"embeddable":true,"href":"https:\/\/www.medellin.gov.co\/es\/wp-json\/wp\/v2\/media\/283456"}],"wp:attachment":[{"href":"https:\/\/www.medellin.gov.co\/es\/wp-json\/wp\/v2\/media?parent=383033"}],"wp:term":[{"taxonomy":"category","embeddable":true,"href":"https:\/\/www.medellin.gov.co\/es\/wp-json\/wp\/v2\/categories?post=383033"},{"taxonomy":"post_tag","embeddable":true,"href":"https:\/\/www.medellin.gov.co\/es\/wp-json\/wp\/v2\/tags?post=383033"},{"taxonomy":"formato_nota","embeddable":true,"href":"https:\/\/www.medellin.gov.co\/es\/wp-json\/wp\/v2\/formato_nota?post=383033"},{"taxonomy":"programas_tax","embeddable":true,"href":"https:\/\/www.medellin.gov.co\/es\/wp-json\/wp\/v2\/programas_tax?post=383033"}],"curies":[{"name":"wp","href":"https:\/\/api.w.org\/{rel}","templated":true}]}}