{"id":383318,"date":"2025-02-03T14:26:03","date_gmt":"2025-02-03T19:26:03","guid":{"rendered":"https:\/\/www.medellin.gov.co\/es\/?p=383318"},"modified":"2025-02-03T14:26:03","modified_gmt":"2025-02-03T19:26:03","slug":"medellin-recibe-reconocimiento-internacional-por-su-compromiso-con-las-oportunidades-para-las-mujeres","status":"publish","type":"post","link":"https:\/\/www.medellin.gov.co\/es\/sala-de-prensa\/noticias\/medellin-recibe-reconocimiento-internacional-por-su-compromiso-con-las-oportunidades-para-las-mujeres\/","title":{"rendered":"Medell\u00edn recibe reconocimiento internacional por su compromiso con las oportunidades para las mujeres"},"content":{"rendered":"<ul>\n<li>Mercociudades, la red que re\u00fane a 375 ciudades de Am\u00e9rica Latina, reconoci\u00f3 al Distrito en la XXIX Cumbre en Argentina por su liderazgo en acciones concretas para la garant\u00eda de los derechos de las mujeres.<\/li>\n<li>Es la primera vez que la ciudad recibe este galard\u00f3n, que destaca la calidad de los 53 programas con enfoque de g\u00e9nero en el Plan de Desarrollo \u00abMedell\u00edn Te Quiere\u00bb.<\/li>\n<\/ul>\n<!--[if lt IE 9]><script>document.createElement('audio');<\/script><![endif]-->\n\t<div class=\"wp-playlist wp-audio-playlist wp-playlist-light\">\n\t\t\t<div class=\"wp-playlist-current-item\"><\/div>\n\t\t<audio controls=\"controls\" preload=\"none\" width=\"640\"\n\t\t\t><\/audio>\n\t<div class=\"wp-playlist-next\"><\/div>\n\t<div class=\"wp-playlist-prev\"><\/div>\n\t<noscript>\n\t<ol>\n\t\t<li><a href='https:\/\/www.medellin.gov.co\/es\/wp-content\/uploads\/2025\/02\/Audio-Reconocimiento-Internacional-Compromiso-Mujeres-01.mp3'>Palabras de Valeria Molina G\u00f3mez, secretaria de las Mujeres<\/a><\/li>\t<\/ol>\n\t<\/noscript>\n\t<script type=\"application\/json\" class=\"wp-playlist-script\">{\"type\":\"audio\",\"tracklist\":true,\"tracknumbers\":true,\"images\":true,\"artists\":true,\"tracks\":[{\"src\":\"https:\\\/\\\/www.medellin.gov.co\\\/es\\\/wp-content\\\/uploads\\\/2025\\\/02\\\/Audio-Reconocimiento-Internacional-Compromiso-Mujeres-01.mp3\",\"type\":\"audio\\\/mpeg\",\"title\":\"Palabras de Valeria Molina G\\u00f3mez, secretaria de las Mujeres\",\"caption\":\"\",\"description\":\"\\u00abPalabras de Valeria Molina G\\u00f3mez, secretaria de las Mujeres\\u00bb.\",\"meta\":{\"length_formatted\":\"0:48\"},\"image\":{\"src\":\"https:\\\/\\\/www.medellin.gov.co\\\/es\\\/wp-includes\\\/images\\\/media\\\/audio.png\",\"width\":48,\"height\":64},\"thumb\":{\"src\":\"https:\\\/\\\/www.medellin.gov.co\\\/es\\\/wp-includes\\\/images\\\/media\\\/audio.png\",\"width\":48,\"height\":64}}]}<\/script>\n<\/div>\n\t\n<p>Medell\u00edn contin\u00faa consolid\u00e1ndose como l\u00edder en la promoci\u00f3n de la igualdad de g\u00e9nero en la regi\u00f3n, al recibir un reconocimiento internacional en la XXIX Cumbre de Mercociudades, celebrada en Argentina. Es la primera vez que el Distrito obtiene este galard\u00f3n, que resalta las acciones concretas implementadas por la Alcald\u00eda para mejorar las condiciones de las mujeres, quienes representan el 52 % de la poblaci\u00f3n de la ciudad.<\/p>\n<p>Es as\u00ed como, el jurado destac\u00f3 como una buena pr\u00e1ctica la inclusi\u00f3n del Sello de Igualdad de G\u00e9nero en m\u00e1s de la mitad de los programas del Plan de Desarrollo \u00abMedell\u00edn Te Quiere\u00bb. Esta estrategia permite hacer un seguimiento detallado de los presupuestos destinados, espec\u00edficamente, a generar oportunidades para las mujeres en salud, educaci\u00f3n, empleabilidad y seguridad.<\/p>\n<div id=\"attachment_383324\" style=\"width: 1290px\" class=\"wp-caption alignnone\"><a href=\"https:\/\/www.medellin.gov.co\/es\/wp-content\/uploads\/2025\/02\/Reconocimiento-Internacional-Compromiso-Mujeres-2.jpg\" target=\"_blank\" rel=\"noopener\"><img aria-describedby=\"caption-attachment-383324\" loading=\"lazy\" class=\"wp-image-383324 size-full\" title=\"Medell\u00edn recibe reconocimiento internacional por su compromiso con las oportunidades para las mujeres\" src=\"https:\/\/www.medellin.gov.co\/es\/wp-content\/uploads\/2025\/02\/Reconocimiento-Internacional-Compromiso-Mujeres-2.jpg\" alt=\"Medell\u00edn recibe reconocimiento internacional por su compromiso con las oportunidades para las mujeres\" width=\"1280\" height=\"853\" srcset=\"https:\/\/www.medellin.gov.co\/es\/wp-content\/uploads\/2025\/02\/Reconocimiento-Internacional-Compromiso-Mujeres-2.jpg 1280w, https:\/\/www.medellin.gov.co\/es\/wp-content\/uploads\/2025\/02\/Reconocimiento-Internacional-Compromiso-Mujeres-2-300x200.jpg 300w, https:\/\/www.medellin.gov.co\/es\/wp-content\/uploads\/2025\/02\/Reconocimiento-Internacional-Compromiso-Mujeres-2-1024x682.jpg 1024w, https:\/\/www.medellin.gov.co\/es\/wp-content\/uploads\/2025\/02\/Reconocimiento-Internacional-Compromiso-Mujeres-2-150x100.jpg 150w, https:\/\/www.medellin.gov.co\/es\/wp-content\/uploads\/2025\/02\/Reconocimiento-Internacional-Compromiso-Mujeres-2-768x512.jpg 768w\" sizes=\"(max-width: 1280px) 100vw, 1280px\" \/><\/a><p id=\"caption-attachment-383324\" class=\"wp-caption-text\">Medell\u00edn recibe reconocimiento internacional por su compromiso con las oportunidades para las mujeres &#8211; Foto Alcald\u00eda de Medell\u00edn<\/p><\/div>\n<p>\u00abMercociudades tambi\u00e9n destac\u00f3 la apuesta de Medell\u00edn por el acompa\u00f1amiento a 30 entidades p\u00fablicas y 50 del sector privado, que se sumar\u00e1n para cerrar las brechas de g\u00e9nero. Este esfuerzo conjunto es clave para impulsar la igualdad en todos los sectores de la ciudad\u00bb, expres\u00f3 la secretaria de las Mujeres, Valeria Molina G\u00f3mez.<\/p>\n<p>Adem\u00e1s, el reconocimiento destac\u00f3 la creaci\u00f3n del primer Observatorio de Igualdad de G\u00e9nero de Medell\u00edn, cuya misi\u00f3n es revisar la situaci\u00f3n de cada uno de los derechos de la poblaci\u00f3n femenina para priorizar las acciones necesarias para garantizarlos.<\/p>\n<div id=\"attachment_383322\" style=\"width: 1290px\" class=\"wp-caption alignnone\"><a href=\"https:\/\/www.medellin.gov.co\/es\/wp-content\/uploads\/2025\/02\/Reconocimiento-Internacional-Compromiso-Mujeres-3.jpg\" target=\"_blank\" rel=\"noopener\"><img aria-describedby=\"caption-attachment-383322\" loading=\"lazy\" class=\"wp-image-383322 size-full\" title=\"Medell\u00edn recibe reconocimiento internacional por su compromiso con las oportunidades para las mujeres\" src=\"https:\/\/www.medellin.gov.co\/es\/wp-content\/uploads\/2025\/02\/Reconocimiento-Internacional-Compromiso-Mujeres-3.jpg\" alt=\"Medell\u00edn recibe reconocimiento internacional por su compromiso con las oportunidades para las mujeres\" width=\"1280\" height=\"853\" srcset=\"https:\/\/www.medellin.gov.co\/es\/wp-content\/uploads\/2025\/02\/Reconocimiento-Internacional-Compromiso-Mujeres-3.jpg 1280w, https:\/\/www.medellin.gov.co\/es\/wp-content\/uploads\/2025\/02\/Reconocimiento-Internacional-Compromiso-Mujeres-3-300x200.jpg 300w, https:\/\/www.medellin.gov.co\/es\/wp-content\/uploads\/2025\/02\/Reconocimiento-Internacional-Compromiso-Mujeres-3-1024x682.jpg 1024w, https:\/\/www.medellin.gov.co\/es\/wp-content\/uploads\/2025\/02\/Reconocimiento-Internacional-Compromiso-Mujeres-3-150x100.jpg 150w, https:\/\/www.medellin.gov.co\/es\/wp-content\/uploads\/2025\/02\/Reconocimiento-Internacional-Compromiso-Mujeres-3-768x512.jpg 768w\" sizes=\"(max-width: 1280px) 100vw, 1280px\" \/><\/a><p id=\"caption-attachment-383322\" class=\"wp-caption-text\">Medell\u00edn recibe reconocimiento internacional por su compromiso con las oportunidades para las mujeres &#8211; Foto Alcald\u00eda de Medell\u00edn<\/p><\/div>\n<p>Estas acciones, implementadas en el Plan de Desarrollo del Distrito, tambi\u00e9n son el resultado de un exhaustivo proceso de escucha activa llevado a cabo en las 16 comunas y 5 corregimientos de la ciudad, lo que asegura que las soluciones sean representativas de las verdaderas necesidades de las mujeres.<\/p>\n","protected":false},"excerpt":{"rendered":"<p>Mercociudades, la red que re\u00fane a 375 ciudades de Am\u00e9rica Latina, reconoci\u00f3 al Distrito en la XXIX Cumbre en Argentina por su liderazgo en acciones concretas para la garant\u00eda de los derechos de las mujeres. &#8230;<\/p>\n","protected":false},"author":21,"featured_media":383319,"comment_status":"open","ping_status":"open","sticky":false,"template":"","format":"standard","meta":[],"categories":[15],"tags":[455],"formato_nota":[],"programas_tax":[],"acf":[],"_links":{"self":[{"href":"https:\/\/www.medellin.gov.co\/es\/wp-json\/wp\/v2\/posts\/383318"}],"collection":[{"href":"https:\/\/www.medellin.gov.co\/es\/wp-json\/wp\/v2\/posts"}],"about":[{"href":"https:\/\/www.medellin.gov.co\/es\/wp-json\/wp\/v2\/types\/post"}],"author":[{"embeddable":true,"href":"https:\/\/www.medellin.gov.co\/es\/wp-json\/wp\/v2\/users\/21"}],"replies":[{"embeddable":true,"href":"https:\/\/www.medellin.gov.co\/es\/wp-json\/wp\/v2\/comments?post=383318"}],"version-history":[{"count":2,"href":"https:\/\/www.medellin.gov.co\/es\/wp-json\/wp\/v2\/posts\/383318\/revisions"}],"predecessor-version":[{"id":383333,"href":"https:\/\/www.medellin.gov.co\/es\/wp-json\/wp\/v2\/posts\/383318\/revisions\/383333"}],"wp:featuredmedia":[{"embeddable":true,"href":"https:\/\/www.medellin.gov.co\/es\/wp-json\/wp\/v2\/media\/383319"}],"wp:attachment":[{"href":"https:\/\/www.medellin.gov.co\/es\/wp-json\/wp\/v2\/media?parent=383318"}],"wp:term":[{"taxonomy":"category","embeddable":true,"href":"https:\/\/www.medellin.gov.co\/es\/wp-json\/wp\/v2\/categories?post=383318"},{"taxonomy":"post_tag","embeddable":true,"href":"https:\/\/www.medellin.gov.co\/es\/wp-json\/wp\/v2\/tags?post=383318"},{"taxonomy":"formato_nota","embeddable":true,"href":"https:\/\/www.medellin.gov.co\/es\/wp-json\/wp\/v2\/formato_nota?post=383318"},{"taxonomy":"programas_tax","embeddable":true,"href":"https:\/\/www.medellin.gov.co\/es\/wp-json\/wp\/v2\/programas_tax?post=383318"}],"curies":[{"name":"wp","href":"https:\/\/api.w.org\/{rel}","templated":true}]}}