{"id":383411,"date":"2025-02-03T19:24:53","date_gmt":"2025-02-04T00:24:53","guid":{"rendered":"https:\/\/www.medellin.gov.co\/es\/?p=383411"},"modified":"2025-02-05T09:01:44","modified_gmt":"2025-02-05T14:01:44","slug":"con-el-armario-que-le-daba-miedo-maria-fernanda-gano-el-concurso-de-cuento-infantil-pedrito-botero-en-medellin","status":"publish","type":"post","link":"https:\/\/www.medellin.gov.co\/es\/sala-de-prensa\/noticias\/con-el-armario-que-le-daba-miedo-maria-fernanda-gano-el-concurso-de-cuento-infantil-pedrito-botero-en-medellin\/","title":{"rendered":"Con el armario que le daba miedo, Mar\u00eda Fernanda gan\u00f3 el Concurso de Cuento Infantil Pedrito Botero en Medell\u00edn"},"content":{"rendered":"<blockquote><p><em>La <a href=\"https:\/\/www.bibliotecapiloto.gov.co\/\" target=\"_blank\" rel=\"noopener\">Biblioteca P\u00fablica Piloto de Medell\u00edn para Am\u00e9rica Latina<\/a> premi\u00f3 a finalistas y ganadores del <a href=\"https:\/\/www.bibliotecapiloto.gov.co\/tyc20pedritobotero\/\" target=\"_blank\" rel=\"noopener\">vig\u00e9simo Concurso de Cuento Infantil Pedrito Botero<\/a>. Mar\u00eda Fernanda Castro Urrea gan\u00f3 en cuento escrito en la categor\u00eda 1. Presentamos la historia de esta talentosa ni\u00f1a de <a href=\"http:\/\/www.launion-antioquia.gov.co\/\" target=\"_blank\" rel=\"noopener\">La Uni\u00f3n, Antioquia<\/a>.<\/em><\/p><\/blockquote>\n<p>Una ni\u00f1a pide el micr\u00f3fono. Se para de la silla, sale hacia uno de los pasillos laterales del auditorio y desde ah\u00ed se siente la fuerza de la amistad: <em>\u201cQuiero felicitar a Samantha Osorio, que es mi amiga y estoy muy contenta y orgullosa porque est\u00e1 entre los finalistas\u201d.<\/em> Y llora de la emoci\u00f3n. <em>\u201c\u00a1Aaaayy!\u201d,<\/em> se escucha a modo de coro entre el p\u00fablico. Desde el escenario, Samantha Osorio baja corriendo y se abraza con su amiga. Los espectadores aplauden.<\/p>\n<div id=\"attachment_383421\" style=\"width: 1034px\" class=\"wp-caption alignnone\"><a href=\"https:\/\/www.medellin.gov.co\/es\/wp-content\/uploads\/2025\/02\/CEREMONIA.jpg\" target=\"_blank\" rel=\"noopener\"><img aria-describedby=\"caption-attachment-383421\" loading=\"lazy\" class=\"wp-image-383421 size-large\" src=\"https:\/\/www.medellin.gov.co\/es\/wp-content\/uploads\/2025\/02\/CEREMONIA-1024x768.jpg\" alt=\"Ceremonia de premiaci\u00f3n del vig\u00e9simo Concurso de Cuento Infantil Pedrito Botero.\" width=\"1024\" height=\"768\" srcset=\"https:\/\/www.medellin.gov.co\/es\/wp-content\/uploads\/2025\/02\/CEREMONIA-1024x768.jpg 1024w, https:\/\/www.medellin.gov.co\/es\/wp-content\/uploads\/2025\/02\/CEREMONIA-300x225.jpg 300w, https:\/\/www.medellin.gov.co\/es\/wp-content\/uploads\/2025\/02\/CEREMONIA-150x113.jpg 150w, https:\/\/www.medellin.gov.co\/es\/wp-content\/uploads\/2025\/02\/CEREMONIA-768x576.jpg 768w, https:\/\/www.medellin.gov.co\/es\/wp-content\/uploads\/2025\/02\/CEREMONIA.jpg 1133w\" sizes=\"(max-width: 1024px) 100vw, 1024px\" \/><\/a><p id=\"caption-attachment-383421\" class=\"wp-caption-text\">Ceremonia de premiaci\u00f3n del vig\u00e9simo Concurso de Cuento Infantil Pedrito Botero.<\/p><\/div>\n<p>Sucede durante una ma\u00f1ana de diciembre de 2024 en la premiaci\u00f3n de la <a href=\"https:\/\/www.bibliotecapiloto.gov.co\/tyc20pedritobotero\/\" target=\"_blank\" rel=\"noopener\">vig\u00e9sima edici\u00f3n del Concurso de Cuento Infantil Pedrito Botero<\/a>, organizado por la <a href=\"https:\/\/www.bibliotecapiloto.gov.co\/\" target=\"_blank\" rel=\"noopener\">Biblioteca P\u00fablica Piloto de Medell\u00edn para Am\u00e9rica Latina (BPP)<\/a>, con el apoyo de la Alcald\u00eda de Medell\u00edn y otras entidades p\u00fablicas y privadas. <a href=\"https:\/\/cosmoteca.gov.co\/exposicion\/pedrito-botero\" target=\"_blank\" rel=\"noopener\">Aqu\u00ed puedes ver una exposici\u00f3n digital de esta edici\u00f3n del concurso<\/a>.<\/p>\n\n\t\t<style type=\"text\/css\">\n\t\t\t#gallery-1 {\n\t\t\t\tmargin: auto;\n\t\t\t}\n\t\t\t#gallery-1 .gallery-item {\n\t\t\t\tfloat: left;\n\t\t\t\tmargin-top: 10px;\n\t\t\t\ttext-align: center;\n\t\t\t\twidth: 33%;\n\t\t\t}\n\t\t\t#gallery-1 img {\n\t\t\t\tborder: 2px solid #cfcfcf;\n\t\t\t}\n\t\t\t#gallery-1 .gallery-caption {\n\t\t\t\tmargin-left: 0;\n\t\t\t}\n\t\t\t\/* see gallery_shortcode() in wp-includes\/media.php *\/\n\t\t<\/style>\n\t\t<div id='gallery-1' class='gallery galleryid-383411 gallery-columns-3 gallery-size-large'><dl class='gallery-item'>\n\t\t\t<dt class='gallery-icon landscape'>\n\t\t\t\t<a href='https:\/\/www.medellin.gov.co\/es\/sala-de-prensa\/noticias\/con-el-armario-que-le-daba-miedo-maria-fernanda-gano-el-concurso-de-cuento-infantil-pedrito-botero-en-medellin\/fachada\/'><img width=\"1024\" height=\"768\" src=\"https:\/\/www.medellin.gov.co\/es\/wp-content\/uploads\/2025\/02\/FACHADA-1024x768.jpg\" class=\"attachment-large size-large\" alt=\"Fachada Biblioteca Piloto\" loading=\"lazy\" srcset=\"https:\/\/www.medellin.gov.co\/es\/wp-content\/uploads\/2025\/02\/FACHADA-1024x768.jpg 1024w, https:\/\/www.medellin.gov.co\/es\/wp-content\/uploads\/2025\/02\/FACHADA-300x225.jpg 300w, https:\/\/www.medellin.gov.co\/es\/wp-content\/uploads\/2025\/02\/FACHADA-150x113.jpg 150w, https:\/\/www.medellin.gov.co\/es\/wp-content\/uploads\/2025\/02\/FACHADA-768x576.jpg 768w, https:\/\/www.medellin.gov.co\/es\/wp-content\/uploads\/2025\/02\/FACHADA.jpg 1133w\" sizes=\"(max-width: 1024px) 100vw, 1024px\" \/><\/a>\n\t\t\t<\/dt><\/dl><dl class='gallery-item'>\n\t\t\t<dt class='gallery-icon landscape'>\n\t\t\t\t<a href='https:\/\/www.medellin.gov.co\/es\/sala-de-prensa\/noticias\/con-el-armario-que-le-daba-miedo-maria-fernanda-gano-el-concurso-de-cuento-infantil-pedrito-botero-en-medellin\/panoramica-2\/'><img width=\"1024\" height=\"768\" src=\"https:\/\/www.medellin.gov.co\/es\/wp-content\/uploads\/2025\/02\/PANORAMICA-1024x768.jpg\" class=\"attachment-large size-large\" alt=\"Biblioteca Piloto\" loading=\"lazy\" srcset=\"https:\/\/www.medellin.gov.co\/es\/wp-content\/uploads\/2025\/02\/PANORAMICA-1024x768.jpg 1024w, https:\/\/www.medellin.gov.co\/es\/wp-content\/uploads\/2025\/02\/PANORAMICA-300x225.jpg 300w, https:\/\/www.medellin.gov.co\/es\/wp-content\/uploads\/2025\/02\/PANORAMICA-150x113.jpg 150w, https:\/\/www.medellin.gov.co\/es\/wp-content\/uploads\/2025\/02\/PANORAMICA-768x576.jpg 768w, https:\/\/www.medellin.gov.co\/es\/wp-content\/uploads\/2025\/02\/PANORAMICA.jpg 1133w\" sizes=\"(max-width: 1024px) 100vw, 1024px\" \/><\/a>\n\t\t\t<\/dt><\/dl><dl class='gallery-item'>\n\t\t\t<dt class='gallery-icon landscape'>\n\t\t\t\t<a href='https:\/\/www.medellin.gov.co\/es\/sala-de-prensa\/noticias\/con-el-armario-que-le-daba-miedo-maria-fernanda-gano-el-concurso-de-cuento-infantil-pedrito-botero-en-medellin\/rostros-finalistas\/'><img width=\"1024\" height=\"768\" src=\"https:\/\/www.medellin.gov.co\/es\/wp-content\/uploads\/2025\/02\/ROSTROS-FINALISTAS-1024x768.jpg\" class=\"attachment-large size-large\" alt=\"Ni\u00f1os finalistas\" loading=\"lazy\" srcset=\"https:\/\/www.medellin.gov.co\/es\/wp-content\/uploads\/2025\/02\/ROSTROS-FINALISTAS-1024x768.jpg 1024w, https:\/\/www.medellin.gov.co\/es\/wp-content\/uploads\/2025\/02\/ROSTROS-FINALISTAS-300x225.jpg 300w, https:\/\/www.medellin.gov.co\/es\/wp-content\/uploads\/2025\/02\/ROSTROS-FINALISTAS-150x113.jpg 150w, https:\/\/www.medellin.gov.co\/es\/wp-content\/uploads\/2025\/02\/ROSTROS-FINALISTAS-768x576.jpg 768w, https:\/\/www.medellin.gov.co\/es\/wp-content\/uploads\/2025\/02\/ROSTROS-FINALISTAS.jpg 1133w\" sizes=\"(max-width: 1024px) 100vw, 1024px\" \/><\/a>\n\t\t\t<\/dt><\/dl><br style=\"clear: both\" \/>\n\t\t<\/div>\n\n<h6>Biblioteca P\u00fablica Piloto y ni\u00f1os participantes en el Concurso de Cuento Infantil Pedrito Botero.<\/h6>\n<p>En el escenario del auditorio Torre de la Memoria de la BPP est\u00e1n los finalistas de las dos categor\u00edas del concurso: 1, de 7 a 10 a\u00f1os, y 2, de 11 a 13 a\u00f1os, que esta vez, como novedad, adem\u00e1s de cuento escrito, abri\u00f3 la opci\u00f3n de participar en los formatos de c\u00f3mic y audio.<\/p>\n\n\t\t<style type=\"text\/css\">\n\t\t\t#gallery-2 {\n\t\t\t\tmargin: auto;\n\t\t\t}\n\t\t\t#gallery-2 .gallery-item {\n\t\t\t\tfloat: left;\n\t\t\t\tmargin-top: 10px;\n\t\t\t\ttext-align: center;\n\t\t\t\twidth: 50%;\n\t\t\t}\n\t\t\t#gallery-2 img {\n\t\t\t\tborder: 2px solid #cfcfcf;\n\t\t\t}\n\t\t\t#gallery-2 .gallery-caption {\n\t\t\t\tmargin-left: 0;\n\t\t\t}\n\t\t\t\/* see gallery_shortcode() in wp-includes\/media.php *\/\n\t\t<\/style>\n\t\t<div id='gallery-2' class='gallery galleryid-383411 gallery-columns-2 gallery-size-large'><dl class='gallery-item'>\n\t\t\t<dt class='gallery-icon landscape'>\n\t\t\t\t<a href='https:\/\/www.medellin.gov.co\/es\/sala-de-prensa\/noticias\/con-el-armario-que-le-daba-miedo-maria-fernanda-gano-el-concurso-de-cuento-infantil-pedrito-botero-en-medellin\/escenario\/'><img width=\"1024\" height=\"768\" src=\"https:\/\/www.medellin.gov.co\/es\/wp-content\/uploads\/2025\/02\/ESCENARIO-1024x768.jpg\" class=\"attachment-large size-large\" alt=\"Presentaci\u00f3n Biblioteca P\u00fablica Piloto\" loading=\"lazy\" srcset=\"https:\/\/www.medellin.gov.co\/es\/wp-content\/uploads\/2025\/02\/ESCENARIO-1024x768.jpg 1024w, https:\/\/www.medellin.gov.co\/es\/wp-content\/uploads\/2025\/02\/ESCENARIO-300x225.jpg 300w, https:\/\/www.medellin.gov.co\/es\/wp-content\/uploads\/2025\/02\/ESCENARIO-150x113.jpg 150w, https:\/\/www.medellin.gov.co\/es\/wp-content\/uploads\/2025\/02\/ESCENARIO-768x576.jpg 768w, https:\/\/www.medellin.gov.co\/es\/wp-content\/uploads\/2025\/02\/ESCENARIO.jpg 1133w\" sizes=\"(max-width: 1024px) 100vw, 1024px\" \/><\/a>\n\t\t\t<\/dt><\/dl><dl class='gallery-item'>\n\t\t\t<dt class='gallery-icon landscape'>\n\t\t\t\t<a href='https:\/\/www.medellin.gov.co\/es\/sala-de-prensa\/noticias\/con-el-armario-que-le-daba-miedo-maria-fernanda-gano-el-concurso-de-cuento-infantil-pedrito-botero-en-medellin\/auditorio\/'><img width=\"1024\" height=\"768\" src=\"https:\/\/www.medellin.gov.co\/es\/wp-content\/uploads\/2025\/02\/AUDITORIO-1024x768.jpg\" class=\"attachment-large size-large\" alt=\"Auditorio Biblioteca P\u00fablica Piloto\" loading=\"lazy\" srcset=\"https:\/\/www.medellin.gov.co\/es\/wp-content\/uploads\/2025\/02\/AUDITORIO-1024x768.jpg 1024w, https:\/\/www.medellin.gov.co\/es\/wp-content\/uploads\/2025\/02\/AUDITORIO-300x225.jpg 300w, https:\/\/www.medellin.gov.co\/es\/wp-content\/uploads\/2025\/02\/AUDITORIO-150x113.jpg 150w, https:\/\/www.medellin.gov.co\/es\/wp-content\/uploads\/2025\/02\/AUDITORIO-768x576.jpg 768w, https:\/\/www.medellin.gov.co\/es\/wp-content\/uploads\/2025\/02\/AUDITORIO.jpg 1133w\" sizes=\"(max-width: 1024px) 100vw, 1024px\" \/><\/a>\n\t\t\t<\/dt><\/dl><br style=\"clear: both\" \/>\n\t\t<\/div>\n\n<h6>Auditorio Torre de la Memoria de la Biblioteca P\u00fablica Piloto.<\/h6>\n<p>Entre los finalistas de la categor\u00eda 1 sobresale una rubia de mo\u00f1o blanco, delgada, alta, sentada atr\u00e1s, al final del grupo. Es Mar\u00eda Fernanda Castro Urrea, quien luego recibi\u00f3 la noticia de que fue la ganadora de su categor\u00eda en cuento escrito.<\/p>\n\n\t\t<style type=\"text\/css\">\n\t\t\t#gallery-3 {\n\t\t\t\tmargin: auto;\n\t\t\t}\n\t\t\t#gallery-3 .gallery-item {\n\t\t\t\tfloat: left;\n\t\t\t\tmargin-top: 10px;\n\t\t\t\ttext-align: center;\n\t\t\t\twidth: 50%;\n\t\t\t}\n\t\t\t#gallery-3 img {\n\t\t\t\tborder: 2px solid #cfcfcf;\n\t\t\t}\n\t\t\t#gallery-3 .gallery-caption {\n\t\t\t\tmargin-left: 0;\n\t\t\t}\n\t\t\t\/* see gallery_shortcode() in wp-includes\/media.php *\/\n\t\t<\/style>\n\t\t<div id='gallery-3' class='gallery galleryid-383411 gallery-columns-2 gallery-size-large'><dl class='gallery-item'>\n\t\t\t<dt class='gallery-icon landscape'>\n\t\t\t\t<a href='https:\/\/www.medellin.gov.co\/es\/sala-de-prensa\/noticias\/con-el-armario-que-le-daba-miedo-maria-fernanda-gano-el-concurso-de-cuento-infantil-pedrito-botero-en-medellin\/tu-voz\/'><img width=\"1024\" height=\"768\" src=\"https:\/\/www.medellin.gov.co\/es\/wp-content\/uploads\/2025\/02\/TU-VOZ-1024x768.jpg\" class=\"attachment-large size-large\" alt=\"Premios Biblioteca P\u00fablica Piloto\" loading=\"lazy\" srcset=\"https:\/\/www.medellin.gov.co\/es\/wp-content\/uploads\/2025\/02\/TU-VOZ-1024x768.jpg 1024w, https:\/\/www.medellin.gov.co\/es\/wp-content\/uploads\/2025\/02\/TU-VOZ-300x225.jpg 300w, https:\/\/www.medellin.gov.co\/es\/wp-content\/uploads\/2025\/02\/TU-VOZ-150x113.jpg 150w, https:\/\/www.medellin.gov.co\/es\/wp-content\/uploads\/2025\/02\/TU-VOZ-768x576.jpg 768w, https:\/\/www.medellin.gov.co\/es\/wp-content\/uploads\/2025\/02\/TU-VOZ.jpg 1133w\" sizes=\"(max-width: 1024px) 100vw, 1024px\" \/><\/a>\n\t\t\t<\/dt><\/dl><dl class='gallery-item'>\n\t\t\t<dt class='gallery-icon landscape'>\n\t\t\t\t<a href='https:\/\/www.medellin.gov.co\/es\/sala-de-prensa\/noticias\/con-el-armario-que-le-daba-miedo-maria-fernanda-gano-el-concurso-de-cuento-infantil-pedrito-botero-en-medellin\/dinosaurio\/'><img width=\"1024\" height=\"768\" src=\"https:\/\/www.medellin.gov.co\/es\/wp-content\/uploads\/2025\/02\/DINOSAURIO-1024x768.jpg\" class=\"attachment-large size-large\" alt=\"Presentaci\u00f3n Premios Biblioteca P\u00fablica Piloto\" loading=\"lazy\" srcset=\"https:\/\/www.medellin.gov.co\/es\/wp-content\/uploads\/2025\/02\/DINOSAURIO-1024x768.jpg 1024w, https:\/\/www.medellin.gov.co\/es\/wp-content\/uploads\/2025\/02\/DINOSAURIO-300x225.jpg 300w, https:\/\/www.medellin.gov.co\/es\/wp-content\/uploads\/2025\/02\/DINOSAURIO-150x113.jpg 150w, https:\/\/www.medellin.gov.co\/es\/wp-content\/uploads\/2025\/02\/DINOSAURIO-768x576.jpg 768w, https:\/\/www.medellin.gov.co\/es\/wp-content\/uploads\/2025\/02\/DINOSAURIO.jpg 1133w\" sizes=\"(max-width: 1024px) 100vw, 1024px\" \/><\/a>\n\t\t\t<\/dt><\/dl><br style=\"clear: both\" \/>\n\t\t<\/div>\n\n<h6>En ambas im\u00e1genes Mar\u00eda Fernanda se ve a la izquierda, atr\u00e1s.<\/h6>\n<p><strong>La Uni\u00f3n<\/strong><\/p>\n<h6><div class=\"iframe-container\"><iframe title=\"YouTube video player\" src=\"https:\/\/www.youtube.com\/embed\/0kli4KH7C7U?si=XW-uAwiT5aZe3Lu4\" width=\"100%\" height=\"350\" frameborder=\"0\" allowfullscreen=\"allowfullscreen\" data-mce-fragment=\"1\"><span data-mce-type=\"bookmark\" style=\"display: inline-block; width: 0px; overflow: hidden; line-height: 0;\" class=\"mce_SELRES_start\">\ufeff<\/span><\/iframe><\/div>Mar\u00eda Fernanda Castro Urrea estudia en <a href=\"http:\/\/www.launion-antioquia.gov.co\/\" target=\"_blank\" rel=\"noopener\">La Uni\u00f3n<\/a> en la Fundaci\u00f3n para el Bienestar del Ni\u00f1o (Funpabini).<\/h6>\n<p>Mar\u00eda Fernanda es de <a href=\"http:\/\/www.launion-antioquia.gov.co\/\" target=\"_blank\" rel=\"noopener\">La Uni\u00f3n, municipio del Oriente de Antioquia<\/a>. Desde all\u00e1 lleg\u00f3 con sus padres, Fil\u00e1nderson Castro y Mar\u00eda Alejandra Urrea, quienes la acompa\u00f1aron en la ceremonia. El pap\u00e1 es psic\u00f3logo y es de <a href=\"https:\/\/laceja-antioquia.gov.co\/publicaciones\/56\/informacion-del-municipio\/\" target=\"_blank\" rel=\"noopener\">La Ceja, tambi\u00e9n en el Oriente<\/a>, mientras que la mam\u00e1 es de <a href=\"http:\/\/www.launion-antioquia.gov.co\/\" target=\"_blank\" rel=\"noopener\">La Uni\u00f3n<\/a> y es administradora de propiedad horizontal.<\/p>\n<div id=\"attachment_383435\" style=\"width: 1034px\" class=\"wp-caption alignnone\"><a href=\"https:\/\/www.medellin.gov.co\/es\/wp-content\/uploads\/2025\/02\/FAMILIA.jpg\" target=\"_blank\" rel=\"noopener\"><img aria-describedby=\"caption-attachment-383435\" loading=\"lazy\" class=\"wp-image-383435 size-large\" src=\"https:\/\/www.medellin.gov.co\/es\/wp-content\/uploads\/2025\/02\/FAMILIA-1024x768.jpg\" alt=\"Mar\u00eda Fernanda con sus padres.\" width=\"1024\" height=\"768\" srcset=\"https:\/\/www.medellin.gov.co\/es\/wp-content\/uploads\/2025\/02\/FAMILIA-1024x768.jpg 1024w, https:\/\/www.medellin.gov.co\/es\/wp-content\/uploads\/2025\/02\/FAMILIA-300x225.jpg 300w, https:\/\/www.medellin.gov.co\/es\/wp-content\/uploads\/2025\/02\/FAMILIA-150x113.jpg 150w, https:\/\/www.medellin.gov.co\/es\/wp-content\/uploads\/2025\/02\/FAMILIA-768x576.jpg 768w, https:\/\/www.medellin.gov.co\/es\/wp-content\/uploads\/2025\/02\/FAMILIA.jpg 1133w\" sizes=\"(max-width: 1024px) 100vw, 1024px\" \/><\/a><p id=\"caption-attachment-383435\" class=\"wp-caption-text\">Mar\u00eda Fernanda con sus padres.<\/p><\/div>\n<p>En esta edici\u00f3n del concurso la BPP recibi\u00f3 2137 historias de ni\u00f1os y j\u00f3venes habitantes de 41 municipios de Antioquia, incluyendo a Medell\u00edn: 2004 escritas, 118 c\u00f3mics y 15 en audio.<\/p>\n\n\t\t<style type=\"text\/css\">\n\t\t\t#gallery-4 {\n\t\t\t\tmargin: auto;\n\t\t\t}\n\t\t\t#gallery-4 .gallery-item {\n\t\t\t\tfloat: left;\n\t\t\t\tmargin-top: 10px;\n\t\t\t\ttext-align: center;\n\t\t\t\twidth: 33%;\n\t\t\t}\n\t\t\t#gallery-4 img {\n\t\t\t\tborder: 2px solid #cfcfcf;\n\t\t\t}\n\t\t\t#gallery-4 .gallery-caption {\n\t\t\t\tmargin-left: 0;\n\t\t\t}\n\t\t\t\/* see gallery_shortcode() in wp-includes\/media.php *\/\n\t\t<\/style>\n\t\t<div id='gallery-4' class='gallery galleryid-383411 gallery-columns-3 gallery-size-large'><dl class='gallery-item'>\n\t\t\t<dt class='gallery-icon landscape'>\n\t\t\t\t<a href='https:\/\/www.medellin.gov.co\/es\/sala-de-prensa\/noticias\/con-el-armario-que-le-daba-miedo-maria-fernanda-gano-el-concurso-de-cuento-infantil-pedrito-botero-en-medellin\/actriz\/'><img width=\"1024\" height=\"768\" src=\"https:\/\/www.medellin.gov.co\/es\/wp-content\/uploads\/2025\/02\/ACTRIZ-1024x768.jpg\" class=\"attachment-large size-large\" alt=\"\" loading=\"lazy\" srcset=\"https:\/\/www.medellin.gov.co\/es\/wp-content\/uploads\/2025\/02\/ACTRIZ-1024x768.jpg 1024w, https:\/\/www.medellin.gov.co\/es\/wp-content\/uploads\/2025\/02\/ACTRIZ-300x225.jpg 300w, https:\/\/www.medellin.gov.co\/es\/wp-content\/uploads\/2025\/02\/ACTRIZ-150x113.jpg 150w, https:\/\/www.medellin.gov.co\/es\/wp-content\/uploads\/2025\/02\/ACTRIZ-768x576.jpg 768w, https:\/\/www.medellin.gov.co\/es\/wp-content\/uploads\/2025\/02\/ACTRIZ.jpg 1133w\" sizes=\"(max-width: 1024px) 100vw, 1024px\" \/><\/a>\n\t\t\t<\/dt><\/dl><dl class='gallery-item'>\n\t\t\t<dt class='gallery-icon landscape'>\n\t\t\t\t<a href='https:\/\/www.medellin.gov.co\/es\/sala-de-prensa\/noticias\/con-el-armario-que-le-daba-miedo-maria-fernanda-gano-el-concurso-de-cuento-infantil-pedrito-botero-en-medellin\/interior-infantil\/'><img width=\"1024\" height=\"768\" src=\"https:\/\/www.medellin.gov.co\/es\/wp-content\/uploads\/2025\/02\/INTERIOR-INFANTIL-1024x768.jpg\" class=\"attachment-large size-large\" alt=\"\" loading=\"lazy\" srcset=\"https:\/\/www.medellin.gov.co\/es\/wp-content\/uploads\/2025\/02\/INTERIOR-INFANTIL-1024x768.jpg 1024w, https:\/\/www.medellin.gov.co\/es\/wp-content\/uploads\/2025\/02\/INTERIOR-INFANTIL-300x225.jpg 300w, https:\/\/www.medellin.gov.co\/es\/wp-content\/uploads\/2025\/02\/INTERIOR-INFANTIL-150x113.jpg 150w, https:\/\/www.medellin.gov.co\/es\/wp-content\/uploads\/2025\/02\/INTERIOR-INFANTIL-768x576.jpg 768w, https:\/\/www.medellin.gov.co\/es\/wp-content\/uploads\/2025\/02\/INTERIOR-INFANTIL.jpg 1133w\" sizes=\"(max-width: 1024px) 100vw, 1024px\" \/><\/a>\n\t\t\t<\/dt><\/dl><dl class='gallery-item'>\n\t\t\t<dt class='gallery-icon landscape'>\n\t\t\t\t<a href='https:\/\/www.medellin.gov.co\/es\/sala-de-prensa\/noticias\/con-el-armario-que-le-daba-miedo-maria-fernanda-gano-el-concurso-de-cuento-infantil-pedrito-botero-en-medellin\/raton\/'><img width=\"1024\" height=\"768\" src=\"https:\/\/www.medellin.gov.co\/es\/wp-content\/uploads\/2025\/02\/RATON-1024x768.jpg\" class=\"attachment-large size-large\" alt=\"\" loading=\"lazy\" srcset=\"https:\/\/www.medellin.gov.co\/es\/wp-content\/uploads\/2025\/02\/RATON-1024x768.jpg 1024w, https:\/\/www.medellin.gov.co\/es\/wp-content\/uploads\/2025\/02\/RATON-300x225.jpg 300w, https:\/\/www.medellin.gov.co\/es\/wp-content\/uploads\/2025\/02\/RATON-150x113.jpg 150w, https:\/\/www.medellin.gov.co\/es\/wp-content\/uploads\/2025\/02\/RATON-768x576.jpg 768w, https:\/\/www.medellin.gov.co\/es\/wp-content\/uploads\/2025\/02\/RATON.jpg 1133w\" sizes=\"(max-width: 1024px) 100vw, 1024px\" \/><\/a>\n\t\t\t<\/dt><\/dl><br style=\"clear: both\" \/>\n\t\t<\/div>\n\n<h6>Con el Concurso de Cuento Infantil Pedrito Botero, la BPP fomenta la escritura y la lectura en ni\u00f1os y adolescentes.<\/h6>\n<p>Cuando abrieron el espacio para la participaci\u00f3n del p\u00fablico, momentos en los que ocurri\u00f3 el conmovedor abrazo entre Samantha Osorio P\u00e9rez \u2013 finalista de la categor\u00eda 1 en cuento escrito con <em>L\u00e1stima que estaba en otro planeta \u2013<\/em> y su amiga, varios espectadores pidieron la palabra. Se escuch\u00f3 el acento venezolano y el de un hombre peruano que acompa\u00f1\u00f3 a su hijo nacido en Medell\u00edn.<\/p>\n<p>Hubo padres de familia, profesores y ni\u00f1os que fueron a apoyar a sus amigos o parientes. <a href=\"https:\/\/antioquia.gov.co\/municipio-de-san-jose-de-la-montana\" target=\"_blank\" rel=\"noopener\">San Jos\u00e9 de la Monta\u00f1a (Norte)<\/a> y <a href=\"http:\/\/antioquia.gov.co\/index.php\/uramita\" target=\"_blank\" rel=\"noopener\">Uramita (Occidente)<\/a> fueron otros de los municipios mencionados por los asistentes.<\/p>\n\n\t\t<style type=\"text\/css\">\n\t\t\t#gallery-5 {\n\t\t\t\tmargin: auto;\n\t\t\t}\n\t\t\t#gallery-5 .gallery-item {\n\t\t\t\tfloat: left;\n\t\t\t\tmargin-top: 10px;\n\t\t\t\ttext-align: center;\n\t\t\t\twidth: 50%;\n\t\t\t}\n\t\t\t#gallery-5 img {\n\t\t\t\tborder: 2px solid #cfcfcf;\n\t\t\t}\n\t\t\t#gallery-5 .gallery-caption {\n\t\t\t\tmargin-left: 0;\n\t\t\t}\n\t\t\t\/* see gallery_shortcode() in wp-includes\/media.php *\/\n\t\t<\/style>\n\t\t<div id='gallery-5' class='gallery galleryid-383411 gallery-columns-2 gallery-size-large'><dl class='gallery-item'>\n\t\t\t<dt class='gallery-icon landscape'>\n\t\t\t\t<a href='https:\/\/www.medellin.gov.co\/es\/sala-de-prensa\/noticias\/con-el-armario-que-le-daba-miedo-maria-fernanda-gano-el-concurso-de-cuento-infantil-pedrito-botero-en-medellin\/nino\/'><img width=\"1024\" height=\"768\" src=\"https:\/\/www.medellin.gov.co\/es\/wp-content\/uploads\/2025\/02\/NINO-1024x768.jpg\" class=\"attachment-large size-large\" alt=\"\" loading=\"lazy\" srcset=\"https:\/\/www.medellin.gov.co\/es\/wp-content\/uploads\/2025\/02\/NINO-1024x768.jpg 1024w, https:\/\/www.medellin.gov.co\/es\/wp-content\/uploads\/2025\/02\/NINO-300x225.jpg 300w, https:\/\/www.medellin.gov.co\/es\/wp-content\/uploads\/2025\/02\/NINO-150x113.jpg 150w, https:\/\/www.medellin.gov.co\/es\/wp-content\/uploads\/2025\/02\/NINO-768x576.jpg 768w, https:\/\/www.medellin.gov.co\/es\/wp-content\/uploads\/2025\/02\/NINO.jpg 1133w\" sizes=\"(max-width: 1024px) 100vw, 1024px\" \/><\/a>\n\t\t\t<\/dt><\/dl><dl class='gallery-item'>\n\t\t\t<dt class='gallery-icon landscape'>\n\t\t\t\t<a href='https:\/\/www.medellin.gov.co\/es\/sala-de-prensa\/noticias\/con-el-armario-que-le-daba-miedo-maria-fernanda-gano-el-concurso-de-cuento-infantil-pedrito-botero-en-medellin\/publico\/'><img width=\"1024\" height=\"768\" src=\"https:\/\/www.medellin.gov.co\/es\/wp-content\/uploads\/2025\/02\/PUBLICO-1024x768.jpg\" class=\"attachment-large size-large\" alt=\"\" loading=\"lazy\" srcset=\"https:\/\/www.medellin.gov.co\/es\/wp-content\/uploads\/2025\/02\/PUBLICO-1024x768.jpg 1024w, https:\/\/www.medellin.gov.co\/es\/wp-content\/uploads\/2025\/02\/PUBLICO-300x225.jpg 300w, https:\/\/www.medellin.gov.co\/es\/wp-content\/uploads\/2025\/02\/PUBLICO-150x113.jpg 150w, https:\/\/www.medellin.gov.co\/es\/wp-content\/uploads\/2025\/02\/PUBLICO-768x576.jpg 768w, https:\/\/www.medellin.gov.co\/es\/wp-content\/uploads\/2025\/02\/PUBLICO.jpg 1133w\" sizes=\"(max-width: 1024px) 100vw, 1024px\" \/><\/a>\n\t\t\t<\/dt><\/dl><br style=\"clear: both\" \/>\n\t\t<\/div>\n\n<h6>Ni\u00f1os, j\u00f3venes y adultos acompa\u00f1aron a los finalistas y ganadores de la vig\u00e9sima edici\u00f3n del concurso.<\/h6>\n<p>Luego sigui\u00f3 la premiaci\u00f3n. Los presentadores llamaron a participantes de ambas categor\u00edas para que se pararan en el fondo del escenario, de frente al p\u00fablico. Mar\u00eda Fernanda no estuvo entre los nombrados, por lo que permaneci\u00f3 en su silla.<\/p>\n\n\t\t<style type=\"text\/css\">\n\t\t\t#gallery-6 {\n\t\t\t\tmargin: auto;\n\t\t\t}\n\t\t\t#gallery-6 .gallery-item {\n\t\t\t\tfloat: left;\n\t\t\t\tmargin-top: 10px;\n\t\t\t\ttext-align: center;\n\t\t\t\twidth: 50%;\n\t\t\t}\n\t\t\t#gallery-6 img {\n\t\t\t\tborder: 2px solid #cfcfcf;\n\t\t\t}\n\t\t\t#gallery-6 .gallery-caption {\n\t\t\t\tmargin-left: 0;\n\t\t\t}\n\t\t\t\/* see gallery_shortcode() in wp-includes\/media.php *\/\n\t\t<\/style>\n\t\t<div id='gallery-6' class='gallery galleryid-383411 gallery-columns-2 gallery-size-large'><dl class='gallery-item'>\n\t\t\t<dt class='gallery-icon landscape'>\n\t\t\t\t<a href='https:\/\/www.medellin.gov.co\/es\/sala-de-prensa\/noticias\/con-el-armario-que-le-daba-miedo-maria-fernanda-gano-el-concurso-de-cuento-infantil-pedrito-botero-en-medellin\/parados\/'><img width=\"1024\" height=\"768\" src=\"https:\/\/www.medellin.gov.co\/es\/wp-content\/uploads\/2025\/02\/PARADOS-1024x768.jpg\" class=\"attachment-large size-large\" alt=\"\" loading=\"lazy\" srcset=\"https:\/\/www.medellin.gov.co\/es\/wp-content\/uploads\/2025\/02\/PARADOS-1024x768.jpg 1024w, https:\/\/www.medellin.gov.co\/es\/wp-content\/uploads\/2025\/02\/PARADOS-300x225.jpg 300w, https:\/\/www.medellin.gov.co\/es\/wp-content\/uploads\/2025\/02\/PARADOS-150x113.jpg 150w, https:\/\/www.medellin.gov.co\/es\/wp-content\/uploads\/2025\/02\/PARADOS-768x576.jpg 768w, https:\/\/www.medellin.gov.co\/es\/wp-content\/uploads\/2025\/02\/PARADOS.jpg 1133w\" sizes=\"(max-width: 1024px) 100vw, 1024px\" \/><\/a>\n\t\t\t<\/dt><\/dl><dl class='gallery-item'>\n\t\t\t<dt class='gallery-icon landscape'>\n\t\t\t\t<a href='https:\/\/www.medellin.gov.co\/es\/sala-de-prensa\/noticias\/con-el-armario-que-le-daba-miedo-maria-fernanda-gano-el-concurso-de-cuento-infantil-pedrito-botero-en-medellin\/eduard-pereira\/'><img width=\"1024\" height=\"768\" src=\"https:\/\/www.medellin.gov.co\/es\/wp-content\/uploads\/2025\/02\/EDUARD-PEREIRA-1024x768.jpg\" class=\"attachment-large size-large\" alt=\"\" loading=\"lazy\" srcset=\"https:\/\/www.medellin.gov.co\/es\/wp-content\/uploads\/2025\/02\/EDUARD-PEREIRA-1024x768.jpg 1024w, https:\/\/www.medellin.gov.co\/es\/wp-content\/uploads\/2025\/02\/EDUARD-PEREIRA-300x225.jpg 300w, https:\/\/www.medellin.gov.co\/es\/wp-content\/uploads\/2025\/02\/EDUARD-PEREIRA-150x113.jpg 150w, https:\/\/www.medellin.gov.co\/es\/wp-content\/uploads\/2025\/02\/EDUARD-PEREIRA-768x576.jpg 768w, https:\/\/www.medellin.gov.co\/es\/wp-content\/uploads\/2025\/02\/EDUARD-PEREIRA.jpg 1133w\" sizes=\"(max-width: 1024px) 100vw, 1024px\" \/><\/a>\n\t\t\t<\/dt><\/dl><br style=\"clear: both\" \/>\n\t\t<\/div>\n\n<h6>A la izquierda, atr\u00e1s, Mar\u00eda Fernanda en el grupo de sentados mientras llamaban a los finalistas para que se pararan en el fondo del escenario | El escritor Eduard Pereira Jaramillo fue uno de los jurados del formato cuento escrito en el vig\u00e9simo Concurso de Cuento Infantil Pedrito Botero<\/h6>\n<p><strong><em>El ropero de la abuela<\/em><\/strong><\/p>\n<p>Ya termin\u00f3 la ceremonia. En la Sala infantil Pedrito Botero Mar\u00eda Fernanda confiesa que pens\u00f3 que no la iban a llamar. Claro, primero enunciaron y premiaron a los finalistas y, despu\u00e9s, a los ganadores. Fue entonces cuando ella se par\u00f3 y pas\u00f3 por su reconocimiento: diploma, termo, cartuchera y un computador port\u00e1til.<\/p>\n\n\t\t<style type=\"text\/css\">\n\t\t\t#gallery-7 {\n\t\t\t\tmargin: auto;\n\t\t\t}\n\t\t\t#gallery-7 .gallery-item {\n\t\t\t\tfloat: left;\n\t\t\t\tmargin-top: 10px;\n\t\t\t\ttext-align: center;\n\t\t\t\twidth: 50%;\n\t\t\t}\n\t\t\t#gallery-7 img {\n\t\t\t\tborder: 2px solid #cfcfcf;\n\t\t\t}\n\t\t\t#gallery-7 .gallery-caption {\n\t\t\t\tmargin-left: 0;\n\t\t\t}\n\t\t\t\/* see gallery_shortcode() in wp-includes\/media.php *\/\n\t\t<\/style>\n\t\t<div id='gallery-7' class='gallery galleryid-383411 gallery-columns-2 gallery-size-large'><dl class='gallery-item'>\n\t\t\t<dt class='gallery-icon landscape'>\n\t\t\t\t<a href='https:\/\/www.medellin.gov.co\/es\/sala-de-prensa\/noticias\/con-el-armario-que-le-daba-miedo-maria-fernanda-gano-el-concurso-de-cuento-infantil-pedrito-botero-en-medellin\/libro-concurso\/'><img width=\"1024\" height=\"768\" src=\"https:\/\/www.medellin.gov.co\/es\/wp-content\/uploads\/2025\/02\/LIBRO-CONCURSO-1024x768.jpg\" class=\"attachment-large size-large\" alt=\"\" loading=\"lazy\" srcset=\"https:\/\/www.medellin.gov.co\/es\/wp-content\/uploads\/2025\/02\/LIBRO-CONCURSO-1024x768.jpg 1024w, https:\/\/www.medellin.gov.co\/es\/wp-content\/uploads\/2025\/02\/LIBRO-CONCURSO-300x225.jpg 300w, https:\/\/www.medellin.gov.co\/es\/wp-content\/uploads\/2025\/02\/LIBRO-CONCURSO-150x113.jpg 150w, https:\/\/www.medellin.gov.co\/es\/wp-content\/uploads\/2025\/02\/LIBRO-CONCURSO-768x576.jpg 768w, https:\/\/www.medellin.gov.co\/es\/wp-content\/uploads\/2025\/02\/LIBRO-CONCURSO.jpg 1133w\" sizes=\"(max-width: 1024px) 100vw, 1024px\" \/><\/a>\n\t\t\t<\/dt><\/dl><dl class='gallery-item'>\n\t\t\t<dt class='gallery-icon landscape'>\n\t\t\t\t<a href='https:\/\/www.medellin.gov.co\/es\/sala-de-prensa\/noticias\/con-el-armario-que-le-daba-miedo-maria-fernanda-gano-el-concurso-de-cuento-infantil-pedrito-botero-en-medellin\/premio-2\/'><img width=\"1024\" height=\"768\" src=\"https:\/\/www.medellin.gov.co\/es\/wp-content\/uploads\/2025\/02\/PREMIO-1024x768.jpg\" class=\"attachment-large size-large\" alt=\"\" loading=\"lazy\" srcset=\"https:\/\/www.medellin.gov.co\/es\/wp-content\/uploads\/2025\/02\/PREMIO-1024x768.jpg 1024w, https:\/\/www.medellin.gov.co\/es\/wp-content\/uploads\/2025\/02\/PREMIO-300x225.jpg 300w, https:\/\/www.medellin.gov.co\/es\/wp-content\/uploads\/2025\/02\/PREMIO-150x113.jpg 150w, https:\/\/www.medellin.gov.co\/es\/wp-content\/uploads\/2025\/02\/PREMIO-768x576.jpg 768w, https:\/\/www.medellin.gov.co\/es\/wp-content\/uploads\/2025\/02\/PREMIO.jpg 1133w\" sizes=\"(max-width: 1024px) 100vw, 1024px\" \/><\/a>\n\t\t\t<\/dt><\/dl><br style=\"clear: both\" \/>\n\t\t<\/div>\n\n<h6>Mar\u00eda Fernanda con su premio y leyendo el libro de la vig\u00e9sima edici\u00f3n del concurso Pedrito Botero.<\/h6>\n<p>Lo logr\u00f3 con <em>El ropero de la abuela<\/em>, el cuento que escribi\u00f3 inspirada en un viejo armario de su abuela materna, Marta Cecilia. <em>\u201cDe chiquita, yo le ten\u00eda mucho miedo a un armario de mi mamita, porque cruj\u00eda por la noche y yo cre\u00eda que adentro hab\u00eda un demonio. Una vez se me perdi\u00f3 un peluche y estaba ah\u00ed\u201d,<\/em> dice esta ni\u00f1a de 11 a\u00f1os y ojos verdes.<\/p>\n<p><em>\u201cUn d\u00eda, la curiosidad venci\u00f3 al miedo y la ni\u00f1a decidi\u00f3 abrir el armario. Para su sorpresa, no encontr\u00f3 ropa vieja ni zapatos polvorientos, sino un portal brillante que llevaba a otro mundo. Sin pensarlo dos veces, salt\u00f3 dentro y aterriz\u00f3 en un lugar donde los dinosaurios no se hab\u00edan extinguido y los extraterrestres ven\u00edan de visita como si fuera un parque de atracciones\u201d.<\/em><em>\u00a0<\/em><\/p>\n<p>El anterior es un fragmento de <em>El ropero de la abuela. <\/em>Este cuento y los dem\u00e1s en textos, c\u00f3mics y audios finalistas y ganadores de la v<a href=\"https:\/\/www.bibliotecapiloto.gov.co\/tyc20pedritobotero\/\" target=\"_blank\" rel=\"noopener\">ig\u00e9sima edici\u00f3n del concurso<\/a> los encontrar\u00e1s <a href=\"https:\/\/issuu.com\/bibliotecapublicapiloto\/docs\/20_pedrito_botero_191124_-_libro\" target=\"_blank\" rel=\"noopener\">dando clic aqu\u00ed<\/a>.<\/p>\n\n\t\t<style type=\"text\/css\">\n\t\t\t#gallery-8 {\n\t\t\t\tmargin: auto;\n\t\t\t}\n\t\t\t#gallery-8 .gallery-item {\n\t\t\t\tfloat: left;\n\t\t\t\tmargin-top: 10px;\n\t\t\t\ttext-align: center;\n\t\t\t\twidth: 50%;\n\t\t\t}\n\t\t\t#gallery-8 img {\n\t\t\t\tborder: 2px solid #cfcfcf;\n\t\t\t}\n\t\t\t#gallery-8 .gallery-caption {\n\t\t\t\tmargin-left: 0;\n\t\t\t}\n\t\t\t\/* see gallery_shortcode() in wp-includes\/media.php *\/\n\t\t<\/style>\n\t\t<div id='gallery-8' class='gallery galleryid-383411 gallery-columns-2 gallery-size-large'><dl class='gallery-item'>\n\t\t\t<dt class='gallery-icon landscape'>\n\t\t\t\t<a href='https:\/\/www.medellin.gov.co\/es\/sala-de-prensa\/noticias\/con-el-armario-que-le-daba-miedo-maria-fernanda-gano-el-concurso-de-cuento-infantil-pedrito-botero-en-medellin\/sala-infantil\/'><img width=\"1024\" height=\"768\" src=\"https:\/\/www.medellin.gov.co\/es\/wp-content\/uploads\/2025\/02\/SALA-INFANTIL-1024x768.jpg\" class=\"attachment-large size-large\" alt=\"\" loading=\"lazy\" srcset=\"https:\/\/www.medellin.gov.co\/es\/wp-content\/uploads\/2025\/02\/SALA-INFANTIL-1024x768.jpg 1024w, https:\/\/www.medellin.gov.co\/es\/wp-content\/uploads\/2025\/02\/SALA-INFANTIL-300x225.jpg 300w, https:\/\/www.medellin.gov.co\/es\/wp-content\/uploads\/2025\/02\/SALA-INFANTIL-150x113.jpg 150w, https:\/\/www.medellin.gov.co\/es\/wp-content\/uploads\/2025\/02\/SALA-INFANTIL-768x576.jpg 768w, https:\/\/www.medellin.gov.co\/es\/wp-content\/uploads\/2025\/02\/SALA-INFANTIL.jpg 1133w\" sizes=\"(max-width: 1024px) 100vw, 1024px\" \/><\/a>\n\t\t\t<\/dt><\/dl><dl class='gallery-item'>\n\t\t\t<dt class='gallery-icon landscape'>\n\t\t\t\t<a href='https:\/\/www.medellin.gov.co\/es\/sala-de-prensa\/noticias\/con-el-armario-que-le-daba-miedo-maria-fernanda-gano-el-concurso-de-cuento-infantil-pedrito-botero-en-medellin\/buscando\/'><img width=\"1024\" height=\"768\" src=\"https:\/\/www.medellin.gov.co\/es\/wp-content\/uploads\/2025\/02\/BUSCANDO-1024x768.jpg\" class=\"attachment-large size-large\" alt=\"\" loading=\"lazy\" srcset=\"https:\/\/www.medellin.gov.co\/es\/wp-content\/uploads\/2025\/02\/BUSCANDO-1024x768.jpg 1024w, https:\/\/www.medellin.gov.co\/es\/wp-content\/uploads\/2025\/02\/BUSCANDO-300x225.jpg 300w, https:\/\/www.medellin.gov.co\/es\/wp-content\/uploads\/2025\/02\/BUSCANDO-150x113.jpg 150w, https:\/\/www.medellin.gov.co\/es\/wp-content\/uploads\/2025\/02\/BUSCANDO-768x576.jpg 768w, https:\/\/www.medellin.gov.co\/es\/wp-content\/uploads\/2025\/02\/BUSCANDO.jpg 1133w\" sizes=\"(max-width: 1024px) 100vw, 1024px\" \/><\/a>\n\t\t\t<\/dt><\/dl><br style=\"clear: both\" \/>\n\t\t<\/div>\n\n<h6>Mar\u00eda Fernanda en la Sala infantil Pedrito Botero de la Biblioteca P\u00fablica Piloto.<\/h6>\n<p><strong>Criminolog\u00eda<\/strong><\/p>\n<p><em>\u201cEscrib\u00ed uno de chiquita sobre un espantap\u00e1jaros\u201d,<\/em> recuerda Mar\u00eda Fernanda en relaci\u00f3n con sus primeros ejercicios de escritura de cuentos.<\/p>\n<p>Sus padres son lectores. Fil\u00e1nderson, especialmente, <em>\u201ctiene<\/em> <em>demasiados libros\u201d, <\/em>dice su hija<em>.<\/em> En buena medida por ellos le surgi\u00f3 el amor por la lectura a Mar\u00eda. A la ni\u00f1a le gusta leer historias de guerras y mitolog\u00eda griega. Ahora est\u00e1 leyendo <em>Cuentos de buenas noches para ni\u00f1as rebeldes,<\/em> de Francesca Cavallo y Elena Favilli.<\/p>\n\n\t\t<style type=\"text\/css\">\n\t\t\t#gallery-9 {\n\t\t\t\tmargin: auto;\n\t\t\t}\n\t\t\t#gallery-9 .gallery-item {\n\t\t\t\tfloat: left;\n\t\t\t\tmargin-top: 10px;\n\t\t\t\ttext-align: center;\n\t\t\t\twidth: 50%;\n\t\t\t}\n\t\t\t#gallery-9 img {\n\t\t\t\tborder: 2px solid #cfcfcf;\n\t\t\t}\n\t\t\t#gallery-9 .gallery-caption {\n\t\t\t\tmargin-left: 0;\n\t\t\t}\n\t\t\t\/* see gallery_shortcode() in wp-includes\/media.php *\/\n\t\t<\/style>\n\t\t<div id='gallery-9' class='gallery galleryid-383411 gallery-columns-2 gallery-size-large'><dl class='gallery-item'>\n\t\t\t<dt class='gallery-icon landscape'>\n\t\t\t\t<a href='https:\/\/www.medellin.gov.co\/es\/sala-de-prensa\/noticias\/con-el-armario-que-le-daba-miedo-maria-fernanda-gano-el-concurso-de-cuento-infantil-pedrito-botero-en-medellin\/rebeldes\/'><img width=\"1024\" height=\"768\" src=\"https:\/\/www.medellin.gov.co\/es\/wp-content\/uploads\/2025\/02\/REBELDES-1024x768.jpg\" class=\"attachment-large size-large\" alt=\"Mar\u00eda Fernanda Castro Urrea estuvo entre los ganadores del vig\u00e9simo Concurso de Cuento Infantil Pedrito Botero\" loading=\"lazy\" srcset=\"https:\/\/www.medellin.gov.co\/es\/wp-content\/uploads\/2025\/02\/REBELDES-1024x768.jpg 1024w, https:\/\/www.medellin.gov.co\/es\/wp-content\/uploads\/2025\/02\/REBELDES-300x225.jpg 300w, https:\/\/www.medellin.gov.co\/es\/wp-content\/uploads\/2025\/02\/REBELDES-150x113.jpg 150w, https:\/\/www.medellin.gov.co\/es\/wp-content\/uploads\/2025\/02\/REBELDES-768x576.jpg 768w, https:\/\/www.medellin.gov.co\/es\/wp-content\/uploads\/2025\/02\/REBELDES.jpg 1133w\" sizes=\"(max-width: 1024px) 100vw, 1024px\" \/><\/a>\n\t\t\t<\/dt><\/dl><dl class='gallery-item'>\n\t\t\t<dt class='gallery-icon landscape'>\n\t\t\t\t<a href='https:\/\/www.medellin.gov.co\/es\/sala-de-prensa\/noticias\/con-el-armario-que-le-daba-miedo-maria-fernanda-gano-el-concurso-de-cuento-infantil-pedrito-botero-en-medellin\/leyendo\/'><img width=\"1024\" height=\"768\" src=\"https:\/\/www.medellin.gov.co\/es\/wp-content\/uploads\/2025\/02\/LEYENDO-1024x768.jpg\" class=\"attachment-large size-large\" alt=\"\" loading=\"lazy\" srcset=\"https:\/\/www.medellin.gov.co\/es\/wp-content\/uploads\/2025\/02\/LEYENDO-1024x768.jpg 1024w, https:\/\/www.medellin.gov.co\/es\/wp-content\/uploads\/2025\/02\/LEYENDO-300x225.jpg 300w, https:\/\/www.medellin.gov.co\/es\/wp-content\/uploads\/2025\/02\/LEYENDO-150x113.jpg 150w, https:\/\/www.medellin.gov.co\/es\/wp-content\/uploads\/2025\/02\/LEYENDO-768x576.jpg 768w, https:\/\/www.medellin.gov.co\/es\/wp-content\/uploads\/2025\/02\/LEYENDO.jpg 1133w\" sizes=\"(max-width: 1024px) 100vw, 1024px\" \/><\/a>\n\t\t\t<\/dt><\/dl><br style=\"clear: both\" \/>\n\t\t<\/div>\n\n<h6>Mar\u00eda con uno de los libros de la serie <em>Cuentos de buenas noches para ni\u00f1as rebeldes,<\/em> de Francesca Cavallo y Elena Favilli.<\/h6>\n<p>Disfruta ver series de suspenso y pel\u00edculas de terror. No la asustan. <em>\u201cMe gusta el misterio, las investigaciones\u201d,<\/em> apunta y, por ello, se entiende la contundencia con la que afirma: <em>\u201cQuiero estudiar criminolog\u00eda\u201d.<\/em><\/p>\n<p>Jugaba con dinosaurios, cortaba medias y se las pon\u00eda a ellos; los peluches de \u00e1lienes tejidos por su madre, la fijaci\u00f3n con el armario de su abuela. Estos y otros elementos pusieron a volar la imaginaci\u00f3n de la ni\u00f1a y as\u00ed escribi\u00f3 <em>El ropero de la abuela, <\/em>que registr\u00f3 en el concurso cuando ten\u00eda 10 a\u00f1os.<\/p>\n<p><strong>Desea seguir escribiendo<\/strong><\/p>\n<p>Estudia en La Uni\u00f3n en la <a href=\"http:\/\/www.launion-antioquia.gov.co\/informacion-adicional\/fundacion-para-el-bienestar-del-nino-centro-educativo\" target=\"_blank\" rel=\"noopener\">Fundaci\u00f3n para el Bienestar del Ni\u00f1o (Funpabini)<\/a> o colegio Juguetones, como le dicen ella y muchos otros de cari\u00f1o, donde se alista para empezar sexto grado.<\/p>\n<p>All\u00ed, el profesor de Espa\u00f1ol, Germ\u00e1n Garc\u00eda, la invit\u00f3 a participar en el concurso. <em>\u201cElla no se queda solo en lo que uno les dice, sino que se imagina m\u00e1s all\u00e1, es muy creativa\u201d,<\/em> dice el profe, que tambi\u00e9n acompa\u00f1a a Mar\u00eda Fernanda en esta visita a la <a href=\"https:\/\/www.bibliotecapiloto.gov.co\/\" target=\"_blank\" rel=\"noopener\">Biblioteca P\u00fablica Piloto<\/a>.<\/p>\n<div id=\"attachment_383449\" style=\"width: 1034px\" class=\"wp-caption alignnone\"><a href=\"https:\/\/www.medellin.gov.co\/es\/wp-content\/uploads\/2025\/02\/PROFESOR.jpg\"><img aria-describedby=\"caption-attachment-383449\" loading=\"lazy\" class=\"size-large wp-image-383449\" src=\"https:\/\/www.medellin.gov.co\/es\/wp-content\/uploads\/2025\/02\/PROFESOR-1024x768.jpg\" alt=\"Mar\u00eda F. Castro con Germ\u00e1n Garc\u00eda, profesor de Espa\u00f1ol de la Fundaci\u00f3n para el Bienestar del Ni\u00f1o (Funpabini) de La Uni\u00f3n.\" width=\"1024\" height=\"768\" srcset=\"https:\/\/www.medellin.gov.co\/es\/wp-content\/uploads\/2025\/02\/PROFESOR-1024x768.jpg 1024w, https:\/\/www.medellin.gov.co\/es\/wp-content\/uploads\/2025\/02\/PROFESOR-300x225.jpg 300w, https:\/\/www.medellin.gov.co\/es\/wp-content\/uploads\/2025\/02\/PROFESOR-150x113.jpg 150w, https:\/\/www.medellin.gov.co\/es\/wp-content\/uploads\/2025\/02\/PROFESOR-768x576.jpg 768w, https:\/\/www.medellin.gov.co\/es\/wp-content\/uploads\/2025\/02\/PROFESOR.jpg 1133w\" sizes=\"(max-width: 1024px) 100vw, 1024px\" \/><\/a><p id=\"caption-attachment-383449\" class=\"wp-caption-text\">Mar\u00eda F. Castro con Germ\u00e1n Garc\u00eda, profesor de Espa\u00f1ol de la Fundaci\u00f3n para el Bienestar del Ni\u00f1o (Funpabini) de La Uni\u00f3n.<\/p><\/div>\n<p>La extrovertida rubia se proyecta en c\u00f3mo ser\u00eda su vida de adulta. Quisiera, entonces, adem\u00e1s de estudiar criminolog\u00eda, dedicar m\u00e1s tiempo a escribir para que cada vez m\u00e1s gente la lea, como ocurre ahora, cuando su nombre resuena entre los ganadores del <a href=\"https:\/\/www.bibliotecapiloto.gov.co\/tyc20pedritobotero\/\" target=\"_blank\" rel=\"noopener\">Concurso de Cuento Infantil Pedrito Botero<\/a>.<\/p>\n<p><strong>Referente para ni\u00f1os y j\u00f3venes<\/strong><\/p>\n<p>Cada a\u00f1o la <a href=\"https:\/\/www.bibliotecapiloto.gov.co\/\" target=\"_blank\" rel=\"noopener\">Biblioteca P\u00fablica Piloto<\/a> hace el <a href=\"https:\/\/www.bibliotecapiloto.gov.co\/tyc20pedritobotero\/\" target=\"_blank\" rel=\"noopener\">Concurso de Cuento Infantil Pedrito Botero<\/a>, que se ha convertido en un referente en la promoci\u00f3n de la lectura y la escritura en ni\u00f1os y adolescentes habitantes de Antioquia.<\/p>\n<p>En la ceremonia de premiaci\u00f3n de la vig\u00e9sima edici\u00f3n, Esteban Giraldo Gonz\u00e1lez, director de la biblioteca, destac\u00f3 que este acto es un <em>\u201cest\u00edmulo para que sigan leyendo, escribiendo y contando historias\u201d.<\/em><em>\u00a0<\/em><\/p>\n<div id=\"attachment_383463\" style=\"width: 1034px\" class=\"wp-caption alignnone\"><a href=\"https:\/\/www.medellin.gov.co\/es\/wp-content\/uploads\/2025\/02\/SALUDO.jpg\" target=\"_blank\" rel=\"noopener\"><img aria-describedby=\"caption-attachment-383463\" loading=\"lazy\" class=\"wp-image-383463 size-large\" src=\"https:\/\/www.medellin.gov.co\/es\/wp-content\/uploads\/2025\/02\/SALUDO-1024x768.jpg\" alt=\"En el escenario estuvieron finalistas y ganadores de la edici\u00f3n 2024 del Concurso de Cuento Infantil Pedrito Botero.\" width=\"1024\" height=\"768\" srcset=\"https:\/\/www.medellin.gov.co\/es\/wp-content\/uploads\/2025\/02\/SALUDO-1024x768.jpg 1024w, https:\/\/www.medellin.gov.co\/es\/wp-content\/uploads\/2025\/02\/SALUDO-300x225.jpg 300w, https:\/\/www.medellin.gov.co\/es\/wp-content\/uploads\/2025\/02\/SALUDO-150x113.jpg 150w, https:\/\/www.medellin.gov.co\/es\/wp-content\/uploads\/2025\/02\/SALUDO-768x576.jpg 768w, https:\/\/www.medellin.gov.co\/es\/wp-content\/uploads\/2025\/02\/SALUDO.jpg 1133w\" sizes=\"(max-width: 1024px) 100vw, 1024px\" \/><\/a><p id=\"caption-attachment-383463\" class=\"wp-caption-text\">En el escenario estuvieron finalistas y ganadores de la edici\u00f3n 2024 del Concurso de Cuento Infantil Pedrito Botero.<\/p><\/div>\n<p>En la vig\u00e9sima edici\u00f3n los ganadores fueron: en la categor\u00eda 1, en cuento escrito, <em>El ropero de la abuela, <\/em>de Mar\u00eda Fernanda Castro Urrea<em>;<\/em> en c\u00f3mic, <em>La gran aventura de Dino<\/em>, de \u00d3mar Jer\u00f3nimo Alcaraz, y en audio, <em>La guerra de los \u00e1rboles, de <\/em>Nicol\u00e1s Alejandro Ria\u00f1o Rinc\u00f3n, y <em>La mariposa espacial<\/em>, de Demian Murakami Teraccaya Rodr\u00edguez, y en la categor\u00eda 2, en cuento escrito, <em>Hola, Lily, <\/em>de Sof\u00eda Mart\u00ednez, y en c\u00f3mic, <em>Ave C\u00e9sar, la muerte de Julio C\u00e9sar, de Agust\u00edn Su\u00e1rez. <\/em>El formato audio qued\u00f3 desierto en esta categor\u00eda, porque las postulaciones no cumplieron con los requisitos m\u00ednimos de presentaci\u00f3n y calidad. Adem\u00e1s, en cuento escrito el concurso reconoci\u00f3 a 12 finalistas en cada categor\u00eda.<\/p>\n<p>Cada ganador recibi\u00f3 un computador port\u00e1til, mientras que cada finalista, una tableta.<\/p>\n<p>Entre los aliados de la <a href=\"https:\/\/www.bibliotecapiloto.gov.co\/\" target=\"_blank\" rel=\"noopener\">Biblioteca P\u00fablica Piloto<\/a> para esta edici\u00f3n del concurso estuvieron, adem\u00e1s de la Alcald\u00eda de Medell\u00edn, el Taller de Letras Jordi Sierra i Fabra, Comfama, Secretar\u00eda de Educaci\u00f3n de Antioquia, Cornare y Sistema de Bibliotecas P\u00fablicas de Medell\u00edn.<\/p>\n<p><a href=\"https:\/\/www.medellin.gov.co\/es\/wp-content\/uploads\/2025\/02\/ESTANTERIA.jpg\"><img loading=\"lazy\" class=\"alignnone size-large wp-image-383429\" src=\"https:\/\/www.medellin.gov.co\/es\/wp-content\/uploads\/2025\/02\/ESTANTERIA-1024x768.jpg\" alt=\"\" width=\"1024\" height=\"768\" srcset=\"https:\/\/www.medellin.gov.co\/es\/wp-content\/uploads\/2025\/02\/ESTANTERIA-1024x768.jpg 1024w, https:\/\/www.medellin.gov.co\/es\/wp-content\/uploads\/2025\/02\/ESTANTERIA-300x225.jpg 300w, https:\/\/www.medellin.gov.co\/es\/wp-content\/uploads\/2025\/02\/ESTANTERIA-150x113.jpg 150w, https:\/\/www.medellin.gov.co\/es\/wp-content\/uploads\/2025\/02\/ESTANTERIA-768x576.jpg 768w, https:\/\/www.medellin.gov.co\/es\/wp-content\/uploads\/2025\/02\/ESTANTERIA.jpg 1133w\" sizes=\"(max-width: 1024px) 100vw, 1024px\" \/><\/a><\/p>\n<h6>Biblioteca P\u00fablica Piloto de Medell\u00edn para Am\u00e9rica Latina, organizadora del Concurso de Cuento Infantil Pedrito Botero.<\/h6>\n","protected":false},"excerpt":{"rendered":"<p>La Biblioteca P\u00fablica Piloto de Medell\u00edn para Am\u00e9rica Latina premi\u00f3 a finalistas y ganadores del vig\u00e9simo Concurso de Cuento Infantil Pedrito Botero. Mar\u00eda Fernanda Castro Urrea gan\u00f3 en cuento escrito en la categor\u00eda 1. Presentamos &#8230;<\/p>\n","protected":false},"author":17,"featured_media":383458,"comment_status":"open","ping_status":"open","sticky":false,"template":"","format":"standard","meta":[],"categories":[31],"tags":[444,428],"formato_nota":[],"programas_tax":[],"acf":[],"_links":{"self":[{"href":"https:\/\/www.medellin.gov.co\/es\/wp-json\/wp\/v2\/posts\/383411"}],"collection":[{"href":"https:\/\/www.medellin.gov.co\/es\/wp-json\/wp\/v2\/posts"}],"about":[{"href":"https:\/\/www.medellin.gov.co\/es\/wp-json\/wp\/v2\/types\/post"}],"author":[{"embeddable":true,"href":"https:\/\/www.medellin.gov.co\/es\/wp-json\/wp\/v2\/users\/17"}],"replies":[{"embeddable":true,"href":"https:\/\/www.medellin.gov.co\/es\/wp-json\/wp\/v2\/comments?post=383411"}],"version-history":[{"count":5,"href":"https:\/\/www.medellin.gov.co\/es\/wp-json\/wp\/v2\/posts\/383411\/revisions"}],"predecessor-version":[{"id":383729,"href":"https:\/\/www.medellin.gov.co\/es\/wp-json\/wp\/v2\/posts\/383411\/revisions\/383729"}],"wp:featuredmedia":[{"embeddable":true,"href":"https:\/\/www.medellin.gov.co\/es\/wp-json\/wp\/v2\/media\/383458"}],"wp:attachment":[{"href":"https:\/\/www.medellin.gov.co\/es\/wp-json\/wp\/v2\/media?parent=383411"}],"wp:term":[{"taxonomy":"category","embeddable":true,"href":"https:\/\/www.medellin.gov.co\/es\/wp-json\/wp\/v2\/categories?post=383411"},{"taxonomy":"post_tag","embeddable":true,"href":"https:\/\/www.medellin.gov.co\/es\/wp-json\/wp\/v2\/tags?post=383411"},{"taxonomy":"formato_nota","embeddable":true,"href":"https:\/\/www.medellin.gov.co\/es\/wp-json\/wp\/v2\/formato_nota?post=383411"},{"taxonomy":"programas_tax","embeddable":true,"href":"https:\/\/www.medellin.gov.co\/es\/wp-json\/wp\/v2\/programas_tax?post=383411"}],"curies":[{"name":"wp","href":"https:\/\/api.w.org\/{rel}","templated":true}]}}