{"id":383555,"date":"2025-02-04T14:21:55","date_gmt":"2025-02-04T19:21:55","guid":{"rendered":"https:\/\/www.medellin.gov.co\/es\/?p=383555"},"modified":"2025-02-04T14:21:55","modified_gmt":"2025-02-04T19:21:55","slug":"el-distrito-ha-impactado-a-30-800-personas-con-informacion-y-servicios-para-la-prevencion-del-cancer","status":"publish","type":"post","link":"https:\/\/www.medellin.gov.co\/es\/sala-de-prensa\/noticias\/el-distrito-ha-impactado-a-30-800-personas-con-informacion-y-servicios-para-la-prevencion-del-cancer\/","title":{"rendered":"El Distrito ha impactado a 30.800 personas con informaci\u00f3n y servicios para la prevenci\u00f3n del c\u00e1ncer"},"content":{"rendered":"<ul>\n<li>Durante 2024, unas 25.300 personas fueron tamizadas para la detecci\u00f3n del c\u00e1ncer de mama.<\/li>\n<li>4.040 hombres que presentaron alg\u00fan tipo de alerta de c\u00e1ncer de pr\u00f3stata accedieron a seguimiento preventivo, a trav\u00e9s de los profesionales de Medell\u00edn Te Quiere Saludable.<\/li>\n<\/ul>\n<!--[if lt IE 9]><script>document.createElement('audio');<\/script><![endif]-->\n\t<div class=\"wp-playlist wp-audio-playlist wp-playlist-light\">\n\t\t\t<div class=\"wp-playlist-current-item\"><\/div>\n\t\t<audio controls=\"controls\" preload=\"none\" width=\"640\"\n\t\t\t><\/audio>\n\t<div class=\"wp-playlist-next\"><\/div>\n\t<div class=\"wp-playlist-prev\"><\/div>\n\t<noscript>\n\t<ol>\n\t\t<li><a href='https:\/\/www.medellin.gov.co\/es\/wp-content\/uploads\/2025\/02\/Prevencion-Cancer-01.mp3'>Palabras de Lina Julieth Bedoya, subsecretaria de Salud P\u00fablica (e)<\/a><\/li>\t<\/ol>\n\t<\/noscript>\n\t<script type=\"application\/json\" class=\"wp-playlist-script\">{\"type\":\"audio\",\"tracklist\":true,\"tracknumbers\":true,\"images\":true,\"artists\":true,\"tracks\":[{\"src\":\"https:\\\/\\\/www.medellin.gov.co\\\/es\\\/wp-content\\\/uploads\\\/2025\\\/02\\\/Prevencion-Cancer-01.mp3\",\"type\":\"audio\\\/mpeg\",\"title\":\"Palabras de Lina Julieth Bedoya, subsecretaria de Salud P\\u00fablica (e)\",\"caption\":\"\",\"description\":\"\\u00abPalabras de Lina Julieth Bedoya, subsecretaria de Salud P\\u00fablica (e)\\u00bb.\",\"meta\":{\"year\":\"2025\",\"length_formatted\":\"0:54\"},\"image\":{\"src\":\"https:\\\/\\\/www.medellin.gov.co\\\/es\\\/wp-includes\\\/images\\\/media\\\/audio.png\",\"width\":48,\"height\":64},\"thumb\":{\"src\":\"https:\\\/\\\/www.medellin.gov.co\\\/es\\\/wp-includes\\\/images\\\/media\\\/audio.png\",\"width\":48,\"height\":64}}]}<\/script>\n<\/div>\n\t\n<p>La Alcald\u00eda de Medell\u00edn, en la conmemoraci\u00f3n del D\u00eda Mundial contra el C\u00e1ncer, reitera la importancia de la prevenci\u00f3n de esta enfermedad mediante la promoci\u00f3n de h\u00e1bitos saludables, el acceso a servicios de vacunaci\u00f3n contra infecciones causantes de c\u00e1ncer y la difusi\u00f3n de informaci\u00f3n y educaci\u00f3n para fortalecer el autocuidado.<\/p>\n<p>Cerrando 2024, la Administraci\u00f3n Distrital impact\u00f3, por medio del programa Medell\u00edn Te Quiere Saludable, a 30.800 personas con servicios y educaci\u00f3n. El\u00a0 prop\u00f3sito es sensibilizar y concientizar a la poblaci\u00f3n sobre la importancia de la prevenci\u00f3n y el diagn\u00f3stico temprano de diferentes tipos de c\u00e1ncer, como el c\u00e1ncer de mama, cuello uterino, pr\u00f3stata y c\u00e1ncer infantil.<\/p>\n<p>El a\u00f1o pasado, 25.300 personas fueron tamizadas para c\u00e1ncer de mama, accediendo a ex\u00e1menes y procedimientos con el fin de identificarlo en etapas tempranas, favoreciendo su diagn\u00f3stico y tratamiento. Adicionalmente, 1.170 mujeres accedieron a citolog\u00edas para detectar s\u00edntomas y alertas o alteraciones originadas por el Virus del Papiloma Humano o VPH.<\/p>\n<div id=\"attachment_383591\" style=\"width: 1290px\" class=\"wp-caption alignnone\"><a href=\"https:\/\/www.medellin.gov.co\/es\/wp-content\/uploads\/2025\/02\/Prevencion-Cancer-2.jpg\" target=\"_blank\" rel=\"noopener\"><img aria-describedby=\"caption-attachment-383591\" loading=\"lazy\" class=\"wp-image-383591 size-full\" title=\"El Distrito ha impactado a 30.800 personas con informaci\u00f3n y servicios para la prevenci\u00f3n del c\u00e1ncer\" src=\"https:\/\/www.medellin.gov.co\/es\/wp-content\/uploads\/2025\/02\/Prevencion-Cancer-2.jpg\" alt=\"El Distrito ha impactado a 30.800 personas con informaci\u00f3n y servicios para la prevenci\u00f3n del c\u00e1ncer\" width=\"1280\" height=\"853\" srcset=\"https:\/\/www.medellin.gov.co\/es\/wp-content\/uploads\/2025\/02\/Prevencion-Cancer-2.jpg 1280w, https:\/\/www.medellin.gov.co\/es\/wp-content\/uploads\/2025\/02\/Prevencion-Cancer-2-300x200.jpg 300w, https:\/\/www.medellin.gov.co\/es\/wp-content\/uploads\/2025\/02\/Prevencion-Cancer-2-1024x682.jpg 1024w, https:\/\/www.medellin.gov.co\/es\/wp-content\/uploads\/2025\/02\/Prevencion-Cancer-2-150x100.jpg 150w, https:\/\/www.medellin.gov.co\/es\/wp-content\/uploads\/2025\/02\/Prevencion-Cancer-2-768x512.jpg 768w\" sizes=\"(max-width: 1280px) 100vw, 1280px\" \/><\/a><p id=\"caption-attachment-383591\" class=\"wp-caption-text\">El Distrito ha impactado a 30.800 personas con informaci\u00f3n y servicios para la prevenci\u00f3n del c\u00e1ncer &#8211; Foto Alcald\u00eda de Medell\u00edn<\/p><\/div>\n<p>La subsecretaria de Salud P\u00fablica (e), Lina Julieth Bedoya, asegur\u00f3: \u201c<em>Como sabemos el c\u00e1ncer es una de las enfermedades que afectan a millones de personas en todo el mundo, sin embargo, a trav\u00e9s de la prevenci\u00f3n y la detecci\u00f3n temprana podemos reducir significativamente su impacto. En Medell\u00edn trabajamos durante 2024 beneficiando a 30.800 personas en prevenci\u00f3n y, durante 2025, fortaleceremos nuestras estrategias para la prevenci\u00f3n de los principales c\u00e1nceres que afectan a las personas de nuestra ciudad: mama, c\u00e9rvix, pr\u00f3stata, pulm\u00f3n, gastrointestinal y el c\u00e1ncer infantil, y fortaleceremos la vacunaci\u00f3n con la \u00fanica vacuna que previene los c\u00e1nceres producidos por el virus del Papiloma Humano, que se adquiere mediante la actividad sexual<\/em>\u201d.<\/p>\n<p>La Secretar\u00eda de Salud, por medio de Medell\u00edn Te Quiere Saludable, ha aplicado 1.504 dosis de la vacuna contra el Virus del Papiloma Humano (VPH) en ni\u00f1os de nueve a\u00f1os, ayudando a la prevenci\u00f3n de esta enfermedad, ya que algunas cepas de este virus est\u00e1n relacionadas con diferentes tipos de c\u00e1ncer.<\/p>\n<p>Adicionalmente, en los entornos comunitarios, laborales, educativos y en hogares, se ha realizado seguimiento al estado de salud de 4.040 hombres que presentan alg\u00fan tipo de alerta de c\u00e1ncer de pr\u00f3stata, y de 208 ni\u00f1as y ni\u00f1os que tienen posibles se\u00f1ales de alarma de c\u00e1ncer infantil, permitiendo avanzar con estrategias preventivas, brind\u00e1ndoles educaci\u00f3n y facilitando su canalizaci\u00f3n al sistema de salud para su adecuado diagn\u00f3stico.<\/p>\n","protected":false},"excerpt":{"rendered":"<p>Durante 2024, unas 25.300 personas fueron tamizadas para la detecci\u00f3n del c\u00e1ncer de mama. 4.040 hombres que presentaron alg\u00fan tipo de alerta de c\u00e1ncer de pr\u00f3stata accedieron a seguimiento preventivo, a trav\u00e9s de los profesionales &#8230;<\/p>\n","protected":false},"author":21,"featured_media":383590,"comment_status":"open","ping_status":"open","sticky":false,"template":"","format":"standard","meta":[],"categories":[18],"tags":[452],"formato_nota":[],"programas_tax":[],"acf":[],"_links":{"self":[{"href":"https:\/\/www.medellin.gov.co\/es\/wp-json\/wp\/v2\/posts\/383555"}],"collection":[{"href":"https:\/\/www.medellin.gov.co\/es\/wp-json\/wp\/v2\/posts"}],"about":[{"href":"https:\/\/www.medellin.gov.co\/es\/wp-json\/wp\/v2\/types\/post"}],"author":[{"embeddable":true,"href":"https:\/\/www.medellin.gov.co\/es\/wp-json\/wp\/v2\/users\/21"}],"replies":[{"embeddable":true,"href":"https:\/\/www.medellin.gov.co\/es\/wp-json\/wp\/v2\/comments?post=383555"}],"version-history":[{"count":1,"href":"https:\/\/www.medellin.gov.co\/es\/wp-json\/wp\/v2\/posts\/383555\/revisions"}],"predecessor-version":[{"id":383598,"href":"https:\/\/www.medellin.gov.co\/es\/wp-json\/wp\/v2\/posts\/383555\/revisions\/383598"}],"wp:featuredmedia":[{"embeddable":true,"href":"https:\/\/www.medellin.gov.co\/es\/wp-json\/wp\/v2\/media\/383590"}],"wp:attachment":[{"href":"https:\/\/www.medellin.gov.co\/es\/wp-json\/wp\/v2\/media?parent=383555"}],"wp:term":[{"taxonomy":"category","embeddable":true,"href":"https:\/\/www.medellin.gov.co\/es\/wp-json\/wp\/v2\/categories?post=383555"},{"taxonomy":"post_tag","embeddable":true,"href":"https:\/\/www.medellin.gov.co\/es\/wp-json\/wp\/v2\/tags?post=383555"},{"taxonomy":"formato_nota","embeddable":true,"href":"https:\/\/www.medellin.gov.co\/es\/wp-json\/wp\/v2\/formato_nota?post=383555"},{"taxonomy":"programas_tax","embeddable":true,"href":"https:\/\/www.medellin.gov.co\/es\/wp-json\/wp\/v2\/programas_tax?post=383555"}],"curies":[{"name":"wp","href":"https:\/\/api.w.org\/{rel}","templated":true}]}}