{"id":383601,"date":"2025-02-04T14:26:25","date_gmt":"2025-02-04T19:26:25","guid":{"rendered":"https:\/\/www.medellin.gov.co\/es\/?p=383601"},"modified":"2025-02-04T14:26:25","modified_gmt":"2025-02-04T19:26:25","slug":"con-presencia-en-eventos-internacionales-medellin-avanza-como-destino-turistico-de-reuniones-ocio-y-entretenimiento","status":"publish","type":"post","link":"https:\/\/www.medellin.gov.co\/es\/sala-de-prensa\/noticias\/con-presencia-en-eventos-internacionales-medellin-avanza-como-destino-turistico-de-reuniones-ocio-y-entretenimiento\/","title":{"rendered":"Con presencia en eventos internacionales, Medell\u00edn avanza como destino tur\u00edstico, de reuniones, ocio y entretenimiento"},"content":{"rendered":"<ul>\n<li>En 2025 estar\u00e1 en eventos como la Vitrina Tur\u00edstica de ANATO: la principal plataforma colombiana para promocionar la oferta tur\u00edstica.<\/li>\n<\/ul>\n<!--[if lt IE 9]><script>document.createElement('audio');<\/script><![endif]-->\n\t<div class=\"wp-playlist wp-audio-playlist wp-playlist-light\">\n\t\t\t<div class=\"wp-playlist-current-item\"><\/div>\n\t\t<audio controls=\"controls\" preload=\"none\" width=\"640\"\n\t\t\t><\/audio>\n\t<div class=\"wp-playlist-next\"><\/div>\n\t<div class=\"wp-playlist-prev\"><\/div>\n\t<noscript>\n\t<ol>\n\t\t<li><a href='https:\/\/www.medellin.gov.co\/es\/wp-content\/uploads\/2025\/02\/Medellin-Destino-Turistico-01.mp3'>Palabras de Juliana Cardona Quir\u00f3s, directora ejecutiva del Bureau<\/a><\/li>\t<\/ol>\n\t<\/noscript>\n\t<script type=\"application\/json\" class=\"wp-playlist-script\">{\"type\":\"audio\",\"tracklist\":true,\"tracknumbers\":true,\"images\":true,\"artists\":true,\"tracks\":[{\"src\":\"https:\\\/\\\/www.medellin.gov.co\\\/es\\\/wp-content\\\/uploads\\\/2025\\\/02\\\/Medellin-Destino-Turistico-01.mp3\",\"type\":\"audio\\\/mpeg\",\"title\":\"Palabras de Juliana Cardona Quir\\u00f3s, directora ejecutiva del Bureau\",\"caption\":\"\",\"description\":\"\\u00abPalabras de Juliana Cardona Quir\\u00f3s, directora ejecutiva del Bureau\\u00bb.\",\"meta\":{\"length_formatted\":\"0:23\"},\"image\":{\"src\":\"https:\\\/\\\/www.medellin.gov.co\\\/es\\\/wp-includes\\\/images\\\/media\\\/audio.png\",\"width\":48,\"height\":64},\"thumb\":{\"src\":\"https:\\\/\\\/www.medellin.gov.co\\\/es\\\/wp-includes\\\/images\\\/media\\\/audio.png\",\"width\":48,\"height\":64}}]}<\/script>\n<\/div>\n\t\n<p>Este a\u00f1o, el Greater Medell\u00edn Convention &amp; Visitors Bureau cumple dos d\u00e9cadas de dedicaci\u00f3n al posicionamiento de Medell\u00edn y Antioquia como un destino \u00a0competitivo en turismo vacacional, de reuniones, ocio y entretenimiento. Este aniversario representa una oportunidad clave para resaltar su impacto en el desarrollo econ\u00f3mico, social, cultural y ambiental de la regi\u00f3n, adem\u00e1s de reforzar su presencia mediante participaciones estrat\u00e9gicas en ferias y proyectos innovadores.<\/p>\n<p>\u00ab<em>En 2025, continuaremos trabajando para atraer visitantes, consolidar alianzas estrat\u00e9gicas y proyectar nuestra regi\u00f3n como un modelo de innovaci\u00f3n y sostenibilidad en la industria global<\/em>\u00ab, afirm\u00f3 la directora ejecutiva del Bureau, Juliana Cardona Quir\u00f3s.<\/p>\n<p>Dentro de las participaciones nacionales e internacionales m\u00e1s destacadas en 2025, en el segmento de turismo vacacional, est\u00e1 la Vitrina Tur\u00edstica de ANATO, en Bogot\u00e1, del 26 al 28 de febrero. Gracias a sus m\u00e1s de 30.000 asistentes, hacen que sea la principal plataforma colombiana para promocionar la oferta tur\u00edstica; de igual manera, USTOA Annual Conference &amp; Marketplace, en Estados Unidos, que facilita la conexi\u00f3n con operadores tur\u00edsticos norteamericanos especializados; y el WTM Latin America, en Brasil, del 31 de marzo al 2 de abril, impulsando la oferta de Medell\u00edn en el mercado latinoamericano.<\/p>\n<div id=\"attachment_383596\" style=\"width: 1290px\" class=\"wp-caption alignnone\"><a href=\"https:\/\/www.medellin.gov.co\/es\/wp-content\/uploads\/2025\/02\/Panoramica-de-Ciudad-2.jpg\" target=\"_blank\" rel=\"noopener\"><img aria-describedby=\"caption-attachment-383596\" loading=\"lazy\" class=\"wp-image-383596 size-full\" title=\"Panor\u00e1mica de Medell\u00edn\" src=\"https:\/\/www.medellin.gov.co\/es\/wp-content\/uploads\/2025\/02\/Panoramica-de-Ciudad-2.jpg\" alt=\"Panor\u00e1mica de Medell\u00edn\" width=\"1280\" height=\"902\" srcset=\"https:\/\/www.medellin.gov.co\/es\/wp-content\/uploads\/2025\/02\/Panoramica-de-Ciudad-2.jpg 1280w, https:\/\/www.medellin.gov.co\/es\/wp-content\/uploads\/2025\/02\/Panoramica-de-Ciudad-2-300x211.jpg 300w, https:\/\/www.medellin.gov.co\/es\/wp-content\/uploads\/2025\/02\/Panoramica-de-Ciudad-2-1024x722.jpg 1024w, https:\/\/www.medellin.gov.co\/es\/wp-content\/uploads\/2025\/02\/Panoramica-de-Ciudad-2-150x106.jpg 150w, https:\/\/www.medellin.gov.co\/es\/wp-content\/uploads\/2025\/02\/Panoramica-de-Ciudad-2-768x541.jpg 768w\" sizes=\"(max-width: 1280px) 100vw, 1280px\" \/><\/a><p id=\"caption-attachment-383596\" class=\"wp-caption-text\">Panor\u00e1mica de Medell\u00edn &#8211; Foto Alcald\u00eda de Medell\u00edn<\/p><\/div>\n<p>En cuanto al segmento de turismo de reuniones sobresale FIEXPO Latinoam\u00e9rica, en Costa Rica, del 9 al 12 de junio, donde se promocionar\u00e1 la infraestructura y la capacidad de la regi\u00f3n para congresos y convenciones; as\u00ed mismo, IMEX Frankfurt, en Alemania, del 21 al 23 de mayo, una de las ferias m\u00e1s influyentes del mundo en el sector de reuniones y eventos; tambi\u00e9n est\u00e1 IMEX America, en Estados Unidos, del 7 al 9 de octubre, donde ya se cuenta con citas preagendadas con organizadores de eventos internacionales; el IBTM World, en Espa\u00f1a, del 18 al 20 de noviembre, donde se reunir\u00e1n 15.000 profesionales del sector MICE; y finalmente se realizar\u00e1n workshops con ProColombia a lo largo del a\u00f1o, en mercados estrat\u00e9gicos como Norteam\u00e9rica, el cono Sur y Europa.<\/p>\n<p>El Greater Medell\u00edn Convention &amp; Visitors Bureau fortalecer\u00e1 sus acciones de captaci\u00f3n con Northstar Meetings Group, participando en cuatro eventos clave que consolidar\u00e1n la presencia de la capital antioque\u00f1a en Estados Unidos, el principal mercado para el turismo de reuniones.<\/p>\n","protected":false},"excerpt":{"rendered":"<p>En 2025 estar\u00e1 en eventos como la Vitrina Tur\u00edstica de ANATO: la principal plataforma colombiana para promocionar la oferta tur\u00edstica. Este a\u00f1o, el Greater Medell\u00edn Convention &amp; Visitors Bureau cumple dos d\u00e9cadas de dedicaci\u00f3n al &#8230;<\/p>\n","protected":false},"author":21,"featured_media":383594,"comment_status":"open","ping_status":"open","sticky":false,"template":"","format":"standard","meta":[],"categories":[690,17],"tags":[634,430],"formato_nota":[],"programas_tax":[],"acf":[],"_links":{"self":[{"href":"https:\/\/www.medellin.gov.co\/es\/wp-json\/wp\/v2\/posts\/383601"}],"collection":[{"href":"https:\/\/www.medellin.gov.co\/es\/wp-json\/wp\/v2\/posts"}],"about":[{"href":"https:\/\/www.medellin.gov.co\/es\/wp-json\/wp\/v2\/types\/post"}],"author":[{"embeddable":true,"href":"https:\/\/www.medellin.gov.co\/es\/wp-json\/wp\/v2\/users\/21"}],"replies":[{"embeddable":true,"href":"https:\/\/www.medellin.gov.co\/es\/wp-json\/wp\/v2\/comments?post=383601"}],"version-history":[{"count":1,"href":"https:\/\/www.medellin.gov.co\/es\/wp-json\/wp\/v2\/posts\/383601\/revisions"}],"predecessor-version":[{"id":383603,"href":"https:\/\/www.medellin.gov.co\/es\/wp-json\/wp\/v2\/posts\/383601\/revisions\/383603"}],"wp:featuredmedia":[{"embeddable":true,"href":"https:\/\/www.medellin.gov.co\/es\/wp-json\/wp\/v2\/media\/383594"}],"wp:attachment":[{"href":"https:\/\/www.medellin.gov.co\/es\/wp-json\/wp\/v2\/media?parent=383601"}],"wp:term":[{"taxonomy":"category","embeddable":true,"href":"https:\/\/www.medellin.gov.co\/es\/wp-json\/wp\/v2\/categories?post=383601"},{"taxonomy":"post_tag","embeddable":true,"href":"https:\/\/www.medellin.gov.co\/es\/wp-json\/wp\/v2\/tags?post=383601"},{"taxonomy":"formato_nota","embeddable":true,"href":"https:\/\/www.medellin.gov.co\/es\/wp-json\/wp\/v2\/formato_nota?post=383601"},{"taxonomy":"programas_tax","embeddable":true,"href":"https:\/\/www.medellin.gov.co\/es\/wp-json\/wp\/v2\/programas_tax?post=383601"}],"curies":[{"name":"wp","href":"https:\/\/api.w.org\/{rel}","templated":true}]}}