{"id":383644,"date":"2025-02-04T14:54:19","date_gmt":"2025-02-04T19:54:19","guid":{"rendered":"https:\/\/www.medellin.gov.co\/es\/?p=383644"},"modified":"2025-02-05T09:24:23","modified_gmt":"2025-02-05T14:24:23","slug":"por-pantallas-gigantes-en-todas-las-comunas-y-corregimientos-la-ciudadania-podra-ver-la-final-de-la-superliga-entre-nacional-y-bucaramanga","status":"publish","type":"post","link":"https:\/\/www.medellin.gov.co\/es\/sala-de-prensa\/noticias\/por-pantallas-gigantes-en-todas-las-comunas-y-corregimientos-la-ciudadania-podra-ver-la-final-de-la-superliga-entre-nacional-y-bucaramanga\/","title":{"rendered":"Por pantallas gigantes, en todas las comunas y corregimientos, la ciudadan\u00eda podr\u00e1 ver la final de la Superliga entre Nacional y Bucaramanga"},"content":{"rendered":"<!--[if lt IE 9]><script>document.createElement('audio');<\/script><![endif]-->\n\t<div class=\"wp-playlist wp-audio-playlist wp-playlist-light\">\n\t\t\t<div class=\"wp-playlist-current-item\"><\/div>\n\t\t<audio controls=\"controls\" preload=\"none\" width=\"640\"\n\t\t\t><\/audio>\n\t<div class=\"wp-playlist-next\"><\/div>\n\t<div class=\"wp-playlist-prev\"><\/div>\n\t<noscript>\n\t<ol>\n\t\t<li><a href='https:\/\/www.medellin.gov.co\/es\/wp-content\/uploads\/2025\/02\/Pantallas-Gigantes-Final-Superliga-01.mp3'>Palabras de Eduardo Silva Meluk, director del Inder<\/a><\/li>\t<\/ol>\n\t<\/noscript>\n\t<script type=\"application\/json\" class=\"wp-playlist-script\">{\"type\":\"audio\",\"tracklist\":true,\"tracknumbers\":true,\"images\":true,\"artists\":true,\"tracks\":[{\"src\":\"https:\\\/\\\/www.medellin.gov.co\\\/es\\\/wp-content\\\/uploads\\\/2025\\\/02\\\/Pantallas-Gigantes-Final-Superliga-01.mp3\",\"type\":\"audio\\\/mpeg\",\"title\":\"Palabras de Eduardo Silva Meluk, director del Inder\",\"caption\":\"\",\"description\":\"\\u00abPalabras de Eduardo Silva Meluk, director del Inder\\u00bb.\",\"meta\":{\"length_formatted\":\"0:39\"},\"image\":{\"src\":\"https:\\\/\\\/www.medellin.gov.co\\\/es\\\/wp-includes\\\/images\\\/media\\\/audio.png\",\"width\":48,\"height\":64},\"thumb\":{\"src\":\"https:\\\/\\\/www.medellin.gov.co\\\/es\\\/wp-includes\\\/images\\\/media\\\/audio.png\",\"width\":48,\"height\":64}}]}<\/script>\n<\/div>\n\t\n<p>Debido a la acogida de las transmisiones televisivas y al buen comportamiento de la comunidad, este jueves se instalar\u00e1n 21 pantallas gigantes en las comunas y corregimientos para disfrutar del partido de vuelta de la Superliga de Colombia, entre Atl\u00e9tico Nacional y Bucaramanga. Se invita a vivir este evento en paz, con tranquilidad, alegr\u00eda y respeto, a partir de las 7:00 p. m.<\/p>\n<div id=\"attachment_383571\" style=\"width: 1290px\" class=\"wp-caption alignnone\"><a href=\"https:\/\/www.medellin.gov.co\/es\/wp-content\/uploads\/2025\/02\/Pantallas-Gigantes-Final-Superliga-2.jpg\" target=\"_blank\" rel=\"noopener\"><img aria-describedby=\"caption-attachment-383571\" loading=\"lazy\" class=\"wp-image-383571 size-full\" title=\"Por pantallas gigantes, en todas las comunas y corregimientos, la ciudadan\u00eda podr\u00e1 ver la final de la Superliga entre Nacional y Bucaramanga\" src=\"https:\/\/www.medellin.gov.co\/es\/wp-content\/uploads\/2025\/02\/Pantallas-Gigantes-Final-Superliga-2.jpg\" alt=\"Por pantallas gigantes, en todas las comunas y corregimientos, la ciudadan\u00eda podr\u00e1 ver la final de la Superliga entre Nacional y Bucaramanga\" width=\"1280\" height=\"960\" srcset=\"https:\/\/www.medellin.gov.co\/es\/wp-content\/uploads\/2025\/02\/Pantallas-Gigantes-Final-Superliga-2.jpg 1280w, https:\/\/www.medellin.gov.co\/es\/wp-content\/uploads\/2025\/02\/Pantallas-Gigantes-Final-Superliga-2-300x225.jpg 300w, https:\/\/www.medellin.gov.co\/es\/wp-content\/uploads\/2025\/02\/Pantallas-Gigantes-Final-Superliga-2-1024x768.jpg 1024w, https:\/\/www.medellin.gov.co\/es\/wp-content\/uploads\/2025\/02\/Pantallas-Gigantes-Final-Superliga-2-150x113.jpg 150w, https:\/\/www.medellin.gov.co\/es\/wp-content\/uploads\/2025\/02\/Pantallas-Gigantes-Final-Superliga-2-768x576.jpg 768w\" sizes=\"(max-width: 1280px) 100vw, 1280px\" \/><\/a><p id=\"caption-attachment-383571\" class=\"wp-caption-text\">Por pantallas gigantes, en todas las comunas y corregimientos, la ciudadan\u00eda podr\u00e1 ver la final de la Superliga entre Nacional y Bucaramanga &#8211; Foto Alcald\u00eda de Medell\u00edn<\/p><\/div>\n<p>Las pantallas estar\u00e1n en las canchas polideportivas cubiertas de Santo Domingo 2 (Popular), Andaluc\u00eda (Santa Cruz), Parque Gait\u00e1n (Manrique), Desarrollo Deportivo Integral San Isidro (Aranjuez), Plaza Col\u00f3n (Castilla), Doce de Octubre Los Mangos (Doce de Octubre), C\u00f3rdoba (Robledo), Las Estancias (Villa Hermosa), Alejandro Echavarr\u00eda (Buenos Aires), Unidad Deportiva Atanasio Girardot (Laureles-Estadio), Unidad Deportiva La Floresta (La Am\u00e9rica), Manila (El Poblado), Campoamor (Guayabal) y en la Unidad Deportiva Bel\u00e9n Rinc\u00f3n (Bel\u00e9n). Tambi\u00e9n en Plaza Botero (La Candelaria) y en UVA Huellas de Vida (San Javier).<\/p>\n<p>La cita en los corregimientos ser\u00e1 en la cancha polideportiva del parque central de Palmitas, en Mar\u00eda Auxiliadora (San Antonio de Prado), en la Loma Sector Central (San Crist\u00f3bal), Centralidad La Esperanza (Altavista) y en el Coliseo Santa Elena.<\/p>\n","protected":false},"excerpt":{"rendered":"<p>Debido a la acogida de las transmisiones televisivas y al buen comportamiento de la comunidad, este jueves se instalar\u00e1n 21 pantallas gigantes en las comunas y corregimientos para disfrutar del partido de vuelta de la &#8230;<\/p>\n","protected":false},"author":21,"featured_media":383570,"comment_status":"open","ping_status":"open","sticky":false,"template":"","format":"standard","meta":[],"categories":[24,17],"tags":[451,689],"formato_nota":[],"programas_tax":[],"acf":[],"_links":{"self":[{"href":"https:\/\/www.medellin.gov.co\/es\/wp-json\/wp\/v2\/posts\/383644"}],"collection":[{"href":"https:\/\/www.medellin.gov.co\/es\/wp-json\/wp\/v2\/posts"}],"about":[{"href":"https:\/\/www.medellin.gov.co\/es\/wp-json\/wp\/v2\/types\/post"}],"author":[{"embeddable":true,"href":"https:\/\/www.medellin.gov.co\/es\/wp-json\/wp\/v2\/users\/21"}],"replies":[{"embeddable":true,"href":"https:\/\/www.medellin.gov.co\/es\/wp-json\/wp\/v2\/comments?post=383644"}],"version-history":[{"count":2,"href":"https:\/\/www.medellin.gov.co\/es\/wp-json\/wp\/v2\/posts\/383644\/revisions"}],"predecessor-version":[{"id":383841,"href":"https:\/\/www.medellin.gov.co\/es\/wp-json\/wp\/v2\/posts\/383644\/revisions\/383841"}],"wp:featuredmedia":[{"embeddable":true,"href":"https:\/\/www.medellin.gov.co\/es\/wp-json\/wp\/v2\/media\/383570"}],"wp:attachment":[{"href":"https:\/\/www.medellin.gov.co\/es\/wp-json\/wp\/v2\/media?parent=383644"}],"wp:term":[{"taxonomy":"category","embeddable":true,"href":"https:\/\/www.medellin.gov.co\/es\/wp-json\/wp\/v2\/categories?post=383644"},{"taxonomy":"post_tag","embeddable":true,"href":"https:\/\/www.medellin.gov.co\/es\/wp-json\/wp\/v2\/tags?post=383644"},{"taxonomy":"formato_nota","embeddable":true,"href":"https:\/\/www.medellin.gov.co\/es\/wp-json\/wp\/v2\/formato_nota?post=383644"},{"taxonomy":"programas_tax","embeddable":true,"href":"https:\/\/www.medellin.gov.co\/es\/wp-json\/wp\/v2\/programas_tax?post=383644"}],"curies":[{"name":"wp","href":"https:\/\/api.w.org\/{rel}","templated":true}]}}