{"id":383665,"date":"2025-02-05T14:15:51","date_gmt":"2025-02-05T19:15:51","guid":{"rendered":"https:\/\/www.medellin.gov.co\/es\/?p=383665"},"modified":"2025-02-05T14:15:51","modified_gmt":"2025-02-05T19:15:51","slug":"conozca-los-tramites-catastrales-que-ofrece-la-alcaldia-de-medellin","status":"publish","type":"post","link":"https:\/\/www.medellin.gov.co\/es\/sala-de-prensa\/noticias\/conozca-los-tramites-catastrales-que-ofrece-la-alcaldia-de-medellin\/","title":{"rendered":"Conozca los tr\u00e1mites catastrales que ofrece la Alcald\u00eda de Medell\u00edn"},"content":{"rendered":"<blockquote><p><em>La palabra \u201cCatastro\u201d, es tan antigua como funcional. Su origen se rastrea en la ra\u00edz griega \u03ba\u03b1\u03c4\u1f71\u03c3\u03c4\u03b9\u03c7\u03bf\u03bd kat\u00e1stichon <strong>\u201clista\u201d<\/strong>, proveniente de \u03ba\u03b1\u03c4\u1f70 \u03c3\u03c4\u1f77\u03c7\u03bf\u03bd kat\u00e0 st\u00edchon <strong>\u201cl\u00ednea a l\u00ednea\u201d<\/strong>.<\/em><\/p><\/blockquote>\n<p>El catastro se entiende, seg\u00fan el Instituto Geogr\u00e1fico Agust\u00edn Codazzi -autoridad m\u00e1xima en la materia-, como <em>\u201cel inventario o censo, debidamente actualizado y clasificado, de los bienes inmuebles pertenecientes al estado y a los particulares, con el objeto de lograr su correcta identificaci\u00f3n f\u00edsica, jur\u00eddica, fiscal y econ\u00f3mica\u201d<\/em>, de acuerdo con la Resoluci\u00f3n 0070 del 4 de febrero de 2011, por la cual se reglamenta t\u00e9cnicamente la formaci\u00f3n catastral, la actualizaci\u00f3n de la formaci\u00f3n catastral y la conservaci\u00f3n catastral.<\/p>\n<div id=\"attachment_383596\" style=\"width: 1034px\" class=\"wp-caption alignnone\"><a href=\"https:\/\/www.medellin.gov.co\/es\/wp-content\/uploads\/2025\/02\/Panoramica-de-Ciudad-2.jpg\" target=\"_blank\" rel=\"noopener\"><img aria-describedby=\"caption-attachment-383596\" loading=\"lazy\" class=\"wp-image-383596 size-large\" src=\"https:\/\/www.medellin.gov.co\/es\/wp-content\/uploads\/2025\/02\/Panoramica-de-Ciudad-2-1024x722.jpg\" alt=\"Panor\u00e1mica de Medell\u00edn\" width=\"1024\" height=\"722\" srcset=\"https:\/\/www.medellin.gov.co\/es\/wp-content\/uploads\/2025\/02\/Panoramica-de-Ciudad-2-1024x722.jpg 1024w, https:\/\/www.medellin.gov.co\/es\/wp-content\/uploads\/2025\/02\/Panoramica-de-Ciudad-2-300x211.jpg 300w, https:\/\/www.medellin.gov.co\/es\/wp-content\/uploads\/2025\/02\/Panoramica-de-Ciudad-2-150x106.jpg 150w, https:\/\/www.medellin.gov.co\/es\/wp-content\/uploads\/2025\/02\/Panoramica-de-Ciudad-2-768x541.jpg 768w, https:\/\/www.medellin.gov.co\/es\/wp-content\/uploads\/2025\/02\/Panoramica-de-Ciudad-2.jpg 1280w\" sizes=\"(max-width: 1024px) 100vw, 1024px\" \/><\/a><p id=\"caption-attachment-383596\" class=\"wp-caption-text\">Panor\u00e1mica de Medell\u00edn &#8211; Foto Alcald\u00eda de Medell\u00edn<\/p><\/div>\n<p>En nuestra ciudad, dicha funci\u00f3n se respalda en una Subsecretar\u00eda muy especial,\u00a0adscrita a la Secretar\u00eda de Gesti\u00f3n y Control Territorial. Aqu\u00ed les informamos sobre las facilidades y procedimientos que ofrece la Alcald\u00eda de Medell\u00edn a la ciudadan\u00eda en materia catastral.<\/p>\n<p><strong><em>\u00bfQu\u00e9 es la Subsecretar\u00eda de Catastro?<\/em><\/strong><strong><em>\u00a0<\/em><\/strong><\/p>\n<div id=\"attachment_384050\" style=\"width: 1034px\" class=\"wp-caption alignnone\"><a href=\"https:\/\/www.medellin.gov.co\/es\/wp-content\/uploads\/2025\/02\/Servicios_tributarios-1.jpg\" target=\"_blank\" rel=\"noopener\"><img aria-describedby=\"caption-attachment-384050\" loading=\"lazy\" class=\"wp-image-384050 size-large\" src=\"https:\/\/www.medellin.gov.co\/es\/wp-content\/uploads\/2025\/02\/Servicios_tributarios-1-1024x577.jpg\" alt=\"Servicios Tributarios\" width=\"1024\" height=\"577\" srcset=\"https:\/\/www.medellin.gov.co\/es\/wp-content\/uploads\/2025\/02\/Servicios_tributarios-1-1024x577.jpg 1024w, https:\/\/www.medellin.gov.co\/es\/wp-content\/uploads\/2025\/02\/Servicios_tributarios-1-300x169.jpg 300w, https:\/\/www.medellin.gov.co\/es\/wp-content\/uploads\/2025\/02\/Servicios_tributarios-1-150x84.jpg 150w, https:\/\/www.medellin.gov.co\/es\/wp-content\/uploads\/2025\/02\/Servicios_tributarios-1-768x433.jpg 768w, https:\/\/www.medellin.gov.co\/es\/wp-content\/uploads\/2025\/02\/Servicios_tributarios-1.jpg 1280w\" sizes=\"(max-width: 1024px) 100vw, 1024px\" \/><\/a><p id=\"caption-attachment-384050\" class=\"wp-caption-text\">Servicios Tributarios<\/p><\/div>\n<p><strong>R\/:<\/strong> La Subsecretar\u00eda de Catastro es la dependencia encargada de realizar el inventario o censo, debidamente actualizado y clasificado, de los bienes inmuebles pertenecientes al Estado y a los particulares, en el Distrito Especial de Ciencia Tecnolog\u00eda e Innovaci\u00f3n de Medell\u00edn, con el objetivo de lograr su correcta identificaci\u00f3n f\u00edsica, jur\u00eddica y econ\u00f3mica.<\/p>\n<p><strong><em>\u00bfQu\u00e9 es la actualizaci\u00f3n catastral y para qu\u00e9 sirve?<\/em><\/strong><strong><em>\u00a0<\/em><\/strong><\/p>\n<div id=\"attachment_383822\" style=\"width: 1034px\" class=\"wp-caption alignnone\"><a href=\"https:\/\/www.medellin.gov.co\/es\/wp-content\/uploads\/2025\/02\/Catastro_tramites-4.jpg\" target=\"_blank\" rel=\"noopener\"><img aria-describedby=\"caption-attachment-383822\" loading=\"lazy\" class=\"wp-image-383822 size-large\" src=\"https:\/\/www.medellin.gov.co\/es\/wp-content\/uploads\/2025\/02\/Catastro_tramites-4-1024x682.jpg\" alt=\"Tr\u00e1mites catastrales \" width=\"1024\" height=\"682\" srcset=\"https:\/\/www.medellin.gov.co\/es\/wp-content\/uploads\/2025\/02\/Catastro_tramites-4-1024x682.jpg 1024w, https:\/\/www.medellin.gov.co\/es\/wp-content\/uploads\/2025\/02\/Catastro_tramites-4-300x200.jpg 300w, https:\/\/www.medellin.gov.co\/es\/wp-content\/uploads\/2025\/02\/Catastro_tramites-4-150x100.jpg 150w, https:\/\/www.medellin.gov.co\/es\/wp-content\/uploads\/2025\/02\/Catastro_tramites-4-768x511.jpg 768w, https:\/\/www.medellin.gov.co\/es\/wp-content\/uploads\/2025\/02\/Catastro_tramites-4.jpg 1277w\" sizes=\"(max-width: 1024px) 100vw, 1024px\" \/><\/a><p id=\"caption-attachment-383822\" class=\"wp-caption-text\">Tr\u00e1mites catastrales<\/p><\/div>\n<p><strong>R\/:<\/strong> Es el proceso masivo mediante el cual se incorporan los cambios\u00a0 identificados en la informaci\u00f3n catastral de los predios en sus elementos f\u00edsicos (cambios de uso, demoliciones, construcciones), jur\u00eddicos (cambios de propietarios, poseedores) y econ\u00f3micos (aval\u00fao catastral).<\/p>\n<p><strong><em>\u00bfQu\u00e9 tr\u00e1mites se pueden realizar en la Subsecretar\u00eda de Catastro<\/em><\/strong><strong>?<\/strong><\/p>\n<p><strong>R\/:<\/strong> Todas las \u00a0solicitudes que tengan los interesados, ya sean propietarios, poseedores u \u00a0ocupantes, \u00a0con referencia a sus predios.<\/p>\n<p><strong>\u00bfQu\u00e9 modalidades de cambios catastrales existen?<\/strong><\/p>\n\n\t\t<style type=\"text\/css\">\n\t\t\t#gallery-1 {\n\t\t\t\tmargin: auto;\n\t\t\t}\n\t\t\t#gallery-1 .gallery-item {\n\t\t\t\tfloat: left;\n\t\t\t\tmargin-top: 10px;\n\t\t\t\ttext-align: center;\n\t\t\t\twidth: 50%;\n\t\t\t}\n\t\t\t#gallery-1 img {\n\t\t\t\tborder: 2px solid #cfcfcf;\n\t\t\t}\n\t\t\t#gallery-1 .gallery-caption {\n\t\t\t\tmargin-left: 0;\n\t\t\t}\n\t\t\t\/* see gallery_shortcode() in wp-includes\/media.php *\/\n\t\t<\/style>\n\t\t<div id='gallery-1' class='gallery galleryid-383665 gallery-columns-2 gallery-size-large'><dl class='gallery-item'>\n\t\t\t<dt class='gallery-icon landscape'>\n\t\t\t\t<a href='https:\/\/www.medellin.gov.co\/es\/sala-de-prensa\/noticias\/conozca-los-tramites-catastrales-que-ofrece-la-alcaldia-de-medellin\/servicios_tributarios-5\/'><img width=\"1024\" height=\"577\" src=\"https:\/\/www.medellin.gov.co\/es\/wp-content\/uploads\/2025\/02\/Servicios_tributarios-5-1024x577.jpg\" class=\"attachment-large size-large\" alt=\"Servicios Tributarios\" loading=\"lazy\" aria-describedby=\"gallery-1-384059\" srcset=\"https:\/\/www.medellin.gov.co\/es\/wp-content\/uploads\/2025\/02\/Servicios_tributarios-5-1024x577.jpg 1024w, https:\/\/www.medellin.gov.co\/es\/wp-content\/uploads\/2025\/02\/Servicios_tributarios-5-300x169.jpg 300w, https:\/\/www.medellin.gov.co\/es\/wp-content\/uploads\/2025\/02\/Servicios_tributarios-5-150x84.jpg 150w, https:\/\/www.medellin.gov.co\/es\/wp-content\/uploads\/2025\/02\/Servicios_tributarios-5-768x433.jpg 768w, https:\/\/www.medellin.gov.co\/es\/wp-content\/uploads\/2025\/02\/Servicios_tributarios-5.jpg 1280w\" sizes=\"(max-width: 1024px) 100vw, 1024px\" \/><\/a>\n\t\t\t<\/dt>\n\t\t\t\t<dd class='wp-caption-text gallery-caption' id='gallery-1-384059'>\n\t\t\t\tServicios Tributarios\n\t\t\t\t<\/dd><\/dl><dl class='gallery-item'>\n\t\t\t<dt class='gallery-icon landscape'>\n\t\t\t\t<a href='https:\/\/www.medellin.gov.co\/es\/sala-de-prensa\/noticias\/conozca-los-tramites-catastrales-que-ofrece-la-alcaldia-de-medellin\/servicios_tributarios-2\/'><img width=\"1024\" height=\"577\" src=\"https:\/\/www.medellin.gov.co\/es\/wp-content\/uploads\/2025\/02\/Servicios_tributarios-2-1024x577.jpg\" class=\"attachment-large size-large\" alt=\"Servicios Tributarios\" loading=\"lazy\" aria-describedby=\"gallery-1-384052\" srcset=\"https:\/\/www.medellin.gov.co\/es\/wp-content\/uploads\/2025\/02\/Servicios_tributarios-2-1024x577.jpg 1024w, https:\/\/www.medellin.gov.co\/es\/wp-content\/uploads\/2025\/02\/Servicios_tributarios-2-300x169.jpg 300w, https:\/\/www.medellin.gov.co\/es\/wp-content\/uploads\/2025\/02\/Servicios_tributarios-2-150x84.jpg 150w, https:\/\/www.medellin.gov.co\/es\/wp-content\/uploads\/2025\/02\/Servicios_tributarios-2-768x433.jpg 768w, https:\/\/www.medellin.gov.co\/es\/wp-content\/uploads\/2025\/02\/Servicios_tributarios-2.jpg 1280w\" sizes=\"(max-width: 1024px) 100vw, 1024px\" \/><\/a>\n\t\t\t<\/dt>\n\t\t\t\t<dd class='wp-caption-text gallery-caption' id='gallery-1-384052'>\n\t\t\t\tServicios Tributarios\n\t\t\t\t<\/dd><\/dl><br style=\"clear: both\" \/>\n\t\t<\/div>\n\n<p><strong>R\/:<\/strong> Son cinco. <strong>Primera clase:<\/strong> cambios de propietario o poseedor u ocupante. <strong>Segunda clase:<\/strong> cambios f\u00edsicos en el predio, agregaciones y desagregaciones. \u00a0<strong>Tercera clase:<\/strong> matr\u00edculas generadas por nuevas construcciones, demoliciones o destino econ\u00f3mico. <strong>Cuarta clase:<\/strong> <em>auto estimaciones<\/em> y cambios en el aval\u00fao catastral. \u00a0<strong>Quinta clase: <\/strong>Inscripci\u00f3n catastral de predios omitidos.<\/p>\n<p><strong><em>\u00bfC\u00f3mo realizar estos tr\u00e1mites?<\/em><\/strong><strong>\u00a0<\/strong><\/p>\n<p><strong>R\/:<\/strong> Mediante solicitud inicial: Se debe radicar la petici\u00f3n en l\u00ednea o presencialmente, dependiendo del tr\u00e1mite, a trav\u00e9s del portal oficial de la Alcald\u00eda de Medell\u00edn o en las oficinas de atenci\u00f3n ciudadana.<\/p>\n<div id=\"attachment_383824\" style=\"width: 1034px\" class=\"wp-caption alignnone\"><a href=\"https:\/\/www.medellin.gov.co\/es\/wp-content\/uploads\/2025\/02\/Catastro_tramites-3.jpg\" target=\"_blank\" rel=\"noopener\"><img aria-describedby=\"caption-attachment-383824\" loading=\"lazy\" class=\"wp-image-383824 size-large\" src=\"https:\/\/www.medellin.gov.co\/es\/wp-content\/uploads\/2025\/02\/Catastro_tramites-3-1024x683.jpg\" alt=\"Tr\u00e1mites catastrales \" width=\"1024\" height=\"683\" srcset=\"https:\/\/www.medellin.gov.co\/es\/wp-content\/uploads\/2025\/02\/Catastro_tramites-3-1024x683.jpg 1024w, https:\/\/www.medellin.gov.co\/es\/wp-content\/uploads\/2025\/02\/Catastro_tramites-3-300x200.jpg 300w, https:\/\/www.medellin.gov.co\/es\/wp-content\/uploads\/2025\/02\/Catastro_tramites-3-150x100.jpg 150w, https:\/\/www.medellin.gov.co\/es\/wp-content\/uploads\/2025\/02\/Catastro_tramites-3-768x512.jpg 768w, https:\/\/www.medellin.gov.co\/es\/wp-content\/uploads\/2025\/02\/Catastro_tramites-3.jpg 1275w\" sizes=\"(max-width: 1024px) 100vw, 1024px\" \/><\/a><p id=\"caption-attachment-383824\" class=\"wp-caption-text\">Tr\u00e1mites catastrales<\/p><\/div>\n<p>Para esto se requiere, seg\u00fan el tr\u00e1mite, <a href=\"https:\/\/www.medellin.gov.co\/normograma\/docs\/astrea\/docs\/R_CATASTRO_90789_2021.htm\">la c\u00e9dula del propietario, las escrituras p\u00fablicas, los planos topogr\u00e1ficos y otros documentos t\u00e9cnicos.<\/a><\/p>\n<p>Cabe resaltar que los certificados que se relacionan a continuaci\u00f3n, se pueden llevar de una manera, \u00e1gil, f\u00e1cil, segura y sin costo a trav\u00e9s de la p\u00e1gina web:<\/p>\n<ol>\n<li>Certificado de Estratificaci\u00f3n Residencial<\/li>\n<li>Ficha catastral del predio<\/li>\n<li>Certificado de poseer y no poseer bienes<\/li>\n<li>Certificado de nomenclatura<\/li>\n<\/ol>\n<div id=\"attachment_384055\" style=\"width: 1034px\" class=\"wp-caption alignnone\"><a href=\"https:\/\/www.medellin.gov.co\/es\/wp-content\/uploads\/2025\/02\/Servicios_tributarios-3.jpg\" target=\"_blank\" rel=\"noopener\"><img aria-describedby=\"caption-attachment-384055\" loading=\"lazy\" class=\"wp-image-384055 size-large\" src=\"https:\/\/www.medellin.gov.co\/es\/wp-content\/uploads\/2025\/02\/Servicios_tributarios-3-1024x577.jpg\" alt=\"Servicios Tributarios\" width=\"1024\" height=\"577\" srcset=\"https:\/\/www.medellin.gov.co\/es\/wp-content\/uploads\/2025\/02\/Servicios_tributarios-3-1024x577.jpg 1024w, https:\/\/www.medellin.gov.co\/es\/wp-content\/uploads\/2025\/02\/Servicios_tributarios-3-300x169.jpg 300w, https:\/\/www.medellin.gov.co\/es\/wp-content\/uploads\/2025\/02\/Servicios_tributarios-3-150x84.jpg 150w, https:\/\/www.medellin.gov.co\/es\/wp-content\/uploads\/2025\/02\/Servicios_tributarios-3-768x433.jpg 768w, https:\/\/www.medellin.gov.co\/es\/wp-content\/uploads\/2025\/02\/Servicios_tributarios-3.jpg 1280w\" sizes=\"(max-width: 1024px) 100vw, 1024px\" \/><\/a><p id=\"caption-attachment-384055\" class=\"wp-caption-text\">Servicios Tributarios<\/p><\/div>\n<ol start=\"5\">\n<li>Certificado nomenclatura lote<\/li>\n<li>Certificado plano predial catastral, (solo para predios certificados)<\/li>\n<li>Certificado de aval\u00faos<\/li>\n<li>Ficha catastral del lote<\/li>\n<\/ol>\n<p>Se cuenta con un validador de dichos certificados. Para conocer a detalle cada procedimiento ver el siguiente enlace: <a href=\"https:\/\/www.medellin.gov.co\/irj\/portal\/medellin\/certificados-catastrales\">https:\/\/www.medellin.gov.co\/irj\/portal\/medellin\/certificados-catastrales<\/a><\/p>\n<div id=\"attachment_157565\" style=\"width: 1034px\" class=\"wp-caption alignnone\"><a href=\"https:\/\/www.medellin.gov.co\/es\/wp-content\/uploads\/2023\/02\/Taquillas_CAD.jpg\" target=\"_blank\" rel=\"noopener\"><img aria-describedby=\"caption-attachment-157565\" loading=\"lazy\" class=\"wp-image-157565 size-large\" src=\"https:\/\/www.medellin.gov.co\/es\/wp-content\/uploads\/2023\/02\/Taquillas_CAD-1024x576.jpg\" alt=\"\" width=\"1024\" height=\"576\" srcset=\"https:\/\/www.medellin.gov.co\/es\/wp-content\/uploads\/2023\/02\/Taquillas_CAD-1024x576.jpg 1024w, https:\/\/www.medellin.gov.co\/es\/wp-content\/uploads\/2023\/02\/Taquillas_CAD-300x169.jpg 300w, https:\/\/www.medellin.gov.co\/es\/wp-content\/uploads\/2023\/02\/Taquillas_CAD-150x84.jpg 150w, https:\/\/www.medellin.gov.co\/es\/wp-content\/uploads\/2023\/02\/Taquillas_CAD-768x432.jpg 768w, https:\/\/www.medellin.gov.co\/es\/wp-content\/uploads\/2023\/02\/Taquillas_CAD.jpg 1280w\" sizes=\"(max-width: 1024px) 100vw, 1024px\" \/><\/a><p id=\"caption-attachment-157565\" class=\"wp-caption-text\">Taquillas Centro Administrativo Distrital<\/p><\/div>\n<p>Quienes deseen realizar la expedici\u00f3n de estos certificados de manera presencial, pueden acercarse al Centro Administrativo Distrital CAD, primer piso y revisar el precio correspondiente que se detalla en el enlace:\u00a0<a href=\"https:\/\/www.medellin.gov.co\/normograma\/docs\/astrea\/docs\/R_SHMED_99656_2023.htm\">https:\/\/www.medellin.gov.co\/normograma\/docs\/astrea\/docs\/R_SHMED_99656_2023.htm<\/a><\/p>\n<p><strong><em>\u00bfCu\u00e1les son los tr\u00e1mites gratuitos que se pueden solicitar a trav\u00e9s de la p\u00e1gina web?<\/em><\/strong><\/p>\n\n\t\t<style type=\"text\/css\">\n\t\t\t#gallery-2 {\n\t\t\t\tmargin: auto;\n\t\t\t}\n\t\t\t#gallery-2 .gallery-item {\n\t\t\t\tfloat: left;\n\t\t\t\tmargin-top: 10px;\n\t\t\t\ttext-align: center;\n\t\t\t\twidth: 50%;\n\t\t\t}\n\t\t\t#gallery-2 img {\n\t\t\t\tborder: 2px solid #cfcfcf;\n\t\t\t}\n\t\t\t#gallery-2 .gallery-caption {\n\t\t\t\tmargin-left: 0;\n\t\t\t}\n\t\t\t\/* see gallery_shortcode() in wp-includes\/media.php *\/\n\t\t<\/style>\n\t\t<div id='gallery-2' class='gallery galleryid-383665 gallery-columns-2 gallery-size-large'><dl class='gallery-item'>\n\t\t\t<dt class='gallery-icon landscape'>\n\t\t\t\t<a href='https:\/\/www.medellin.gov.co\/es\/sala-de-prensa\/noticias\/conozca-los-tramites-catastrales-que-ofrece-la-alcaldia-de-medellin\/catastro_tramites-18\/'><img width=\"925\" height=\"850\" src=\"https:\/\/www.medellin.gov.co\/es\/wp-content\/uploads\/2025\/02\/Catastro_tramites-18.jpg\" class=\"attachment-large size-large\" alt=\"Tr\u00e1mites catastrales\" loading=\"lazy\" aria-describedby=\"gallery-2-383828\" srcset=\"https:\/\/www.medellin.gov.co\/es\/wp-content\/uploads\/2025\/02\/Catastro_tramites-18.jpg 925w, https:\/\/www.medellin.gov.co\/es\/wp-content\/uploads\/2025\/02\/Catastro_tramites-18-300x276.jpg 300w, https:\/\/www.medellin.gov.co\/es\/wp-content\/uploads\/2025\/02\/Catastro_tramites-18-150x138.jpg 150w, https:\/\/www.medellin.gov.co\/es\/wp-content\/uploads\/2025\/02\/Catastro_tramites-18-768x706.jpg 768w\" sizes=\"(max-width: 925px) 100vw, 925px\" \/><\/a>\n\t\t\t<\/dt>\n\t\t\t\t<dd class='wp-caption-text gallery-caption' id='gallery-2-383828'>\n\t\t\t\tTr\u00e1mites catastrales \n\t\t\t\t<\/dd><\/dl><dl class='gallery-item'>\n\t\t\t<dt class='gallery-icon landscape'>\n\t\t\t\t<a href='https:\/\/www.medellin.gov.co\/es\/sala-de-prensa\/noticias\/conozca-los-tramites-catastrales-que-ofrece-la-alcaldia-de-medellin\/catastro_tramites-20\/'><img width=\"1024\" height=\"849\" src=\"https:\/\/www.medellin.gov.co\/es\/wp-content\/uploads\/2025\/02\/Catastro_tramites-20.jpg\" class=\"attachment-large size-large\" alt=\"Tr\u00e1mites catastrales\" loading=\"lazy\" aria-describedby=\"gallery-2-383825\" srcset=\"https:\/\/www.medellin.gov.co\/es\/wp-content\/uploads\/2025\/02\/Catastro_tramites-20.jpg 1025w, https:\/\/www.medellin.gov.co\/es\/wp-content\/uploads\/2025\/02\/Catastro_tramites-20-300x249.jpg 300w, https:\/\/www.medellin.gov.co\/es\/wp-content\/uploads\/2025\/02\/Catastro_tramites-20-150x124.jpg 150w, https:\/\/www.medellin.gov.co\/es\/wp-content\/uploads\/2025\/02\/Catastro_tramites-20-768x637.jpg 768w\" sizes=\"(max-width: 1024px) 100vw, 1024px\" \/><\/a>\n\t\t\t<\/dt>\n\t\t\t\t<dd class='wp-caption-text gallery-caption' id='gallery-2-383825'>\n\t\t\t\tTr\u00e1mites catastrales \n\t\t\t\t<\/dd><\/dl><br style=\"clear: both\" \/>\n\t\t<\/div>\n\n<p><strong>R\/:<\/strong> Son seis los tr\u00e1mites gratuitos que se pueden realizar: certificado plano predial catastral, cambio de propietario, cambio de destinaci\u00f3n, certificaci\u00f3n de \u00e1rea con efectos registrales, <em>auto estimaciones<\/em> y revisiones de aval\u00fao catastral.<\/p>\n<p>Para m\u00e1s informaci\u00f3n puede consultar en el siguiente enlace: <strong><a href=\"https:\/\/www.medellin.gov.co\/es\/secretaria-gestion-y-control-territorial\/subsecretaria-de-catastro\/\">https:\/\/www.medellin.gov.co\/es\/secretaria-gestion-y-control-territorial\/subsecretaria-de-catastro\/<\/a><\/strong><strong>\u00a0<\/strong><\/p>\n<p><strong>\u00bfCu\u00e1les son los pasos para solicitar el tr\u00e1mite de manera virtual?<\/strong><strong>\u00a0<\/strong><\/p>\n<div id=\"attachment_383832\" style=\"width: 840px\" class=\"wp-caption alignnone\"><a href=\"https:\/\/www.medellin.gov.co\/es\/wp-content\/uploads\/2025\/02\/Catastro_tramites-19.jpg\" target=\"_blank\" rel=\"noopener\"><img aria-describedby=\"caption-attachment-383832\" loading=\"lazy\" class=\"wp-image-383832 size-full\" src=\"https:\/\/www.medellin.gov.co\/es\/wp-content\/uploads\/2025\/02\/Catastro_tramites-19.jpg\" alt=\"\" width=\"830\" height=\"850\" srcset=\"https:\/\/www.medellin.gov.co\/es\/wp-content\/uploads\/2025\/02\/Catastro_tramites-19.jpg 830w, https:\/\/www.medellin.gov.co\/es\/wp-content\/uploads\/2025\/02\/Catastro_tramites-19-293x300.jpg 293w, https:\/\/www.medellin.gov.co\/es\/wp-content\/uploads\/2025\/02\/Catastro_tramites-19-146x150.jpg 146w, https:\/\/www.medellin.gov.co\/es\/wp-content\/uploads\/2025\/02\/Catastro_tramites-19-768x787.jpg 768w\" sizes=\"(max-width: 830px) 100vw, 830px\" \/><\/a><p id=\"caption-attachment-383832\" class=\"wp-caption-text\">Tr\u00e1mites catastrales<\/p><\/div>\n<p><strong>R\/: <\/strong>Este es el procedimiento para solicitar su tr\u00e1mite virtual:<strong>\u00a0<\/strong><\/p>\n<ul>\n<li><strong>Ingrese al portal<\/strong> oficial de la Subsecretar\u00eda de Catastro de Medell\u00edn, (<a href=\"http:\/\/www.medellin.gov.co\/catastro\">www.medellin.gov.co\/catastro<\/a>) y seleccione la opci\u00f3n \u201cTr\u00e1mites y Servicios\u201d.<\/li>\n<li><strong>Registro y autenticaci\u00f3n: <\/strong>Si no tiene cuenta, cree un usuario en el sistema, utilizando su correo electr\u00f3nico. Si ya est\u00e1 registrado, inicie sesi\u00f3n con sus credenciales.<\/li>\n<li><strong>Selecci\u00f3n del tr\u00e1mite:<\/strong> Elija el tr\u00e1mite correspondiente en el men\u00fa de servicios disponibles.<\/li>\n<\/ul>\n<div id=\"attachment_383835\" style=\"width: 1034px\" class=\"wp-caption alignnone\"><a href=\"https:\/\/www.medellin.gov.co\/es\/wp-content\/uploads\/2025\/02\/Catastro_tramites-5.jpg\" target=\"_blank\" rel=\"noopener\"><img aria-describedby=\"caption-attachment-383835\" loading=\"lazy\" class=\"wp-image-383835 size-large\" src=\"https:\/\/www.medellin.gov.co\/es\/wp-content\/uploads\/2025\/02\/Catastro_tramites-5-1024x768.jpg\" alt=\"Tr\u00e1mites catastrales \" width=\"1024\" height=\"768\" srcset=\"https:\/\/www.medellin.gov.co\/es\/wp-content\/uploads\/2025\/02\/Catastro_tramites-5-1024x768.jpg 1024w, https:\/\/www.medellin.gov.co\/es\/wp-content\/uploads\/2025\/02\/Catastro_tramites-5-300x225.jpg 300w, https:\/\/www.medellin.gov.co\/es\/wp-content\/uploads\/2025\/02\/Catastro_tramites-5-150x113.jpg 150w, https:\/\/www.medellin.gov.co\/es\/wp-content\/uploads\/2025\/02\/Catastro_tramites-5-768x576.jpg 768w, https:\/\/www.medellin.gov.co\/es\/wp-content\/uploads\/2025\/02\/Catastro_tramites-5.jpg 1133w\" sizes=\"(max-width: 1024px) 100vw, 1024px\" \/><\/a><p id=\"caption-attachment-383835\" class=\"wp-caption-text\">Tr\u00e1mites catastrales<\/p><\/div>\n<ul>\n<li><strong>Documentos requeridos:<\/strong> Cargue los documentos necesarios, como la escritura p\u00fablica, el certificado de libertad y tradici\u00f3n actualizado, la copia de la c\u00e9dula del nuevo propietario y un poder autenticado, si aplica.<\/li>\n<li><strong>Seguimiento:<\/strong> Reciba una notificaci\u00f3n de confirmaci\u00f3n y siga el estado de su solicitud en la plataforma.<\/li>\n<li>\u2060<strong>Reciba una notificaci\u00f3n<\/strong> de que el proceso se ha realizado con \u00e9xito.<\/li>\n<\/ul>\n<p>Esperamos que esta informaci\u00f3n sea de gran utilidad para cuando usted requiera realizar alg\u00fan tipo de tr\u00e1mite catastral en las oficinas que para este fin tiene destinadas la Alcald\u00eda de Medell\u00edn en su sede de La Alpujarra. \u00a1Recuerde! La gran mayor\u00eda de tr\u00e1mites son virtuales y f\u00e1ciles de realizar.<\/p>\n<p><strong>Tenga en cuenta que\u2026<\/strong><\/p>\n<p>Para cualquier inquietud o inconveniente con la clave y\/o nombre de usuario, puede comunicarse a la L\u00ednea \u00danica de Atenci\u00f3n a la Ciudadan\u00eda (574) 44 44 144 o al correo <a href=\"mailto:atencion.ciudadana@medellin.gov.co\" target=\"_blank\" rel=\"noopener\"><strong><em>atencion.ciudadana@medellin.gov.co<\/em><\/strong><strong>\u00a0<\/strong><\/a><\/p>\n<p>Tambi\u00e9n puede dirigirse al Centro de Servicios a la Ciudadan\u00eda ubicado en el s\u00f3tano de La Alpujarra, calle 44 # 52 \u2013 165, de \u00a0lunes a jueves de 7:30 a. m. a 5:30 p. m. y los viernes en jornada continua de 7:30 a. m. a 4:30 p. m.<\/p>\n<p>Finalmente, para los cambios producidos en la inscripci\u00f3n de predios o mejoras por edificaciones no declaradas u omitidas durante el proceso de formaci\u00f3n o actualizaci\u00f3n del catastro, ingrese a\u00a0<a href=\"https:\/\/www.medellin.gov.co\/es\/tramites-y-servicios\/cambios-producidos-por-la-inscripcion-de-predios-o-mejoras-por-edificaciones-no-declaradas-u-omitidas-durante-el-proceso-de-formacion-o-actualizacion-del-catastro\/\">https:\/\/www.medellin.gov.co\/es\/tramites-y-servicios\/cambios-producidos-por-la-inscripcion-de-predios-o-mejoras-por-edificaciones-no-declaradas-u-omitidas-durante-el-proceso-de-formacion-o-actualizacion-del-catastro\/<\/a> y los puede notificar de manera presencial en las siguientes sedes:<\/p>\n<div id=\"attachment_17058\" style=\"width: 1034px\" class=\"wp-caption alignnone\"><a href=\"https:\/\/www.medellin.gov.co\/es\/wp-content\/uploads\/2021\/09\/casa-de-gobierno-altavista.jpg\" target=\"_blank\" rel=\"noopener\"><img aria-describedby=\"caption-attachment-17058\" loading=\"lazy\" class=\"wp-image-17058 size-full\" src=\"https:\/\/www.medellin.gov.co\/es\/wp-content\/uploads\/2021\/09\/casa-de-gobierno-altavista.jpg\" alt=\"Casa de Gobierno Altavista\" width=\"1024\" height=\"576\" srcset=\"https:\/\/www.medellin.gov.co\/es\/wp-content\/uploads\/2021\/09\/casa-de-gobierno-altavista.jpg 1024w, https:\/\/www.medellin.gov.co\/es\/wp-content\/uploads\/2021\/09\/casa-de-gobierno-altavista-300x169.jpg 300w, https:\/\/www.medellin.gov.co\/es\/wp-content\/uploads\/2021\/09\/casa-de-gobierno-altavista-150x84.jpg 150w, https:\/\/www.medellin.gov.co\/es\/wp-content\/uploads\/2021\/09\/casa-de-gobierno-altavista-768x432.jpg 768w\" sizes=\"(max-width: 1024px) 100vw, 1024px\" \/><\/a><p id=\"caption-attachment-17058\" class=\"wp-caption-text\">Casa de Gobierno Altavista<\/p><\/div>\n<p><strong>Casa de Gobierno Altavista<br \/>\n<\/strong>Direcci\u00f3n: Calle 18 # 105 &#8211; 69.<br \/>\nTel\u00e9fono: 3857440 &#8211; 3857152 &#8211; 4444144.<br \/>\nHorario: lunes a jueves de 7:00 a. m. a 12:30 p. m. y de 1:00 p. m. a 4:30 p. m., viernes de 7:00 a. m. a 12:30 p. m. y de 1:00 p. m. a 3:30 p. m<\/p>\n<p><strong>Inspecci\u00f3n de Polic\u00eda 6A, 12 de Octubre<br \/>\n<\/strong>Direcci\u00f3n: Calle 103 # 77 B &#8211; 56.<br \/>\nTel\u00e9fono: 4776588 \u2013 4776011 \u2013 4381992 &#8211; 4444144.<br \/>\nHorario: lunes a jueves de 7:30 a. m. a 12:30 p. m. y de 1:30 p. m. a 5:30 p. m., viernes de 7:30 a. m. a 12:30 p. m. y de 1:30 p. m. a 4:30 p. m.<strong>\u00a0<\/strong><\/p>\n<p><strong>Inspecci\u00f3n de Polic\u00eda 7A, Robledo<br \/>\n<\/strong>Direcci\u00f3n: Calle 64 A # 85 &#8211; 19.<br \/>\nTel\u00e9fono: 2647106 \u2013 2340699 &#8211; 4444144.<br \/>\nHorario: lunes a jueves de 7:30 a. m. a 12:30 p. m. y de 1:30 p. m. a 5:30 p. m., viernes de 7:30 a. m a 12:30 p. m. y de 1:30 p. m. a 4:30 p. m..<strong>\u00a0<\/strong><\/p>\n<div id=\"attachment_17119\" style=\"width: 1034px\" class=\"wp-caption alignnone\"><a href=\"https:\/\/www.medellin.gov.co\/es\/wp-content\/uploads\/2021\/09\/casa-de-gobierno-santa-elena.jpg\"><img aria-describedby=\"caption-attachment-17119\" loading=\"lazy\" class=\"size-full wp-image-17119\" src=\"https:\/\/www.medellin.gov.co\/es\/wp-content\/uploads\/2021\/09\/casa-de-gobierno-santa-elena.jpg\" alt=\"Casa de Gobierno Santa Elena\" width=\"1024\" height=\"576\" srcset=\"https:\/\/www.medellin.gov.co\/es\/wp-content\/uploads\/2021\/09\/casa-de-gobierno-santa-elena.jpg 1024w, https:\/\/www.medellin.gov.co\/es\/wp-content\/uploads\/2021\/09\/casa-de-gobierno-santa-elena-300x169.jpg 300w, https:\/\/www.medellin.gov.co\/es\/wp-content\/uploads\/2021\/09\/casa-de-gobierno-santa-elena-150x84.jpg 150w, https:\/\/www.medellin.gov.co\/es\/wp-content\/uploads\/2021\/09\/casa-de-gobierno-santa-elena-768x432.jpg 768w\" sizes=\"(max-width: 1024px) 100vw, 1024px\" \/><\/a><p id=\"caption-attachment-17119\" class=\"wp-caption-text\">Casa de Gobierno Santa Elena<\/p><\/div>\n<p><strong>Casa de Gobierno Santa Elena<br \/>\n<\/strong>Direcci\u00f3n: Kil\u00f3metro 15+700 &#8211; parque principal.<br \/>\nTel\u00e9fono: 3856984 &#8211; 3856983 &#8211; 4444144.<br \/>\nHorario: lunes a jueves de 7:30 a. m. a 12:30 p. m. y de 1:30 p. m. a 5:30 p. m., viernes de 7:30 a. m. a 12:30 p. m. y de 1:30 p. m. a 4:30 p. m.<strong>\u00a0<\/strong><\/p>\n<p><strong>Casa de Gobierno San Sebasti\u00e1n de Palmitas<br \/>\n<\/strong>Direcci\u00f3n: Calle 20 # 35 &#8211; 114.<br \/>\nTel\u00e9fonos: 3856832, 4444144.<br \/>\nHorario: lunes a jueves de 7:30 a. m. a 12:30 p. m. y de 1:30 p. m. a 5:30 p. m., viernes de 7:30 a. m. a 12:30 p. m. y de 1:30 p. m. a 4:30 p. m.<strong>\u00a0<\/strong><\/p>\n<p><strong>Casa de Gobierno San Antonio de Prado<br \/>\n<\/strong>Direcci\u00f3n: Carrera 79 # 41 Sur &#8211; 36.<br \/>\nTel\u00e9fono: 3856823 &#8211; 3856827 &#8211; 4444144.<br \/>\nHorario: lunes a jueves de 7:30 a. m. a 12.30 p. m. y de 1:30 p. m. a 5:30 p. m., viernes de 7:30 a. m. a 12:30 p. m. y de 1:30 p. m. a 4:30 p. m.<strong>\u00a0<\/strong><\/p>\n<div id=\"attachment_164136\" style=\"width: 1034px\" class=\"wp-caption alignnone\"><a href=\"https:\/\/www.medellin.gov.co\/es\/wp-content\/uploads\/2023\/03\/atencion_ciudadano-taquillas.jpg\" target=\"_blank\" rel=\"noopener\"><img aria-describedby=\"caption-attachment-164136\" loading=\"lazy\" class=\"wp-image-164136 size-large\" src=\"https:\/\/www.medellin.gov.co\/es\/wp-content\/uploads\/2023\/03\/atencion_ciudadano-taquillas-1024x683.jpg\" alt=\"Centro de servicio a la ciudadan\u00eda\" width=\"1024\" height=\"683\" srcset=\"https:\/\/www.medellin.gov.co\/es\/wp-content\/uploads\/2023\/03\/atencion_ciudadano-taquillas-1024x683.jpg 1024w, https:\/\/www.medellin.gov.co\/es\/wp-content\/uploads\/2023\/03\/atencion_ciudadano-taquillas-300x200.jpg 300w, https:\/\/www.medellin.gov.co\/es\/wp-content\/uploads\/2023\/03\/atencion_ciudadano-taquillas-150x100.jpg 150w, https:\/\/www.medellin.gov.co\/es\/wp-content\/uploads\/2023\/03\/atencion_ciudadano-taquillas-768x512.jpg 768w, https:\/\/www.medellin.gov.co\/es\/wp-content\/uploads\/2023\/03\/atencion_ciudadano-taquillas.jpg 1280w\" sizes=\"(max-width: 1024px) 100vw, 1024px\" \/><\/a><p id=\"caption-attachment-164136\" class=\"wp-caption-text\">Centro de servicio a la ciudadan\u00eda<\/p><\/div>\n<p><strong>Centro de Servicios a la Ciudadan\u00eda La Alpujarra<br \/>\n<\/strong>Direcci\u00f3n: Calle 44 # 52 &#8211; 165, S\u00f3tano A.<br \/>\nTel\u00e9fono: 4444144 &#8211; 3855555.<br \/>\nHorario: lunes a jueves de 7:30 a. m. a 12:30 p. m. y de 1:30 p. m. a 5:30 p. m., viernes de 7:30 a. m. a 12:30 p. m. y de 1:30 p. m. a 4:30 p. m.<strong>\u00a0<\/strong><\/p>\n<p><strong>Mascerca Guayabal<br \/>\n<\/strong>Direcci\u00f3n: Carrera 52 # 9 S &#8211; 42.<br \/>\nTel\u00e9fono: 3857411 &#8211; 3857410 &#8211; 4444144.<br \/>\nHorario: lunes a viernes de 7:30 a. m. a 5:00 p. m. (jornada continua)<strong>\u00a0<\/strong><\/p>\n<p><strong>Casa de Justicia Santo Domingo<br \/>\n<\/strong>Direcci\u00f3n: Carrera 32 # 101 &#8211; 102.<br \/>\nTel\u00e9fono: 3858617 &#8211; 3858614.<br \/>\nHorario: lunes a jueves de 7:30 a. m. a 12:30 p. m. y de 1:00 p. m. a 5:00 p. m., viernes de 7:30 a. m. a 12:30 p. m. y de 1:00 p. m. a 4:00 p. m.<strong>\u00a0<\/strong><\/p>\n<div id=\"attachment_204012\" style=\"width: 1034px\" class=\"wp-caption alignnone\"><a href=\"https:\/\/www.medellin.gov.co\/es\/wp-content\/uploads\/2023\/06\/Casas_Justicia_Medellin_3.jpg\" target=\"_blank\" rel=\"noopener\"><img aria-describedby=\"caption-attachment-204012\" loading=\"lazy\" class=\"wp-image-204012 size-large\" src=\"https:\/\/www.medellin.gov.co\/es\/wp-content\/uploads\/2023\/06\/Casas_Justicia_Medellin_3-1024x814.jpg\" alt=\"Casas de Justicia en Medell\u00edn\" width=\"1024\" height=\"814\" srcset=\"https:\/\/www.medellin.gov.co\/es\/wp-content\/uploads\/2023\/06\/Casas_Justicia_Medellin_3-1024x814.jpg 1024w, https:\/\/www.medellin.gov.co\/es\/wp-content\/uploads\/2023\/06\/Casas_Justicia_Medellin_3-300x239.jpg 300w, https:\/\/www.medellin.gov.co\/es\/wp-content\/uploads\/2023\/06\/Casas_Justicia_Medellin_3-150x119.jpg 150w, https:\/\/www.medellin.gov.co\/es\/wp-content\/uploads\/2023\/06\/Casas_Justicia_Medellin_3-768x611.jpg 768w, https:\/\/www.medellin.gov.co\/es\/wp-content\/uploads\/2023\/06\/Casas_Justicia_Medellin_3.jpg 1280w\" sizes=\"(max-width: 1024px) 100vw, 1024px\" \/><\/a><p id=\"caption-attachment-204012\" class=\"wp-caption-text\">Casas de Justicia 20 de Julio<\/p><\/div>\n<p><strong>Casa de Justicia Veinte de Julio<br \/>\n<\/strong>Direcci\u00f3n: Calle 39 C # 109 &#8211; 124.<br \/>\nTel\u00e9fono: 3856543 &#8211; 3856715 &#8211; 3856714.<br \/>\nHorario: lunes a jueves 7:30 a. m. a 12:30 p. m. y de 1:00 p. m. a 5:30 p. m., viernes 7:30 a. m. a 12:30 p. m. y de 1:00 p. m. a 4:30 p. m.<\/p>\n<p><strong>Mascerca Castilla<br \/>\n<\/strong>Direcci\u00f3n: Carrera 65 # 100 &#8211; 123.<br \/>\nTel\u00e9fono: 3857182 &#8211; 3857181 &#8211; 4444144.<br \/>\nHorario: lunes a viernes de 7:30 a. m. a 5:00 p. m. (jornada continua).<strong>\u00a0<\/strong><\/p>\n<p><strong>UPJ El Bosque<br \/>\n<\/strong>Direcci\u00f3n: Carrera 52 C # 71 &#8211; 84.<br \/>\nTel\u00e9fono: 4939825 &#8211; 4939828.<br \/>\nHorario: lunes a jueves 7:30 a. m. a 12:30 p. m. y de 1:00 p. m. a 5:30 p. m., viernes 7:30 a. m. a 12:30 p. m. y de 1:00 p. m. a 4:30 p. m.<strong>\u00a0<\/strong><\/p>\n\n\t\t<style type=\"text\/css\">\n\t\t\t#gallery-3 {\n\t\t\t\tmargin: auto;\n\t\t\t}\n\t\t\t#gallery-3 .gallery-item {\n\t\t\t\tfloat: left;\n\t\t\t\tmargin-top: 10px;\n\t\t\t\ttext-align: center;\n\t\t\t\twidth: 50%;\n\t\t\t}\n\t\t\t#gallery-3 img {\n\t\t\t\tborder: 2px solid #cfcfcf;\n\t\t\t}\n\t\t\t#gallery-3 .gallery-caption {\n\t\t\t\tmargin-left: 0;\n\t\t\t}\n\t\t\t\/* see gallery_shortcode() in wp-includes\/media.php *\/\n\t\t<\/style>\n\t\t<div id='gallery-3' class='gallery galleryid-383665 gallery-columns-2 gallery-size-large'><dl class='gallery-item'>\n\t\t\t<dt class='gallery-icon landscape'>\n\t\t\t\t<a href='https:\/\/www.medellin.gov.co\/es\/sala-de-prensa\/noticias\/este-viernes-21-de-julio-la-alcaldia-de-medellin-prestara-servicio-al-ciudadano-solo-en-los-mascerca\/mascerca-2\/'><img width=\"1024\" height=\"682\" src=\"https:\/\/www.medellin.gov.co\/es\/wp-content\/uploads\/2023\/07\/Mascerca-2-1024x682.jpg\" class=\"attachment-large size-large\" alt=\"Mascerca - Foto Alcald\u00eda de Medell\u00edn\" loading=\"lazy\" aria-describedby=\"gallery-3-222887\" srcset=\"https:\/\/www.medellin.gov.co\/es\/wp-content\/uploads\/2023\/07\/Mascerca-2-1024x682.jpg 1024w, https:\/\/www.medellin.gov.co\/es\/wp-content\/uploads\/2023\/07\/Mascerca-2-300x200.jpg 300w, https:\/\/www.medellin.gov.co\/es\/wp-content\/uploads\/2023\/07\/Mascerca-2-150x100.jpg 150w, https:\/\/www.medellin.gov.co\/es\/wp-content\/uploads\/2023\/07\/Mascerca-2-768x512.jpg 768w, https:\/\/www.medellin.gov.co\/es\/wp-content\/uploads\/2023\/07\/Mascerca-2.jpg 1280w\" sizes=\"(max-width: 1024px) 100vw, 1024px\" \/><\/a>\n\t\t\t<\/dt>\n\t\t\t\t<dd class='wp-caption-text gallery-caption' id='gallery-3-222887'>\n\t\t\t\tMascerca\n\t\t\t\t<\/dd><\/dl><dl class='gallery-item'>\n\t\t\t<dt class='gallery-icon landscape'>\n\t\t\t\t<a href='https:\/\/www.medellin.gov.co\/es\/sala-de-prensa\/noticias\/este-viernes-21-de-julio-la-alcaldia-de-medellin-prestara-servicio-al-ciudadano-solo-en-los-mascerca\/mascerca-1\/'><img width=\"1024\" height=\"682\" src=\"https:\/\/www.medellin.gov.co\/es\/wp-content\/uploads\/2023\/07\/Mascerca-1-1024x682.jpg\" class=\"attachment-large size-large\" alt=\"Mascerca - Foto Alcald\u00eda de Medell\u00edn\" loading=\"lazy\" srcset=\"https:\/\/www.medellin.gov.co\/es\/wp-content\/uploads\/2023\/07\/Mascerca-1-1024x682.jpg 1024w, https:\/\/www.medellin.gov.co\/es\/wp-content\/uploads\/2023\/07\/Mascerca-1-300x200.jpg 300w, https:\/\/www.medellin.gov.co\/es\/wp-content\/uploads\/2023\/07\/Mascerca-1-150x100.jpg 150w, https:\/\/www.medellin.gov.co\/es\/wp-content\/uploads\/2023\/07\/Mascerca-1-768x512.jpg 768w, https:\/\/www.medellin.gov.co\/es\/wp-content\/uploads\/2023\/07\/Mascerca-1.jpg 1280w\" sizes=\"(max-width: 1024px) 100vw, 1024px\" \/><\/a>\n\t\t\t<\/dt><\/dl><br style=\"clear: both\" \/>\n\t\t<\/div>\n\n<p><strong>Casa de Gobierno San Crist\u00f3bal<br \/>\n<\/strong>Direcci\u00f3n: Carrera 131 # 60 \u2013 59.<br \/>\nTel\u00e9fono: 3856840 &#8211; 4444144.<br \/>\nHorario: lunes a jueves de 7:30 a. m. a 12.30 p. m. y de1:30 p. m. a 5:30 p. m., viernes de 7:30 a. m. a 12:30 p. m. y de 1:30 p. m. a 4:30 p. m<strong>\u00a0<\/strong><\/p>\n<p><strong>Casa de Justicia Villa del Socorro<br \/>\n<\/strong>Direcci\u00f3n: Calle 104 B # 48 &#8211; 60.<br \/>\nTel\u00e9fono: 3857437 &#8211; 3857407.<br \/>\nHorario: lunes a jueves de 7:30 a. m. a 12:30 p. m. y de 1:30 p. m. a 5:30 p. m., viernes 7:30 a. m. a 12:30 p. m. y de 1:30 p. m. a 4:30 p. m.<strong>\u00a0<\/strong><strong>\u00a0<\/strong><\/p>\n<p><strong>Mascerca Bel\u00e9n<br \/>\n<\/strong>Direcci\u00f3n: Carrera 76 # 32 &#8211; 74.<br \/>\nTel\u00e9fono: 3857177 &#8211; 3857428 &#8211; 4444144.<br \/>\nHorario: lunes a viernes de 7:30 a. m. a 5:00 p. m. (jornada continua).<strong>\u00a0<\/strong><\/p>\n<div id=\"attachment_346126\" style=\"width: 1034px\" class=\"wp-caption alignnone\"><a href=\"https:\/\/www.medellin.gov.co\/es\/wp-content\/uploads\/2024\/09\/Mascerca-de-belen-servicios-de-registraduria-auxiliar-2.jpg\" target=\"_blank\" rel=\"noopener\"><img aria-describedby=\"caption-attachment-346126\" loading=\"lazy\" class=\"wp-image-346126 size-large\" src=\"https:\/\/www.medellin.gov.co\/es\/wp-content\/uploads\/2024\/09\/Mascerca-de-belen-servicios-de-registraduria-auxiliar-2-1024x768.jpg\" alt=\"Mascerca Bel\u00e9n\" width=\"1024\" height=\"768\" srcset=\"https:\/\/www.medellin.gov.co\/es\/wp-content\/uploads\/2024\/09\/Mascerca-de-belen-servicios-de-registraduria-auxiliar-2-1024x768.jpg 1024w, https:\/\/www.medellin.gov.co\/es\/wp-content\/uploads\/2024\/09\/Mascerca-de-belen-servicios-de-registraduria-auxiliar-2-300x225.jpg 300w, https:\/\/www.medellin.gov.co\/es\/wp-content\/uploads\/2024\/09\/Mascerca-de-belen-servicios-de-registraduria-auxiliar-2-150x113.jpg 150w, https:\/\/www.medellin.gov.co\/es\/wp-content\/uploads\/2024\/09\/Mascerca-de-belen-servicios-de-registraduria-auxiliar-2-768x576.jpg 768w, https:\/\/www.medellin.gov.co\/es\/wp-content\/uploads\/2024\/09\/Mascerca-de-belen-servicios-de-registraduria-auxiliar-2.jpg 1200w\" sizes=\"(max-width: 1024px) 100vw, 1024px\" \/><\/a><p id=\"caption-attachment-346126\" class=\"wp-caption-text\">Mascerca<\/p><\/div>\n<p><strong>Mascerca El Poblado<br \/>\n<\/strong>Direcci\u00f3n: Carrera 43 D # 11 &#8211; 02.<br \/>\nTel\u00e9fono: 3857414 &#8211; 4444144.<br \/>\nHorario: lunes a viernes de 7:00 a. m. a 6:00 p. m. y s\u00e1bados de 9:00 a. m. a 12:00 p. m. (los s\u00e1bados s\u00f3lo atiende la Secretar\u00eda de Movilidad).<strong>\u00a0<\/strong><\/p>\n<p><strong>Parque Biblioteca La Ladera<br \/>\n<\/strong>Direcci\u00f3n: Calle 59 A # 36 &#8211; 30, Local 102.<br \/>\nTel\u00e9fono: 3857331 &#8211; 3856704 &#8211; 3856701.<br \/>\nHorario: lunes a jueves de 7:30 a. m. a 12:30 p. m. y de 1:30 p. m. a 5:30 p. m., viernes 7:30 a. m. a 12:30 p. m. y de 1:30 p. m. a 4:30 p. m.<strong>\u00a0<\/strong><\/p>\n<p><strong>Centro de Servicios a la Ciudadan\u00eda Estadio<br \/>\n<\/strong>Direcci\u00f3n: Calle 48 # 73 &#8211; 10.<br \/>\nTel\u00e9fono: 4444144 &#8211; 3858825.<br \/>\nHorario: lunes a jueves 7:30 a. m. a 12:30 p. m. y de 1:30 p. m. a 5:30 p. m., viernes de 7:30 a. m. a 12:30 p. m. y de 1:30 p. m. a 4:30 p. m.<\/p>\n<div id=\"attachment_384060\" style=\"width: 1034px\" class=\"wp-caption alignnone\"><a href=\"https:\/\/www.medellin.gov.co\/es\/wp-content\/uploads\/2025\/02\/Servicios_tributarios-6.jpg\"><img aria-describedby=\"caption-attachment-384060\" loading=\"lazy\" class=\"size-large wp-image-384060\" src=\"https:\/\/www.medellin.gov.co\/es\/wp-content\/uploads\/2025\/02\/Servicios_tributarios-6-1024x577.jpg\" alt=\"Servicios Tributarios\" width=\"1024\" height=\"577\" srcset=\"https:\/\/www.medellin.gov.co\/es\/wp-content\/uploads\/2025\/02\/Servicios_tributarios-6-1024x577.jpg 1024w, https:\/\/www.medellin.gov.co\/es\/wp-content\/uploads\/2025\/02\/Servicios_tributarios-6-300x169.jpg 300w, https:\/\/www.medellin.gov.co\/es\/wp-content\/uploads\/2025\/02\/Servicios_tributarios-6-150x84.jpg 150w, https:\/\/www.medellin.gov.co\/es\/wp-content\/uploads\/2025\/02\/Servicios_tributarios-6-768x433.jpg 768w, https:\/\/www.medellin.gov.co\/es\/wp-content\/uploads\/2025\/02\/Servicios_tributarios-6.jpg 1280w\" sizes=\"(max-width: 1024px) 100vw, 1024px\" \/><\/a><p id=\"caption-attachment-384060\" class=\"wp-caption-text\">Servicios Tributarios<\/p><\/div>\n<p><strong>Centro de Servicios a la Ciudadan\u00eda Lusitania<br \/>\n<\/strong>Direcci\u00f3n: Calle 63 # 108 BB \u2013 06 Interior 120.<br \/>\nTel\u00e9fono: 3858446 &#8211; 4444144.<br \/>\nHorario: lunes a jueves de 7:30 a. m. a 12.30 p. m. y de 1:00 p. m. a 5:00 p. m., viernes de 7:30 a. m. a 12:30 p. m. y de 1:00 p. m. a 4:00 p. m.<strong>\u00a0<\/strong><\/p>\n<p><strong>Mascerca La Floresta<br \/>\n<\/strong>Direcci\u00f3n: Carrera 89 B # 48 A &#8211; 37.<br \/>\nTel\u00e9fono: 3857406 &#8211; 3857408 &#8211; 4444144.<br \/>\nHorario: lunes a viernes 7:30 a. m. a 5:00 p. m.<strong>\u00a0<\/strong><\/p>\n<p><strong>Centro de Servicios a la Ciudadan\u00eda Manrique<br \/>\n<\/strong>Direcci\u00f3n: Carrera 43 # 66 E &#8211; 41, LC 1.<br \/>\nTel\u00e9fono: 3858027 &#8211; 3858028 &#8211; 4444144.<br \/>\nHorario: lunes a jueves de 8:00 a. m. a 12.00 p. m. y de 1:00 p. m. a 5:00 p. m., viernes de 8:00 a. m. a 12:00 m. y de 1:00 p. m. a 4:00 p. m.<\/p>\n","protected":false},"excerpt":{"rendered":"<p>La palabra \u201cCatastro\u201d, es tan antigua como funcional. Su origen se rastrea en la ra\u00edz griega \u03ba\u03b1\u03c4\u1f71\u03c3\u03c4\u03b9\u03c7\u03bf\u03bd kat\u00e1stichon \u201clista\u201d, proveniente de \u03ba\u03b1\u03c4\u1f70 \u03c3\u03c4\u1f77\u03c7\u03bf\u03bd kat\u00e0 st\u00edchon \u201cl\u00ednea a l\u00ednea\u201d. El catastro se entiende, seg\u00fan el Instituto &#8230;<\/p>\n","protected":false},"author":17,"featured_media":383819,"comment_status":"open","ping_status":"open","sticky":false,"template":"","format":"standard","meta":[],"categories":[7],"tags":[455],"formato_nota":[],"programas_tax":[],"acf":[],"_links":{"self":[{"href":"https:\/\/www.medellin.gov.co\/es\/wp-json\/wp\/v2\/posts\/383665"}],"collection":[{"href":"https:\/\/www.medellin.gov.co\/es\/wp-json\/wp\/v2\/posts"}],"about":[{"href":"https:\/\/www.medellin.gov.co\/es\/wp-json\/wp\/v2\/types\/post"}],"author":[{"embeddable":true,"href":"https:\/\/www.medellin.gov.co\/es\/wp-json\/wp\/v2\/users\/17"}],"replies":[{"embeddable":true,"href":"https:\/\/www.medellin.gov.co\/es\/wp-json\/wp\/v2\/comments?post=383665"}],"version-history":[{"count":3,"href":"https:\/\/www.medellin.gov.co\/es\/wp-json\/wp\/v2\/posts\/383665\/revisions"}],"predecessor-version":[{"id":384071,"href":"https:\/\/www.medellin.gov.co\/es\/wp-json\/wp\/v2\/posts\/383665\/revisions\/384071"}],"wp:featuredmedia":[{"embeddable":true,"href":"https:\/\/www.medellin.gov.co\/es\/wp-json\/wp\/v2\/media\/383819"}],"wp:attachment":[{"href":"https:\/\/www.medellin.gov.co\/es\/wp-json\/wp\/v2\/media?parent=383665"}],"wp:term":[{"taxonomy":"category","embeddable":true,"href":"https:\/\/www.medellin.gov.co\/es\/wp-json\/wp\/v2\/categories?post=383665"},{"taxonomy":"post_tag","embeddable":true,"href":"https:\/\/www.medellin.gov.co\/es\/wp-json\/wp\/v2\/tags?post=383665"},{"taxonomy":"formato_nota","embeddable":true,"href":"https:\/\/www.medellin.gov.co\/es\/wp-json\/wp\/v2\/formato_nota?post=383665"},{"taxonomy":"programas_tax","embeddable":true,"href":"https:\/\/www.medellin.gov.co\/es\/wp-json\/wp\/v2\/programas_tax?post=383665"}],"curies":[{"name":"wp","href":"https:\/\/api.w.org\/{rel}","templated":true}]}}