{"id":384537,"date":"2025-02-07T13:12:21","date_gmt":"2025-02-07T18:12:21","guid":{"rendered":"https:\/\/www.medellin.gov.co\/es\/?p=384537"},"modified":"2025-02-07T13:12:21","modified_gmt":"2025-02-07T18:12:21","slug":"medellin-aumento-su-tejido-empresarial-en-3-5-durante-2024","status":"publish","type":"post","link":"https:\/\/www.medellin.gov.co\/es\/sala-de-prensa\/noticias\/medellin-aumento-su-tejido-empresarial-en-3-5-durante-2024\/","title":{"rendered":"Medell\u00edn aument\u00f3 su tejido empresarial en 3.5 % durante 2024"},"content":{"rendered":"<ul>\n<li>La ciudad registr\u00f3 118.441 empresas activas en ese periodo.<\/li>\n<li>As\u00ed mismo, se crearon 21.480 nuevas empresas, seg\u00fan la C\u00e1mara de Comercio de Medell\u00edn para Antioquia.<\/li>\n<li>Los empresarios creen en la articulaci\u00f3n con el sector p\u00fablico y la ciudadan\u00eda.<\/li>\n<\/ul>\n<!--[if lt IE 9]><script>document.createElement('audio');<\/script><![endif]-->\n\t<div class=\"wp-playlist wp-audio-playlist wp-playlist-light\">\n\t\t\t<div class=\"wp-playlist-current-item\"><\/div>\n\t\t<audio controls=\"controls\" preload=\"none\" width=\"640\"\n\t\t\t><\/audio>\n\t<div class=\"wp-playlist-next\"><\/div>\n\t<div class=\"wp-playlist-prev\"><\/div>\n\t<noscript>\n\t<ol>\n\t\t<li><a href='https:\/\/www.medellin.gov.co\/es\/wp-content\/uploads\/2025\/02\/Medellin-Aumento-Tejido-Empresarial-01.mp3'>Palabras de Mar\u00eda Fernanda Galeano Rojo, secretaria de Desarrollo Econ\u00f3mico<\/a><\/li>\t<\/ol>\n\t<\/noscript>\n\t<script type=\"application\/json\" class=\"wp-playlist-script\">{\"type\":\"audio\",\"tracklist\":true,\"tracknumbers\":true,\"images\":true,\"artists\":true,\"tracks\":[{\"src\":\"https:\\\/\\\/www.medellin.gov.co\\\/es\\\/wp-content\\\/uploads\\\/2025\\\/02\\\/Medellin-Aumento-Tejido-Empresarial-01.mp3\",\"type\":\"audio\\\/mpeg\",\"title\":\"Palabras de Mar\\u00eda Fernanda Galeano Rojo, secretaria de Desarrollo Econ\\u00f3mico\",\"caption\":\"\",\"description\":\"\\u00abPalabras de Mar\\u00eda Fernanda Galeano Rojo, secretaria de Desarrollo Econ\\u00f3mico\\u00bb.\",\"meta\":{\"length_formatted\":\"0:47\"},\"image\":{\"src\":\"https:\\\/\\\/www.medellin.gov.co\\\/es\\\/wp-includes\\\/images\\\/media\\\/audio.png\",\"width\":48,\"height\":64},\"thumb\":{\"src\":\"https:\\\/\\\/www.medellin.gov.co\\\/es\\\/wp-includes\\\/images\\\/media\\\/audio.png\",\"width\":48,\"height\":64}}]}<\/script>\n<\/div>\n\t\n<p>Al cierre de 2024, Medell\u00edn report\u00f3 118.441 empresas activas, lo que represent\u00f3 un incremento de 3.5 % con respecto al a\u00f1o 2023. Estos resultados se dieron gracias a la articulaci\u00f3n entre el sector p\u00fablico y el privado, la reactivaci\u00f3n del Comit\u00e9 Universidad Empresa Estado -CUEE y la confianza entre los gremios con el sector p\u00fablico y con la ciudadan\u00eda.<\/p>\n<p>Mientras el pa\u00eds mostr\u00f3 una disminuci\u00f3n en la creaci\u00f3n de empresas, Medell\u00edn fortaleci\u00f3 su tejido empresarial, especialmente en sectores como comercio, restaurantes y hoteles; seguros y finanzas; y la industria manufacturera, los cuales mostraron mayor dinamismo durante 2024.<\/p>\n<div id=\"attachment_384487\" style=\"width: 1290px\" class=\"wp-caption alignnone\"><a href=\"https:\/\/www.medellin.gov.co\/es\/wp-content\/uploads\/2025\/02\/Medellin-Aumento-Tejido-Empresarial-2.jpg\" target=\"_blank\" rel=\"noopener\"><img aria-describedby=\"caption-attachment-384487\" loading=\"lazy\" class=\"wp-image-384487 size-full\" title=\"Medell\u00edn aument\u00f3 su tejido empresarial en 3.5 % durante 2024\" src=\"https:\/\/www.medellin.gov.co\/es\/wp-content\/uploads\/2025\/02\/Medellin-Aumento-Tejido-Empresarial-2.jpg\" alt=\"Medell\u00edn aument\u00f3 su tejido empresarial en 3.5 % durante 2024\" width=\"1280\" height=\"853\" srcset=\"https:\/\/www.medellin.gov.co\/es\/wp-content\/uploads\/2025\/02\/Medellin-Aumento-Tejido-Empresarial-2.jpg 1280w, https:\/\/www.medellin.gov.co\/es\/wp-content\/uploads\/2025\/02\/Medellin-Aumento-Tejido-Empresarial-2-300x200.jpg 300w, https:\/\/www.medellin.gov.co\/es\/wp-content\/uploads\/2025\/02\/Medellin-Aumento-Tejido-Empresarial-2-1024x682.jpg 1024w, https:\/\/www.medellin.gov.co\/es\/wp-content\/uploads\/2025\/02\/Medellin-Aumento-Tejido-Empresarial-2-150x100.jpg 150w, https:\/\/www.medellin.gov.co\/es\/wp-content\/uploads\/2025\/02\/Medellin-Aumento-Tejido-Empresarial-2-768x512.jpg 768w\" sizes=\"(max-width: 1280px) 100vw, 1280px\" \/><\/a><p id=\"caption-attachment-384487\" class=\"wp-caption-text\">Medell\u00edn aument\u00f3 su tejido empresarial en 3.5 % durante 2024 &#8211; Foto Alcald\u00eda de Medell\u00edn<\/p><\/div>\n<p>\u201c<em>Seg\u00fan los datos entregados por la C\u00e1mara de Comercio de Medell\u00edn para Antioquia, cerramos el a\u00f1o 2024 con una base empresarial de 118.441. Eso representa un aumento de 3.5 %, si lo comparamos con el a\u00f1o 2023. Esto significa que, en un contexto en el que el pa\u00eds viene decreciendo en la creaci\u00f3n de empresas, Medell\u00edn muestra una alta din\u00e1mica emprendedora y empresarial y, sobre todo, una capacidad de trabajar juntos entre la universidad, las empresas y el Estado. Adem\u00e1s, permite seguir generando empleo, as\u00ed como din\u00e1mica econ\u00f3mica y social, lo que se traduce en bienestar para los ciudadanos y sus familias<\/em>\u201d, dijo la secretaria de Desarrollo Econ\u00f3mico, Mar\u00eda Fernanda Galeano Rojo.<\/p>\n<p>Entre enero y diciembre de 2024, se registr\u00f3 la creaci\u00f3n de 21.480 nuevas empresas, seg\u00fan cifras de la C\u00e1mara de Comercio de Medell\u00edn para Antioquia. Este crecimiento evidenci\u00f3 la confianza renovada en la ciudad y el compromiso de los empresarios locales.<\/p>\n<div id=\"attachment_384489\" style=\"width: 1290px\" class=\"wp-caption alignnone\"><a href=\"https:\/\/www.medellin.gov.co\/es\/wp-content\/uploads\/2025\/02\/Medellin-Aumento-Tejido-Empresarial-3.jpg\" target=\"_blank\" rel=\"noopener\"><img aria-describedby=\"caption-attachment-384489\" loading=\"lazy\" class=\"wp-image-384489 size-full\" title=\"Medell\u00edn aument\u00f3 su tejido empresarial en 3.5 % durante 2024\" src=\"https:\/\/www.medellin.gov.co\/es\/wp-content\/uploads\/2025\/02\/Medellin-Aumento-Tejido-Empresarial-3.jpg\" alt=\"Medell\u00edn aument\u00f3 su tejido empresarial en 3.5 % durante 2024\" width=\"1280\" height=\"853\" srcset=\"https:\/\/www.medellin.gov.co\/es\/wp-content\/uploads\/2025\/02\/Medellin-Aumento-Tejido-Empresarial-3.jpg 1280w, https:\/\/www.medellin.gov.co\/es\/wp-content\/uploads\/2025\/02\/Medellin-Aumento-Tejido-Empresarial-3-300x200.jpg 300w, https:\/\/www.medellin.gov.co\/es\/wp-content\/uploads\/2025\/02\/Medellin-Aumento-Tejido-Empresarial-3-1024x682.jpg 1024w, https:\/\/www.medellin.gov.co\/es\/wp-content\/uploads\/2025\/02\/Medellin-Aumento-Tejido-Empresarial-3-150x100.jpg 150w, https:\/\/www.medellin.gov.co\/es\/wp-content\/uploads\/2025\/02\/Medellin-Aumento-Tejido-Empresarial-3-768x512.jpg 768w\" sizes=\"(max-width: 1280px) 100vw, 1280px\" \/><\/a><p id=\"caption-attachment-384489\" class=\"wp-caption-text\">Medell\u00edn aument\u00f3 su tejido empresarial en 3.5 % durante 2024 &#8211; Foto Alcald\u00eda de Medell\u00edn<\/p><\/div>\n<p>La creaci\u00f3n de empresas es un pilar fundamental para generar bienestar en la comunidad y el progreso de Colombia desde las regiones, impulsando el desarrollo econ\u00f3mico y social.<\/p>\n<p>Estos resultados reflejan el compromiso, la innovaci\u00f3n y la determinaci\u00f3n de los empresarios locales, quienes siguen apost\u00e1ndole a la generaci\u00f3n de empleo en Medell\u00edn, lo que se viene reflejando en las \u00faltimas cuatro mediciones del DANE, en las que la capital antioque\u00f1a registr\u00f3 la tasa de desocupaci\u00f3n m\u00e1s baja del pa\u00eds, alcanzando en el trimestre octubre-diciembre un 6.5 %.<\/p>\n<p>M\u00e1s informaci\u00f3n econ\u00f3mica y empresarial en <a href=\"https:\/\/www.medellin.gov.co\/es\/secretaria-%20desarrollo-economico\/que-hace-la-secretaria\/\" target=\"_blank\" rel=\"noopener\">https:\/\/www.medellin.gov.co\/es\/secretaria- desarrollo-economico\/que-hace-la-secretaria\/<\/a><\/p>\n","protected":false},"excerpt":{"rendered":"<p>La ciudad registr\u00f3 118.441 empresas activas en ese periodo. As\u00ed mismo, se crearon 21.480 nuevas empresas, seg\u00fan la C\u00e1mara de Comercio de Medell\u00edn para Antioquia. Los empresarios creen en la articulaci\u00f3n con el sector p\u00fablico &#8230;<\/p>\n","protected":false},"author":21,"featured_media":384486,"comment_status":"open","ping_status":"open","sticky":false,"template":"","format":"standard","meta":[],"categories":[3],"tags":[433,455],"formato_nota":[],"programas_tax":[],"acf":[],"_links":{"self":[{"href":"https:\/\/www.medellin.gov.co\/es\/wp-json\/wp\/v2\/posts\/384537"}],"collection":[{"href":"https:\/\/www.medellin.gov.co\/es\/wp-json\/wp\/v2\/posts"}],"about":[{"href":"https:\/\/www.medellin.gov.co\/es\/wp-json\/wp\/v2\/types\/post"}],"author":[{"embeddable":true,"href":"https:\/\/www.medellin.gov.co\/es\/wp-json\/wp\/v2\/users\/21"}],"replies":[{"embeddable":true,"href":"https:\/\/www.medellin.gov.co\/es\/wp-json\/wp\/v2\/comments?post=384537"}],"version-history":[{"count":1,"href":"https:\/\/www.medellin.gov.co\/es\/wp-json\/wp\/v2\/posts\/384537\/revisions"}],"predecessor-version":[{"id":384540,"href":"https:\/\/www.medellin.gov.co\/es\/wp-json\/wp\/v2\/posts\/384537\/revisions\/384540"}],"wp:featuredmedia":[{"embeddable":true,"href":"https:\/\/www.medellin.gov.co\/es\/wp-json\/wp\/v2\/media\/384486"}],"wp:attachment":[{"href":"https:\/\/www.medellin.gov.co\/es\/wp-json\/wp\/v2\/media?parent=384537"}],"wp:term":[{"taxonomy":"category","embeddable":true,"href":"https:\/\/www.medellin.gov.co\/es\/wp-json\/wp\/v2\/categories?post=384537"},{"taxonomy":"post_tag","embeddable":true,"href":"https:\/\/www.medellin.gov.co\/es\/wp-json\/wp\/v2\/tags?post=384537"},{"taxonomy":"formato_nota","embeddable":true,"href":"https:\/\/www.medellin.gov.co\/es\/wp-json\/wp\/v2\/formato_nota?post=384537"},{"taxonomy":"programas_tax","embeddable":true,"href":"https:\/\/www.medellin.gov.co\/es\/wp-json\/wp\/v2\/programas_tax?post=384537"}],"curies":[{"name":"wp","href":"https:\/\/api.w.org\/{rel}","templated":true}]}}