{"id":384669,"date":"2025-02-07T16:52:43","date_gmt":"2025-02-07T21:52:43","guid":{"rendered":"https:\/\/www.medellin.gov.co\/es\/?p=384669"},"modified":"2025-02-07T18:48:54","modified_gmt":"2025-02-07T23:48:54","slug":"comunicado-maicc","status":"publish","type":"post","link":"https:\/\/www.medellin.gov.co\/es\/sala-de-prensa\/noticias\/comunicado-maicc\/","title":{"rendered":"Comunicado MAICC"},"content":{"rendered":"<p>Con relaci\u00f3n a la versi\u00f3n publicada en la red social X, en la que se afirma que: <em>\u201cse le est\u00e1 pidiendo a algunos contratistas de Alcald\u00eda de Medell\u00edn el 20% para que su contrato sea renovado. Tambi\u00e9n me cuentan algunos Medios Comunitarios (MAICC) que se normaliz\u00f3 que les pidan tajada desde la oficina de comunicaciones para asignarles pauta\u201d. <\/em>Al respecto, la Alcald\u00eda de Medell\u00edn se permite aclarar que:<\/p>\n<ol>\n<li>Ninguna de las afirmaciones corresponde a la verdad. Esta publicaci\u00f3n carece de veracidad, es completamente falsa y malintencionada. Desde la Alcald\u00eda de Medell\u00edn, todas las actuaciones administrativas se cumplen bajo el principio de la transparencia, el respeto por la gente y por los recursos p\u00fablicos.<\/li>\n<\/ol>\n<ol start=\"2\">\n<li>Como Alcald\u00eda somos respetuosos y cumplidores de la norma. Los procesos de contrataci\u00f3n p\u00fablica est\u00e1n regidos por la Ley 80 de 1993 (tambi\u00e9n conocida como Estatuto General de Contrataci\u00f3n de la Administraci\u00f3n P\u00fablica), que incluye las pautas y reglas para la prestaci\u00f3n de servicios.<\/li>\n<\/ol>\n<ol start=\"3\">\n<li>El proceso de asignaci\u00f3n de pauta publicitaria para los MAICC se hace a trav\u00e9s de un operador, el cual aplica unos criterios t\u00e9cnicos (como periodicidad en la publicaci\u00f3n, impacto y trayectoria del medio), lo que permite tener un ranking y as\u00ed determinar el monto del Desde el 1 de enero de 2025 y hasta la fecha, no se ha contratado al operador y, por lo tanto, no se ha adjudicado pauta publicitaria para medios MAICC.<\/li>\n<\/ol>\n<ol start=\"4\">\n<li>La administraci\u00f3n no hace ninguna exigencia econ\u00f3mica para la entrega de pauta y, hasta la fecha, no se ha recibido alertas, quejas o peticiones sobre este tipo de pr\u00e1cticas por parte del operador. Es importante destacar que los medios MAICC tiene una comunicaci\u00f3n directa y permanente con el Distrito a trav\u00e9s de los Gestores Territoriales de Comunicaci\u00f3n. Quien conozca de un hecho irregular, pedimos que se denuncien ante los \u00f3rganos de control.<\/li>\n<\/ol>\n<ol start=\"5\">\n<li>El Distrito rechaza este tipo de afirmaciones las cuales denotan una clara intenci\u00f3n de desinformar y, por este motivo, se ha procedido a radicar ante la Fiscal\u00eda General de la Naci\u00f3n la denuncia penal por el presunto delito de Calumnia agravada (Art\u00edculos 221 y 223 del C\u00f3digo Penal).<\/li>\n<\/ol>\n<ol start=\"6\">\n<li>Los procesos del Distrito son de conocimiento p\u00fablico y de cara a la ciudadan\u00eda. Adem\u00e1s, se garantiza la transparencia de los recursos p\u00fablicos vigilados por las veedur\u00edas ciudadanas y de los entes de control. Reafirmamos nuestro compromiso en devolverle a la ciudad la confianza por lo p\u00fablico.<\/li>\n<\/ol>\n","protected":false},"excerpt":{"rendered":"<p>Con relaci\u00f3n a la versi\u00f3n publicada en la red social X, en la que se afirma que: \u201cse le est\u00e1 pidiendo a algunos contratistas de Alcald\u00eda de Medell\u00edn el 20% para que su contrato sea &#8230;<\/p>\n","protected":false},"author":17,"featured_media":7628,"comment_status":"open","ping_status":"open","sticky":false,"template":"","format":"standard","meta":[],"categories":[1],"tags":[453,455],"formato_nota":[],"programas_tax":[],"acf":[],"_links":{"self":[{"href":"https:\/\/www.medellin.gov.co\/es\/wp-json\/wp\/v2\/posts\/384669"}],"collection":[{"href":"https:\/\/www.medellin.gov.co\/es\/wp-json\/wp\/v2\/posts"}],"about":[{"href":"https:\/\/www.medellin.gov.co\/es\/wp-json\/wp\/v2\/types\/post"}],"author":[{"embeddable":true,"href":"https:\/\/www.medellin.gov.co\/es\/wp-json\/wp\/v2\/users\/17"}],"replies":[{"embeddable":true,"href":"https:\/\/www.medellin.gov.co\/es\/wp-json\/wp\/v2\/comments?post=384669"}],"version-history":[{"count":3,"href":"https:\/\/www.medellin.gov.co\/es\/wp-json\/wp\/v2\/posts\/384669\/revisions"}],"predecessor-version":[{"id":384700,"href":"https:\/\/www.medellin.gov.co\/es\/wp-json\/wp\/v2\/posts\/384669\/revisions\/384700"}],"wp:featuredmedia":[{"embeddable":true,"href":"https:\/\/www.medellin.gov.co\/es\/wp-json\/wp\/v2\/media\/7628"}],"wp:attachment":[{"href":"https:\/\/www.medellin.gov.co\/es\/wp-json\/wp\/v2\/media?parent=384669"}],"wp:term":[{"taxonomy":"category","embeddable":true,"href":"https:\/\/www.medellin.gov.co\/es\/wp-json\/wp\/v2\/categories?post=384669"},{"taxonomy":"post_tag","embeddable":true,"href":"https:\/\/www.medellin.gov.co\/es\/wp-json\/wp\/v2\/tags?post=384669"},{"taxonomy":"formato_nota","embeddable":true,"href":"https:\/\/www.medellin.gov.co\/es\/wp-json\/wp\/v2\/formato_nota?post=384669"},{"taxonomy":"programas_tax","embeddable":true,"href":"https:\/\/www.medellin.gov.co\/es\/wp-json\/wp\/v2\/programas_tax?post=384669"}],"curies":[{"name":"wp","href":"https:\/\/api.w.org\/{rel}","templated":true}]}}