{"id":384702,"date":"2025-02-08T11:47:09","date_gmt":"2025-02-08T16:47:09","guid":{"rendered":"https:\/\/www.medellin.gov.co\/es\/?p=384702"},"modified":"2025-02-08T11:47:09","modified_gmt":"2025-02-08T16:47:09","slug":"crece-el-numero-de-desplazados-que-llegan-a-medellin-ahora-provenientes-de-choco","status":"publish","type":"post","link":"https:\/\/www.medellin.gov.co\/es\/sala-de-prensa\/noticias\/crece-el-numero-de-desplazados-que-llegan-a-medellin-ahora-provenientes-de-choco\/","title":{"rendered":"Crece el n\u00famero de desplazados que llegan a Medell\u00edn, ahora provenientes de Choc\u00f3"},"content":{"rendered":"<ul>\n<li>Gran parte de los actos violentos que desencadenaron esta situaci\u00f3n han sido atribuidos a un grupo delincuencial conocido como \u2018Los Mexicanos\u2019.<\/li>\n<li>Otras familias han huido debido a casos graves de extorsi\u00f3n.<strong>\u00a0<\/strong><\/li>\n<\/ul>\n<!--[if lt IE 9]><script>document.createElement('audio');<\/script><![endif]-->\n\t<div class=\"wp-playlist wp-audio-playlist wp-playlist-light\">\n\t\t\t<div class=\"wp-playlist-current-item\"><\/div>\n\t\t<audio controls=\"controls\" preload=\"none\" width=\"640\"\n\t\t\t><\/audio>\n\t<div class=\"wp-playlist-next\"><\/div>\n\t<div class=\"wp-playlist-prev\"><\/div>\n\t<noscript>\n\t<ol>\n\t\t<li><a href='https:\/\/www.medellin.gov.co\/es\/wp-content\/uploads\/2025\/02\/Paz_DDHH_Desplazados.mp3'>Paz_DDHH_Desplazados<\/a><\/li>\t<\/ol>\n\t<\/noscript>\n\t<script type=\"application\/json\" class=\"wp-playlist-script\">{\"type\":\"audio\",\"tracklist\":true,\"tracknumbers\":true,\"images\":true,\"artists\":true,\"tracks\":[{\"src\":\"https:\\\/\\\/www.medellin.gov.co\\\/es\\\/wp-content\\\/uploads\\\/2025\\\/02\\\/Paz_DDHH_Desplazados.mp3\",\"type\":\"audio\\\/mpeg\",\"title\":\"Paz_DDHH_Desplazados\",\"caption\":\"Declaraciones del secretario de Paz y Derechos Humanos, Carlos Alberto Arcila\",\"description\":\"\\u00abDesplazados que llegan a Medell\\u00edn\\u00bb\",\"meta\":{\"genre\":\"Blues\",\"length_formatted\":\"0:44\"},\"image\":{\"src\":\"https:\\\/\\\/www.medellin.gov.co\\\/es\\\/wp-includes\\\/images\\\/media\\\/audio.png\",\"width\":48,\"height\":64},\"thumb\":{\"src\":\"https:\\\/\\\/www.medellin.gov.co\\\/es\\\/wp-includes\\\/images\\\/media\\\/audio.png\",\"width\":48,\"height\":64}}]}<\/script>\n<\/div>\n\t\n<p>La Alcald\u00eda de Medell\u00edn ha brindado atenci\u00f3n y acompa\u00f1amiento a 63 familias desplazadas, conformadas por 156 personas provenientes del departamento de Choc\u00f3. La mayor\u00eda de estos hogares, 45 en total (106 personas), llegaron de Quibd\u00f3 y salieron de all\u00ed por un conflicto intraurbano marcado por enfrentamientos entre bandas.<\/p>\n<div id=\"attachment_384706\" style=\"width: 1034px\" class=\"wp-caption alignnone\"><a href=\"https:\/\/www.medellin.gov.co\/es\/wp-content\/uploads\/2025\/02\/desplazados_medellin-1.jpg\"><img aria-describedby=\"caption-attachment-384706\" loading=\"lazy\" class=\"size-large wp-image-384706\" src=\"https:\/\/www.medellin.gov.co\/es\/wp-content\/uploads\/2025\/02\/desplazados_medellin-1-1024x682.jpg\" alt=\"Desplazados que llegan a Medell\u00edn\" width=\"1024\" height=\"682\" srcset=\"https:\/\/www.medellin.gov.co\/es\/wp-content\/uploads\/2025\/02\/desplazados_medellin-1-1024x682.jpg 1024w, https:\/\/www.medellin.gov.co\/es\/wp-content\/uploads\/2025\/02\/desplazados_medellin-1-300x200.jpg 300w, https:\/\/www.medellin.gov.co\/es\/wp-content\/uploads\/2025\/02\/desplazados_medellin-1-150x100.jpg 150w, https:\/\/www.medellin.gov.co\/es\/wp-content\/uploads\/2025\/02\/desplazados_medellin-1-768x512.jpg 768w, https:\/\/www.medellin.gov.co\/es\/wp-content\/uploads\/2025\/02\/desplazados_medellin-1.jpg 1276w\" sizes=\"(max-width: 1024px) 100vw, 1024px\" \/><\/a><p id=\"caption-attachment-384706\" class=\"wp-caption-text\">Desplazados que llegan a Medell\u00edn<\/p><\/div>\n<p><em>\u201cDebido al conflicto armado que se vive en Choc\u00f3, al parecer por el grupo armado \u2018Los Mexicanos\u2019 y por extorsiones, amenazas y desplazamiento, se ha generado esta situaci\u00f3n\u201d, <\/em>afirm\u00f3 el secretario de Paz y Derechos Humanos, Carlos Alberto Arcila Valencia.<\/p>\n<p>Los casos de extorsi\u00f3n afectan a mineros artesanales, propietarios de peque\u00f1os negocios y comerciantes informales, quienes se han visto obligados a dejarlo todo, como consecuencia de las amenazas de muerte por negarse a pagar las exigencias de los delincuentes.<\/p>\n<div id=\"attachment_384709\" style=\"width: 1034px\" class=\"wp-caption alignnone\"><a href=\"https:\/\/www.medellin.gov.co\/es\/wp-content\/uploads\/2025\/02\/desplazados_medellin-3.jpg\"><img aria-describedby=\"caption-attachment-384709\" loading=\"lazy\" class=\"size-large wp-image-384709\" src=\"https:\/\/www.medellin.gov.co\/es\/wp-content\/uploads\/2025\/02\/desplazados_medellin-3-1024x682.jpg\" alt=\"Desplazados que llegan a Medell\u00edn\" width=\"1024\" height=\"682\" srcset=\"https:\/\/www.medellin.gov.co\/es\/wp-content\/uploads\/2025\/02\/desplazados_medellin-3-1024x682.jpg 1024w, https:\/\/www.medellin.gov.co\/es\/wp-content\/uploads\/2025\/02\/desplazados_medellin-3-300x200.jpg 300w, https:\/\/www.medellin.gov.co\/es\/wp-content\/uploads\/2025\/02\/desplazados_medellin-3-150x100.jpg 150w, https:\/\/www.medellin.gov.co\/es\/wp-content\/uploads\/2025\/02\/desplazados_medellin-3-768x512.jpg 768w, https:\/\/www.medellin.gov.co\/es\/wp-content\/uploads\/2025\/02\/desplazados_medellin-3.jpg 1276w\" sizes=\"(max-width: 1024px) 100vw, 1024px\" \/><\/a><p id=\"caption-attachment-384709\" class=\"wp-caption-text\">Atencion a desplazados que llegan a Medell\u00edn<\/p><\/div>\n<p>La Administraci\u00f3n Distrital reforz\u00f3 acciones para garantizar una atenci\u00f3n integral a estas v\u00edctimas, incluyendo asistencia humanitaria, apoyo psicosocial, orientaci\u00f3n para la restituci\u00f3n de derechos y albergue temporal.<\/p>\n<p>En lo que va de 2025, el Distrito ha atendido en total a 215 personas, integrantes de 90 familias desplazadas: 27 de ellas provenientes del Catatumbo y estas 63 que huyeron de Choc\u00f3.<\/p>\n","protected":false},"excerpt":{"rendered":"<p>Gran parte de los actos violentos que desencadenaron esta situaci\u00f3n han sido atribuidos a un grupo delincuencial conocido como \u2018Los Mexicanos\u2019. Otras familias han huido debido a casos graves de extorsi\u00f3n.\u00a0 La Alcald\u00eda de Medell\u00edn &#8230;<\/p>\n","protected":false},"author":17,"featured_media":384708,"comment_status":"open","ping_status":"open","sticky":false,"template":"","format":"standard","meta":[],"categories":[701],"tags":[455],"formato_nota":[],"programas_tax":[],"acf":[],"_links":{"self":[{"href":"https:\/\/www.medellin.gov.co\/es\/wp-json\/wp\/v2\/posts\/384702"}],"collection":[{"href":"https:\/\/www.medellin.gov.co\/es\/wp-json\/wp\/v2\/posts"}],"about":[{"href":"https:\/\/www.medellin.gov.co\/es\/wp-json\/wp\/v2\/types\/post"}],"author":[{"embeddable":true,"href":"https:\/\/www.medellin.gov.co\/es\/wp-json\/wp\/v2\/users\/17"}],"replies":[{"embeddable":true,"href":"https:\/\/www.medellin.gov.co\/es\/wp-json\/wp\/v2\/comments?post=384702"}],"version-history":[{"count":1,"href":"https:\/\/www.medellin.gov.co\/es\/wp-json\/wp\/v2\/posts\/384702\/revisions"}],"predecessor-version":[{"id":384711,"href":"https:\/\/www.medellin.gov.co\/es\/wp-json\/wp\/v2\/posts\/384702\/revisions\/384711"}],"wp:featuredmedia":[{"embeddable":true,"href":"https:\/\/www.medellin.gov.co\/es\/wp-json\/wp\/v2\/media\/384708"}],"wp:attachment":[{"href":"https:\/\/www.medellin.gov.co\/es\/wp-json\/wp\/v2\/media?parent=384702"}],"wp:term":[{"taxonomy":"category","embeddable":true,"href":"https:\/\/www.medellin.gov.co\/es\/wp-json\/wp\/v2\/categories?post=384702"},{"taxonomy":"post_tag","embeddable":true,"href":"https:\/\/www.medellin.gov.co\/es\/wp-json\/wp\/v2\/tags?post=384702"},{"taxonomy":"formato_nota","embeddable":true,"href":"https:\/\/www.medellin.gov.co\/es\/wp-json\/wp\/v2\/formato_nota?post=384702"},{"taxonomy":"programas_tax","embeddable":true,"href":"https:\/\/www.medellin.gov.co\/es\/wp-json\/wp\/v2\/programas_tax?post=384702"}],"curies":[{"name":"wp","href":"https:\/\/api.w.org\/{rel}","templated":true}]}}