{"id":384714,"date":"2025-02-08T11:58:50","date_gmt":"2025-02-08T16:58:50","guid":{"rendered":"https:\/\/www.medellin.gov.co\/es\/?p=384714"},"modified":"2025-02-08T12:07:21","modified_gmt":"2025-02-08T17:07:21","slug":"tejiendo-hogares-abre-talleres-formativos-para-prevenir-la-violencia-intrafamiliar-y-sexual","status":"publish","type":"post","link":"https:\/\/www.medellin.gov.co\/es\/sala-de-prensa\/noticias\/tejiendo-hogares-abre-talleres-formativos-para-prevenir-la-violencia-intrafamiliar-y-sexual\/","title":{"rendered":"Tejiendo Hogares abre talleres formativos para prevenir la violencia intrafamiliar y sexual"},"content":{"rendered":"<p>La Alcald\u00eda de Medell\u00edn, a trav\u00e9s del proyecto Tejiendo Hogares, que lidera el Despacho de la Primera Dama, avanza en su apuesta por la prevenci\u00f3n de la violencia intrafamiliar y sexual contra los menores de edad.<\/p>\n<!--[if lt IE 9]><script>document.createElement('audio');<\/script><![endif]-->\n\t<div class=\"wp-playlist wp-audio-playlist wp-playlist-light\">\n\t\t\t<div class=\"wp-playlist-current-item\"><\/div>\n\t\t<audio controls=\"controls\" preload=\"none\" width=\"640\"\n\t\t\t><\/audio>\n\t<div class=\"wp-playlist-next\"><\/div>\n\t<div class=\"wp-playlist-prev\"><\/div>\n\t<noscript>\n\t<ol>\n\t\t<li><a href='https:\/\/www.medellin.gov.co\/es\/wp-content\/uploads\/2025\/02\/Primera_Dama_talleres_salud.mp3'>audio video 1<\/a><\/li>\t<\/ol>\n\t<\/noscript>\n\t<script type=\"application\/json\" class=\"wp-playlist-script\">{\"type\":\"audio\",\"tracklist\":true,\"tracknumbers\":true,\"images\":true,\"artists\":true,\"tracks\":[{\"src\":\"https:\\\/\\\/www.medellin.gov.co\\\/es\\\/wp-content\\\/uploads\\\/2025\\\/02\\\/Primera_Dama_talleres_salud.mp3\",\"type\":\"audio\\\/mpeg\",\"title\":\"audio video 1\",\"caption\":\"Declaraciones de la primera dama, Margarita Mar\\u00eda G\\u00f3mez Mar\\u00edn.\",\"description\":\"\\u00abTalleres formativos para prevenir la\\nviolencia intrafamiliar y sexual\\u00bb.\",\"meta\":{\"length_formatted\":\"1:07\"},\"image\":{\"src\":\"https:\\\/\\\/www.medellin.gov.co\\\/es\\\/wp-includes\\\/images\\\/media\\\/audio.png\",\"width\":48,\"height\":64},\"thumb\":{\"src\":\"https:\\\/\\\/www.medellin.gov.co\\\/es\\\/wp-includes\\\/images\\\/media\\\/audio.png\",\"width\":48,\"height\":64}}]}<\/script>\n<\/div>\n\t\n<p>Es as\u00ed como, este a\u00f1o ofrecer\u00e1 talleres mensuales, que est\u00e1n dise\u00f1ados para fomentar la comunicaci\u00f3n asertiva y la inteligencia emocional, y cubrir\u00e1n tem\u00e1ticas como desaf\u00edos en la adolescencia, salud mental, relaciones de pareja, retos intergeneracionales y crianza consciente, entre otros.<\/p>\n<p>\u00abQueremos seguir compartiendo espacios de ciudad en los que aprendamos y fortalezcamos las herramientas que nos permitan relacionarnos mejor al interior de los hogares\u00bb, destac\u00f3 la primera dama, Margarita Mar\u00eda G\u00f3mez Mar\u00edn.<\/p>\n<div id=\"attachment_384722\" style=\"width: 1034px\" class=\"wp-caption alignnone\"><a href=\"https:\/\/www.medellin.gov.co\/es\/wp-content\/uploads\/2025\/02\/Talleres_formativos_violencias_saludsexual-2.jpeg\" target=\"_blank\" rel=\"noopener\"><img aria-describedby=\"caption-attachment-384722\" loading=\"lazy\" class=\"wp-image-384722 size-large\" src=\"https:\/\/www.medellin.gov.co\/es\/wp-content\/uploads\/2025\/02\/Talleres_formativos_violencias_saludsexual-2-1024x682.jpeg\" alt=\"Talleres formativos para prevenir la violencia intrafamiliar y sexual\" width=\"1024\" height=\"682\" srcset=\"https:\/\/www.medellin.gov.co\/es\/wp-content\/uploads\/2025\/02\/Talleres_formativos_violencias_saludsexual-2-1024x682.jpeg 1024w, https:\/\/www.medellin.gov.co\/es\/wp-content\/uploads\/2025\/02\/Talleres_formativos_violencias_saludsexual-2-300x200.jpeg 300w, https:\/\/www.medellin.gov.co\/es\/wp-content\/uploads\/2025\/02\/Talleres_formativos_violencias_saludsexual-2-150x100.jpeg 150w, https:\/\/www.medellin.gov.co\/es\/wp-content\/uploads\/2025\/02\/Talleres_formativos_violencias_saludsexual-2-768x512.jpeg 768w, https:\/\/www.medellin.gov.co\/es\/wp-content\/uploads\/2025\/02\/Talleres_formativos_violencias_saludsexual-2-1536x1023.jpeg 1536w, https:\/\/www.medellin.gov.co\/es\/wp-content\/uploads\/2025\/02\/Talleres_formativos_violencias_saludsexual-2.jpeg 1600w\" sizes=\"(max-width: 1024px) 100vw, 1024px\" \/><\/a><p id=\"caption-attachment-384722\" class=\"wp-caption-text\">Talleres formativos para prevenir la violencia intrafamiliar y sexual<\/p><\/div>\n<p>Los talleres se realizar\u00e1n el tercer s\u00e1bado de cada mes con inscripci\u00f3n previa.<\/p>\n<p>A la fecha, 60.790 personas han participado en espacios formativos para fortalecer habilidades en gesti\u00f3n emocional, soluci\u00f3n de conflictos y reparaci\u00f3n o consolidaci\u00f3n de v\u00ednculos familiares. La meta es impactar a alrededor de 100.000 hogares en el cuatrienio.<\/p>\n\n\t\t<style type=\"text\/css\">\n\t\t\t#gallery-1 {\n\t\t\t\tmargin: auto;\n\t\t\t}\n\t\t\t#gallery-1 .gallery-item {\n\t\t\t\tfloat: left;\n\t\t\t\tmargin-top: 10px;\n\t\t\t\ttext-align: center;\n\t\t\t\twidth: 50%;\n\t\t\t}\n\t\t\t#gallery-1 img {\n\t\t\t\tborder: 2px solid #cfcfcf;\n\t\t\t}\n\t\t\t#gallery-1 .gallery-caption {\n\t\t\t\tmargin-left: 0;\n\t\t\t}\n\t\t\t\/* see gallery_shortcode() in wp-includes\/media.php *\/\n\t\t<\/style>\n\t\t<div id='gallery-1' class='gallery galleryid-384714 gallery-columns-2 gallery-size-large'><dl class='gallery-item'>\n\t\t\t<dt class='gallery-icon landscape'>\n\t\t\t\t<a href='https:\/\/www.medellin.gov.co\/es\/sala-de-prensa\/noticias\/tejiendo-hogares-abre-talleres-formativos-para-prevenir-la-violencia-intrafamiliar-y-sexual\/talleres_formativos_violencias_saludsexual-4\/'><img width=\"1024\" height=\"682\" src=\"https:\/\/www.medellin.gov.co\/es\/wp-content\/uploads\/2025\/02\/Talleres_formativos_violencias_saludsexual-4-1024x682.jpeg\" class=\"attachment-large size-large\" alt=\"Talleres formativos para prevenir la violencia intrafamiliar y sexual\" loading=\"lazy\" aria-describedby=\"gallery-1-384726\" srcset=\"https:\/\/www.medellin.gov.co\/es\/wp-content\/uploads\/2025\/02\/Talleres_formativos_violencias_saludsexual-4-1024x682.jpeg 1024w, https:\/\/www.medellin.gov.co\/es\/wp-content\/uploads\/2025\/02\/Talleres_formativos_violencias_saludsexual-4-300x200.jpeg 300w, https:\/\/www.medellin.gov.co\/es\/wp-content\/uploads\/2025\/02\/Talleres_formativos_violencias_saludsexual-4-150x100.jpeg 150w, https:\/\/www.medellin.gov.co\/es\/wp-content\/uploads\/2025\/02\/Talleres_formativos_violencias_saludsexual-4-768x512.jpeg 768w, https:\/\/www.medellin.gov.co\/es\/wp-content\/uploads\/2025\/02\/Talleres_formativos_violencias_saludsexual-4-1536x1023.jpeg 1536w, https:\/\/www.medellin.gov.co\/es\/wp-content\/uploads\/2025\/02\/Talleres_formativos_violencias_saludsexual-4.jpeg 1600w\" sizes=\"(max-width: 1024px) 100vw, 1024px\" \/><\/a>\n\t\t\t<\/dt>\n\t\t\t\t<dd class='wp-caption-text gallery-caption' id='gallery-1-384726'>\n\t\t\t\tTalleres formativos para prevenir la violencia intrafamiliar y sexual\n\t\t\t\t<\/dd><\/dl><dl class='gallery-item'>\n\t\t\t<dt class='gallery-icon landscape'>\n\t\t\t\t<a href='https:\/\/www.medellin.gov.co\/es\/sala-de-prensa\/noticias\/tejiendo-hogares-abre-talleres-formativos-para-prevenir-la-violencia-intrafamiliar-y-sexual\/talleres_formativos_violencias_saludsexual-3\/'><img width=\"1024\" height=\"682\" src=\"https:\/\/www.medellin.gov.co\/es\/wp-content\/uploads\/2025\/02\/Talleres_formativos_violencias_saludsexual-3-1024x682.jpeg\" class=\"attachment-large size-large\" alt=\"Talleres formativos para prevenir la violencia intrafamiliar y sexual\" loading=\"lazy\" aria-describedby=\"gallery-1-384725\" srcset=\"https:\/\/www.medellin.gov.co\/es\/wp-content\/uploads\/2025\/02\/Talleres_formativos_violencias_saludsexual-3-1024x682.jpeg 1024w, https:\/\/www.medellin.gov.co\/es\/wp-content\/uploads\/2025\/02\/Talleres_formativos_violencias_saludsexual-3-300x200.jpeg 300w, https:\/\/www.medellin.gov.co\/es\/wp-content\/uploads\/2025\/02\/Talleres_formativos_violencias_saludsexual-3-150x100.jpeg 150w, https:\/\/www.medellin.gov.co\/es\/wp-content\/uploads\/2025\/02\/Talleres_formativos_violencias_saludsexual-3-768x512.jpeg 768w, https:\/\/www.medellin.gov.co\/es\/wp-content\/uploads\/2025\/02\/Talleres_formativos_violencias_saludsexual-3-1536x1023.jpeg 1536w, https:\/\/www.medellin.gov.co\/es\/wp-content\/uploads\/2025\/02\/Talleres_formativos_violencias_saludsexual-3.jpeg 1600w\" sizes=\"(max-width: 1024px) 100vw, 1024px\" \/><\/a>\n\t\t\t<\/dt>\n\t\t\t\t<dd class='wp-caption-text gallery-caption' id='gallery-1-384725'>\n\t\t\t\tTalleres formativos para prevenir la violencia intrafamiliar y sexual\n\t\t\t\t<\/dd><\/dl><br style=\"clear: both\" \/>\n\t\t<\/div>\n\n<p>Para m\u00e1s informaci\u00f3n sobre tem\u00e1ticas, horarios e inscripciones a los talleres y otras actividades de Tejiendo Hogares, se puede acceder al sitio web <a href=\"https:\/\/www.medellin.gov.co\/es\/tejiendo-hogares\/\">www.medellin.gov.co<\/a><\/p>\n","protected":false},"excerpt":{"rendered":"<p>La Alcald\u00eda de Medell\u00edn, a trav\u00e9s del proyecto Tejiendo Hogares, que lidera el Despacho de la Primera Dama, avanza en su apuesta por la prevenci\u00f3n de la violencia intrafamiliar y sexual contra los menores de &#8230;<\/p>\n","protected":false},"author":17,"featured_media":384720,"comment_status":"open","ping_status":"open","sticky":false,"template":"","format":"standard","meta":[],"categories":[285],"tags":[431,452],"formato_nota":[],"programas_tax":[],"acf":[],"_links":{"self":[{"href":"https:\/\/www.medellin.gov.co\/es\/wp-json\/wp\/v2\/posts\/384714"}],"collection":[{"href":"https:\/\/www.medellin.gov.co\/es\/wp-json\/wp\/v2\/posts"}],"about":[{"href":"https:\/\/www.medellin.gov.co\/es\/wp-json\/wp\/v2\/types\/post"}],"author":[{"embeddable":true,"href":"https:\/\/www.medellin.gov.co\/es\/wp-json\/wp\/v2\/users\/17"}],"replies":[{"embeddable":true,"href":"https:\/\/www.medellin.gov.co\/es\/wp-json\/wp\/v2\/comments?post=384714"}],"version-history":[{"count":1,"href":"https:\/\/www.medellin.gov.co\/es\/wp-json\/wp\/v2\/posts\/384714\/revisions"}],"predecessor-version":[{"id":384727,"href":"https:\/\/www.medellin.gov.co\/es\/wp-json\/wp\/v2\/posts\/384714\/revisions\/384727"}],"wp:featuredmedia":[{"embeddable":true,"href":"https:\/\/www.medellin.gov.co\/es\/wp-json\/wp\/v2\/media\/384720"}],"wp:attachment":[{"href":"https:\/\/www.medellin.gov.co\/es\/wp-json\/wp\/v2\/media?parent=384714"}],"wp:term":[{"taxonomy":"category","embeddable":true,"href":"https:\/\/www.medellin.gov.co\/es\/wp-json\/wp\/v2\/categories?post=384714"},{"taxonomy":"post_tag","embeddable":true,"href":"https:\/\/www.medellin.gov.co\/es\/wp-json\/wp\/v2\/tags?post=384714"},{"taxonomy":"formato_nota","embeddable":true,"href":"https:\/\/www.medellin.gov.co\/es\/wp-json\/wp\/v2\/formato_nota?post=384714"},{"taxonomy":"programas_tax","embeddable":true,"href":"https:\/\/www.medellin.gov.co\/es\/wp-json\/wp\/v2\/programas_tax?post=384714"}],"curies":[{"name":"wp","href":"https:\/\/api.w.org\/{rel}","templated":true}]}}