{"id":385706,"date":"2025-02-13T11:47:09","date_gmt":"2025-02-13T16:47:09","guid":{"rendered":"https:\/\/www.medellin.gov.co\/es\/?p=385706"},"modified":"2025-02-13T11:47:09","modified_gmt":"2025-02-13T16:47:09","slug":"hallan-seis-nuevos-sitios-de-interes-arqueologico-en-el-parque-arvi-de-medellin","status":"publish","type":"post","link":"https:\/\/www.medellin.gov.co\/es\/sala-de-prensa\/noticias\/hallan-seis-nuevos-sitios-de-interes-arqueologico-en-el-parque-arvi-de-medellin\/","title":{"rendered":"Hallan seis nuevos sitios de inter\u00e9s arqueol\u00f3gico en el Parque Arv\u00ed de Medell\u00edn"},"content":{"rendered":"<ul>\n<li>Esta vez, expertos descubrieron 17 estructuras que corresponden a comunidades ind\u00edgenas antiguas y de las \u00e9pocas colonial y republicana.<\/li>\n<li>Un sistema de informaci\u00f3n geogr\u00e1fica servir\u00e1 para documentar estructuras antiguas, como caminos, canales, muros y casas en tapia, entre otros.<\/li>\n<\/ul>\n<!--[if lt IE 9]><script>document.createElement('audio');<\/script><![endif]-->\n\t<div class=\"wp-playlist wp-audio-playlist wp-playlist-light\">\n\t\t\t<div class=\"wp-playlist-current-item\"><\/div>\n\t\t<audio controls=\"controls\" preload=\"none\" width=\"640\"\n\t\t\t><\/audio>\n\t<div class=\"wp-playlist-next\"><\/div>\n\t<div class=\"wp-playlist-prev\"><\/div>\n\t<noscript>\n\t<ol>\n\t\t<li><a href='https:\/\/www.medellin.gov.co\/es\/wp-content\/uploads\/2025\/02\/Sitios-Interes-Arqueologico-Parque-Arvi-01.mp3'>Palabras de \u00d3scar Cardona Cadavid, director del Parque Arv\u00ed<\/a><\/li>\t<\/ol>\n\t<\/noscript>\n\t<script type=\"application\/json\" class=\"wp-playlist-script\">{\"type\":\"audio\",\"tracklist\":true,\"tracknumbers\":true,\"images\":true,\"artists\":true,\"tracks\":[{\"src\":\"https:\\\/\\\/www.medellin.gov.co\\\/es\\\/wp-content\\\/uploads\\\/2025\\\/02\\\/Sitios-Interes-Arqueologico-Parque-Arvi-01.mp3\",\"type\":\"audio\\\/mpeg\",\"title\":\"Palabras de \\u00d3scar Cardona Cadavid, director del Parque Arv\\u00ed\",\"caption\":\"\",\"description\":\"\\u00abPalabras de \\u00d3scar Cardona Cadavid, director del Parque Arv\\u00ed\\u00bb.\",\"meta\":{\"length_formatted\":\"1:25\"},\"image\":{\"src\":\"https:\\\/\\\/www.medellin.gov.co\\\/es\\\/wp-includes\\\/images\\\/media\\\/audio.png\",\"width\":48,\"height\":64},\"thumb\":{\"src\":\"https:\\\/\\\/www.medellin.gov.co\\\/es\\\/wp-includes\\\/images\\\/media\\\/audio.png\",\"width\":48,\"height\":64}}]}<\/script>\n<\/div>\n\t\n<p>En un nuevo hallazgo de inter\u00e9s para la historia de Medell\u00edn, expertos descubrieron en el Parque Arv\u00ed seis nuevos espacios, que en conjunto abarcan un \u00e1rea de 40.000 metros cuadrados, y que servir\u00e1n como fuente de exploraci\u00f3n y b\u00fasqueda de objetos arqueol\u00f3gicos. All\u00ed, desde a\u00f1os anteriores se han venido identificado objetos que datan de culturas ind\u00edgenas de hasta m\u00e1s de 2.000 a\u00f1os de antig\u00fcedad, as\u00ed como de la \u00e9poca colonial y de la republicana.<\/p>\n<p>Esta vez, los arque\u00f3logos descubrieron 17 estructuras, como muros en tierra, piedra o tapia, que evidencian los modos de vida y la apropiaci\u00f3n del espacio que ten\u00edan las comunidades que se asentaron en ese territorio, luego de la llegada de los espa\u00f1oles en el a\u00f1o 1541.<\/p>\n<div id=\"attachment_385687\" style=\"width: 1290px\" class=\"wp-caption alignnone\"><a href=\"https:\/\/www.medellin.gov.co\/es\/wp-content\/uploads\/2025\/02\/Sitios-Interes-Arqueologico-Parque-Arvi-2.jpg\" target=\"_blank\" rel=\"noopener\"><img aria-describedby=\"caption-attachment-385687\" loading=\"lazy\" class=\"wp-image-385687 size-full\" title=\"Hallan seis nuevos sitios de inter\u00e9s arqueol\u00f3gico en el Parque Arv\u00ed de Medell\u00edn\" src=\"https:\/\/www.medellin.gov.co\/es\/wp-content\/uploads\/2025\/02\/Sitios-Interes-Arqueologico-Parque-Arvi-2.jpg\" alt=\"Hallan seis nuevos sitios de inter\u00e9s arqueol\u00f3gico en el Parque Arv\u00ed de Medell\u00edn\" width=\"1280\" height=\"720\" srcset=\"https:\/\/www.medellin.gov.co\/es\/wp-content\/uploads\/2025\/02\/Sitios-Interes-Arqueologico-Parque-Arvi-2.jpg 1280w, https:\/\/www.medellin.gov.co\/es\/wp-content\/uploads\/2025\/02\/Sitios-Interes-Arqueologico-Parque-Arvi-2-300x169.jpg 300w, https:\/\/www.medellin.gov.co\/es\/wp-content\/uploads\/2025\/02\/Sitios-Interes-Arqueologico-Parque-Arvi-2-1024x576.jpg 1024w, https:\/\/www.medellin.gov.co\/es\/wp-content\/uploads\/2025\/02\/Sitios-Interes-Arqueologico-Parque-Arvi-2-150x84.jpg 150w, https:\/\/www.medellin.gov.co\/es\/wp-content\/uploads\/2025\/02\/Sitios-Interes-Arqueologico-Parque-Arvi-2-768x432.jpg 768w\" sizes=\"(max-width: 1280px) 100vw, 1280px\" \/><\/a><p id=\"caption-attachment-385687\" class=\"wp-caption-text\">Hallan seis nuevos sitios de inter\u00e9s arqueol\u00f3gico en el Parque Arv\u00ed de Medell\u00edn &#8211; Foto Alcald\u00eda de Medell\u00edn<\/p><\/div>\n<p>En estos seis espacios se hallaron fragmentos de vasijas en cer\u00e1mica y otros artefactos destinados a usos como extracci\u00f3n de sal, as\u00ed como preparaci\u00f3n y cocci\u00f3n de alimentos por parte de los antiguos pobladores. Muestras de estas piezas son investigadas para determinar su caracterizaci\u00f3n y componentes minerales; tambi\u00e9n, se hacen an\u00e1lisis para conocer qu\u00e9 tipo de plantas o elementos preparaban los antepasados para su alimentaci\u00f3n y para establecer su antig\u00fcedad. Los estudios pueden tardar entre 3 y 4 semanas.<\/p>\n<p>Adem\u00e1s, se recuperaron fragmentos de lozas, vidrios y tejas que dan cuenta de los artefactos que fueron utilizados en esos tiempos.<\/p>\n<p>Estos hallazgos hacen parte de los contratos que se han ejecutado entre EPM y la Corporaci\u00f3n Parque Arv\u00ed, como el plan de manejo arqueol\u00f3gico del \u00e1rea. En \u00e9l se resalta la innovaci\u00f3n en la creaci\u00f3n del inventario de colecci\u00f3n de referencia arqueol\u00f3gica, el cual cuenta con m\u00e1s de 16.000 piezas, as\u00ed como una base de datos donde se registran herramientas elaboradas en piedra y fragmentos de vasijas en cer\u00e1mica, loza y vidrio, entre otros. Esta labor ha permitido identificar cu\u00e1l ha sido la huella que los humanos han dejado en el paisaje de Santa Elena y que permanece oculta en el bosque.<\/p>\n<div id=\"attachment_385688\" style=\"width: 1290px\" class=\"wp-caption alignnone\"><a href=\"https:\/\/www.medellin.gov.co\/es\/wp-content\/uploads\/2025\/02\/Sitios-Interes-Arqueologico-Parque-Arvi-3.jpg\" target=\"_blank\" rel=\"noopener\"><img aria-describedby=\"caption-attachment-385688\" loading=\"lazy\" class=\"wp-image-385688 size-full\" title=\"Hallan seis nuevos sitios de inter\u00e9s arqueol\u00f3gico en el Parque Arv\u00ed de Medell\u00edn\" src=\"https:\/\/www.medellin.gov.co\/es\/wp-content\/uploads\/2025\/02\/Sitios-Interes-Arqueologico-Parque-Arvi-3.jpg\" alt=\"Hallan seis nuevos sitios de inter\u00e9s arqueol\u00f3gico en el Parque Arv\u00ed de Medell\u00edn\" width=\"1280\" height=\"720\" srcset=\"https:\/\/www.medellin.gov.co\/es\/wp-content\/uploads\/2025\/02\/Sitios-Interes-Arqueologico-Parque-Arvi-3.jpg 1280w, https:\/\/www.medellin.gov.co\/es\/wp-content\/uploads\/2025\/02\/Sitios-Interes-Arqueologico-Parque-Arvi-3-300x169.jpg 300w, https:\/\/www.medellin.gov.co\/es\/wp-content\/uploads\/2025\/02\/Sitios-Interes-Arqueologico-Parque-Arvi-3-1024x576.jpg 1024w, https:\/\/www.medellin.gov.co\/es\/wp-content\/uploads\/2025\/02\/Sitios-Interes-Arqueologico-Parque-Arvi-3-150x84.jpg 150w, https:\/\/www.medellin.gov.co\/es\/wp-content\/uploads\/2025\/02\/Sitios-Interes-Arqueologico-Parque-Arvi-3-768x432.jpg 768w\" sizes=\"(max-width: 1280px) 100vw, 1280px\" \/><\/a><p id=\"caption-attachment-385688\" class=\"wp-caption-text\">Hallan seis nuevos sitios de inter\u00e9s arqueol\u00f3gico en el Parque Arv\u00ed de Medell\u00edn &#8211; Foto Alcald\u00eda de Medell\u00edn<\/p><\/div>\n<p>Este territorio fue declarado \u00c1rea Arqueol\u00f3gica Protegida por parte del Instituto Colombiano de Antropolog\u00eda e Historia en 2019 y Bien de Inter\u00e9s Cultural de Car\u00e1cter Nacional en 1998. \u201c<em>Invitamos a la comunidad, a los investigadores, a los estudiantes, a los gomosos de la historia y de la arqueolog\u00eda a que nos visiten, a que nos escriban en nuestras redes sociales y coordinen visitas guiadas con nuestros arque\u00f3logos. Conocer nuestra cultura, conocer nuestra historia, conocer c\u00f3mo viv\u00edan los primeros habitantes de la ciudad hace parte de la esencia de estar en ella<\/em>\u201d, expres\u00f3 el director del Parque Arv\u00ed, \u00d3scar Cardona Cadavid.<\/p>\n<p>Dentro del programa de Arqueolog\u00eda P\u00fablica, el cual busca informar y comunicar a la comunidad local y visitante sobre la riqueza patrimonial que esconden los bosques de Arv\u00ed, se realizaron en meses recientes 23 actividades de pedagog\u00eda entre las cuales se destacan 20 talleres de arqueolog\u00eda. El prop\u00f3sito es contarles a los asistentes c\u00f3mo trabaja un arque\u00f3logo, cu\u00e1l es la historia del territorio y cu\u00e1les son los datos m\u00e1s significativos de los hallazgos. A ello, se suman tres seminarios especializados en arqueolog\u00eda e historia, que dieron cuenta de c\u00f3mo se desarroll\u00f3 el paisaje geol\u00f3gico y natural en el Valle de Aburr\u00e1 y el altiplano de Santa Elena; y c\u00f3mo ese paisaje fue transformado por las comunidades que lo habitaron, entre otros aspectos de inter\u00e9s. En total se impactaron 265 personas con estas din\u00e1micas educativas.<\/p>\n<div id=\"attachment_385689\" style=\"width: 1290px\" class=\"wp-caption alignnone\"><a href=\"https:\/\/www.medellin.gov.co\/es\/wp-content\/uploads\/2025\/02\/Sitios-Interes-Arqueologico-Parque-Arvi-4.jpg\" target=\"_blank\" rel=\"noopener\"><img aria-describedby=\"caption-attachment-385689\" loading=\"lazy\" class=\"wp-image-385689 size-full\" title=\"Hallan seis nuevos sitios de inter\u00e9s arqueol\u00f3gico en el Parque Arv\u00ed de Medell\u00edn\" src=\"https:\/\/www.medellin.gov.co\/es\/wp-content\/uploads\/2025\/02\/Sitios-Interes-Arqueologico-Parque-Arvi-4.jpg\" alt=\"Hallan seis nuevos sitios de inter\u00e9s arqueol\u00f3gico en el Parque Arv\u00ed de Medell\u00edn\" width=\"1280\" height=\"853\" srcset=\"https:\/\/www.medellin.gov.co\/es\/wp-content\/uploads\/2025\/02\/Sitios-Interes-Arqueologico-Parque-Arvi-4.jpg 1280w, https:\/\/www.medellin.gov.co\/es\/wp-content\/uploads\/2025\/02\/Sitios-Interes-Arqueologico-Parque-Arvi-4-300x200.jpg 300w, https:\/\/www.medellin.gov.co\/es\/wp-content\/uploads\/2025\/02\/Sitios-Interes-Arqueologico-Parque-Arvi-4-1024x682.jpg 1024w, https:\/\/www.medellin.gov.co\/es\/wp-content\/uploads\/2025\/02\/Sitios-Interes-Arqueologico-Parque-Arvi-4-150x100.jpg 150w, https:\/\/www.medellin.gov.co\/es\/wp-content\/uploads\/2025\/02\/Sitios-Interes-Arqueologico-Parque-Arvi-4-768x512.jpg 768w\" sizes=\"(max-width: 1280px) 100vw, 1280px\" \/><\/a><p id=\"caption-attachment-385689\" class=\"wp-caption-text\">Hallan seis nuevos sitios de inter\u00e9s arqueol\u00f3gico en el Parque Arv\u00ed de Medell\u00edn &#8211; Foto Alcald\u00eda de Medell\u00edn<\/p><\/div>\n<p>La Administraci\u00f3n Distrital invita a volver al Parque Arv\u00ed a recorrer rutas ancestrales, como el Camino de La Cuesta y a conocer La Laguna, entre otros lugares que revelan las huellas de la historia.<\/p>\n<p>El Parque Arv\u00ed est\u00e1 abierto al p\u00fablico de martes a domingo de 9:00 a. m a 5:00 p. m. Cualquier persona puede solicitar un recorrido guiado o autoguiado para conocer los hallazgos arqueol\u00f3gicos y vivir otras experiencias que ofrece el parque en medio de la naturaleza.<\/p>\n","protected":false},"excerpt":{"rendered":"<p>Esta vez, expertos descubrieron 17 estructuras que corresponden a comunidades ind\u00edgenas antiguas y de las \u00e9pocas colonial y republicana. Un sistema de informaci\u00f3n geogr\u00e1fica servir\u00e1 para documentar estructuras antiguas, como caminos, canales, muros y casas &#8230;<\/p>\n","protected":false},"author":21,"featured_media":385686,"comment_status":"open","ping_status":"open","sticky":false,"template":"","format":"standard","meta":[],"categories":[17],"tags":[634,455],"formato_nota":[],"programas_tax":[],"acf":[],"_links":{"self":[{"href":"https:\/\/www.medellin.gov.co\/es\/wp-json\/wp\/v2\/posts\/385706"}],"collection":[{"href":"https:\/\/www.medellin.gov.co\/es\/wp-json\/wp\/v2\/posts"}],"about":[{"href":"https:\/\/www.medellin.gov.co\/es\/wp-json\/wp\/v2\/types\/post"}],"author":[{"embeddable":true,"href":"https:\/\/www.medellin.gov.co\/es\/wp-json\/wp\/v2\/users\/21"}],"replies":[{"embeddable":true,"href":"https:\/\/www.medellin.gov.co\/es\/wp-json\/wp\/v2\/comments?post=385706"}],"version-history":[{"count":1,"href":"https:\/\/www.medellin.gov.co\/es\/wp-json\/wp\/v2\/posts\/385706\/revisions"}],"predecessor-version":[{"id":385708,"href":"https:\/\/www.medellin.gov.co\/es\/wp-json\/wp\/v2\/posts\/385706\/revisions\/385708"}],"wp:featuredmedia":[{"embeddable":true,"href":"https:\/\/www.medellin.gov.co\/es\/wp-json\/wp\/v2\/media\/385686"}],"wp:attachment":[{"href":"https:\/\/www.medellin.gov.co\/es\/wp-json\/wp\/v2\/media?parent=385706"}],"wp:term":[{"taxonomy":"category","embeddable":true,"href":"https:\/\/www.medellin.gov.co\/es\/wp-json\/wp\/v2\/categories?post=385706"},{"taxonomy":"post_tag","embeddable":true,"href":"https:\/\/www.medellin.gov.co\/es\/wp-json\/wp\/v2\/tags?post=385706"},{"taxonomy":"formato_nota","embeddable":true,"href":"https:\/\/www.medellin.gov.co\/es\/wp-json\/wp\/v2\/formato_nota?post=385706"},{"taxonomy":"programas_tax","embeddable":true,"href":"https:\/\/www.medellin.gov.co\/es\/wp-json\/wp\/v2\/programas_tax?post=385706"}],"curies":[{"name":"wp","href":"https:\/\/api.w.org\/{rel}","templated":true}]}}