{"id":385832,"date":"2025-02-14T10:21:41","date_gmt":"2025-02-14T15:21:41","guid":{"rendered":"https:\/\/www.medellin.gov.co\/es\/?p=385832"},"modified":"2025-02-14T10:21:41","modified_gmt":"2025-02-14T15:21:41","slug":"en-el-hospital-general-de-medellin-la-vida-florece-antes-de-la-vida-un-relato-de-supervivencia","status":"publish","type":"post","link":"https:\/\/www.medellin.gov.co\/es\/sala-de-prensa\/noticias\/en-el-hospital-general-de-medellin-la-vida-florece-antes-de-la-vida-un-relato-de-supervivencia\/","title":{"rendered":"En el Hospital General de Medell\u00edn, la vida florece antes de la vida: un relato de supervivencia"},"content":{"rendered":"<blockquote><p>Nacer, como morir, es un acto para el que nadie se prepara, sin embargo, nacer con tan pocas semanas de gestaci\u00f3n, siendo un prematuro extremo, es decir menos de 28 semanas, supone un riesgo aun mayor, enfrentar la vida desde la fragilidad extrema, sentirse completamente desarmado ante un mundo que se abre misterioso, inmenso: una vida que no encuentra sosiego sin el calor de mam\u00e1.<\/p><\/blockquote>\n<p>Violeta lleg\u00f3 a este mundo con solo 27 semanas de gestaci\u00f3n. Fue parto natural, vaginal. Trataron de retenerlo, pero nadie puede detener lo que est\u00e1 destinado a ser y as\u00ed fue. Su nacimiento fue inminente, milagroso, lleno de riesgos y miedos que gracias a la fe de su madre y a los avances m\u00e9dicos, se disiparon.<\/p>\n<p>Tan solo pes\u00f3 1060 gramos y midi\u00f3 34 cent\u00edmetros, lo suficiente para aferrarse a esta vida con todas sus fuerzas. Naci\u00f3 a las 8:12 de la ma\u00f1ana tras una larga noche de dolor y angustia, pues su madre no estaba preparada para conocerla tan pronto, ni en las circunstancias que lo hizo. Se imaginaba un escenario diferente con una pa\u00f1alera lista, una cuna en casa y un embarazo m\u00e1s prolongado. Para su sorpresa, la vida le ten\u00eda otros planes muy alejados de la realidad.<\/p>\n<h4>Cr\u00f3nica de un nacimiento anticipado<\/h4>\n<h4><img loading=\"lazy\" class=\"alignnone wp-image-385836 size-large\" title=\"Violeta - un relato de supervivencia\" src=\"https:\/\/www.medellin.gov.co\/es\/wp-content\/uploads\/2025\/02\/Violeta-1024x768.jpg\" alt=\"Foto de Violeta beb\u00e9 prematuro\" width=\"1024\" height=\"768\" srcset=\"https:\/\/www.medellin.gov.co\/es\/wp-content\/uploads\/2025\/02\/Violeta-1024x768.jpg 1024w, https:\/\/www.medellin.gov.co\/es\/wp-content\/uploads\/2025\/02\/Violeta-300x225.jpg 300w, https:\/\/www.medellin.gov.co\/es\/wp-content\/uploads\/2025\/02\/Violeta-150x113.jpg 150w, https:\/\/www.medellin.gov.co\/es\/wp-content\/uploads\/2025\/02\/Violeta-768x576.jpg 768w, https:\/\/www.medellin.gov.co\/es\/wp-content\/uploads\/2025\/02\/Violeta.jpg 1280w\" sizes=\"(max-width: 1024px) 100vw, 1024px\" \/><\/h4>\n<p>As\u00ed comenz\u00f3 su vida la beb\u00e9, con el miedo amenazante de la muerte, en un silencio inquietante que deber\u00eda haber sido un llanto desgarrador, un llanto de espanto frente a la vida, pero ni eso hubo; era tan peque\u00f1a que sus respiraciones necesitaron ayuda y el contacto con su madre era la \u00fanica alternativa de continuar: deb\u00edan volverse uno otra vez, pero ahora unidas por un abrazo m\u00e1s persistente, un abrazo que les dure hasta que la vida fuerte y latente de Violeta las separe.<\/p>\n<p>Dadas sus condiciones de vida, apenas naci\u00f3, tuvo que ir a la Unidad de Cuidados Intensivos Neonatales y su madre, Sara Nayeli Murrillo Agudelo, de 19 a\u00f1os no puede contener las l\u00e1grimas al recordar lo dif\u00edcil que fue su separaci\u00f3n, luego de ser una sola carne; luego de compartir su cuerpo sus vidas tomaban rumbos diferentes en el mismo<a href=\"https:\/\/www.hgm.gov.co\/\" target=\"_blank\" rel=\"noopener\"> hospital: el General de Medell\u00edn.<\/a><\/p>\n<h4>Separadas, pero unidas por el desino<\/h4>\n<p><img loading=\"lazy\" class=\"alignnone size-large wp-image-385865\" src=\"https:\/\/www.medellin.gov.co\/es\/wp-content\/uploads\/2025\/02\/Sara-mama-Violeta-1024x768.jpg\" alt=\"Sara mam\u00e1 de Violeta\" width=\"1024\" height=\"768\" srcset=\"https:\/\/www.medellin.gov.co\/es\/wp-content\/uploads\/2025\/02\/Sara-mama-Violeta-1024x768.jpg 1024w, https:\/\/www.medellin.gov.co\/es\/wp-content\/uploads\/2025\/02\/Sara-mama-Violeta-300x225.jpg 300w, https:\/\/www.medellin.gov.co\/es\/wp-content\/uploads\/2025\/02\/Sara-mama-Violeta-150x113.jpg 150w, https:\/\/www.medellin.gov.co\/es\/wp-content\/uploads\/2025\/02\/Sara-mama-Violeta-768x576.jpg 768w, https:\/\/www.medellin.gov.co\/es\/wp-content\/uploads\/2025\/02\/Sara-mama-Violeta.jpg 1280w\" sizes=\"(max-width: 1024px) 100vw, 1024px\" \/><\/p>\n<p>Sara debi\u00f3 separarse de su beb\u00e9 por una virosis que ten\u00eda, nada grave para ella, pero para la ni\u00f1a podr\u00eda haber sido mortal. La semana que estuvieron separadas, solo pudo verla en fotos y desear el momento en el que se fundieran en un abrazo para siempre. Fueron d\u00edas eternos, de zozobra, d\u00edas en los que las palabras no alcanzar\u00edan a describir el dolor que sent\u00eda por la separaci\u00f3n de su beb\u00e9. Esperaba ansiosa el momento de conocerla y poderla abrazar.<\/p>\n<p>Mientras que la madre pasaba el tiempo pensando en su beb\u00e9, Violeta necesitaba estar conectada a un tanque de ox\u00edgeno para sobrevivir, pero sobre todo necesitaba el amor y el calor de su mam\u00e1; afortunadamente su padre pudo ser ese refugio indispensable para crecer mientras que su mam\u00e1 se recuperaba.<\/p>\n<p>Una semana despu\u00e9s, sus vidas se unieron de nuevo y para siempre. El volver a ver a su Violeta la llen\u00f3 de fortaleza para afrontar los retos que trae consigo el nacimiento de un beb\u00e9 prematuro. El diagn\u00f3stico fue el siguiente: anemia, una fisura en el coraz\u00f3n y una deficiencia respiratoria. Palabras dif\u00edciles de escuchar para la joven madre, pero con el acompa\u00f1amiento y la experticia del equipo m\u00e9dico lograr\u00e1n anteponerse a cada una de ellas y vencerlas.<\/p>\n<h4>El m\u00e9todo de la Madre Canguro<\/h4>\n<p><img loading=\"lazy\" class=\"alignnone size-large wp-image-385868\" src=\"https:\/\/www.medellin.gov.co\/es\/wp-content\/uploads\/2025\/02\/Mellizos-1024x768.jpg\" alt=\"Mam\u00e1s canguro con sus beb\u00e9s\" width=\"1024\" height=\"768\" srcset=\"https:\/\/www.medellin.gov.co\/es\/wp-content\/uploads\/2025\/02\/Mellizos-1024x768.jpg 1024w, https:\/\/www.medellin.gov.co\/es\/wp-content\/uploads\/2025\/02\/Mellizos-300x225.jpg 300w, https:\/\/www.medellin.gov.co\/es\/wp-content\/uploads\/2025\/02\/Mellizos-150x113.jpg 150w, https:\/\/www.medellin.gov.co\/es\/wp-content\/uploads\/2025\/02\/Mellizos-768x576.jpg 768w, https:\/\/www.medellin.gov.co\/es\/wp-content\/uploads\/2025\/02\/Mellizos.jpg 1280w\" sizes=\"(max-width: 1024px) 100vw, 1024px\" \/><\/p>\n<p>Los m\u00e9dicos dicen que la fisura en el coraz\u00f3n se ir\u00e1 cerrando lentamente y que es normal en los beb\u00e9s prematuros, lo que m\u00e1s le preocupa a Sara es la dificultad para respirar, pero los m\u00e9dicos le dan un parte de tranquilidad y le dicen que el <a href=\"https:\/\/www.unicef.org\/dominicanrepublic\/conoce-el-metodo-mama-canguro\" target=\"_blank\" rel=\"noopener\">m\u00e9todo Madre Canguro<\/a> es la forma m\u00e1s segura de que su beb\u00e9 crezca y se desarrolle correctamente.<\/p>\n<p>Es curioso ver c\u00f3mo los m\u00e9dicos agarran a los beb\u00e9s, los toman por debajo de los brazos y pareciera que se fuesen a quebrar, pero no; dar a luz y alimentar a un beb\u00e9 reci\u00e9n nacido activa el lado animal del ser humano, pareciera como si una madre loba tomase a su cachorro entre los dientes y lo levantara. Es realmente fascinante ver como el cuerpo de la madre y del beb\u00e9 se adaptan para conocer de la mano la grandeza de la vida.<\/p>\n<p>Es por eso que el 17 de noviembre se celebra el d\u00eda del ni\u00f1o prematuro, una vida que llega con desaf\u00edos pero que, a pesar de ser tan peque\u00f1o batalla por adaptarse a un mundo nuevo que en nada se parece al universo que ya conoc\u00eda: el vientre de su madre, c\u00e1lido, apacible, con el eco de su voz recorri\u00e9ndole el cuerpo, con los latidos de su coraz\u00f3n acompas\u00e1ndole la existencia, con el alimento sin esfuerzo y el amor desmedido.<\/p>\n<h4>El renacer de Violeta<\/h4>\n<p><img loading=\"lazy\" class=\"alignnone size-large wp-image-385869\" src=\"https:\/\/www.medellin.gov.co\/es\/wp-content\/uploads\/2025\/02\/Violetica-1024x768.jpg\" alt=\"El renacer de Violeta tomando leche\" width=\"1024\" height=\"768\" srcset=\"https:\/\/www.medellin.gov.co\/es\/wp-content\/uploads\/2025\/02\/Violetica-1024x768.jpg 1024w, https:\/\/www.medellin.gov.co\/es\/wp-content\/uploads\/2025\/02\/Violetica-300x225.jpg 300w, https:\/\/www.medellin.gov.co\/es\/wp-content\/uploads\/2025\/02\/Violetica-150x113.jpg 150w, https:\/\/www.medellin.gov.co\/es\/wp-content\/uploads\/2025\/02\/Violetica-768x576.jpg 768w, https:\/\/www.medellin.gov.co\/es\/wp-content\/uploads\/2025\/02\/Violetica.jpg 1280w\" sizes=\"(max-width: 1024px) 100vw, 1024px\" \/><\/p>\n<p>Violeta permanece dormida la mayor\u00eda del tiempo, una c\u00e1nula de ox\u00edgeno est\u00e1 conectada a su peque\u00f1a nariz las 24 horas del d\u00eda, las cintas que la sujetan ya han lacerado su delicada piel, pero aun as\u00ed debe permanecer adherida a sus mejillas para brindarle el ox\u00edgeno que le falta para vivir. Sus manos son tan peque\u00f1as, pero aun as\u00ed se abraza a su madre como su \u00fanica esperanza de vida. Literalmente parece una beb\u00e9 canguro.<\/p>\n<p>Sara cuenta esta historia con su beb\u00e9 entre su pecho, envuelta en una manta que las envuelve a las dos, llora y mira constantemente a su beb\u00e9, se da cuenta que se est\u00e1 desaturando, le pregunta angustiada a la enfermera quien le ayuda amorosamente, \u201cno es nada grave\u201d, le dice. As\u00ed han sido los \u00faltimos tres meses y medio desde que la ni\u00f1a naci\u00f3. Los d\u00edas se han hecho m\u00e1s largos de lo normal, la zozobra y la angustia han sido el pan de cada d\u00eda.<\/p>\n<p>Tras un mes y medio de estar hospitalizada con su beb\u00e9 y luego de ser dada de alta ha estado yendo con Violeta todos los d\u00edas, durante dos meses, desde su casa en el barrio Acevedo, al Norte de la ciudad, hasta el Hospital General de Medell\u00edn. Las voluntarias del hospital le dan los pasajes para que no se transporte en bus o metro con la beb\u00e9 prematura, adem\u00e1s de un tanque de ox\u00edgeno y una pa\u00f1alera. Demasiada carga para una mujer que acaba de traer vida a este mundo.<\/p>\n<p>Por fortuna hoy Violeta ha logrado el peso y la talla adecuada para su edad, cada vez necesita menos asistencia del tanque de ox\u00edgeno y su madre tiene alimentaci\u00f3n de calidad para poder nutrirla y ayudarle con su desarrollo, tambi\u00e9n cobijas, ropa y pa\u00f1ales. Esta aventura que inici\u00f3 en medio de la angustia ahora es m\u00e1s liviana gracias a todo el personal del Hospital General de Medell\u00edn.<\/p>\n<h4>Las Damas Voluntarias<\/h4>\n\n\t\t<style type=\"text\/css\">\n\t\t\t#gallery-1 {\n\t\t\t\tmargin: auto;\n\t\t\t}\n\t\t\t#gallery-1 .gallery-item {\n\t\t\t\tfloat: left;\n\t\t\t\tmargin-top: 10px;\n\t\t\t\ttext-align: center;\n\t\t\t\twidth: 33%;\n\t\t\t}\n\t\t\t#gallery-1 img {\n\t\t\t\tborder: 2px solid #cfcfcf;\n\t\t\t}\n\t\t\t#gallery-1 .gallery-caption {\n\t\t\t\tmargin-left: 0;\n\t\t\t}\n\t\t\t\/* see gallery_shortcode() in wp-includes\/media.php *\/\n\t\t<\/style>\n\t\t<div id='gallery-1' class='gallery galleryid-385832 gallery-columns-3 gallery-size-large'><dl class='gallery-item'>\n\t\t\t<dt class='gallery-icon landscape'>\n\t\t\t\t<a href='https:\/\/www.medellin.gov.co\/es\/sala-de-prensa\/noticias\/en-el-hospital-general-de-medellin-la-vida-florece-antes-de-la-vida-un-relato-de-supervivencia\/voluntaria\/'><img width=\"1024\" height=\"768\" src=\"https:\/\/www.medellin.gov.co\/es\/wp-content\/uploads\/2025\/02\/Voluntaria-1024x768.jpg\" class=\"attachment-large size-large\" alt=\"Damas Voluntarias un relato de supervivencia\" loading=\"lazy\" srcset=\"https:\/\/www.medellin.gov.co\/es\/wp-content\/uploads\/2025\/02\/Voluntaria-1024x768.jpg 1024w, https:\/\/www.medellin.gov.co\/es\/wp-content\/uploads\/2025\/02\/Voluntaria-300x225.jpg 300w, https:\/\/www.medellin.gov.co\/es\/wp-content\/uploads\/2025\/02\/Voluntaria-150x113.jpg 150w, https:\/\/www.medellin.gov.co\/es\/wp-content\/uploads\/2025\/02\/Voluntaria-768x576.jpg 768w, https:\/\/www.medellin.gov.co\/es\/wp-content\/uploads\/2025\/02\/Voluntaria.jpg 1280w\" sizes=\"(max-width: 1024px) 100vw, 1024px\" \/><\/a>\n\t\t\t<\/dt><\/dl><dl class='gallery-item'>\n\t\t\t<dt class='gallery-icon landscape'>\n\t\t\t\t<a href='https:\/\/www.medellin.gov.co\/es\/sala-de-prensa\/noticias\/en-el-hospital-general-de-medellin-la-vida-florece-antes-de-la-vida-un-relato-de-supervivencia\/whatsapp-image-2025-02-02-at-11-33-09-pm-1\/'><img width=\"1024\" height=\"768\" src=\"https:\/\/www.medellin.gov.co\/es\/wp-content\/uploads\/2025\/02\/WhatsApp-Image-2025-02-02-at-11.33.09-PM-1-1024x768.jpeg\" class=\"attachment-large size-large\" alt=\"Foto de voluntarias atendiendo beb\u00e9s prematuros un relato de supervivencia\" loading=\"lazy\" srcset=\"https:\/\/www.medellin.gov.co\/es\/wp-content\/uploads\/2025\/02\/WhatsApp-Image-2025-02-02-at-11.33.09-PM-1-1024x768.jpeg 1024w, https:\/\/www.medellin.gov.co\/es\/wp-content\/uploads\/2025\/02\/WhatsApp-Image-2025-02-02-at-11.33.09-PM-1-300x225.jpeg 300w, https:\/\/www.medellin.gov.co\/es\/wp-content\/uploads\/2025\/02\/WhatsApp-Image-2025-02-02-at-11.33.09-PM-1-150x113.jpeg 150w, https:\/\/www.medellin.gov.co\/es\/wp-content\/uploads\/2025\/02\/WhatsApp-Image-2025-02-02-at-11.33.09-PM-1-768x576.jpeg 768w, https:\/\/www.medellin.gov.co\/es\/wp-content\/uploads\/2025\/02\/WhatsApp-Image-2025-02-02-at-11.33.09-PM-1-1536x1152.jpeg 1536w, https:\/\/www.medellin.gov.co\/es\/wp-content\/uploads\/2025\/02\/WhatsApp-Image-2025-02-02-at-11.33.09-PM-1.jpeg 1600w\" sizes=\"(max-width: 1024px) 100vw, 1024px\" \/><\/a>\n\t\t\t<\/dt><\/dl><dl class='gallery-item'>\n\t\t\t<dt class='gallery-icon landscape'>\n\t\t\t\t<a href='https:\/\/www.medellin.gov.co\/es\/sala-de-prensa\/noticias\/en-el-hospital-general-de-medellin-la-vida-florece-antes-de-la-vida-un-relato-de-supervivencia\/myriam-voluntaria\/'><img width=\"1024\" height=\"768\" src=\"https:\/\/www.medellin.gov.co\/es\/wp-content\/uploads\/2025\/02\/Myriam-Voluntaria-1024x768.jpg\" class=\"attachment-large size-large\" alt=\"Miriam con mam\u00e1s voluntarias un relato de supervivencia\" loading=\"lazy\" srcset=\"https:\/\/www.medellin.gov.co\/es\/wp-content\/uploads\/2025\/02\/Myriam-Voluntaria-1024x768.jpg 1024w, https:\/\/www.medellin.gov.co\/es\/wp-content\/uploads\/2025\/02\/Myriam-Voluntaria-300x225.jpg 300w, https:\/\/www.medellin.gov.co\/es\/wp-content\/uploads\/2025\/02\/Myriam-Voluntaria-150x113.jpg 150w, https:\/\/www.medellin.gov.co\/es\/wp-content\/uploads\/2025\/02\/Myriam-Voluntaria-768x576.jpg 768w, https:\/\/www.medellin.gov.co\/es\/wp-content\/uploads\/2025\/02\/Myriam-Voluntaria.jpg 1280w\" sizes=\"(max-width: 1024px) 100vw, 1024px\" \/><\/a>\n\t\t\t<\/dt><\/dl><br style=\"clear: both\" \/>\n\t\t<\/div>\n\n<p>Myriam Amaya Reyes es presidenta de la <a href=\"https:\/\/www.hgm.gov.co\/publicaciones\/232\/corporacion-damas-voluntarias\/\" target=\"_blank\" rel=\"noopener\">Corporaci\u00f3n Damas Voluntarias Hospital General de Medell\u00edn<\/a>, una vocaci\u00f3n que naci\u00f3 desde muy joven y que conserv\u00f3 durante a\u00f1os con la esperanza de vivirla en sus \u00faltimos a\u00f1os, sin olvidar ayudar al pr\u00f3jimo en su d\u00eda a d\u00eda. Con el tiempo ese llamado fue haci\u00e9ndose m\u00e1s fuerte hasta que un d\u00eda, mientras trabajaba en el <a href=\"https:\/\/www.metrodemedellin.gov.co\/\" target=\"_blank\" rel=\"noopener\">Metro de Medell\u00edn<\/a>, vio una campa\u00f1a de donaci\u00f3n de sangre y algo se encendi\u00f3 dentro de s\u00ed: entendi\u00f3 que ese era el camino que deb\u00eda seguir.<\/p>\n<p>Y as\u00ed sucedi\u00f3. El d\u00eda que se pension\u00f3 busc\u00f3 c\u00f3mo ser parte de las Damas Voluntarias y hoy ya son 17 a\u00f1os en los que su vocaci\u00f3n y carisma le permiten acercarse a cada paciente, a una historia de vida y ofrecerle su ayuda desmedida, porque no solo se trata de curar las dolencias del cuerpo sino de aliviar el alma.<\/p>\n<p>As\u00ed va, de pasillo en pasillo entregando lo mejor de s\u00ed, sin importar la edad de sus pacientes, que pueden variar entre las 26 semanas de gestaci\u00f3n hasta los 100 a\u00f1os; lo importante es estar y saber reconocer el dolor y la necesidad en los dem\u00e1s, ponerse en el lugar del otro y entregar lo mejor a cada persona que pasa por un momento dif\u00edcil. La sanci\u00f3n comienza por la escucha, hay muchas personas a las que nadie les escucha, nadie les visita, ni siquiera aunque se tratase de una \u00faltima vez.<\/p>\n<h4>Un llamado divino<\/h4>\n<p><img loading=\"lazy\" class=\"alignnone wp-image-385841 size-large\" title=\"Do\u00f1a Elvira un relato de supervivencia\" src=\"https:\/\/www.medellin.gov.co\/es\/wp-content\/uploads\/2025\/02\/Dona-Elvira-1024x768.jpg\" alt=\"Foto de Do\u00f1a Elvira\" width=\"1024\" height=\"768\" srcset=\"https:\/\/www.medellin.gov.co\/es\/wp-content\/uploads\/2025\/02\/Dona-Elvira-1024x768.jpg 1024w, https:\/\/www.medellin.gov.co\/es\/wp-content\/uploads\/2025\/02\/Dona-Elvira-300x225.jpg 300w, https:\/\/www.medellin.gov.co\/es\/wp-content\/uploads\/2025\/02\/Dona-Elvira-150x113.jpg 150w, https:\/\/www.medellin.gov.co\/es\/wp-content\/uploads\/2025\/02\/Dona-Elvira-768x576.jpg 768w, https:\/\/www.medellin.gov.co\/es\/wp-content\/uploads\/2025\/02\/Dona-Elvira.jpg 1280w\" sizes=\"(max-width: 1024px) 100vw, 1024px\" \/><\/p>\n<p>En medio del llanto de decenas de beb\u00e9s prematuros, una voz irrumpe el sonido al que todo el personal m\u00e9dico est\u00e1 acostumbrado y dice que ha tejido a mano 20 mantas para los beb\u00e9s del hospital. Su nombre es Elvira Luc\u00eda Posada Isaza y dice que esa misi\u00f3n le lleg\u00f3 una ma\u00f1ana en la que sinti\u00f3 mucho fr\u00edo y su espalda se hel\u00f3, inmediatamente pens\u00f3 en los ni\u00f1os reci\u00e9n nacidos y dijo que no hab\u00eda tiempo que perder\u2026 cogi\u00f3 aguja y lana y comenz\u00f3 a tejer y en cada puntada intencion\u00f3 un deseo para esa nueva vida que llegaba a este mundo.<\/p>\n<p>Teji\u00f3 una y otra y otra cobija m\u00e1s, hasta que los dedos le dolieron. Su consuelo fue el pensar en esos peque\u00f1os beb\u00e9s a los que el fr\u00edo los golpea m\u00e1s fuerte, y sus madres no ten\u00edan los recursos suficientes para darles una cobija. En el momento de la entrega solo hubo gozo, la mirada de Elvira se llenaba de regocijo al ver la emoci\u00f3n con las que las madres recib\u00edan cada cobija y en ellas se ve\u00eda un profundo agradecimiento con aquella mujer que sin conocerlas quiso abrigarles la vida en uno de los momentos m\u00e1s retadores. Ahora sus historias estar\u00e1n conectadas para siempre y esa simple cobija que pasar\u00e1 al olvido, ser\u00e1 testigo de como el calor y el amor pueden salvar una vida.<\/p>\n<h4>Una vocaci\u00f3n que desaf\u00eda a la muerte<\/h4>\n<p><img loading=\"lazy\" class=\"alignnone wp-image-385842 size-large\" title=\"Doctor Luis un relato de supervivencia\" src=\"https:\/\/www.medellin.gov.co\/es\/wp-content\/uploads\/2025\/02\/Doctor-Luis-1024x768.jpg\" alt=\"Imagen del Doctor Luis \" width=\"1024\" height=\"768\" srcset=\"https:\/\/www.medellin.gov.co\/es\/wp-content\/uploads\/2025\/02\/Doctor-Luis-1024x768.jpg 1024w, https:\/\/www.medellin.gov.co\/es\/wp-content\/uploads\/2025\/02\/Doctor-Luis-300x225.jpg 300w, https:\/\/www.medellin.gov.co\/es\/wp-content\/uploads\/2025\/02\/Doctor-Luis-150x113.jpg 150w, https:\/\/www.medellin.gov.co\/es\/wp-content\/uploads\/2025\/02\/Doctor-Luis-768x576.jpg 768w, https:\/\/www.medellin.gov.co\/es\/wp-content\/uploads\/2025\/02\/Doctor-Luis.jpg 1280w\" sizes=\"(max-width: 1024px) 100vw, 1024px\" \/><\/p>\n<p>Juan Manuel Aguilar Zapata es m\u00e9dico pediatra y es el encargado de la coordinaci\u00f3n del Programa Madre Canguro, que naci\u00f3 en Colombia hace 47 a\u00f1os bajo el ingenio de Edgar Rey Sanabria, pediatra y docente quien al ver las altas tasas de mortalidad en beb\u00e9s prematuros, dise\u00f1\u00f3 un m\u00e9todo sencillo, costo efectivo y que adem\u00e1s, favorece el v\u00ednculo entre la madre y el reci\u00e9n nacido. Este m\u00e9todo ha dado tan buen resultado que se ha extendido por todo el mundo salvando de vida de millones de ni\u00f1os que nacen por debajo de los 2500 gramos o de las 37 semanas. Un verdadero milagro de la ciencia de la piel.<\/p>\n<p>Juan Manuel recuerda a casi a todos los beb\u00e9s que ha atendido a lo largo de los casi 19 a\u00f1os de trabajo como pediatra; \u00e9l ha sostenido en sus manos la fragilidad de un ser que se debate entre la vida y la muerte y que gracias a su conocimiento, entrega y amor ha logrado devolver a los brazos de su madre, sano y salvo&#8230; un ni\u00f1o que quiz\u00e1s alg\u00fan d\u00eda se encontrar\u00e1 en la calle, por los azares de la vida, sin saber que \u00e9l, ese hombre de ojos azules y profundos, le cuid\u00f3 hasta el regreso a la vida.<\/p>\n","protected":false},"excerpt":{"rendered":"<p>Nacer, como morir, es un acto para el que nadie se prepara, sin embargo, nacer con tan pocas semanas de gestaci\u00f3n, siendo un prematuro extremo, es decir menos de 28 semanas, supone un riesgo aun &#8230;<\/p>\n","protected":false},"author":97,"featured_media":385833,"comment_status":"open","ping_status":"open","sticky":false,"template":"","format":"standard","meta":[],"categories":[18],"tags":[451,452],"formato_nota":[],"programas_tax":[],"acf":[],"_links":{"self":[{"href":"https:\/\/www.medellin.gov.co\/es\/wp-json\/wp\/v2\/posts\/385832"}],"collection":[{"href":"https:\/\/www.medellin.gov.co\/es\/wp-json\/wp\/v2\/posts"}],"about":[{"href":"https:\/\/www.medellin.gov.co\/es\/wp-json\/wp\/v2\/types\/post"}],"author":[{"embeddable":true,"href":"https:\/\/www.medellin.gov.co\/es\/wp-json\/wp\/v2\/users\/97"}],"replies":[{"embeddable":true,"href":"https:\/\/www.medellin.gov.co\/es\/wp-json\/wp\/v2\/comments?post=385832"}],"version-history":[{"count":5,"href":"https:\/\/www.medellin.gov.co\/es\/wp-json\/wp\/v2\/posts\/385832\/revisions"}],"predecessor-version":[{"id":385871,"href":"https:\/\/www.medellin.gov.co\/es\/wp-json\/wp\/v2\/posts\/385832\/revisions\/385871"}],"wp:featuredmedia":[{"embeddable":true,"href":"https:\/\/www.medellin.gov.co\/es\/wp-json\/wp\/v2\/media\/385833"}],"wp:attachment":[{"href":"https:\/\/www.medellin.gov.co\/es\/wp-json\/wp\/v2\/media?parent=385832"}],"wp:term":[{"taxonomy":"category","embeddable":true,"href":"https:\/\/www.medellin.gov.co\/es\/wp-json\/wp\/v2\/categories?post=385832"},{"taxonomy":"post_tag","embeddable":true,"href":"https:\/\/www.medellin.gov.co\/es\/wp-json\/wp\/v2\/tags?post=385832"},{"taxonomy":"formato_nota","embeddable":true,"href":"https:\/\/www.medellin.gov.co\/es\/wp-json\/wp\/v2\/formato_nota?post=385832"},{"taxonomy":"programas_tax","embeddable":true,"href":"https:\/\/www.medellin.gov.co\/es\/wp-json\/wp\/v2\/programas_tax?post=385832"}],"curies":[{"name":"wp","href":"https:\/\/api.w.org\/{rel}","templated":true}]}}