{"id":386081,"date":"2025-02-14T21:06:49","date_gmt":"2025-02-15T02:06:49","guid":{"rendered":"https:\/\/www.medellin.gov.co\/es\/?p=386081"},"modified":"2025-02-14T21:10:14","modified_gmt":"2025-02-15T02:10:14","slug":"el-distrito-abre-nueva-convocatoria-para-15-cursos-gratuitos-en-formacion-digital","status":"publish","type":"post","link":"https:\/\/www.medellin.gov.co\/es\/sala-de-prensa\/noticias\/el-distrito-abre-nueva-convocatoria-para-15-cursos-gratuitos-en-formacion-digital\/","title":{"rendered":"El Distrito abre nueva convocatoria para 15 cursos gratuitos en formaci\u00f3n digital"},"content":{"rendered":"<ul>\n<li>Estar\u00e1 abierta del 17 de febrero al 7 de marzo.<\/li>\n<li>La oferta completa, incluyendo cuatro nuevos cursos, se encuentra disponible en <a href=\"https:\/\/arrobamedellin.edu.co\/\" target=\"_blank\" rel=\"noopener\">https:\/\/arrobamedellin.edu.co\/<\/a>.<\/li>\n<\/ul>\n<!--[if lt IE 9]><script>document.createElement('audio');<\/script><![endif]-->\n\t<div class=\"wp-playlist wp-audio-playlist wp-playlist-light\">\n\t\t\t<div class=\"wp-playlist-current-item\"><\/div>\n\t\t<audio controls=\"controls\" preload=\"none\" width=\"640\"\n\t\t\t><\/audio>\n\t<div class=\"wp-playlist-next\"><\/div>\n\t<div class=\"wp-playlist-prev\"><\/div>\n\t<noscript>\n\t<ol>\n\t\t<li><a href='https:\/\/www.medellin.gov.co\/es\/wp-content\/uploads\/2025\/02\/Cursos-Formacion-Digital-01.mp3'>Palabras de Salom\u00f3n Cruz Zirene, director general de Sapiencia<\/a><\/li><li><a href='https:\/\/www.medellin.gov.co\/es\/wp-content\/uploads\/2025\/02\/Cursos-Formacion-Digital-02.mp3'>Palabras de El\u00ed Adonay, beneficiario del curso Crea tu propia IA<\/a><\/li>\t<\/ol>\n\t<\/noscript>\n\t<script type=\"application\/json\" class=\"wp-playlist-script\">{\"type\":\"audio\",\"tracklist\":true,\"tracknumbers\":true,\"images\":true,\"artists\":true,\"tracks\":[{\"src\":\"https:\\\/\\\/www.medellin.gov.co\\\/es\\\/wp-content\\\/uploads\\\/2025\\\/02\\\/Cursos-Formacion-Digital-01.mp3\",\"type\":\"audio\\\/mpeg\",\"title\":\"Palabras de Salom\\u00f3n Cruz Zirene, director general de Sapiencia\",\"caption\":\"\",\"description\":\"\\u00abPalabras de Salom\\u00f3n Cruz Zirene, director general de Sapiencia\\u00bb.\",\"meta\":{\"length_formatted\":\"1:25\"},\"image\":{\"src\":\"https:\\\/\\\/www.medellin.gov.co\\\/es\\\/wp-includes\\\/images\\\/media\\\/audio.png\",\"width\":48,\"height\":64},\"thumb\":{\"src\":\"https:\\\/\\\/www.medellin.gov.co\\\/es\\\/wp-includes\\\/images\\\/media\\\/audio.png\",\"width\":48,\"height\":64}},{\"src\":\"https:\\\/\\\/www.medellin.gov.co\\\/es\\\/wp-content\\\/uploads\\\/2025\\\/02\\\/Cursos-Formacion-Digital-02.mp3\",\"type\":\"audio\\\/mpeg\",\"title\":\"Palabras de El\\u00ed Adonay, beneficiario del curso Crea tu propia IA\",\"caption\":\"\",\"description\":\"\\u00abPalabras de El\\u00ed Adonay, beneficiario del curso Crea tu propia IA\\u00bb.\",\"meta\":{\"year\":\"2025\",\"length_formatted\":\"2:02\"},\"image\":{\"src\":\"https:\\\/\\\/www.medellin.gov.co\\\/es\\\/wp-includes\\\/images\\\/media\\\/audio.png\",\"width\":48,\"height\":64},\"thumb\":{\"src\":\"https:\\\/\\\/www.medellin.gov.co\\\/es\\\/wp-includes\\\/images\\\/media\\\/audio.png\",\"width\":48,\"height\":64}}]}<\/script>\n<\/div>\n\t\n<p>La Alcald\u00eda de Medell\u00edn, a trav\u00e9s de Sapiencia (Agencia de Educaci\u00f3n Postsecundaria), lanza una nueva convocatoria para que 2.500 personas accedan a 15 cursos gratuitos y virtuales, del 17 de febrero al 7 de marzo. Esta iniciativa busca potenciar el talento local en \u00e1reas estrat\u00e9gicas como la Cuarta Revoluci\u00f3n Industrial y las industrias creativas y culturales, alineado con la consolidaci\u00f3n del Distrito de Ciencia, Tecnolog\u00eda e Innovaci\u00f3n.<\/p>\n<p>Los cursos se ofrecen a trav\u00e9s de la Ciudadela Digital @Medell\u00edn, un ecosistema pionero de aprendizaje virtual que complementa la oferta de becas y cr\u00e9ditos educativos de Sapiencia. Gracias a este modelo innovador, la educaci\u00f3n llega a los barrios y corregimientos, facilitando el acceso a formaci\u00f3n especializada en tecnolog\u00eda y creatividad, y preparando a los medellinenses para responder a la creciente demanda de profesionales en estos campos.<\/p>\n<p>\u201c<em>Medell\u00edn reafirma su compromiso con la formaci\u00f3n de talento especializado, creando oportunidades educativas de calidad que te preparan para los desaf\u00edos de la econom\u00eda digital y creativa<\/em>\u201d, dijo el director general de Sapiencia, Salom\u00f3n Cruz Zirene.<\/p>\n<div id=\"attachment_386064\" style=\"width: 1290px\" class=\"wp-caption alignnone\"><a href=\"https:\/\/www.medellin.gov.co\/es\/wp-content\/uploads\/2025\/02\/Cursos-Formacion-Digital-2.jpg\" target=\"_blank\" rel=\"noopener\"><img aria-describedby=\"caption-attachment-386064\" loading=\"lazy\" class=\"wp-image-386064 size-full\" title=\"El Distrito abre nueva convocatoria para 15 cursos gratuitos en formaci\u00f3n digital\" src=\"https:\/\/www.medellin.gov.co\/es\/wp-content\/uploads\/2025\/02\/Cursos-Formacion-Digital-2.jpg\" alt=\"El Distrito abre nueva convocatoria para 15 cursos gratuitos en formaci\u00f3n digital\" width=\"1280\" height=\"720\" srcset=\"https:\/\/www.medellin.gov.co\/es\/wp-content\/uploads\/2025\/02\/Cursos-Formacion-Digital-2.jpg 1280w, https:\/\/www.medellin.gov.co\/es\/wp-content\/uploads\/2025\/02\/Cursos-Formacion-Digital-2-300x169.jpg 300w, https:\/\/www.medellin.gov.co\/es\/wp-content\/uploads\/2025\/02\/Cursos-Formacion-Digital-2-1024x576.jpg 1024w, https:\/\/www.medellin.gov.co\/es\/wp-content\/uploads\/2025\/02\/Cursos-Formacion-Digital-2-150x84.jpg 150w, https:\/\/www.medellin.gov.co\/es\/wp-content\/uploads\/2025\/02\/Cursos-Formacion-Digital-2-768x432.jpg 768w\" sizes=\"(max-width: 1280px) 100vw, 1280px\" \/><\/a><p id=\"caption-attachment-386064\" class=\"wp-caption-text\">El Distrito abre nueva convocatoria para 15 cursos gratuitos en formaci\u00f3n digital &#8211; Foto Alcald\u00eda de Medell\u00edn<\/p><\/div>\n<p>Entre los cursos ofertados se encuentran: Foto Producto; Herramientas TIC para Docentes; Foto Reportaje y Creatividad, Big Data: None Data y Little Data; Ciencia e Ingenier\u00eda de Datos; Inteligencia de Negocios BI; Excel Intermedio; Fundamentos para la Formulaci\u00f3n y An\u00e1lisis; Crea tu propia IA; Ingl\u00e9s B\u00e1sico; Ser L\u00edder 4.0 y Preparando los Negocios hacia el Marketing Digital. Estas \u00e1reas de formaci\u00f3n permitir\u00e1n a los estudiantes desarrollar competencias en an\u00e1lisis de datos, inteligencia artificial, liderazgo, marketing digital, y herramientas tecnol\u00f3gicas aplicadas a la educaci\u00f3n, entre otros.<\/p>\n<p>En el coraz\u00f3n de la comuna 13, barrio Antonio Nari\u00f1o, vive El\u00ed Adonay Casta\u00f1o Ospina uno de los beneficiarios de @Medell\u00edn. A sus 32 a\u00f1os, este licenciado en Educaci\u00f3n F\u00edsica de la Universidad de Antioquia ha descubierto en la tecnolog\u00eda una aliada para transformar su vida y la de su familia. Con la determinaci\u00f3n de quien ha aprendido a sortear obst\u00e1culos, se ha propuesto crear una aplicaci\u00f3n de entrenamiento personalizado impulsada por inteligencia artificial.<\/p>\n<div id=\"attachment_386065\" style=\"width: 1290px\" class=\"wp-caption alignnone\"><a href=\"https:\/\/www.medellin.gov.co\/es\/wp-content\/uploads\/2025\/02\/Cursos-Formacion-Digital-3.jpg\" target=\"_blank\" rel=\"noopener\"><img aria-describedby=\"caption-attachment-386065\" loading=\"lazy\" class=\"wp-image-386065 size-full\" title=\"El Distrito abre nueva convocatoria para 15 cursos gratuitos en formaci\u00f3n digital\" src=\"https:\/\/www.medellin.gov.co\/es\/wp-content\/uploads\/2025\/02\/Cursos-Formacion-Digital-3.jpg\" alt=\"El Distrito abre nueva convocatoria para 15 cursos gratuitos en formaci\u00f3n digital\" width=\"1280\" height=\"853\" srcset=\"https:\/\/www.medellin.gov.co\/es\/wp-content\/uploads\/2025\/02\/Cursos-Formacion-Digital-3.jpg 1280w, https:\/\/www.medellin.gov.co\/es\/wp-content\/uploads\/2025\/02\/Cursos-Formacion-Digital-3-300x200.jpg 300w, https:\/\/www.medellin.gov.co\/es\/wp-content\/uploads\/2025\/02\/Cursos-Formacion-Digital-3-1024x682.jpg 1024w, https:\/\/www.medellin.gov.co\/es\/wp-content\/uploads\/2025\/02\/Cursos-Formacion-Digital-3-150x100.jpg 150w, https:\/\/www.medellin.gov.co\/es\/wp-content\/uploads\/2025\/02\/Cursos-Formacion-Digital-3-768x512.jpg 768w\" sizes=\"(max-width: 1280px) 100vw, 1280px\" \/><\/a><p id=\"caption-attachment-386065\" class=\"wp-caption-text\">El Distrito abre nueva convocatoria para 15 cursos gratuitos en formaci\u00f3n digital &#8211; Foto Alcald\u00eda de Medell\u00edn<\/p><\/div>\n<p><em>\u201cQuisiera agradecerle a Sapiencia y a la Alcald\u00eda de Medell\u00edn esta oportunidad de formarnos, para que las personas, independiente de sus estudios y nivel acad\u00e9mico, puedan acceder a estos cursos, de una manera f\u00e1cil, entendible y gratuita. Es algo excelente porque no todos tienen la capacidad. Aprovechemos estos espacios, porque no se tienen todos los d\u00edas. Es algo que vale la pena<\/em>\u201d, expres\u00f3 El\u00ed Adonay, beneficiario del curso Crea tu propia IA.<\/p>\n<p>Adem\u00e1s, la Ciudadela Digital abrir\u00e1 el diplomado en Inteligencia Artificial aplicada en el aula, en convenio con el ITM. Estar\u00e1 dirigido a la formaci\u00f3n de docentes de la ciudad en el uso innovador de la IA para la ense\u00f1anza y el aprendizaje. Ser\u00e1 una capacitaci\u00f3n gratuita que inicia el 20 de febrero en modalidad virtual con una duraci\u00f3n de 120 horas. Los primeros 300 maestros inscritos recibir\u00e1n acompa\u00f1amiento personalizado.<\/p>\n<p>Los requisitos y detalles sobre el proceso de inscripci\u00f3n est\u00e1n disponibles en <a href=\"https:\/\/arrobamedellin.edu.co\/\" target=\"_blank\" rel=\"noopener\">https:\/\/arrobamedellin.edu.co\/<\/a><\/p>\n","protected":false},"excerpt":{"rendered":"<p>Estar\u00e1 abierta del 17 de febrero al 7 de marzo. La oferta completa, incluyendo cuatro nuevos cursos, se encuentra disponible en https:\/\/arrobamedellin.edu.co\/. La Alcald\u00eda de Medell\u00edn, a trav\u00e9s de Sapiencia (Agencia de Educaci\u00f3n Postsecundaria), lanza &#8230;<\/p>\n","protected":false},"author":21,"featured_media":386062,"comment_status":"open","ping_status":"open","sticky":false,"template":"","format":"standard","meta":[],"categories":[4],"tags":[431],"formato_nota":[],"programas_tax":[],"acf":[],"_links":{"self":[{"href":"https:\/\/www.medellin.gov.co\/es\/wp-json\/wp\/v2\/posts\/386081"}],"collection":[{"href":"https:\/\/www.medellin.gov.co\/es\/wp-json\/wp\/v2\/posts"}],"about":[{"href":"https:\/\/www.medellin.gov.co\/es\/wp-json\/wp\/v2\/types\/post"}],"author":[{"embeddable":true,"href":"https:\/\/www.medellin.gov.co\/es\/wp-json\/wp\/v2\/users\/21"}],"replies":[{"embeddable":true,"href":"https:\/\/www.medellin.gov.co\/es\/wp-json\/wp\/v2\/comments?post=386081"}],"version-history":[{"count":2,"href":"https:\/\/www.medellin.gov.co\/es\/wp-json\/wp\/v2\/posts\/386081\/revisions"}],"predecessor-version":[{"id":386084,"href":"https:\/\/www.medellin.gov.co\/es\/wp-json\/wp\/v2\/posts\/386081\/revisions\/386084"}],"wp:featuredmedia":[{"embeddable":true,"href":"https:\/\/www.medellin.gov.co\/es\/wp-json\/wp\/v2\/media\/386062"}],"wp:attachment":[{"href":"https:\/\/www.medellin.gov.co\/es\/wp-json\/wp\/v2\/media?parent=386081"}],"wp:term":[{"taxonomy":"category","embeddable":true,"href":"https:\/\/www.medellin.gov.co\/es\/wp-json\/wp\/v2\/categories?post=386081"},{"taxonomy":"post_tag","embeddable":true,"href":"https:\/\/www.medellin.gov.co\/es\/wp-json\/wp\/v2\/tags?post=386081"},{"taxonomy":"formato_nota","embeddable":true,"href":"https:\/\/www.medellin.gov.co\/es\/wp-json\/wp\/v2\/formato_nota?post=386081"},{"taxonomy":"programas_tax","embeddable":true,"href":"https:\/\/www.medellin.gov.co\/es\/wp-json\/wp\/v2\/programas_tax?post=386081"}],"curies":[{"name":"wp","href":"https:\/\/api.w.org\/{rel}","templated":true}]}}