{"id":386090,"date":"2025-02-14T21:27:17","date_gmt":"2025-02-15T02:27:17","guid":{"rendered":"https:\/\/www.medellin.gov.co\/es\/?p=386090"},"modified":"2025-02-14T21:27:17","modified_gmt":"2025-02-15T02:27:17","slug":"la-alcaldia-de-medellin-amplia-horarios-de-establecimientos-nocturnos-durante-los-dos-proximos-fines-de-semana","status":"publish","type":"post","link":"https:\/\/www.medellin.gov.co\/es\/sala-de-prensa\/noticias\/la-alcaldia-de-medellin-amplia-horarios-de-establecimientos-nocturnos-durante-los-dos-proximos-fines-de-semana\/","title":{"rendered":"La Alcald\u00eda de Medell\u00edn ampl\u00eda horarios de establecimientos nocturnos durante los dos pr\u00f3ximos fines de semana"},"content":{"rendered":"<ul>\n<li>La extensi\u00f3n ser\u00e1 de una hora m\u00e1s, dependiendo del momento de cierre autorizado para cada establecimiento.<\/li>\n<li>La medida regir\u00e1 el viernes 14, s\u00e1bado 15 y domingo 16 de febrero, as\u00ed como el viernes 21, s\u00e1bado 22 y domingo 23.<\/li>\n<li>La ampliaci\u00f3n se aplica como parte de la campa\u00f1a \u201cLa noche es como vos\u201d.<\/li>\n<\/ul>\n<!--[if lt IE 9]><script>document.createElement('audio');<\/script><![endif]-->\n\t<div class=\"wp-playlist wp-audio-playlist wp-playlist-light\">\n\t\t\t<div class=\"wp-playlist-current-item\"><\/div>\n\t\t<audio controls=\"controls\" preload=\"none\" width=\"640\"\n\t\t\t><\/audio>\n\t<div class=\"wp-playlist-next\"><\/div>\n\t<div class=\"wp-playlist-prev\"><\/div>\n\t<noscript>\n\t<ol>\n\t\t<li><a href='https:\/\/www.medellin.gov.co\/es\/wp-content\/uploads\/2025\/02\/Ampliacion-Horarios-Establecimientos-Nocturnos-01.mp3'>Palabras de Mar\u00eda Fernanda Galeano Rojo, secretaria de Desarrollo Econ\u00f3mico<\/a><\/li><li><a href='https:\/\/www.medellin.gov.co\/es\/wp-content\/uploads\/2025\/02\/Ampliacion-Horarios-Establecimientos-Nocturnos-02.mp3'>Palabras de Juan Pablo Valenzuela, presidente de Asobares en Antioquia<\/a><\/li>\t<\/ol>\n\t<\/noscript>\n\t<script type=\"application\/json\" class=\"wp-playlist-script\">{\"type\":\"audio\",\"tracklist\":true,\"tracknumbers\":true,\"images\":true,\"artists\":true,\"tracks\":[{\"src\":\"https:\\\/\\\/www.medellin.gov.co\\\/es\\\/wp-content\\\/uploads\\\/2025\\\/02\\\/Ampliacion-Horarios-Establecimientos-Nocturnos-01.mp3\",\"type\":\"audio\\\/mpeg\",\"title\":\"Palabras de Mar\\u00eda Fernanda Galeano Rojo, secretaria de Desarrollo Econ\\u00f3mico\",\"caption\":\"\",\"description\":\"\\u00abPalabras de Mar\\u00eda Fernanda Galeano Rojo, secretaria de Desarrollo Econ\\u00f3mico\\u00bb.\",\"meta\":{\"length_formatted\":\"0:33\"},\"image\":{\"src\":\"https:\\\/\\\/www.medellin.gov.co\\\/es\\\/wp-includes\\\/images\\\/media\\\/audio.png\",\"width\":48,\"height\":64},\"thumb\":{\"src\":\"https:\\\/\\\/www.medellin.gov.co\\\/es\\\/wp-includes\\\/images\\\/media\\\/audio.png\",\"width\":48,\"height\":64}},{\"src\":\"https:\\\/\\\/www.medellin.gov.co\\\/es\\\/wp-content\\\/uploads\\\/2025\\\/02\\\/Ampliacion-Horarios-Establecimientos-Nocturnos-02.mp3\",\"type\":\"audio\\\/mpeg\",\"title\":\"Palabras de Juan Pablo Valenzuela, presidente de Asobares en Antioquia\",\"caption\":\"\",\"description\":\"\\u00abPalabras de Juan Pablo Valenzuela, presidente de Asobares en Antioquia\\u00bb.\",\"meta\":{\"length_formatted\":\"1:11\"},\"image\":{\"src\":\"https:\\\/\\\/www.medellin.gov.co\\\/es\\\/wp-includes\\\/images\\\/media\\\/audio.png\",\"width\":48,\"height\":64},\"thumb\":{\"src\":\"https:\\\/\\\/www.medellin.gov.co\\\/es\\\/wp-includes\\\/images\\\/media\\\/audio.png\",\"width\":48,\"height\":64}}]}<\/script>\n<\/div>\n\t\n<p>A trav\u00e9s del Decreto 0131 de 2025, la Alcald\u00eda de Medell\u00edn extendi\u00f3 el horario de cierre del comercio nocturno una hora m\u00e1s, seg\u00fan lo establecido para cada uno de los sitios en donde aplicar\u00e1 la medida durante los dos pr\u00f3ximos fines de semana: viernes 14, s\u00e1bado 15 y domingo 16 de febrero, as\u00ed como viernes 21, s\u00e1bado 22 y domingo 23 de febrero.<\/p>\n<p>Estas fechas se fijan por la celebraci\u00f3n de San Valent\u00edn y por grandes eventos musicales que tendr\u00e1n lugar en la ciudad, como los festivales Tomorrowland Core y Freedom, as\u00ed como los conciertos de Shakira y Robi Draco Rosa. Todo esto dinamiza el comercio y genera oportunidades, adem\u00e1s contribuye al posicionamiento de Medell\u00edn como un destino de entretenimiento, donde el desarrollo econ\u00f3mico llega a las comunidades locales.<\/p>\n<p>\u201cEsto es m\u00e1s que una ampliaci\u00f3n de horarios. Es una apuesta por el comercio, por el turismo y por la generaci\u00f3n de empleo. Queremos que Medell\u00edn siga consolid\u00e1ndose como un destino de entretenimiento, pero siempre con responsabilidad\u201d, dijo el alcalde de Medell\u00edn, Federico Guti\u00e9rrez Zuluaga.<\/p>\n<p>La extensi\u00f3n del horario impacta positivamente a la econom\u00eda de la ciudad, en especial a sectores como entretenimiento, bares, restaurantes, transporte y alojamiento, cuyos representantes celebraron la medida, dado que, en una experiencia similar, adoptada en diciembre pasado, aumentaron las ventas entre 10 % y 30 %, seg\u00fan Asobares.<\/p>\n<div id=\"attachment_386060\" style=\"width: 1290px\" class=\"wp-caption alignnone\"><a href=\"https:\/\/www.medellin.gov.co\/es\/wp-content\/uploads\/2025\/02\/Ampliacion-Horarios-Establecimientos-Nocturnos-2.jpg\" target=\"_blank\" rel=\"noopener\"><img aria-describedby=\"caption-attachment-386060\" loading=\"lazy\" class=\"wp-image-386060 size-full\" title=\"La Alcald\u00eda de Medell\u00edn ampl\u00eda horarios de establecimientos nocturnos durante los dos pr\u00f3ximos fines de semana\" src=\"https:\/\/www.medellin.gov.co\/es\/wp-content\/uploads\/2025\/02\/Ampliacion-Horarios-Establecimientos-Nocturnos-2.jpg\" alt=\"La Alcald\u00eda de Medell\u00edn ampl\u00eda horarios de establecimientos nocturnos durante los dos pr\u00f3ximos fines de semana\" width=\"1280\" height=\"1045\" srcset=\"https:\/\/www.medellin.gov.co\/es\/wp-content\/uploads\/2025\/02\/Ampliacion-Horarios-Establecimientos-Nocturnos-2.jpg 1280w, https:\/\/www.medellin.gov.co\/es\/wp-content\/uploads\/2025\/02\/Ampliacion-Horarios-Establecimientos-Nocturnos-2-300x245.jpg 300w, https:\/\/www.medellin.gov.co\/es\/wp-content\/uploads\/2025\/02\/Ampliacion-Horarios-Establecimientos-Nocturnos-2-1024x836.jpg 1024w, https:\/\/www.medellin.gov.co\/es\/wp-content\/uploads\/2025\/02\/Ampliacion-Horarios-Establecimientos-Nocturnos-2-150x122.jpg 150w, https:\/\/www.medellin.gov.co\/es\/wp-content\/uploads\/2025\/02\/Ampliacion-Horarios-Establecimientos-Nocturnos-2-768x627.jpg 768w\" sizes=\"(max-width: 1280px) 100vw, 1280px\" \/><\/a><p id=\"caption-attachment-386060\" class=\"wp-caption-text\">La Alcald\u00eda de Medell\u00edn ampl\u00eda horarios de establecimientos nocturnos durante los dos pr\u00f3ximos fines de semana &#8211; Foto Alcald\u00eda de Medell\u00edn<\/p><\/div>\n<p>\u201cEsta es una gran apuesta por la din\u00e1mica econ\u00f3mica de la ciudad y por la generaci\u00f3n de empleo. Queremos que a nuestros empresarios les vaya muy bien y que, por supuesto, nosotros como locales, as\u00ed como las personas que nos visitan disfruten de nuestra ciudad, con mucha responsabilidad\u201d, indic\u00f3 la secretaria de Desarrollo Econ\u00f3mico, Mar\u00eda Fernanda Galeano Rojo.<\/p>\n<p>Adicionalmente, el sector del entretenimiento es un dinamizador de la econom\u00eda de la ciudad y conciertos como los de Daddy Yankee, Bad Bunny, RBD, Karol G y Feid arrojaron para la ciudad un impacto econ\u00f3mico, producto del turismo en 2024, de 73.1 millones de d\u00f3lares.<\/p>\n<p>\u201cSin lugar a dudas esto va a dinamizar el sector del entretenimiento nocturno de la ciudad, va a beneficiar a cerca de 2.000 establecimientos y movilizar el empleo de cerca de 25.000 personas. Esto es muy positivo, aplaudimos y agradecemos a la Administraci\u00f3n Distrital por permitirnos operar en una hora m\u00e1s, esto ampliar\u00e1 nuestra oferta y permitir\u00e1 que propios y visitantes encuentren un poco m\u00e1s de disfrute y su celebraci\u00f3n\u201d, dijo el presidente de Asobares en Antioquia, Juan Pablo Valenzuela.<\/p>\n<p>A esta medida se unen los gremios y comerciantes, que ofrecer\u00e1n promociones y actividades especiales en sus establecimientos estos dos fines de semana. Y como parte de la campa\u00f1a \u201cLa noche es como vos\u201d habr\u00e1 dispositivos especiales de la Fuerza P\u00fablica y de agentes de tr\u00e1nsito, para garantizar la seguridad y la tranquilidad.<\/p>\n<p>Medell\u00edn proyecta una derrama de 14,2 millones de d\u00f3lares por la realizaci\u00f3n del concierto de Shakira, en el que se esperan 46.000 asistentes. As\u00ed mismo, se proyecta que los m\u00e1s de 32.000 participantes de Tomorrowland Core, durante dos d\u00edas.<\/p>\n","protected":false},"excerpt":{"rendered":"<p>La extensi\u00f3n ser\u00e1 de una hora m\u00e1s, dependiendo del momento de cierre autorizado para cada establecimiento. La medida regir\u00e1 el viernes 14, s\u00e1bado 15 y domingo 16 de febrero, as\u00ed como el viernes 21, s\u00e1bado &#8230;<\/p>\n","protected":false},"author":21,"featured_media":386058,"comment_status":"open","ping_status":"open","sticky":false,"template":"","format":"standard","meta":[],"categories":[3],"tags":[619],"formato_nota":[],"programas_tax":[],"acf":[],"_links":{"self":[{"href":"https:\/\/www.medellin.gov.co\/es\/wp-json\/wp\/v2\/posts\/386090"}],"collection":[{"href":"https:\/\/www.medellin.gov.co\/es\/wp-json\/wp\/v2\/posts"}],"about":[{"href":"https:\/\/www.medellin.gov.co\/es\/wp-json\/wp\/v2\/types\/post"}],"author":[{"embeddable":true,"href":"https:\/\/www.medellin.gov.co\/es\/wp-json\/wp\/v2\/users\/21"}],"replies":[{"embeddable":true,"href":"https:\/\/www.medellin.gov.co\/es\/wp-json\/wp\/v2\/comments?post=386090"}],"version-history":[{"count":1,"href":"https:\/\/www.medellin.gov.co\/es\/wp-json\/wp\/v2\/posts\/386090\/revisions"}],"predecessor-version":[{"id":386093,"href":"https:\/\/www.medellin.gov.co\/es\/wp-json\/wp\/v2\/posts\/386090\/revisions\/386093"}],"wp:featuredmedia":[{"embeddable":true,"href":"https:\/\/www.medellin.gov.co\/es\/wp-json\/wp\/v2\/media\/386058"}],"wp:attachment":[{"href":"https:\/\/www.medellin.gov.co\/es\/wp-json\/wp\/v2\/media?parent=386090"}],"wp:term":[{"taxonomy":"category","embeddable":true,"href":"https:\/\/www.medellin.gov.co\/es\/wp-json\/wp\/v2\/categories?post=386090"},{"taxonomy":"post_tag","embeddable":true,"href":"https:\/\/www.medellin.gov.co\/es\/wp-json\/wp\/v2\/tags?post=386090"},{"taxonomy":"formato_nota","embeddable":true,"href":"https:\/\/www.medellin.gov.co\/es\/wp-json\/wp\/v2\/formato_nota?post=386090"},{"taxonomy":"programas_tax","embeddable":true,"href":"https:\/\/www.medellin.gov.co\/es\/wp-json\/wp\/v2\/programas_tax?post=386090"}],"curies":[{"name":"wp","href":"https:\/\/api.w.org\/{rel}","templated":true}]}}